{"id":998,"date":"2015-04-19T15:17:50","date_gmt":"2015-04-19T15:17:50","guid":{"rendered":"http:\/\/archiforma.lt\/?p=998"},"modified":"2019-09-02T15:11:42","modified_gmt":"2019-09-02T13:11:42","slug":"mokslo-studiju-ir-verslo-centras-kaune","status":"publish","type":"post","link":"https:\/\/archiforma.lt\/?p=998","title":{"rendered":"Mokslo, studij\u0173 ir verslo centras Kaune"},"content":{"rendered":"<p><img loading=\"lazy\" decoding=\"async\" class=\"alignleft  wp-image-1010\" src=\"http:\/\/archiforma.lt\/wp-content\/uploads\/2015\/04\/11-1024x768.jpg\" alt=\"11\" width=\"660\" height=\"495\" \/><\/p>\n<p><strong>Architektai:\u00a0 <\/strong>Gra\u017eina Janulyt\u0117-Bernotien\u0117, Rimant\u0117 Lydyt\u0117, Erikas Klinavi\u010dius<br \/>\n<strong>Projektuotojas:\u00a0<\/strong> UAB \u201eG. Janulyt\u0117s-Bernotien\u0117s studija\u201c<br \/>\n<strong>Projekto komanda:\u00a0<\/strong> Agn\u0117 Andriukaitien\u0117, Agn\u0117 Mik\u0117nait\u0117<br \/>\n<strong>Konstruktorius:<\/strong>\u00a0 Audrius Ra\u017eaitis<\/p>\n<p><strong>Fotografai:<\/strong>\u00a0 Leonas Garba\u010dauskas, Andrius Gasi\u016bnas<br \/>\n<strong>Adresas:\u00a0<\/strong>K. Bar\u0161ausko g. 59, Kaunas, Lietuva<br \/>\n<strong>U\u017esakovas:\u00a0<\/strong> Kauno technologijos universitetas<br \/>\n<strong>Rangovas:\u00a0<\/strong> UAB \u201eLitCon\u201c<br \/>\n<strong>Projektavimo prad\u017eia:\u00a0<\/strong> 2009 m.<br \/>\n<strong>Statybos pabaiga:\u00a0<\/strong> 2013 m.<br \/>\n<strong>Pastato <strong>plotas <\/strong> <\/strong>12 956 m<sup>2<\/sup><br \/>\n<strong>T\u016bris <\/strong> 63 792 m<sup>3<\/sup><\/p>\n<p><!--more--><\/p>\n<p>Kad Lietuva geba \u012fsisavinti Europos S\u0105jungos skiriamas l\u0117\u0161as, \u012frodo ne vien \u016bkininkai ir gamybininkai. \u012e l\u0117\u0161\u0173 panaudojimo karusel\u0119 jau prie\u0161 kelerius metus \u012fsisuko ir s\u0117kmingai ant vidutinio arkliuko (kainos prasme) supasi universitetai. Nuo nauj\u0173 poilsio bazi\u0173 iki stambi\u0173 moksl\u0105, studijas ir versl\u0105 sujungian\u010di\u0173 centr\u0173 \u2013 tokia nauj\u0173j\u0173 alma mater statyb\u0173 amplitud\u0117.<\/p>\n<p>Kauno technologijos universiteto (KTU) Mokslo, studij\u0173 ir verslo centras \u201eSantaka\u201c su u\u017edara automobili\u0173 saugykla ir po\u017eeminiu sand\u0117liu pastatytas \u0161alia sovietme\u010dio architekt\u016bros \u012fdomyb\u0117s, t. y. 1984 m. i\u0161kilusio Lengvosios pramon\u0117s fakulteto, kurio autor\u0117 architekt\u0117 Danut\u0117 Petkelien\u0117. \u0160io fakulteto architekt\u016brin\u0119 visum\u0105 pavadinau \u012fdomybe neatsitiktinai. KTU Student\u0173 miestelis, kurio statinius projektavo architektai Vytautas Landsbergis-\u017demkalnis, Vytautas Di\u010dius, K\u0119stutis Kisielius, i\u0161skyrus min\u0117t\u0105j\u012f fakultet\u0105, sukurtas grie\u017eto funkcionalizmo dvasia: fakultet\u0173 t\u016briai sta\u010diakampiai, juose dominuoja horizontalus fasad\u0173 skaidymas, vidaus patalpos i\u0161d\u0117stytos racionaliai ir logi\u0161kai. O Lengvosios pramon\u0117s fakultetas atstovauja paskutinio sovietme\u010dio de\u0161imtme\u010dio iracionalistin\u0117ms ir manieristin\u0117ms tendencijoms. Jis pasi\u017eymi itin sud\u0117tinga plano strukt\u016bra, \u0161e\u0161iakampiais auditorij\u0173 korpusais, \u012fmantria fasado geometrija. \u0160iuo metu statinys renovuojamas, i\u0161saugant jo verting\u0105sias savybes.<br \/>\nIr kaip prisiglausti prie tokio architekt\u016bros korio? Pataikaujant kaimynui, tekt\u0173 sur\u0119sti itin sud\u0117ting\u0105 avil\u012f, kurio forma vargu ar glaud\u017eiai siet\u0173si su funkcija. Juk Mokslo ir studij\u0173 centre buvo numatytos ne tik auditorijos, bet ir sud\u0117tingos laboratorijos. Pasak architekt\u0117s Gra\u017einos Janulyt\u0117s-Bernotien\u0117s, mokslo korpusas \u2013 tai fabrikas. Tod\u0117l pasirinktas kitas i\u0161mintingas kelias: suprojektuoti lakoni\u0161kos estetikos \u0161iuolaikin\u012f pastat\u0105, kontrastuojant\u012f su judriu Dizaino fakulteto statiniu.<\/p>\n<p>\u012esikurta erdviame sklype: jo aplinka suformuota, ta\u010diau ateityje keisis. Veikiausiai, gretimo sklypo nuomos terminui pasibaigus, bus i\u0161keldinta degalin\u0117, kitoje pus\u0117je numatyta prat\u0119sti \u201estudent\u0173 akligatviu\u201c \u0161iandien vadinama gatvel\u0119, sujungsian\u010di\u0105 Student\u0173 gatv\u0119 su K. Bar\u0161ausko prospektu. Bus suformuota dviej\u0173 lygi\u0173 sankry\u017ea, svarbi miesto transporto infrastrukt\u016brai. \u0160alimais esan\u010diose neu\u017estatytose valstybin\u0117se teritorijose, kurios 100 met\u0173 i\u0161nuomotos KTU, numatyta universiteto pl\u0117tra.<\/p>\n<p>13 t\u016bkst. kv. m ploto komplekso statyba u\u017etruko beveik dvejus metus, vien centro statyba kainavo 54 mln. lit\u0173. Projektuojant KTU Mokslo, studij\u0173 ir verslo centr\u0105 remtasi suomi\u0173 architekt\u0173 patirtimi. Lietuva ir Suomija \u2013 tai \u0161alys, kuriose beveik pus\u0119 met\u0173 \u0161alta ir tamsu, tod\u0117l stikliniai fasadai, atriumai, holai su vir\u0161utiniu ap\u0161vietimu yra tikrai geras ir patikrintas sprendimas. Taip patiriama ma\u017eiau \u0161ilumos ir \u0161viesos nuostoli\u0173. \u017dmon\u0117s bendrauja ir valgo ne lauke, o didel\u0117se vidaus erdv\u0117se ir nebijo b\u016bti stebimi savo darbo vietose. Svarbu priminti, jog G. Janulyt\u0117s-Bernotien\u0117s komanda yra sukaupusi savo \u017einovyst\u0119 ir patirt\u012f dirbdama prie \u0161ios tipologijos pastat\u0173 \u2013 projektuodama LSMU Farmacijos fakultet\u0105 su mokom\u0105ja vaistine.<\/p>\n<p>Pastatas sudarytas i\u0161 dviej\u0173 dali\u0173, sujungt\u0173 stiklo koridoriumi. Viena dalis skirta verslo centrui, kita \u2013 mokslo laboratorijoms. Pasak projekto autori\u0173, statinio architekt\u016brinis kodas gim\u0117 suvokus mokslo ir verslo prie\u0161tar\u0105 ir galim\u0105 darn\u0105, kaip baltos ir juodos neatsiejam\u0105 s\u0105lyt\u012f, kaip Jin ir Jan jungt\u012f, atne\u0161an\u010di\u0105 harmonij\u0105.<br \/>\nI\u0161 tolumos matoma verslo centro vertikal\u0117 dengta 12 kvadratini\u0173 metr\u0173 ploto grafinio betono plok\u0161t\u0117mis. Plok\u0161\u010di\u0173 pie\u0161inys \u2013 autorinis architekt\u0173 k\u016brinys. \u012e vakarus ir \u012f vidin\u012f kiemel\u012f su terasa \u017evelgian\u010diame verslo centro fasade betono plok\u0161t\u0117s \u012fvairintos pakrypusiais langeliais, kurie nat\u016braliu ap\u0161vietimu maitina vidaus patalpas, skirtas konferencij\u0173 sali\u0173 prieigoms. Konferencij\u0173 sal\u0117se, kaip ir kitose abiej\u0173 korpus\u0173 erdv\u0117se, dienos ap\u0161vietimas sta\u010diai sugaudytas, surinktas kiekvienas vertingas spindul\u0117lis. Daugiaauk\u0161\u010diame \u012frengtos kelios laiptin\u0117s. Prie\u0161gaisrin\u0117 lauko laiptin\u0117 ne tik evakuacin\u0117: ja galima patekti \u012f atskir\u0173 verslo \u012fmoni\u0173 i\u0161sinuomotas patalpas tiesiai i\u0161 lauko, neu\u017esukant \u012f bendr\u0105j\u012f vestibiul\u012f. Verslui skirtuose auk\u0161tuose kabinetai i\u0161rikiuoti abipus koridori\u0173. Jie kompakti\u0161ki, pritaikyti vidutinio verslo ir individualioms \u012fmon\u0117ms.<\/p>\n<p>Mokslo korpusas turi 20 metr\u0173 i\u0161siki\u0161an\u010di\u0105 konsol\u0119, prilaikom\u0105 dviej\u0173 atram\u0173. Po ja nat\u016braliai susiformavo statinio prieig\u0173 parteris. Laboratorij\u0173 korpuse visuose auk\u0161tuose patalp\u0173 i\u0161d\u0117stymas skiriasi. Tai nulemta \u012fvairios j\u0173 paskirties. Centro laboratorijose bus naudojama pati \u0161iuolaiki\u0161kiausia \u012franga, tod\u0117l suprojektuoti ir \u012frengti antivibraciniai pamatai patalpoms, kuriose veiks aplinkos vibracijoms jautri \u012franga. Pastate veikia speciali gaisro gesinimo vandens r\u016bku sistema. Ji efektyviau au\u0161ina degant\u012f pavir\u0161i\u0173, sugeria kar\u0161t\u012f, o \u012f degimo zon\u0105 patenka ma\u017eiau deguonies. Statinio atrakcija \u2013 vadinamasis \u201e\u0161varusis kambarys\u201c. Tai moksliniams tyrimams ar gamybai skirta patalpa, kurioje dirbtinai suma\u017eintas ir kontroliuojamas dulki\u0173, mikrob\u0173, chemini\u0173 med\u017eiag\u0173 gar\u0173, aerozoli\u0173 daleli\u0173 kiekis.<br \/>\nEsteti\u0161kai aktyv\u016bs \u0161ioje pastato dalyje yra pos\u0117d\u017ei\u0173 kabinetai. J\u0173 t\u016briai dengti reljefiniais da\u017eais su tauri\u0173j\u0173 metal\u0173 sidabro, vario ir aukso blizgesiu, dominuoja net tik erdv\u0117je, ap\u017evelgiamoje stovin\u010dio \u017emogaus aki\u0173 lygmenyje. Kabinet\u0173 i\u0161orin\u0117s lubos traukia pa\u017evelgti \u017eemyn ir i\u0161 vir\u0161utinio auk\u0161to. Dar vienas svarbus dekoro elementas \u0161ioje pastato dalyje \u2013 tai autorinis \u0161viestuvas vestibiulyje, a\u0161triais kampais, it cheminio elemento molekul\u0117, i\u0161sirang\u0119s palei laiptin\u0119. Pastato fasadai dengti strukt\u016briniu \u012fstiklinimu i\u0161 did\u017eiuli\u0173 stiklo lak\u0161t\u0173. Lak\u0161tai sumontuoti \u012fstri\u017eai su tiksliu 5 laipsni\u0173 pasvirimu. Tarp pagrindinio fasado ir lak\u0161t\u0173 susiformuoja ir oro tarpas, ir nat\u016brali trauka. Lyginant abu \u201eSantakos\u201c fasadus, prioritet\u0173 atiduoti nepavyks, nes fasadai tarsi sukib\u0119 tarpusavyje: stiklinio fasado efemeri\u0161kumas sustiprina solidaus, \u012f\u017eeminto juodojo bok\u0161to i\u0161rai\u0161k\u0105. Jei nurengtume betonu ir stiklu padabintus naujadaro fasadus, pamatytume, jog \u201eSantakos\u201c t\u016briai akivaizd\u017eiai respektuoja istorin\u0119 Student\u0173 miestelio teritorijos architekt\u016brin\u0119 gaid\u0105.<\/p>\n<p>Balt\u0105j\u012f ir juod\u0105j\u012f korpusus jungia konferencij\u0173 dalis, kurioje, pasak architekt\u0117s G. Janulyt\u0117s-Bernotien\u0117s, yra did\u017eiausia \u0161io projekto netektis. Architekt\u0117s, siekdamos skatinti bendruomeni\u0161kum\u0105 ir aktualizuoti bendravimo vertyb\u0119, vir\u0161 konferencij\u0173 bloko suprojektavo atvir\u0105 \u017eali\u0105j\u0105 teras\u0105, ta\u010diau l\u0117\u0161\u0173 stygiaus Damoklo kardas kirto b\u016btent per t\u0105 viet\u0105, ne\u012fvertinus, koki\u0105 estetin\u0119 bei funkcin\u0119 prid\u0117tin\u0119 vert\u0119 atne\u0161a terasos. I\u0161imkime jos analog\u0105 i\u0161 architekto Audriaus Ambraso suprojektuotos \u201eSwedbank\u201c centrin\u0117s b\u016bstin\u0117s Vilniuje, ir pamatysime, kaip objektas netekt\u0173 dalies architekt\u016brini\u0173 verting\u0173j\u0173 savybi\u0173.<\/p>\n<p>Pasak architek\u010di\u0173, j\u0173 studijos darbai kartais kritikuojami, es\u0105 nejauk\u016bs ir \u0161alti. Jos tvirtina, kad su malonumu interjere naudot\u0173 med\u012f, kaip antai Suomijoje. Deja, m\u016bs\u0173 visuomenini\u0173 statini\u0173 gaisrin\u0117s saugos taisykl\u0117s neleid\u017eia naudoti tokio dyd\u017eio statiniuose degi\u0173 med\u017eiag\u0173. Tod\u0117l grie\u017et\u0105, juodai balt\u0105 polichromij\u0105 viduje \u0161ildo betono tekst\u016bra, poilsio zonos su mink\u0161tasuoliais, b\u0117gantis zigzago motyvas, \u017ealiai m\u0117lyna spalvin\u0117 gama konferencij\u0173 sal\u0117se, raudono kolorito akcentai.<\/p>\n<p>Naujasis KTU statinys esteti\u0161kai dominuoja visoje K. Bar\u0161ausko prospekto i\u0161klotin\u0117je: galin\u010di\u0173 var\u017eytis su i\u0161rai\u0161kinga statinio architekt\u016bra gatv\u0117je tiesiog n\u0117ra. Ry\u0161kiausios statinio vertyb\u0117s yra s\u0117kmingai realizuotas architekt\u0173 pirmin\u0117s minties kodas, betono kaip statybin\u0117s med\u017eiagos estetin\u0117 ekspozicija, nat\u016braliu ap\u0161vietimu u\u017epildytos erdv\u0117s ir racionalus pradas patalp\u0173 i\u0161d\u0117stymo schemoje. Belieka link\u0117ti statinio eksploatuotojams atrasti keli\u0105 nuo verslo iki mokslo per juos jungian\u010di\u0105 gatvel\u0119, susitinkant joje veiksian\u010dioje kavinait\u0117je.<\/p>\n<h1>Menotyrinink\u0117<br \/>\nVaida Almonaityt\u0117-Navickien\u0117<\/h1>\n<div class=\"albumbottom\">\n<p><a href=\"http:\/\/archiforma.lt\/wp-content\/uploads\/2015\/04\/Bernotiene_Santaka_KTU.jpg\"><img loading=\"lazy\" decoding=\"async\" class=\"alignleft size-large wp-image-1003\" src=\"http:\/\/archiforma.lt\/wp-content\/uploads\/2015\/04\/Bernotiene_Santaka_KTU-1024x332.jpg\" alt=\"Bernotiene_Santaka_KTU\" width=\"1024\" height=\"332\" srcset=\"https:\/\/archiforma.lt\/wp-content\/uploads\/2015\/04\/Bernotiene_Santaka_KTU.jpg 1024w, https:\/\/archiforma.lt\/wp-content\/uploads\/2015\/04\/Bernotiene_Santaka_KTU-300x97.jpg 300w\" sizes=\"(max-width: 1024px) 100vw, 1024px\" \/><\/a><\/p>\n<p><a href=\"http:\/\/archiforma.lt\/wp-content\/uploads\/2015\/04\/KTU-1-a-planas.jpg\"><img loading=\"lazy\" decoding=\"async\" class=\"alignleft size-large wp-image-1004\" src=\"http:\/\/archiforma.lt\/wp-content\/uploads\/2015\/04\/KTU-1-a-planas-1024x724.jpg\" alt=\"E:ProjektaiKTU Slenis SANTAKApristatymai KAUET_PARODOSArch m\" width=\"1024\" height=\"724\" srcset=\"https:\/\/archiforma.lt\/wp-content\/uploads\/2015\/04\/KTU-1-a-planas.jpg 1024w, https:\/\/archiforma.lt\/wp-content\/uploads\/2015\/04\/KTU-1-a-planas-300x212.jpg 300w\" sizes=\"(max-width: 1024px) 100vw, 1024px\" \/><\/a><\/p>\n<p><a href=\"http:\/\/archiforma.lt\/wp-content\/uploads\/2015\/04\/KTU-3-a-planas.jpg\"><img loading=\"lazy\" decoding=\"async\" class=\"alignleft size-large wp-image-1005\" src=\"http:\/\/archiforma.lt\/wp-content\/uploads\/2015\/04\/KTU-3-a-planas-1024x724.jpg\" alt=\"E:ProjektaiKTU Slenis SANTAKApristatymai KAUET_PARODOSArch m\" width=\"1024\" height=\"724\" srcset=\"https:\/\/archiforma.lt\/wp-content\/uploads\/2015\/04\/KTU-3-a-planas.jpg 1024w, https:\/\/archiforma.lt\/wp-content\/uploads\/2015\/04\/KTU-3-a-planas-300x212.jpg 300w\" sizes=\"(max-width: 1024px) 100vw, 1024px\" \/><\/a><\/p>\n<p><a href=\"http:\/\/archiforma.lt\/wp-content\/uploads\/2015\/04\/KTU-5-a-planas.jpg\"><img loading=\"lazy\" decoding=\"async\" class=\"alignleft size-large wp-image-1006\" src=\"http:\/\/archiforma.lt\/wp-content\/uploads\/2015\/04\/KTU-5-a-planas-1024x724.jpg\" alt=\"E:ProjektaiKTU Slenis SANTAKApristatymai KAUET_PARODOSArch m\" width=\"1024\" height=\"724\" srcset=\"https:\/\/archiforma.lt\/wp-content\/uploads\/2015\/04\/KTU-5-a-planas.jpg 1024w, https:\/\/archiforma.lt\/wp-content\/uploads\/2015\/04\/KTU-5-a-planas-300x212.jpg 300w\" sizes=\"(max-width: 1024px) 100vw, 1024px\" \/><\/a><\/p>\n<p><a href=\"http:\/\/archiforma.lt\/wp-content\/uploads\/2015\/04\/KTU-Pjuvis-1-1m.jpg\"><img loading=\"lazy\" decoding=\"async\" class=\"alignleft size-large wp-image-1007\" src=\"http:\/\/archiforma.lt\/wp-content\/uploads\/2015\/04\/KTU-Pjuvis-1-1m-1024x819.jpg\" alt=\"KTU Pjuvis 1-1m\" width=\"1024\" height=\"819\" srcset=\"https:\/\/archiforma.lt\/wp-content\/uploads\/2015\/04\/KTU-Pjuvis-1-1m.jpg 1024w, https:\/\/archiforma.lt\/wp-content\/uploads\/2015\/04\/KTU-Pjuvis-1-1m-300x240.jpg 300w\" sizes=\"(max-width: 1024px) 100vw, 1024px\" \/><\/a><\/p>\n<p><a href=\"http:\/\/archiforma.lt\/wp-content\/uploads\/2015\/04\/KTU-Pjuvis-2-2.jpg\"><img loading=\"lazy\" decoding=\"async\" class=\"alignleft size-large wp-image-1008\" src=\"http:\/\/archiforma.lt\/wp-content\/uploads\/2015\/04\/KTU-Pjuvis-2-2-1024x819.jpg\" alt=\"KTU Pjuvis 2-2\" width=\"1024\" height=\"819\" srcset=\"https:\/\/archiforma.lt\/wp-content\/uploads\/2015\/04\/KTU-Pjuvis-2-2.jpg 1024w, https:\/\/archiforma.lt\/wp-content\/uploads\/2015\/04\/KTU-Pjuvis-2-2-300x240.jpg 300w\" sizes=\"(max-width: 1024px) 100vw, 1024px\" \/><\/a><\/p>\n<p><a href=\"http:\/\/archiforma.lt\/wp-content\/uploads\/2015\/04\/studentu-miestelio-situacijos-schema-2014-11-21.jpg\"><img loading=\"lazy\" decoding=\"async\" class=\"alignleft size-large wp-image-1009\" src=\"http:\/\/archiforma.lt\/wp-content\/uploads\/2015\/04\/studentu-miestelio-situacijos-schema-2014-11-21-819x1024.jpg\" alt=\"studentu miestelio situacijos schema 2014-11-21\" width=\"819\" height=\"1024\" srcset=\"https:\/\/archiforma.lt\/wp-content\/uploads\/2015\/04\/studentu-miestelio-situacijos-schema-2014-11-21.jpg 819w, https:\/\/archiforma.lt\/wp-content\/uploads\/2015\/04\/studentu-miestelio-situacijos-schema-2014-11-21-240x300.jpg 240w\" sizes=\"(max-width: 819px) 100vw, 819px\" \/><\/a><\/p>\n<p><a href=\"http:\/\/archiforma.lt\/wp-content\/uploads\/2015\/04\/11.jpg\"><img loading=\"lazy\" decoding=\"async\" class=\"alignleft size-large wp-image-1010\" src=\"http:\/\/archiforma.lt\/wp-content\/uploads\/2015\/04\/11-1024x768.jpg\" alt=\"11\" width=\"1024\" height=\"768\" \/><\/a><\/p>\n<p><a href=\"http:\/\/archiforma.lt\/wp-content\/uploads\/2015\/04\/22.jpg\"><img loading=\"lazy\" decoding=\"async\" class=\"alignleft size-large wp-image-1011\" src=\"http:\/\/archiforma.lt\/wp-content\/uploads\/2015\/04\/22-1024x678.jpg\" alt=\"22\" width=\"1024\" height=\"678\" srcset=\"https:\/\/archiforma.lt\/wp-content\/uploads\/2015\/04\/22.jpg 1024w, https:\/\/archiforma.lt\/wp-content\/uploads\/2015\/04\/22-300x199.jpg 300w\" sizes=\"(max-width: 1024px) 100vw, 1024px\" \/><\/a><\/p>\n<p><a href=\"http:\/\/archiforma.lt\/wp-content\/uploads\/2015\/04\/33.jpg\"><img loading=\"lazy\" decoding=\"async\" class=\"alignleft size-large wp-image-1012\" src=\"http:\/\/archiforma.lt\/wp-content\/uploads\/2015\/04\/33-682x1024.jpg\" alt=\"33\" width=\"682\" height=\"1024\" srcset=\"https:\/\/archiforma.lt\/wp-content\/uploads\/2015\/04\/33.jpg 682w, https:\/\/archiforma.lt\/wp-content\/uploads\/2015\/04\/33-200x300.jpg 200w\" sizes=\"(max-width: 682px) 100vw, 682px\" \/><\/a><\/p>\n<p><a href=\"http:\/\/archiforma.lt\/wp-content\/uploads\/2015\/04\/44.jpg\"><img loading=\"lazy\" decoding=\"async\" class=\"alignleft size-large wp-image-1013\" src=\"http:\/\/archiforma.lt\/wp-content\/uploads\/2015\/04\/44-1024x683.jpg\" alt=\"44\" width=\"1024\" height=\"683\" srcset=\"https:\/\/archiforma.lt\/wp-content\/uploads\/2015\/04\/44.jpg 1024w, https:\/\/archiforma.lt\/wp-content\/uploads\/2015\/04\/44-300x200.jpg 300w\" sizes=\"(max-width: 1024px) 100vw, 1024px\" \/><\/a><\/p>\n<p><a href=\"http:\/\/archiforma.lt\/wp-content\/uploads\/2015\/04\/55.jpg\"><img loading=\"lazy\" decoding=\"async\" class=\"alignleft size-large wp-image-1014\" src=\"http:\/\/archiforma.lt\/wp-content\/uploads\/2015\/04\/55-1024x682.jpg\" alt=\"55\" width=\"1024\" height=\"682\" srcset=\"https:\/\/archiforma.lt\/wp-content\/uploads\/2015\/04\/55.jpg 1024w, https:\/\/archiforma.lt\/wp-content\/uploads\/2015\/04\/55-300x200.jpg 300w\" sizes=\"(max-width: 1024px) 100vw, 1024px\" \/><\/a><\/p>\n<p><a href=\"http:\/\/archiforma.lt\/wp-content\/uploads\/2015\/04\/66.jpg\"><img loading=\"lazy\" decoding=\"async\" class=\"alignleft size-large wp-image-1015\" src=\"http:\/\/archiforma.lt\/wp-content\/uploads\/2015\/04\/66-1024x683.jpg\" alt=\"66\" width=\"1024\" height=\"683\" srcset=\"https:\/\/archiforma.lt\/wp-content\/uploads\/2015\/04\/66.jpg 1024w, https:\/\/archiforma.lt\/wp-content\/uploads\/2015\/04\/66-300x200.jpg 300w\" sizes=\"(max-width: 1024px) 100vw, 1024px\" \/><\/a><\/p>\n<p><a href=\"http:\/\/archiforma.lt\/wp-content\/uploads\/2015\/04\/77.jpg\"><img loading=\"lazy\" decoding=\"async\" class=\"alignleft size-large wp-image-1016\" src=\"http:\/\/archiforma.lt\/wp-content\/uploads\/2015\/04\/77-1024x683.jpg\" alt=\"77\" width=\"1024\" height=\"683\" srcset=\"https:\/\/archiforma.lt\/wp-content\/uploads\/2015\/04\/77.jpg 1024w, https:\/\/archiforma.lt\/wp-content\/uploads\/2015\/04\/77-300x200.jpg 300w\" sizes=\"(max-width: 1024px) 100vw, 1024px\" \/><\/a><\/p>\n<p><a href=\"http:\/\/archiforma.lt\/wp-content\/uploads\/2015\/04\/88.jpg\"><img loading=\"lazy\" decoding=\"async\" class=\"alignleft size-large wp-image-1017\" src=\"http:\/\/archiforma.lt\/wp-content\/uploads\/2015\/04\/88-1024x683.jpg\" alt=\"88\" width=\"1024\" height=\"683\" srcset=\"https:\/\/archiforma.lt\/wp-content\/uploads\/2015\/04\/88.jpg 1024w, https:\/\/archiforma.lt\/wp-content\/uploads\/2015\/04\/88-300x200.jpg 300w\" sizes=\"(max-width: 1024px) 100vw, 1024px\" \/><\/a><\/p>\n<p><a href=\"http:\/\/archiforma.lt\/wp-content\/uploads\/2015\/04\/99.jpg\"><img loading=\"lazy\" decoding=\"async\" class=\"alignleft size-large wp-image-1018\" src=\"http:\/\/archiforma.lt\/wp-content\/uploads\/2015\/04\/99-683x1024.jpg\" alt=\"99\" width=\"683\" height=\"1024\" srcset=\"https:\/\/archiforma.lt\/wp-content\/uploads\/2015\/04\/99.jpg 683w, https:\/\/archiforma.lt\/wp-content\/uploads\/2015\/04\/99-200x300.jpg 200w\" sizes=\"(max-width: 683px) 100vw, 683px\" \/><\/a><\/p>\n<\/div>\n","protected":false},"excerpt":{"rendered":"<p>Architektai:\u00a0 Gra\u017eina Janulyt\u0117-Bernotien\u0117, Rimant\u0117 Lydyt\u0117, Erikas Klinavi\u010dius Projektuotojas:\u00a0 UAB \u201eG. Janulyt\u0117s-Bernotien\u0117s studija\u201c Projekto komanda:\u00a0 Agn\u0117 Andriukaitien\u0117, Agn\u0117 Mik\u0117nait\u0117 Konstruktorius:\u00a0 Audrius Ra\u017eaitis Fotografai:\u00a0 Leonas Garba\u010dauskas, Andrius Gasi\u016bnas Adresas:\u00a0K. Bar\u0161ausko g. 59, Kaunas, Lietuva U\u017esakovas:\u00a0 Kauno technologijos universitetas Rangovas:\u00a0 UAB \u201eLitCon\u201c Projektavimo prad\u017eia:\u00a0 2009 m. Statybos pabaiga:\u00a0 2013 m. Pastato plotas 12 956 m2 T\u016bris 63 792 [&hellip;]<\/p>\n","protected":false},"author":1,"featured_media":0,"comment_status":"open","ping_status":"open","sticky":false,"template":"","format":"standard","meta":{"footnotes":""},"categories":[9,23],"tags":[51,52,53],"views":31,"_links":{"self":[{"href":"https:\/\/archiforma.lt\/index.php?rest_route=\/wp\/v2\/posts\/998"}],"collection":[{"href":"https:\/\/archiforma.lt\/index.php?rest_route=\/wp\/v2\/posts"}],"about":[{"href":"https:\/\/archiforma.lt\/index.php?rest_route=\/wp\/v2\/types\/post"}],"author":[{"embeddable":true,"href":"https:\/\/archiforma.lt\/index.php?rest_route=\/wp\/v2\/users\/1"}],"replies":[{"embeddable":true,"href":"https:\/\/archiforma.lt\/index.php?rest_route=%2Fwp%2Fv2%2Fcomments&post=998"}],"version-history":[{"count":7,"href":"https:\/\/archiforma.lt\/index.php?rest_route=\/wp\/v2\/posts\/998\/revisions"}],"predecessor-version":[{"id":2830,"href":"https:\/\/archiforma.lt\/index.php?rest_route=\/wp\/v2\/posts\/998\/revisions\/2830"}],"wp:attachment":[{"href":"https:\/\/archiforma.lt\/index.php?rest_route=%2Fwp%2Fv2%2Fmedia&parent=998"}],"wp:term":[{"taxonomy":"category","embeddable":true,"href":"https:\/\/archiforma.lt\/index.php?rest_route=%2Fwp%2Fv2%2Fcategories&post=998"},{"taxonomy":"post_tag","embeddable":true,"href":"https:\/\/archiforma.lt\/index.php?rest_route=%2Fwp%2Fv2%2Ftags&post=998"}],"curies":[{"name":"wp","href":"https:\/\/api.w.org\/{rel}","templated":true}]}}