{"id":842,"date":"2015-02-08T22:16:18","date_gmt":"2015-02-08T22:16:18","guid":{"rendered":"http:\/\/archiforma.lt\/?p=842"},"modified":"2017-02-01T15:40:39","modified_gmt":"2017-02-01T13:40:39","slug":"gyvenamojo-namo-rekonstrukcija-mogiliove-baltarusijoje","status":"publish","type":"post","link":"https:\/\/archiforma.lt\/?p=842","title":{"rendered":"Gyvenamojo namo rekonstrukcija Mogiliove, Baltarusijoje"},"content":{"rendered":"<p><strong><img loading=\"lazy\" decoding=\"async\" class=\"alignleft  wp-image-853\" src=\"http:\/\/archiforma.lt\/wp-content\/uploads\/2015\/02\/15-1024x686.jpg\" alt=\"15\" width=\"557\" height=\"373\" srcset=\"https:\/\/archiforma.lt\/wp-content\/uploads\/2015\/02\/15-1024x686.jpg 1024w, https:\/\/archiforma.lt\/wp-content\/uploads\/2015\/02\/15-300x201.jpg 300w, https:\/\/archiforma.lt\/wp-content\/uploads\/2015\/02\/15-120x80.jpg 120w, https:\/\/archiforma.lt\/wp-content\/uploads\/2015\/02\/15.jpg 1764w\" sizes=\"(max-width: 557px) 100vw, 557px\" \/><br \/>\nArchitektai:<\/strong> \u201e4plius\u201c (Elvina ir Skirmantas Varnauskai)\u00a0<strong><br \/>\nMetai:<\/strong> 2013<br \/>\n<strong>Konstruktorius:<\/strong> Nerijus Sakalauskas, UAB \u201eKonstruktori\u0173 cechas\u201c<br \/>\n<strong>Buv\u0119s plotas:<\/strong> 280 m\u00b2<br \/>\n<strong>Plotas po rekonstrukcijos:<\/strong> 417 m\u00b2<\/p>\n<p><!--more--><\/p>\n<p>Architekt\u0173 biuro \u201e4plius\u201c renovuotas gyvenamasis namas Mogiliove \u2013 s\u0117kmingas \u017eingsnis kokybi\u0161kesn\u0117s architekt\u016bros link. Architektai i\u0161 standartinio gan sud\u0117tingo XX a. paskutiniojo de\u0161imtme\u010dio stilistikos t\u016brio sugeb\u0117jo sumodeliuoti \u0161iuolaiki\u0161k\u0105 ir patraukl\u0173 gyvenam\u0105j\u012f nam\u0105.<br \/>\nPagrindin\u0117 u\u017eduotis buvo padidinti esamo namo plot\u0105, ta\u010diau \u012f \u0161i\u0105 rekonstrukcij\u0105 architektai pa\u017ei\u016br\u0117jo ne pro pir\u0161tus.<br \/>\nVis\u0173 pirma, architektai gerokai supaprastino namo t\u016br\u012f. Tai, manau, yra teisingas sprendimas tiek estetiniu, tiek ekonominiu ir ergonominiu po\u017ei\u016briu: didinant pastato plot\u0105 nugriauti nedideli erkeriai ir viena i\u0161orin\u0117 siena, pakeltas antras auk\u0161tas, stogas i\u0161 \u0161laitinio perdarytas \u012f plok\u0161\u010di\u0105. Gana nuobodus vienspalvis tinkuotas fasadas pakeistas \u012f gerokai \u012fdomesn\u012f, artimesn\u012f aplinkai. Naudojamos medienos dailylent\u0117s, pagrindinis \u012f\u0117jimas i\u0161skirtas a\u017e\u016briniu t\u016briu. Fasade matomas lygiai tinkuotos plok\u0161tumos ir med\u017eio lentel\u0117mis apkalt\u0173 gabal\u0117li\u0173 \u017eaidimas. Tai atlikta gana jautriai.<br \/>\nKo gero, labiausiai pasikeit\u0117 interjeras ir i\u0161planavimas, vidin\u0117s erdv\u0117s. Namas pritaikytas dabartiniams \u0161eimos poreikiams, d\u0117l to plotas padidintas net 137 kvadratiniais metrais. U\u017elipus laiptais patenkama \u012f gana erdvi\u0105 teras\u0105, i\u0161 jos \u012f tamb\u016br\u0105, po to \u2013 \u012f itin erdvi\u0105 drabu\u017ein\u0119, besijungian\u010di\u0105 su laiptine. Beveik pus\u0117 pirmo auk\u0161to yra skirta svetain\u0117s-valgomojo erdvei. I\u0161 jos galima pateikti \u012f atskir\u0105 44 kv. m teras\u0105.<br \/>\nAntrajame auk\u0161te, kurio plotas 137 kv. m, \u012frengti miegamieji: du vaik\u0173, t\u0117v\u0173 ir sve\u010di\u0173. Visi miegamieji pakankamai erdv\u016bs, po 19 kvadratini\u0173 metr\u0173. Taip pat \u012frengtos atskiros vonios ir drabu\u017ein\u0117s. Kiekvienas miegamasis turi i\u0161\u0117jim\u0105 \u012f vien\u0105 i\u0161 dviej\u0173 balkon\u0173.<br \/>\nPo namu yra r\u016bsys, i\u0161lik\u0119s pagal dar nerenovuoto namo kont\u016brus. \u017di\u016brint \u012f r\u016bsio plan\u0105 labai ai\u0161kiai matyti, kiek padaryta vien namo kont\u016bro pakeitim\u0173. \u012e \u017eemutin\u012f auk\u0161t\u0105 galima patekti tiek i\u0161 lauko, tiek i\u0161 pirmojo auk\u0161to, \u012frengtas atskiras tamb\u016bras. Patalpose i\u0161laikoma pastovi temperat\u016bra, kadangi r\u016bsyje \u012frengta ne tik katilin\u0117, bet ir poilsio patalpos su nema\u017ea turki\u0161ka pirtimi.<br \/>\nArchitektai itin daug dirbo prie interjero, jo vientisumo. Visame name dominuoja monochrominiai atspalviai, j\u0173 \u017eaism\u0117, \u012fvedama ir \u0161iltesni\u0173 sm\u0117lini\u0173 ton\u0173. Naudojami ir gana blizg\u016bs, tams\u016bs pavir\u0161iai \u2013 taip interjerui bandoma suteikti prabangos \u012fsp\u016bd\u012f, \u017eaid\u017eiama \u012fvairiais atspind\u017eiais. Yra nema\u017eai stiklo element\u0173: visi tur\u0117klai, tiek interjero, tiek eksterjero \u2013 stikliniai, \u012fr\u0117minti siauromis metalin\u0117mis juostomis.<br \/>\nDaug d\u0117mesio skirta insoliacijai. Atviroje laiptin\u0117s patalpoje per antro auk\u0161to stiklin\u0119 perdang\u0105 matyti stoglangis, tad didel\u0117 patalpa, nors ir be lang\u0173, puikiai ap\u0161vie\u010diama ir sudaro dar didesn\u012f erdvumo \u012fsp\u016bd\u012f.<br \/>\nKiekvienos patalpos interjero akcentai \u2013 skirtingi \u012fdom\u016bs \u0161viestuvai. Jie pagyvina gan minimalisti\u0161k\u0105, \u201e\u0161var\u0173\u201c interjer\u0105, tampa tarsi meniniais intarpais. Apskritai, ap\u0161vietimui \u0161iame name skirta itin daug d\u0117mesio. Naudojamas ir skirting\u0173 ton\u0173 ap\u0161vietimas, pavyzd\u017eiui, lengvais pustoniais i\u0161skiriamos erdv\u0117s bendroje virtuv\u0117s-svetain\u0117s patalpoje; savit\u0105, atitinkam\u0105 nuotaik\u0105 kuriant\u012f ap\u0161vietim\u0105 turi r\u016bsyje esanti pirtis ar vonios kambariai.<br \/>\n\u201e4plius\u201c architektai \u012f, atrodyt\u0173, gan paprast\u0105 u\u017eduot\u012f pa\u017ei\u016br\u0117jo pla\u010diau: ne tik padidintas rekonstruoto pastato plotas, bet ir pagerinta jo estetin\u0117 kokyb\u0117, jis pritaikytas \u0161iuolaiki\u0161kai \u0161eimai. Puikiai i\u0161planuotas kiekvienas auk\u0161tas, \u012fsigilinta \u012f funkcin\u012f zonavim\u0105, erdvi\u0173 susiliejim\u0105. Daug d\u0117mesio skirta ap\u0161vietimui ir interjero med\u017eiag\u0173 dermei. Projekto u\u017eduotis atlikta pagirtinai, pakeistas namo eksterjeras ir interjeras atitinka \u0161eimos estetinius ir funkcinius poreikius.<\/p>\n<div class=\"albumbottom\"><img loading=\"lazy\" decoding=\"async\" class=\"alignleft  wp-image-844\" src=\"http:\/\/archiforma.lt\/wp-content\/uploads\/2015\/02\/13-686x1024.jpg\" alt=\"1\" width=\"449\" height=\"670\" srcset=\"https:\/\/archiforma.lt\/wp-content\/uploads\/2015\/02\/13-686x1024.jpg 686w, https:\/\/archiforma.lt\/wp-content\/uploads\/2015\/02\/13-201x300.jpg 201w, https:\/\/archiforma.lt\/wp-content\/uploads\/2015\/02\/13.jpg 1181w\" sizes=\"(max-width: 449px) 100vw, 449px\" \/><img loading=\"lazy\" decoding=\"async\" class=\"alignleft  wp-image-845\" src=\"http:\/\/archiforma.lt\/wp-content\/uploads\/2015\/02\/31-686x1024.jpg\" alt=\"3\" width=\"449\" height=\"670\" srcset=\"https:\/\/archiforma.lt\/wp-content\/uploads\/2015\/02\/31-686x1024.jpg 686w, https:\/\/archiforma.lt\/wp-content\/uploads\/2015\/02\/31-201x300.jpg 201w, https:\/\/archiforma.lt\/wp-content\/uploads\/2015\/02\/31.jpg 1181w\" sizes=\"(max-width: 449px) 100vw, 449px\" \/><img loading=\"lazy\" decoding=\"async\" class=\"alignleft  wp-image-846\" src=\"http:\/\/archiforma.lt\/wp-content\/uploads\/2015\/02\/41-681x1024.jpg\" alt=\"4\" width=\"446\" height=\"671\" srcset=\"https:\/\/archiforma.lt\/wp-content\/uploads\/2015\/02\/41-681x1024.jpg 681w, https:\/\/archiforma.lt\/wp-content\/uploads\/2015\/02\/41-200x300.jpg 200w, https:\/\/archiforma.lt\/wp-content\/uploads\/2015\/02\/41.jpg 1181w\" sizes=\"(max-width: 446px) 100vw, 446px\" \/><img loading=\"lazy\" decoding=\"async\" class=\"alignleft  wp-image-847\" src=\"http:\/\/archiforma.lt\/wp-content\/uploads\/2015\/02\/9-686x1024.jpg\" alt=\"9\" width=\"447\" height=\"667\" srcset=\"https:\/\/archiforma.lt\/wp-content\/uploads\/2015\/02\/9-686x1024.jpg 686w, https:\/\/archiforma.lt\/wp-content\/uploads\/2015\/02\/9-201x300.jpg 201w, https:\/\/archiforma.lt\/wp-content\/uploads\/2015\/02\/9.jpg 778w\" sizes=\"(max-width: 447px) 100vw, 447px\" \/><\/p>\n<p><img loading=\"lazy\" decoding=\"async\" class=\"alignleft  wp-image-848\" src=\"http:\/\/archiforma.lt\/wp-content\/uploads\/2015\/02\/10.jpg\" alt=\"10\" width=\"445\" height=\"667\" srcset=\"https:\/\/archiforma.lt\/wp-content\/uploads\/2015\/02\/10.jpg 283w, https:\/\/archiforma.lt\/wp-content\/uploads\/2015\/02\/10-201x300.jpg 201w\" sizes=\"(max-width: 445px) 100vw, 445px\" \/><\/p>\n<p><img loading=\"lazy\" decoding=\"async\" class=\"alignleft  wp-image-849\" src=\"http:\/\/archiforma.lt\/wp-content\/uploads\/2015\/02\/111-686x1024.jpg\" alt=\"11\" width=\"446\" height=\"667\" srcset=\"https:\/\/archiforma.lt\/wp-content\/uploads\/2015\/02\/111-686x1024.jpg 686w, https:\/\/archiforma.lt\/wp-content\/uploads\/2015\/02\/111-201x300.jpg 201w, https:\/\/archiforma.lt\/wp-content\/uploads\/2015\/02\/111.jpg 1181w\" sizes=\"(max-width: 446px) 100vw, 446px\" \/><img loading=\"lazy\" decoding=\"async\" class=\"alignleft  wp-image-850\" src=\"http:\/\/archiforma.lt\/wp-content\/uploads\/2015\/02\/121-686x1024.jpg\" alt=\"12\" width=\"446\" height=\"667\" srcset=\"https:\/\/archiforma.lt\/wp-content\/uploads\/2015\/02\/121-686x1024.jpg 686w, https:\/\/archiforma.lt\/wp-content\/uploads\/2015\/02\/121-201x300.jpg 201w, https:\/\/archiforma.lt\/wp-content\/uploads\/2015\/02\/121.jpg 1181w\" sizes=\"(max-width: 446px) 100vw, 446px\" \/><img loading=\"lazy\" decoding=\"async\" class=\"alignleft  wp-image-851\" src=\"http:\/\/archiforma.lt\/wp-content\/uploads\/2015\/02\/131-1024x644.jpg\" alt=\"13\" width=\"452\" height=\"285\" srcset=\"https:\/\/archiforma.lt\/wp-content\/uploads\/2015\/02\/131-1024x644.jpg 1024w, https:\/\/archiforma.lt\/wp-content\/uploads\/2015\/02\/131-300x189.jpg 300w, https:\/\/archiforma.lt\/wp-content\/uploads\/2015\/02\/131.jpg 1879w\" sizes=\"(max-width: 452px) 100vw, 452px\" \/><img loading=\"lazy\" decoding=\"async\" class=\"alignleft  wp-image-852\" src=\"http:\/\/archiforma.lt\/wp-content\/uploads\/2015\/02\/14-686x1024.jpg\" alt=\"14\" width=\"485\" height=\"725\" srcset=\"https:\/\/archiforma.lt\/wp-content\/uploads\/2015\/02\/14-686x1024.jpg 686w, https:\/\/archiforma.lt\/wp-content\/uploads\/2015\/02\/14-201x300.jpg 201w, https:\/\/archiforma.lt\/wp-content\/uploads\/2015\/02\/14.jpg 1181w\" sizes=\"(max-width: 485px) 100vw, 485px\" \/><img loading=\"lazy\" decoding=\"async\" class=\"alignleft  wp-image-854\" src=\"http:\/\/archiforma.lt\/wp-content\/uploads\/2015\/02\/planas-1--724x1024.jpg\" alt=\"planas-1\" width=\"414\" height=\"586\" srcset=\"https:\/\/archiforma.lt\/wp-content\/uploads\/2015\/02\/planas-1--724x1024.jpg 724w, https:\/\/archiforma.lt\/wp-content\/uploads\/2015\/02\/planas-1--212x300.jpg 212w, https:\/\/archiforma.lt\/wp-content\/uploads\/2015\/02\/planas-1-.jpg 1754w\" sizes=\"(max-width: 414px) 100vw, 414px\" \/><img loading=\"lazy\" decoding=\"async\" class=\"alignleft  wp-image-855\" src=\"http:\/\/archiforma.lt\/wp-content\/uploads\/2015\/02\/planas-2-724x1024.jpg\" alt=\"planas-2\" width=\"494\" height=\"699\" srcset=\"https:\/\/archiforma.lt\/wp-content\/uploads\/2015\/02\/planas-2-724x1024.jpg 724w, https:\/\/archiforma.lt\/wp-content\/uploads\/2015\/02\/planas-2-212x300.jpg 212w, https:\/\/archiforma.lt\/wp-content\/uploads\/2015\/02\/planas-2.jpg 1754w\" sizes=\"(max-width: 494px) 100vw, 494px\" \/><img loading=\"lazy\" decoding=\"async\" class=\"alignleft  wp-image-856\" src=\"http:\/\/archiforma.lt\/wp-content\/uploads\/2015\/02\/pries-rekonstrukcija-21-1024x685.jpg\" alt=\"pries rekonstrukcija 2\" width=\"434\" height=\"290\" srcset=\"https:\/\/archiforma.lt\/wp-content\/uploads\/2015\/02\/pries-rekonstrukcija-21-1024x685.jpg 1024w, https:\/\/archiforma.lt\/wp-content\/uploads\/2015\/02\/pries-rekonstrukcija-21-300x201.jpg 300w, https:\/\/archiforma.lt\/wp-content\/uploads\/2015\/02\/pries-rekonstrukcija-21-120x80.jpg 120w\" sizes=\"(max-width: 434px) 100vw, 434px\" \/><\/p>\n<\/div>\n","protected":false},"excerpt":{"rendered":"<p>Architektai: \u201e4plius\u201c (Elvina ir Skirmantas Varnauskai)\u00a0 Metai: 2013 Konstruktorius: Nerijus Sakalauskas, UAB \u201eKonstruktori\u0173 cechas\u201c Buv\u0119s plotas: 280 m\u00b2 Plotas po rekonstrukcijos: 417 m\u00b2<\/p>\n","protected":false},"author":1,"featured_media":0,"comment_status":"open","ping_status":"open","sticky":false,"template":"","format":"standard","meta":{"footnotes":""},"categories":[11],"tags":[],"views":50,"_links":{"self":[{"href":"https:\/\/archiforma.lt\/index.php?rest_route=\/wp\/v2\/posts\/842"}],"collection":[{"href":"https:\/\/archiforma.lt\/index.php?rest_route=\/wp\/v2\/posts"}],"about":[{"href":"https:\/\/archiforma.lt\/index.php?rest_route=\/wp\/v2\/types\/post"}],"author":[{"embeddable":true,"href":"https:\/\/archiforma.lt\/index.php?rest_route=\/wp\/v2\/users\/1"}],"replies":[{"embeddable":true,"href":"https:\/\/archiforma.lt\/index.php?rest_route=%2Fwp%2Fv2%2Fcomments&post=842"}],"version-history":[{"count":5,"href":"https:\/\/archiforma.lt\/index.php?rest_route=\/wp\/v2\/posts\/842\/revisions"}],"predecessor-version":[{"id":1905,"href":"https:\/\/archiforma.lt\/index.php?rest_route=\/wp\/v2\/posts\/842\/revisions\/1905"}],"wp:attachment":[{"href":"https:\/\/archiforma.lt\/index.php?rest_route=%2Fwp%2Fv2%2Fmedia&parent=842"}],"wp:term":[{"taxonomy":"category","embeddable":true,"href":"https:\/\/archiforma.lt\/index.php?rest_route=%2Fwp%2Fv2%2Fcategories&post=842"},{"taxonomy":"post_tag","embeddable":true,"href":"https:\/\/archiforma.lt\/index.php?rest_route=%2Fwp%2Fv2%2Ftags&post=842"}],"curies":[{"name":"wp","href":"https:\/\/api.w.org\/{rel}","templated":true}]}}