{"id":830,"date":"2015-02-08T22:07:58","date_gmt":"2015-02-08T22:07:58","guid":{"rendered":"http:\/\/archiforma.lt\/?p=830"},"modified":"2015-02-08T22:10:26","modified_gmt":"2015-02-08T22:10:26","slug":"naujuoju-vilniaus-centru-vadinama-desiniojo-neries-kranto-konstitucijos-prospekto-atkarpa-po-truputi-formuoja-savo-veida","status":"publish","type":"post","link":"https:\/\/archiforma.lt\/?p=830","title":{"rendered":"Naujuoju Vilniaus centru vadinama de\u0161iniojo Neries kranto Konstitucijos prospekto atkarpa po truput\u012f formuoja savo veid\u0105"},"content":{"rendered":"<p>Naujuoju Vilniaus centru vadinama de\u0161iniojo Neries kranto Konstitucijos prospekto atkarpa po truput\u012f formuoja savo veid\u0105. Architekt\u016brin\u0117s kalvos ansambl\u012f ruo\u0161iamasi papildyti naujais i\u0161skirtiniais pastatais, jau senokai rengiami architekt\u016briniai konkursai. Ties Nacionaline dail\u0117s galerija ligi \u0161iol pasibaig\u0119 traukos objektai bei vie\u0161osios erdv\u0117s pagaliau tur\u0117s t\u0105s\u0105 \u2013 Konstitucijos prospekt\u0105 vainikuos verslo kompleksas \u201eK29\u201c, projektuotas studijos \u201eArchinova\u201c kartu su \u201ePLH arkitekter\u201c.<\/p>\n<p><a href=\"http:\/\/archiforma.lt\/wp-content\/uploads\/2015\/02\/K29-1.jpg\"><img loading=\"lazy\" decoding=\"async\" class=\"alignleft wp-image-831\" src=\"http:\/\/archiforma.lt\/wp-content\/uploads\/2015\/02\/K29-1-1024x574.jpg\" alt=\"K29 (1)\" width=\"530\" height=\"297\" srcset=\"https:\/\/archiforma.lt\/wp-content\/uploads\/2015\/02\/K29-1-1024x574.jpg 1024w, https:\/\/archiforma.lt\/wp-content\/uploads\/2015\/02\/K29-1-300x168.jpg 300w\" sizes=\"(max-width: 530px) 100vw, 530px\" \/><\/a><\/p>\n<p><!--more--><\/p>\n<p>Verslo komplekso nauda miestui neabejotina &#8211; kaip ir dera, kompleksas tarnaus ne vien tik pastatu besinaudojantiems \u017emon\u0117ms, bet ir miestie\u010diams ar miesto sve\u010diams \u2013 \u0161alia suprojektuotos \u017ealiosios erdv\u0117s, parkas, atsveriantys miesto transporto arterijas bei papildantys skurd\u017ei\u0105 Konstitucijos prospekto vie\u0161\u0173j\u0173 erdvi\u0173 strukt\u016br\u0105. Be visuomenei teikiamos naudos, K29 kompleksas taip pat sukuria daugiau nei 14 t\u016bkst. kvadratini\u0173 metr\u0173 nuomos ploto, skirto \u012fvairaus dyd\u017eio verslui.<br \/>\n\u0160iuo metu jau statomo K29 istorija mena dar 2011-uosius metus, kai Lietuvos architekt\u0173 s\u0105jungos kviestiniame architekt\u016briniame konkurse laim\u0117jo \u201cArchinovos\u201d ir \u201ePLH arkitekter\u201c studij\u0173 projektas. Tuomet sukritikuotas d\u0117l atviro tipo biur\u0173 strukt\u016bros, \u0161iandienin\u0117mis akimis tokia strukt\u016bra tampa K29 i\u0161skirtinumu ir kokybi\u0161k\u0173 erdvi\u0173 formantu. Nuo 2011-\u0173j\u0173 met\u0173 projektas \u0161iek tiek pakito, ta\u010diau neprarado savo pradin\u0117s strukt\u016bros ir i\u0161rai\u0161kos.<br \/>\n\u012esik\u016br\u0119s Konstitucijos prospekto gale, 29-uoju numeriu pa\u017eym\u0117tame sklype, o taip pat ribojamas gele\u017einio vilko gatv\u0117s, bei plat\u0117sian\u010dios Lvovo gatv\u0117s, kompleksas tampa aktyvaus transporto mazgo akcentu. Sklypas yra nei\u0161vystytoje \u0161iaur\u0117s vakarin\u0117je Konstitucijos prospekto dalyje. De\u0161iniojo Neries kranto bei Konstitucijos prospekto u\u017estatymas planuojamas kaip \u012fvairi\u0173 funkcij\u0173 statini\u0173 ir vie\u0161\u0173j\u0173 erdvi\u0173 visuma. \u0160iaurin\u0117 Konstitucijos prospekto i\u0161klotin\u0117 prad\u0117ta formuoti nuo savivaldyb\u0117s ir Europos daugiafunkcinio komplekso, ribojan\u010di\u0173 nauj\u0105j\u0105 Europos aik\u0161t\u0119, kvartalo. Europos aik\u0161t\u0117 susieta p\u0117s\u010di\u0173j\u0173 ry\u0161iais su up\u0117s krantine, istoriniu miesto centru bei planuojamu tankaus u\u017estatymo miesto centru \u0160nipi\u0161k\u0117se. K29 kvartalas ribojasi tiek su Neries krantin\u0117s \u0161laito urbanizuojama strukt\u016bra (pietuose), tiek su up\u0117s senvag\u0117s parku (\u0161iaur\u0117je), tod\u0117l suprojektuota nauja vie\u0161oji erdv\u0117 (aik\u0161t\u0117\/skveras) sukuria betarpi\u0161kus p\u0117s\u010di\u0173j\u0173 ry\u0161ius tarp j\u0173. Suprojektuotas skveras i\u0161naudoja esam\u0105 infrastrukt\u016br\u0105 (analogi\u0161k\u0105 Europos aik\u0161tei), u\u017etikrinan\u010di\u0105 \u017emoni\u0173 srautus: vie\u0161ojo transporto stoteles, po\u017eemin\u0119 p\u0117s\u010di\u0173j\u0173 per\u0117j\u0105, susiklos\u010diusius p\u0117s\u010di\u0173j\u0173 migracinius koridorius. Kompleksas daug d\u0117mesio skiria rekreacijai \u2013 viso net 2ha ploto. Ties Lietuvos vaik\u0173 ir jaunimo centru numatyta aktyvi zona jaunimui \u2013 aik\u0161t\u0117 su sporto inventoriumi, skveras. Ramioji zona \u2013 t\u0117vams su ma\u017eais vaikais \u2013 lauko terasa vidiniame pastato kiemelyje. Lik\u0119s plotas \u2013 parkas bei ant\u017eemin\u0117s automobili\u0173 stov\u0117jimo vietos. Numatyta, kad \u201ek29\u201c parkas taps jungiam\u0105ja grandimi tarp Konstitucijos prospekto, Neries pakrant\u0117s ir b\u016bsimo Japoni\u0161ko sodo, \u010dia numatytos p\u0117s\u010di\u0173j\u0173 ir dviratinink\u0173 jungtys.<br \/>\nKompleksas atkuria svarbi\u0105 miestui istorinio Ukmerg\u0117s kelio tras\u0105, jos kryptimi pastato pirmasis auk\u0161tas perkertamas, formuojamas p\u0117s\u010di\u0173j\u0173 pasa\u017eas, s\u0105moningai nukreipiantis p\u0117s\u010di\u0173j\u0173 srautus \u012f pagrindin\u012f pastato \u012f\u0117jim\u0105 \u2013 pasa\u017ee. Pats pastatas orientuotas beveik \u0161iaur\u0117s-piet\u0173 kryptimis, ilgaja a\u0161imi lygiagretus dabartinei Ukmerg\u0117s gatvei, trumpaja \u2013 Konstitucijos prospektui bei Lvovo gatvei. Patekimas \u012f sklyp\u0105 planuojamas i\u0161 \u0161iaurin\u0117s pus\u0117s \u2013 Lvovo gatv\u0117s. Suprojektuota vidin\u0117 sklypo gatvel\u0117, apjuosianti pastat\u0105, tarnaujanti automobili\u0173 srautui. \u0160i gatv\u0117 kerta p\u0117s\u010di\u0173j\u0173 skersin\u012f tak\u0105, kas yra komplikuota. Patekimas \u012f po\u017eemin\u012f parking\u0105 \u2013 nusukus nuo planuojamos vidin\u0117s gatv\u0117s, \u0161iaurin\u0117je sklypo dalyje.<br \/>\nPastato t\u016brin\u0117 i\u0161rai\u0161ka \u2013 organi\u0161ka, ta\u010diau kartu minimali\u0161ti\u0161kai lakoni\u0161ka &#8211; elips\u0117s plano formos a\u0161tuonauk\u0161tis su dengtu atriumu. T\u016briui dinamikos \u012fne\u0161a nusklembtas stogas, besileid\u017eiantis link senamies\u010dio. Nuo pirminio projekto 2011-iais metais pastato fasadai i\u0161sigrynino, atsisak\u0117 nereikaling\u0173 detali\u0173, toki\u0173 kaip banguojanti pirm\u0173 auk\u0161t\u0173 kreiv\u0117 ties \u012f\u0117jimais ar ap\u017eeldintas stogas, taip pat parinktas racionalesn\u0117 stogo kryptis \u2013 dabar jis atsuktas ne \u012f pietus, o \u012f pietrytin\u0119 pus\u0119. Pastato fasadai \u2013 minimalistiniai, dvigubi skaidraus stiklo fasadai su \u017ealiuz\u0117mis, kurios reguliuoja saul\u0117s \u0161viesos patekim\u0105 \u012f pastat\u0105. \u017daliuz\u0117s sudaro fasado ornament\u0105, kuris nors ir tradicinis \u2013 \u0161achmati\u0161kas \u2013 bet puikiai tinka ai\u0161kiai pastato formai. Fasado apdailos med\u017eiagos nat\u016bralios \u2013 skaidrus stiklas, metalas.<br \/>\nPastatas yra 8 auk\u0161tu\u0328. Kiekvieno auk\u0161to plotis nuo i\u0161or\u0117s sienos iki atriumo yra 12 metr\u0173, o kai kuriose pastato dalyse 18 metr\u0173. A\u0161tuoni ant\u017eeminiai pastato auk\u0161tai &#8211; biur\u0173 erdv\u0117s, pirmajame auk\u0161te be biur\u0173 taip pat suprojektuota kavin\u0117 bei rekreacin\u0117 bendra erdv\u0117 ties atriumu, \u012f\u0117jimo \u012f vir\u0161utiniuose auk\u0161tuose esan\u010dius biurus vartai, informacijos ta\u0161kai, bei auditorijos renginiams. Kadangi pirmasis pastato auk\u0161tas dalomas pasa\u017eo, ma\u017eesnysis elementas traktuojamas kaip atskiras biuras, \u0161iek tiek privatesnis, su atskirais \u012f\u0117jimais i\u0161 lauko. Du po\u017eeminiai auk\u0161tai skirti automobili\u0173 stov\u0117jimo aik\u0161telei.<br \/>\nPastate labai svarbi jo vidin\u0117 strukt\u016bra. Pagrindin\u0117 pastato erdv\u0117 \u2013 dengtas atriumas, vienijantis visus verslo centro auk\u0161tus, suteikiantis naturalios \u0161viesos sraut\u0105. \u010cia i\u0161sid\u0117st\u0119 vertikal\u016bs ry\u0161iai \u2013 keturi panoraminiai liftai. Atrium\u0105 kerta tilteliai \u2013 jais jungiamos patalpos abipus atriumo. Kiekvienas auk\u0161tas yra suskirstytas \u012f tris segmentus, kiekvienas j\u0173 turi laiptin\u0117s ir sanitarini\u0173 mazg\u0173 blok\u0105. Projekto kredo &#8211; sukurtas \u017emon\u0117ms. Tai svarbiausias principas projektuojant ir statant kompleks\u0105 bei kuriant lanks\u010di\u0105 vidaus erdv\u0117s planavimo strukt\u016br\u0105. Todel svarbiausias vidin\u0117s strukt\u016bros elementas \u2013 atviro tipo erdv\u0117s, kurios lengvai transformuojasi \u012f u\u017edaresnes erdves. Atviro plano biurai jau seniai pam\u0117gti d\u0117l savo socialini\u0173 bei estetini\u0173 ypatum\u0173. \u010cia verslui si\u016blomi \u012fvairaus dyd\u017eio, lengvai transformuojami A klas\u0117s biurai. Jie pritaikyti tiek didel\u0117ms, tiek ir smulkesn\u0117ms \u012fmon\u0117ms. Itin efektyviai suprojektuotas pastato kolon\u0173 tinklas leis maksimaliai i\u0161naudoti biur\u0173 erdves. U\u017edaresn\u0117s patalpos(pasitarim\u0173 kambariai ar pan.) traktuojami kaip ta\u0161kiniai elemenai visumin\u0117je erdv\u0117je. Taip pat galimas \u012fprastas patalp\u0173 skaidymas atitvaromis. Skaidymas \u012f kabinetus, nors ir traktuojamas kaip lengvas procesas, labai atsiliept\u0173 erdv\u0117s kokybei ir j\u0105 su\u017ealot\u0173, tod\u0117l svarbu reglamentuoti atitv\u0117rimo principus.<br \/>\nBiur\u0173 interjeras &#8211; skandinavi\u0161kai minimalus. \u010cia vyrauja pasteliniai nat\u016bral\u016bs med\u017eiag\u0173 atspalviai, \u0161viesios erdv\u0117s, kuriama nebla\u0161kanti darbo aplinka. Naudojamos auk\u0161\u010diausios kokyb\u0117s, nat\u016bralios med\u017eiagos bei j\u0173 deriniai \u2013 nat\u016bralus akmuo, medis, plienas, auk\u0161tos kokyb\u0117s kilimin\u0117 danga. Pa\u017eang\u016bs projektavimo ir interjero sprendimai u\u017etikrina akustin\u012f vidaus erdvi\u0173 komfort\u0105, sulaiko gars\u0105 ir sugeria triuk\u0161m\u0105.<br \/>\nNegalima nepamin\u0117ti energetini\u0173 klausim\u0173, ypa\u010d akcentuojamos technologijos, \u012fdiegtos pastate. Pastato in\u017einerin\u0117s sistemos valdomos atsi\u017evelgiant \u012f vidaus ir i\u0161or\u0117s klimato s\u0105lygas, patalp\u0173 u\u017eimtum\u0105. Modernus dvigubas verslo centro fasadas leid\u017eia veiksmingai kontroliuoti \u012f vid\u0173 patenkan\u010di\u0105 saul\u0117s \u0161vies\u0105 ir suma\u017einti pastato \u0161ildymo, v\u0117sinimo ir v\u0117dinimo s\u0105naudas. Vasar\u0105 \u010dia maloniai v\u0117su, o \u017eiem\u0105 \u0161ilta. Verslo centre numatyta galimyb\u0117 dr\u0117kinti patalp\u0173 or\u0105. Dar vienas pa\u017eangus sprendimas, pritaikytas verslo centre \u201ek29\u201c, patalp\u0173 v\u0117dinimui pasitelkiamos \u0161al\u010dio sijos. Tai \u0161iuolaikinis b\u016bdas u\u017etikrinti ekonomi\u0161k\u0105, betriuk\u0161m\u012f, ma\u017eo oro judrumo v\u0117sinim\u0105. Vasar\u0105 pastatas v\u0117dinamas ir i\u0161or\u0117s oru, nakt\u012f automati\u0161kai praveriant vidinius dvigubo fasado langus patalpoms v\u0117dinti. Langus galima atsidaryti ir patalp\u0173 temperat\u016br\u0105 reguliuoti patiems. Dvigubas fasadas sulaiko gars\u0105, tod\u0117l verslo centre bus tylu, nepaisant transporto gausmo.<br \/>\nK29 verslo kompleksas yra neabejotinai auk\u0161tos kokyb\u0117s biur\u0173 pastatas, atitinkantis 21-ojo am\u017eiaus tendencijas. Komplekso \u0161\u016bkis \u201csukurtas \u017emon\u0117ms\u201d yra pagr\u012fstas tiek d\u0117l vidin\u0117s pastato strukt\u016bros, tiek d\u0117l vie\u0161\u0173j\u0173 erdvi\u0173 duokl\u0117s miestui, tiek d\u0117l energetinio tvarumo aspekto. Art\u0117jantis projekto \u012fgyvendinimas suteiks visam Konstitucijos prospektui naujos kokyb\u0117s, Vilniaus miestui pagerins gerb\u016bv\u012f, o \u017emon\u0117ms suteiks nauj\u0173 kokybi\u0161k\u0173 darbo ir poilsio erdvi\u0173<\/p>\n<div class=\"albumbottom\">\n<a href=\"http:\/\/archiforma.lt\/wp-content\/uploads\/2015\/02\/K29-11.jpg\"><img loading=\"lazy\" decoding=\"async\" src=\"http:\/\/archiforma.lt\/wp-content\/uploads\/2015\/02\/K29-11-1024x574.jpg\" alt=\"K29 (1)\" width=\"1024\" height=\"574\" class=\"alignleft size-large wp-image-834\" srcset=\"https:\/\/archiforma.lt\/wp-content\/uploads\/2015\/02\/K29-11-1024x574.jpg 1024w, https:\/\/archiforma.lt\/wp-content\/uploads\/2015\/02\/K29-11-300x168.jpg 300w\" sizes=\"(max-width: 1024px) 100vw, 1024px\" \/><\/a><a href=\"http:\/\/archiforma.lt\/wp-content\/uploads\/2015\/02\/K29-2.jpg\"><img loading=\"lazy\" decoding=\"async\" src=\"http:\/\/archiforma.lt\/wp-content\/uploads\/2015\/02\/K29-2-1024x768.jpg\" alt=\"K29 (2)\" width=\"1024\" height=\"768\" class=\"alignleft size-large wp-image-835\" srcset=\"https:\/\/archiforma.lt\/wp-content\/uploads\/2015\/02\/K29-2-1024x768.jpg 1024w, https:\/\/archiforma.lt\/wp-content\/uploads\/2015\/02\/K29-2-300x225.jpg 300w, https:\/\/archiforma.lt\/wp-content\/uploads\/2015\/02\/K29-2-160x120.jpg 160w\" sizes=\"(max-width: 1024px) 100vw, 1024px\" \/><\/a><a href=\"http:\/\/archiforma.lt\/wp-content\/uploads\/2015\/02\/K29-3.jpg\"><img loading=\"lazy\" decoding=\"async\" src=\"http:\/\/archiforma.lt\/wp-content\/uploads\/2015\/02\/K29-3-911x1024.jpg\" alt=\"K29 (3)\" width=\"911\" height=\"1024\" class=\"alignleft size-large wp-image-836\" srcset=\"https:\/\/archiforma.lt\/wp-content\/uploads\/2015\/02\/K29-3-911x1024.jpg 911w, https:\/\/archiforma.lt\/wp-content\/uploads\/2015\/02\/K29-3-267x300.jpg 267w\" sizes=\"(max-width: 911px) 100vw, 911px\" \/><\/a><a href=\"http:\/\/archiforma.lt\/wp-content\/uploads\/2015\/02\/K29-4.jpg\"><img loading=\"lazy\" decoding=\"async\" src=\"http:\/\/archiforma.lt\/wp-content\/uploads\/2015\/02\/K29-4.jpg\" alt=\"K29 (4)\" width=\"567\" height=\"318\" class=\"alignleft size-large wp-image-837\" srcset=\"https:\/\/archiforma.lt\/wp-content\/uploads\/2015\/02\/K29-4.jpg 567w, https:\/\/archiforma.lt\/wp-content\/uploads\/2015\/02\/K29-4-300x168.jpg 300w\" sizes=\"(max-width: 567px) 100vw, 567px\" \/><\/a><a href=\"http:\/\/archiforma.lt\/wp-content\/uploads\/2015\/02\/K29_1.jpg\"><img loading=\"lazy\" decoding=\"async\" src=\"http:\/\/archiforma.lt\/wp-content\/uploads\/2015\/02\/K29_1-1024x365.jpg\" alt=\"K29_1\" width=\"1024\" height=\"365\" class=\"alignleft size-large wp-image-838\" srcset=\"https:\/\/archiforma.lt\/wp-content\/uploads\/2015\/02\/K29_1-1024x365.jpg 1024w, https:\/\/archiforma.lt\/wp-content\/uploads\/2015\/02\/K29_1-300x107.jpg 300w\" sizes=\"(max-width: 1024px) 100vw, 1024px\" \/><\/a><a href=\"http:\/\/archiforma.lt\/wp-content\/uploads\/2015\/02\/K29_2.jpg\"><img loading=\"lazy\" decoding=\"async\" src=\"http:\/\/archiforma.lt\/wp-content\/uploads\/2015\/02\/K29_2-1024x686.jpg\" alt=\"K29_2\" width=\"1024\" height=\"686\" class=\"alignleft size-large wp-image-839\" srcset=\"https:\/\/archiforma.lt\/wp-content\/uploads\/2015\/02\/K29_2-1024x686.jpg 1024w, https:\/\/archiforma.lt\/wp-content\/uploads\/2015\/02\/K29_2-300x201.jpg 300w, https:\/\/archiforma.lt\/wp-content\/uploads\/2015\/02\/K29_2-120x80.jpg 120w, https:\/\/archiforma.lt\/wp-content\/uploads\/2015\/02\/K29_2.jpg 1287w\" sizes=\"(max-width: 1024px) 100vw, 1024px\" \/><\/a><a href=\"http:\/\/archiforma.lt\/wp-content\/uploads\/2015\/02\/K29_3.jpg\"><img loading=\"lazy\" decoding=\"async\" src=\"http:\/\/archiforma.lt\/wp-content\/uploads\/2015\/02\/K29_3-1024x656.jpg\" alt=\"K29_3\" width=\"1024\" height=\"656\" class=\"alignleft size-large wp-image-840\" srcset=\"https:\/\/archiforma.lt\/wp-content\/uploads\/2015\/02\/K29_3-1024x656.jpg 1024w, https:\/\/archiforma.lt\/wp-content\/uploads\/2015\/02\/K29_3-300x192.jpg 300w, https:\/\/archiforma.lt\/wp-content\/uploads\/2015\/02\/K29_3.jpg 1346w\" sizes=\"(max-width: 1024px) 100vw, 1024px\" \/><\/a><\/div>\n","protected":false},"excerpt":{"rendered":"<p>Naujuoju Vilniaus centru vadinama de\u0161iniojo Neries kranto Konstitucijos prospekto atkarpa po truput\u012f formuoja savo veid\u0105. Architekt\u016brin\u0117s kalvos ansambl\u012f ruo\u0161iamasi papildyti naujais i\u0161skirtiniais pastatais, jau senokai rengiami architekt\u016briniai konkursai. Ties Nacionaline dail\u0117s galerija ligi \u0161iol pasibaig\u0119 traukos objektai bei vie\u0161osios erdv\u0117s pagaliau tur\u0117s t\u0105s\u0105 \u2013 Konstitucijos prospekt\u0105 vainikuos verslo kompleksas \u201eK29\u201c, projektuotas studijos \u201eArchinova\u201c kartu su [&hellip;]<\/p>\n","protected":false},"author":1,"featured_media":0,"comment_status":"open","ping_status":"open","sticky":false,"template":"","format":"standard","meta":{"footnotes":""},"categories":[11],"tags":[],"views":19,"_links":{"self":[{"href":"https:\/\/archiforma.lt\/index.php?rest_route=\/wp\/v2\/posts\/830"}],"collection":[{"href":"https:\/\/archiforma.lt\/index.php?rest_route=\/wp\/v2\/posts"}],"about":[{"href":"https:\/\/archiforma.lt\/index.php?rest_route=\/wp\/v2\/types\/post"}],"author":[{"embeddable":true,"href":"https:\/\/archiforma.lt\/index.php?rest_route=\/wp\/v2\/users\/1"}],"replies":[{"embeddable":true,"href":"https:\/\/archiforma.lt\/index.php?rest_route=%2Fwp%2Fv2%2Fcomments&post=830"}],"version-history":[{"count":3,"href":"https:\/\/archiforma.lt\/index.php?rest_route=\/wp\/v2\/posts\/830\/revisions"}],"predecessor-version":[{"id":833,"href":"https:\/\/archiforma.lt\/index.php?rest_route=\/wp\/v2\/posts\/830\/revisions\/833"}],"wp:attachment":[{"href":"https:\/\/archiforma.lt\/index.php?rest_route=%2Fwp%2Fv2%2Fmedia&parent=830"}],"wp:term":[{"taxonomy":"category","embeddable":true,"href":"https:\/\/archiforma.lt\/index.php?rest_route=%2Fwp%2Fv2%2Fcategories&post=830"},{"taxonomy":"post_tag","embeddable":true,"href":"https:\/\/archiforma.lt\/index.php?rest_route=%2Fwp%2Fv2%2Ftags&post=830"}],"curies":[{"name":"wp","href":"https:\/\/api.w.org\/{rel}","templated":true}]}}