{"id":790,"date":"2015-02-08T21:46:32","date_gmt":"2015-02-08T21:46:32","guid":{"rendered":"http:\/\/archiforma.lt\/?p=790"},"modified":"2015-02-08T21:53:26","modified_gmt":"2015-02-08T21:53:26","slug":"senuju-kulturu-zenklu-interpretavimas-siuolaikines-krastovaizdzio-architekturos-projektuose","status":"publish","type":"post","link":"https:\/\/archiforma.lt\/?p=790","title":{"rendered":"Sen\u0173j\u0173 kult\u016br\u0173 \u017eenkl\u0173 interpretavimas \u0161iuolaikin\u0117s kra\u0161tovaizd\u017eio architekt\u016bros projektuose"},"content":{"rendered":"<p><em>Lietuvos architekto sukurtam Balt\u0173 kult\u016bros parkui Kinijoje \u2013 auk\u0161tas tarptautinis pripa\u017einimas<\/em><br \/>\nRomas Mar\u010dius<br \/>\n2013 met\u0173 lapkri\u010dio pabaigoje Lietuvos vardas nuskamb\u0117jo visame pasaulyje \u2013 \u0160iaur\u0117s Kinijos Jinzhou miesto apylink\u0117se Klaip\u0117dos universiteto mokslininko architekt\u016bros daktaro Petro Grecevi\u010diaus su kolegomis sukurta Balt\u0173 kult\u016bros parko erdv\u0117 buvo pripa\u017einta viena geriausi\u0173 ir laim\u0117jo bronzos medal\u012f.<br \/>\nBalt\u0173 kult\u016br\u0105 reprezentuojanti 0,5 ha salel\u0117 suformuota per por\u0105 met\u0173 kin\u0173 investuotoj\u0173 l\u0117\u0161omis \u0161alia kit\u0173 \u012fsp\u016bding\u0173 erdvi\u0173, sukurt\u0173 kra\u0161tovaizd\u017eio architekt\u0173 i\u0161 vis\u0173 pasaulio. Tokio pob\u016bd\u017eio konkurs\u0105 pirm\u0105 kart\u0105 organizavo Pasaulin\u0117 kra\u0161tovaizd\u017eio architekt\u0173 organizacija IFLA (angl. International Federation of Landscape Architecture) kartu su Jinzhou miesto Vyriausybe.<\/p>\n<p><a href=\"http:\/\/archiforma.lt\/wp-content\/uploads\/2015\/02\/DSC_0469.jpg\"><img loading=\"lazy\" decoding=\"async\" class=\"alignleft wp-image-793\" src=\"http:\/\/archiforma.lt\/wp-content\/uploads\/2015\/02\/DSC_0469-1024x680.jpg\" alt=\"DSC_0469\" width=\"530\" height=\"352\" srcset=\"https:\/\/archiforma.lt\/wp-content\/uploads\/2015\/02\/DSC_0469-1024x680.jpg 1024w, https:\/\/archiforma.lt\/wp-content\/uploads\/2015\/02\/DSC_0469-300x199.jpg 300w, https:\/\/archiforma.lt\/wp-content\/uploads\/2015\/02\/DSC_0469-120x80.jpg 120w, https:\/\/archiforma.lt\/wp-content\/uploads\/2015\/02\/DSC_0469.jpg 1778w\" sizes=\"(max-width: 530px) 100vw, 530px\" \/><\/a><br \/>\n<!--more-->Bendras viso Pasaulin\u0117s park\u0173 k\u016brybos EXPO (angl. World Landscape Art Exposition) teritorijos plotas 700 hektar\u0173 (1 pav.). Nuo 2014 met\u0173 pavasario, po EXPO u\u017edarymo, jis veikia kaip centrinis miesto parkas. Did\u017eiulio parko pagrind\u0105 sudaro 14 temini\u0173 park\u0173, skirt\u0173 svarbiausiems Kinijos miest\u0173 sod\u0173 ir park\u0173 k\u016brybos istoriniams periodams, 5 miesto tipo istoriniai parkai (angl. Yuan Garden), vandens teatras, apie 100 metr\u0173 auk\u0161\u010dio kaleidoskop\u0173 bok\u0161tas, papl\u016bdimys, originalus \u017eem\u0117s istorijos muziejus ir 20 IFLA projekt\u0173, kurie atrinkti pasauliniame architekt\u016briniame konkurse i\u0161 103 projekt\u0173. Antrajam vertinimo etapui i\u0161 j\u0173 konkurso \u017eiuri atrinko 43. Tolimesniam konkursui autoriai jau prival\u0117jo pateikti detalius parko \u012frengini\u0173 bei statini\u0173 br\u0117\u017einius.<br \/>\nGalutinai atrinkta 20 geriausi\u0173 projekt\u0173, tarp j\u0173 septyni i\u0161 Europos. Beje, i\u0161 Ryt\u0173 Europos atrinktas tik vienintelis Balt\u0173 kult\u016bros parkas. Be m\u016bs\u0173 \u0161alies projekto autori\u0173, \u012f dvide\u0161imtuk\u0105 pateko Naujosios Zelandijos, Kolumbijos, Ispanijos, Olandijos, Irano, Danijos, Filipin\u0173, Meksikos, Portugalijos, Singap\u016bro, Australijos, Indijos, Did\u017eiosios Britanijos projektuotoj\u0173 darbai. Pa\u017eym\u0117tina, kad daugiausia konkursui projekt\u0173 id\u0117jas pateik\u0117 did\u017eiul\u0119 patirt\u012f turin\u010dios architekt\u016bros, urbanistikos ir kra\u0161tovaizd\u017eio architekt\u016bros firmos bei pavieniai projektuotojai. Bendros realizuot\u0173 Jinzhou projekt\u0173 id\u0117jos remiasi:<br \/>\n1. Klasikin\u0117mis tradicin\u0117mis formomis.<br \/>\n2. U\u017emir\u0161t\u0173 kult\u016br\u0173 \u017eenklais.<br \/>\n3. Moderniais sprendimais su sud\u0117tingomis technologijomis.<br \/>\n4. Lankytojo \u012ftraukimu \u012f veikl\u0105 parke (\u0161okin\u0117jimas per griovius).<br \/>\n5. Kasdien\u0117s aplinkos element\u0173 pary\u0161kinimu (virtuv\u0117s sodas).<br \/>\nKiekvienam parkui, tarp j\u0173 ir Balt\u0173 kult\u016bros parkui, buvo specialiai i\u0161leisti pa\u0161to \u017eenklai, profesionaliai vykdyta informacijos sklaida.<\/p>\n<p>1 pav. Pasaulinei park\u0173 k\u016brybos EXPO 2013 kin\u0173 sukurtos 700 ha parko schemos. Kair\u0117je vir\u0161uje \u2013 bendra naujai kuriamo Jinzhou miesto urbanistinio komplekso schema. De\u0161in\u0117je apa\u010dioje \u2013 \u012fsp\u016bdingi pagrindiniai parko vartai, simbolizuojantys drakon\u0105.<br \/>\nP. Grecevi\u010diaus pateiktam projektui pavyko s\u0117kmingai \u012fveikti visus konkurso etapus. Pagal konkurso s\u0105lygas dar buvo numatytas tre\u010dias, jau \u012fgyvendint\u0173 projekt\u0173, vertinimo etapas \u2013 po EXPO u\u017edarymo. 2011\u20132013 m. vyko Pasaulin\u0117s park\u0173 k\u016brybos EXPO 2013 projekto \u012fgyvendinimo darbai, o 2013 m. gegu\u017e\u0117s 9 d. 7 kv. km parkas atv\u0117r\u0117 vartus lankytojams. 2013 met\u0173 gegu\u017e\u0117s\u2013spalio m\u0117n. laikotarpiu EXPO aplank\u0117 11 mln. \u017emoni\u0173. Lankytojai vertino sukurt\u0173 IFLA park\u0173 patrauklum\u0105, originalum\u0105 ir kokyb\u0119. 2013 m. spalio 29 dien\u0105, \u012fvertinus gausi\u0173 lankytoj\u0173 ir ekspert\u0173 nuomon\u0119, i\u0161skirti trys daugiausia bal\u0173 surink\u0119 parkai: auksinis apdovanojimas skirtas Filipin\u0173 projektui, sidabro \u2013 Naujosios Zelandijos, o bronza atiteko Balt\u0173 kult\u016bros parkui (2 pav.).<\/p>\n<p>2 pav. Bronzin\u012f apdovanojim\u0105 laim\u0117j\u0119s Lietuvos projektas (91,90 bal\u0173). \u012egyvendinto Balt\u0173 kult\u016bros parko vaizdai. De\u0161in\u0117je apatin\u0117je nuotraukoje \u2013 pagal balti\u0161kosios svastikos pavyzd\u012f parke pastatyta granitin\u0117 stela, kuri\u0105 palietus ranka i\u0161sipildo gerieji norai.<br \/>\nYpa\u010d svarbu, kad kin\u0173 investuotojai savo l\u0117\u0161omis stato ne tik nauj\u0105 j\u016brin\u012f uost\u0105, pramon\u0117s kompleksus, naujus gyvenamuosius kvartalus, mokslo ir technologij\u0173 centrus, bet investavo \u012f did\u017eiul\u012f daugiafunkc\u012f park\u0105, kuriame ras vietos turistai ir vietiniai gyventojai.<br \/>\nBeje, gilesnis sen\u0173j\u0173 kin\u0173 sod\u0173 park\u0173 k\u016brybos pa\u017einimas atskleid\u017eia kai kuriuos bruo\u017eus, turin\u010dius bendrum\u0173 su sen\u0105ja balt\u0173 kult\u016bra. Tai saul\u0117s, m\u0117nulio simboli\u0173 svarba, gili pagarba med\u017eiui, gamtai, \u017emogui, aplinkos gro\u017eio pabr\u0117\u017eimas paprastomis, bet tobulomis ir nat\u016braliomis gamtin\u0117mis formomis, saikingas koloritas.<br \/>\n3 pav. Pirm\u0105j\u0105 ir antr\u0105j\u0105 premijas laim\u0117j\u0119 projektai. Kair\u0117je: Auksinis apdovanojimas (95,90), Filipinai (arch. Jame Anthony N. Cruz). De\u0161in\u0117je: Sidabrinis apdovanojimas (92,80), Naujoji Zelandija (Prorata Landscape Architecture).<br \/>\nBalt\u0173 kult\u016bros parko koncepcija<br \/>\nKod\u0117l projekte, kuris lietuvio architekto realizuotas Kinijoje, remiamasi balt\u0173 kult\u016bros \u017eenklais? Kas paskatino gilintis \u012f senov\u0117s balt\u0173 kult\u016br\u0105, filosofij\u0105, architekt\u016br\u0105 \u0161iais moderniais laikais? Pasirodo, kad pasirinkimas buvo teisingas, nes ir kiti IFLA dvide\u0161imtuko projektai \u017eymia dalimi remiasi sen\u0173j\u0173 kult\u016br\u0173 \u017eenkl\u0173 reprezentavimo koncepcijomis.<br \/>\nB\u016btinyb\u0119 ie\u0161koti \u017eenkl\u0173, kurie pad\u0117t\u0173 u\u017etikrinti region\u0173 kult\u016brin\u012f identitet\u0105, savitum\u0105, i\u0161skirtinum\u0105, manau, lemia pastaruoju laiku pastebima kult\u016br\u0173, tarp j\u0173 ir architekt\u016brin\u0117s stilistikos, niveliavimosi tendencija. Nauji, auk\u0161tos kokyb\u0117s ir visuomenei priimtini bei turintys i\u0161liekam\u0105j\u0105 vert\u0119 kra\u0161tovaizd\u017eio architekt\u016bros sprendimai galimi tik atsiremiant \u012f vietov\u0117s kult\u016brin\u012f pagrind\u0105, sen\u0105sias tradicijas. Moderni\u0173 park\u0173 k\u016br\u0117jai daugelyje pasaulio \u0161ali\u0173 nauj\u0173 park\u0173 koncepcijas grind\u017eia sen\u0173j\u0173 kult\u016br\u0173 \u017eenklais, juos k\u016brybi\u0161kai interpretuodami, perteikdami moderniomis priemon\u0117mis, praturtindami nauj\u0105ja patirtimi, \u0161iuolaiki\u0161komis technologijomis, naujais poreikiais&#8230; Auk\u0161\u010diausi\u0105 vertinim\u0105 gavusi\u0173 projekt\u0173 koncepcijos taip pat grind\u017eiamos simboliais, kurie atspindi sen\u0105sias architekt\u016brines tradicijas (3 pav.).<\/p>\n<p>Balti\u0161kojo parko kompozicin\u0117 id\u0117ja \u2013 nuoseklus Ryt\u0173 Baltijos \u0161ali\u0173 Lietuvos ir Latvijos kra\u0161tovaizd\u017ei\u0173 svarbiausi\u0173 raidos period\u0173 pristatymas lankytojams. Daugelis projekto kompozicini\u0173 komponent\u0173 kol kas ma\u017eiau \u017einomi ne tik pasaulin\u0117je, bet ir Europos kra\u0161tovaizd\u017eio meno erdv\u0117je. Tuo tarpu Lietuvos ir Latvijos kra\u0161tovaizd\u017eio architektai, menininkai, muzikantai, tautodailininkai savo k\u016bryboje pastaruoju metu vis da\u017eniau naudoja \u012fvairius senosios Balt\u0173 kult\u016bros \u017eenklus, simbolik\u0105. Pakel\u0117se, miesteliuose ir kaimuose daugyb\u0117 koplyt\u0117li\u0173, kry\u017ei\u0173&#8230;<br \/>\nBalt\u0173 kult\u016bros parko koncepcija siekta bent nedidele dalimi prisid\u0117ti prie garsios ir garbingos balt\u0173 kult\u016bros istori\u0161kumo i\u0161saugojimo, pasaulio taut\u0173 kult\u016br\u0173 suartinimo XXI am\u017eiuje, naudojant kra\u0161tovaizd\u017eio menines priemones. Balt\u0173 kult\u016bra yra labai sud\u0117tinga ir \u012fvairiapus\u0117, atskir\u0173 mokslinink\u0173 da\u017enai pristatoma nevienaprasmi\u0161kai, tod\u0117l pirmiausia b\u016btinai reik\u0117jo atrinkti objektus ar rei\u0161kinius, daran\u010dius did\u017eiausi\u0105 \u012ftak\u0105 \u0161i\u0173 dien\u0173 kra\u0161tovaizd\u017eiams. Balt\u0173 kult\u016brai reprezentuoti pasirinktas modernaus interpretavimo kelias. Senosios tradicin\u0117s formos nekopijuojamos, bet k\u016brybi\u0161kai pritaikytos ar modifikuotos, siekiant priderinti jas prie palyginti nedideli\u0173 erdvi\u0173 mastelio. Siekta efektyviai ir nuosekliai naudoti senosios balt\u0173 k\u016brybos \u017eenkl\u0173, simbolikos, kolorito emocin\u012f poveik\u012f.<br \/>\nPasirinktos temos yra unikalios Europos kult\u016br\u0173 kontekste. Tokio pob\u016bd\u017eio form\u0173 ar k\u016brini\u0173 n\u0117ra niekur kitur pasaulyje, tod\u0117l jos gali b\u016bti \u012fdomios kit\u0173 region\u0173 \u017emon\u0117ms. Kra\u0161tovaizd\u017eio architekt\u016bros samprata i\u0161ple\u010diama integraliai, vertinant visus \u017emogaus gyvenimo veiklos komponentus, neapsiribojant park\u0173 meno vertybi\u0173 lokalizuotose teritorijose pristatymu.<br \/>\nBalt\u0173 kult\u016bros parke 0,5 ha plote sukomponuoti elementai, reprezentuojantys balti\u0161k\u0105j\u0105 kult\u016br\u0105. \u010cia auga lietuvi\u0161k\u0105 kra\u0161tovaizd\u012f menantys \u0105\u017euolai, pu\u0161ys, diemed\u017eiai, kiti augalai. Parke vietos atrado Palangos Birut\u0117s parko observatorijos modelis, unikalios ir tik Neringai b\u016bdingos v\u0117trung\u0117s, kur\u0161i\u0161kas laivas kur\u0117nas, balti\u0161kosios saulut\u0117s, balti\u0161kieji zodiako \u017eenklai, i\u0161 balti\u0161k\u0173 segi\u0173 nu\u017eeng\u0119 \u017eal\u010dio motyvai, gintariniai kur\u0161iukai. Parke \u012frengta k\u016blgrinda. Lankytojus ypa\u010d domina vaikams skirtoje aik\u0161tel\u0117je \u012frengti lauko vargonai, prof. Vlado \u017dulkaus j\u016broje atrasto mi\u0161ko motyvas, pateiktas tvenkinyje. Projekto koncepcija formuota remiantis Vlado \u017dulkaus, Marijos Gimbutien\u0117s, J\u016brat\u0117s Statkut\u0117s de Rosales, Norberto V\u0117liaus, Pran\u0117s Dundulien\u0117s, Liberto Klimkos, Vald\u017eio Muktupavelo, Adomo Butrimo, Gintauto Zabielos ir kit\u0173 mokslinink\u0173 darbais, taip pat gausia ra\u0161ytine med\u017eiaga bei praktiniais Lietuvos ir Latvijos meninink\u0173, architekt\u0173 darbais balt\u0173 kult\u016bros tematika \u012fvairiose Pietry\u010di\u0173 Baltijos regiono vietov\u0117se, parkuose, miest\u0173 atvirose erdv\u0117se.<br \/>\nParko planine strukt\u016bra stengtasi darniai \u012fsilieti \u012f bendr\u0105 Jinzhou World Landscape Art Exposition planin\u0119 kompozicin\u0119 strukt\u016br\u0105. Parko planas skritulio formos (D 60 m) ir simbolizuoja saul\u0119, kuri senov\u0117s balt\u0173 mitologijoje turi ypating\u0105 prasm\u0119. Jud\u0117jimas parke formuojamas rat\u0173 principu. Didysis ratas \u2013 pa\u017eintinis, ma\u017easis ratas\u2013 rekreacinis. Didysis \u017eiedas sujungiamas su ma\u017euoju radialin\u0117mis jungtimis ryt\u0173\u2013vakar\u0173 ir \u0161iaur\u0117s\u2013piet\u0173 kryptimis. Didysis ratas, formuojamas pagal balti\u0161k\u0105j\u0105 kalendorin\u0119\u2013etnokosmologin\u0119 sistem\u0105, atspindi kra\u0161tovaizd\u017eio raid\u0105 nuo seniausi\u0173 laik\u0173 (1000 m. pr. Kr.) iki XXI am\u017eiaus prad\u017eios.<br \/>\nPastaruoju metu labai aktyv\u0117ja dom\u0117jimasis sen\u0173j\u0173 kult\u016br\u0173 i\u0161takomis, balt\u0173 filosofija, ie\u0161koma \u017eenkl\u0173, kurie, moderniai interpretuoti, gal\u0117t\u0173 sustiprinti \u0161iuolaikini\u0173 kra\u0161tovaizd\u017ei\u0173 identitet\u0105. Visas ratas yra tarsi kalendorius, o \u0117jimas kiekvieno objekto link (piliakalni\u0173, dvar\u0173 motyvas ir t. t.) ir atspindi vystymosi raid\u0105 \u2013 nuo piliakalni\u0173 iki dvar\u0173 kult\u016bros.<br \/>\nJud\u0117jimas did\u017eiuoju \u017eiedu prasideda \u012f\u0117jimo namelyje, men\u0117je, kur lankytojas gauna bendr\u0105 informacij\u0105 apie Baltijos region\u0105, balt\u0173 kult\u016br\u0105, svarbiausius charakteringus regiono kra\u0161tovaizd\u017ei\u0173 formavimosi periodus. \u017diedinio tako trasoje objektai i\u0161d\u0117styti taip, kad lankytojas nuosekliai susipa\u017eint\u0173 su:<br \/>\na) balt\u0173 kult\u016bros \u017eenklais nuo seniausi\u0173 laik\u0173 iki krik\u0161\u010dionyb\u0117s pri\u0117mimo;<br \/>\nb) XIV\u2013XVII a. laikotarpiu;<br \/>\nc) dvar\u0173 park\u0173 kult\u016bra XVIII\u2013XX a.<br \/>\nParko erdv\u0117se pateikiami balt\u0173 kult\u016brai b\u016bdingi \u017eenklai, kurie naudojami ir \u0161iuolaikin\u0117je Lietuvos bei Latvijos kra\u0161tovaizd\u017eio architekt\u016broje. Archaji\u0161kosios dalies segmentus jungia Laum\u0117s juostos formos juostinis g\u0117lynas, kuriame g\u0117l\u0117s komponuojamos baltams b\u016bdingos ornamentikos principu. K\u016blgrinda \u012frengiama formuojant nedidel\u0119 pelkut\u0119 su labirintu.<br \/>\nBaigiant reikia pa\u017eym\u0117ti, kad tokio lygio tarptautin\u012f pripa\u017einim\u0105 Lietuvos kra\u0161tovaizd\u017eio architekto k\u016brinys gavo pirm\u0105 kart\u0105. Laim\u0117ta tre\u010dioji vieta \u2013 didelis \u012fvertinimas, juolab kad kitus projektus \u012fgyvendino ne tik pavieniai k\u016br\u0117jai, bet ir itin stambios didel\u0119 tarptautini\u0173 konkurs\u0173 patirt\u012f turin\u010dios projektavimo kompanijos. Tai, k\u0105 per por\u0105 met\u0173 buvusi\u0173 \u017euvivaisos kanal\u0173 laukuose suk\u016br\u0117 kinai, galima pavadinti stebuklu. \u012erengtas parkas tapo ne tik \u0161io pus\u0161e\u0161to milijono gyventoj\u0173 turin\u010dio miesto, bet ir visos Kinijos traukos centru. Tai reik\u0161mingas Klaip\u0117dos universiteto ir Lietuvos kra\u0161tovaizd\u017eio architekt\u016bros bei lietuvi\u0161kosios architekt\u016bros mokyklos pripa\u017einimas.<br \/>\n<em><strong>Projekto vadovas ir autorius:<\/strong> Lietuvos Architekt\u0173 R\u016bm\u0173 narys, Lietuvos Architekt\u0173 s\u0105jungos narys, Lietuvos Kra\u0161tovaizd\u017eio architekt\u0173 s\u0105jungos narys, profesorius architekt\u016bros daktaras Petras Grecevi\u010dius.<\/em><br \/>\n<em><strong>Bendraautoriai:<\/strong> kra\u0161t. arch. Andrius Rimkus, arch. Dovil\u0117 Kalk\u0117, kra\u0161t. arch. dendrolog\u0117 Ramun\u0117 Urbonien\u0117, kra\u0161t. arch. Romas Mar\u010dius, kra\u0161t. arch., dendrolog\u0117 Diana Baravykait\u0117, vadybininkas Domas Grecevi\u010dius.<\/em><br \/>\n<em><strong>Kuriant parko koncepcij\u0105 talkino:<\/strong> prof. habil.dr.Vladas \u017dulkus, geograf\u0117 Vilija Grecevi\u010dien\u0117, Palangos (E.Andre) parko direktorius in\u017e. Antanas Sebeckas, kra\u0161tovaizd\u017eio vadybininkas Domas Grecevi\u010dius, doc. dr. Jonas Genys, dizaineris Matas Grecevi\u010dius, arch. Liudas Kalkis, kra\u0161t. arch. Kristina Barb\u0161yt\u0117, kra\u0161t. arch. Jonas Abromas.<\/em><\/p>\n<div class=\"albumbottom\"><a href=\"http:\/\/archiforma.lt\/wp-content\/uploads\/2015\/02\/DSC_0322-Copy.jpg\"><img loading=\"lazy\" decoding=\"async\" class=\"alignleft size-large wp-image-795\" src=\"http:\/\/archiforma.lt\/wp-content\/uploads\/2015\/02\/DSC_0322-Copy-1024x680.jpg\" alt=\"DSC_0322 - Copy\" width=\"1024\" height=\"680\" srcset=\"https:\/\/archiforma.lt\/wp-content\/uploads\/2015\/02\/DSC_0322-Copy-1024x680.jpg 1024w, https:\/\/archiforma.lt\/wp-content\/uploads\/2015\/02\/DSC_0322-Copy-300x199.jpg 300w, https:\/\/archiforma.lt\/wp-content\/uploads\/2015\/02\/DSC_0322-Copy-120x80.jpg 120w, https:\/\/archiforma.lt\/wp-content\/uploads\/2015\/02\/DSC_0322-Copy.jpg 1181w\" sizes=\"(max-width: 1024px) 100vw, 1024px\" \/><\/a><a href=\"http:\/\/archiforma.lt\/wp-content\/uploads\/2015\/02\/DSC_0335.jpg\"><img loading=\"lazy\" decoding=\"async\" class=\"alignleft size-large wp-image-796\" src=\"http:\/\/archiforma.lt\/wp-content\/uploads\/2015\/02\/DSC_0335-1024x680.jpg\" alt=\"DSC_0335\" width=\"1024\" height=\"680\" srcset=\"https:\/\/archiforma.lt\/wp-content\/uploads\/2015\/02\/DSC_0335-1024x680.jpg 1024w, https:\/\/archiforma.lt\/wp-content\/uploads\/2015\/02\/DSC_0335-300x199.jpg 300w, https:\/\/archiforma.lt\/wp-content\/uploads\/2015\/02\/DSC_0335-120x80.jpg 120w, https:\/\/archiforma.lt\/wp-content\/uploads\/2015\/02\/DSC_0335.jpg 1181w\" sizes=\"(max-width: 1024px) 100vw, 1024px\" \/><\/a><a href=\"http:\/\/archiforma.lt\/wp-content\/uploads\/2015\/02\/DSC_0428.jpg\"><img loading=\"lazy\" decoding=\"async\" class=\"alignleft size-large wp-image-797\" src=\"http:\/\/archiforma.lt\/wp-content\/uploads\/2015\/02\/DSC_0428-1024x680.jpg\" alt=\"DSC_0428\" width=\"1024\" height=\"680\" srcset=\"https:\/\/archiforma.lt\/wp-content\/uploads\/2015\/02\/DSC_0428-1024x680.jpg 1024w, https:\/\/archiforma.lt\/wp-content\/uploads\/2015\/02\/DSC_0428-300x199.jpg 300w, https:\/\/archiforma.lt\/wp-content\/uploads\/2015\/02\/DSC_0428-120x80.jpg 120w, https:\/\/archiforma.lt\/wp-content\/uploads\/2015\/02\/DSC_0428.jpg 1181w\" sizes=\"(max-width: 1024px) 100vw, 1024px\" \/><\/a><a href=\"http:\/\/archiforma.lt\/wp-content\/uploads\/2015\/02\/DSC_04691.jpg\"><img loading=\"lazy\" decoding=\"async\" class=\"alignleft size-large wp-image-798\" src=\"http:\/\/archiforma.lt\/wp-content\/uploads\/2015\/02\/DSC_04691-1024x680.jpg\" alt=\"DSC_0469\" width=\"1024\" height=\"680\" srcset=\"https:\/\/archiforma.lt\/wp-content\/uploads\/2015\/02\/DSC_04691-1024x680.jpg 1024w, https:\/\/archiforma.lt\/wp-content\/uploads\/2015\/02\/DSC_04691-300x199.jpg 300w, https:\/\/archiforma.lt\/wp-content\/uploads\/2015\/02\/DSC_04691-120x80.jpg 120w, https:\/\/archiforma.lt\/wp-content\/uploads\/2015\/02\/DSC_04691.jpg 1778w\" sizes=\"(max-width: 1024px) 100vw, 1024px\" \/><\/a><a href=\"http:\/\/archiforma.lt\/wp-content\/uploads\/2015\/02\/DSC_0514.jpg\"><img loading=\"lazy\" decoding=\"async\" class=\"alignleft size-large wp-image-799\" src=\"http:\/\/archiforma.lt\/wp-content\/uploads\/2015\/02\/DSC_0514-680x1024.jpg\" alt=\"DSC_0514\" width=\"680\" height=\"1024\" srcset=\"https:\/\/archiforma.lt\/wp-content\/uploads\/2015\/02\/DSC_0514-680x1024.jpg 680w, https:\/\/archiforma.lt\/wp-content\/uploads\/2015\/02\/DSC_0514-199x300.jpg 199w, https:\/\/archiforma.lt\/wp-content\/uploads\/2015\/02\/DSC_0514.jpg 1181w\" sizes=\"(max-width: 680px) 100vw, 680px\" \/><\/a><a href=\"http:\/\/archiforma.lt\/wp-content\/uploads\/2015\/02\/DSC_0542.jpg\"><img loading=\"lazy\" decoding=\"async\" class=\"alignleft size-large wp-image-800\" src=\"http:\/\/archiforma.lt\/wp-content\/uploads\/2015\/02\/DSC_0542-1024x833.jpg\" alt=\"DSC_0542\" width=\"1024\" height=\"833\" srcset=\"https:\/\/archiforma.lt\/wp-content\/uploads\/2015\/02\/DSC_0542-1024x833.jpg 1024w, https:\/\/archiforma.lt\/wp-content\/uploads\/2015\/02\/DSC_0542-300x244.jpg 300w, https:\/\/archiforma.lt\/wp-content\/uploads\/2015\/02\/DSC_0542.jpg 1451w\" sizes=\"(max-width: 1024px) 100vw, 1024px\" \/><\/a><a href=\"http:\/\/archiforma.lt\/wp-content\/uploads\/2015\/02\/DSC_0545-1.jpg\"><img loading=\"lazy\" decoding=\"async\" class=\"alignleft size-large wp-image-801\" src=\"http:\/\/archiforma.lt\/wp-content\/uploads\/2015\/02\/DSC_0545-1-680x1024.jpg\" alt=\"DSC_0545 (1)\" width=\"680\" height=\"1024\" srcset=\"https:\/\/archiforma.lt\/wp-content\/uploads\/2015\/02\/DSC_0545-1-680x1024.jpg 680w, https:\/\/archiforma.lt\/wp-content\/uploads\/2015\/02\/DSC_0545-1-199x300.jpg 199w, https:\/\/archiforma.lt\/wp-content\/uploads\/2015\/02\/DSC_0545-1.jpg 1181w\" sizes=\"(max-width: 680px) 100vw, 680px\" \/><\/a><br \/>\n<a href=\"http:\/\/archiforma.lt\/wp-content\/uploads\/2015\/02\/DSC_0555.jpg\"><img loading=\"lazy\" decoding=\"async\" class=\"alignleft size-large wp-image-802\" src=\"http:\/\/archiforma.lt\/wp-content\/uploads\/2015\/02\/DSC_0555-1024x680.jpg\" alt=\"DSC_0555\" width=\"1024\" height=\"680\" srcset=\"https:\/\/archiforma.lt\/wp-content\/uploads\/2015\/02\/DSC_0555-1024x680.jpg 1024w, https:\/\/archiforma.lt\/wp-content\/uploads\/2015\/02\/DSC_0555-300x199.jpg 300w, https:\/\/archiforma.lt\/wp-content\/uploads\/2015\/02\/DSC_0555-120x80.jpg 120w, https:\/\/archiforma.lt\/wp-content\/uploads\/2015\/02\/DSC_0555.jpg 1778w\" sizes=\"(max-width: 1024px) 100vw, 1024px\" \/><\/a><a href=\"http:\/\/archiforma.lt\/wp-content\/uploads\/2015\/02\/DSC_0567.jpg\"><img loading=\"lazy\" decoding=\"async\" class=\"alignleft size-large wp-image-803\" src=\"http:\/\/archiforma.lt\/wp-content\/uploads\/2015\/02\/DSC_0567-1024x680.jpg\" alt=\"DSC_0567\" width=\"1024\" height=\"680\" srcset=\"https:\/\/archiforma.lt\/wp-content\/uploads\/2015\/02\/DSC_0567-1024x680.jpg 1024w, https:\/\/archiforma.lt\/wp-content\/uploads\/2015\/02\/DSC_0567-300x199.jpg 300w, https:\/\/archiforma.lt\/wp-content\/uploads\/2015\/02\/DSC_0567-120x80.jpg 120w, https:\/\/archiforma.lt\/wp-content\/uploads\/2015\/02\/DSC_0567.jpg 1779w\" sizes=\"(max-width: 1024px) 100vw, 1024px\" \/><\/a><a href=\"http:\/\/archiforma.lt\/wp-content\/uploads\/2015\/02\/DSC_0662.jpg\"><img loading=\"lazy\" decoding=\"async\" class=\"alignleft size-large wp-image-804\" src=\"http:\/\/archiforma.lt\/wp-content\/uploads\/2015\/02\/DSC_0662-1024x680.jpg\" alt=\"DSC_0662\" width=\"1024\" height=\"680\" srcset=\"https:\/\/archiforma.lt\/wp-content\/uploads\/2015\/02\/DSC_0662-1024x680.jpg 1024w, https:\/\/archiforma.lt\/wp-content\/uploads\/2015\/02\/DSC_0662-300x199.jpg 300w, https:\/\/archiforma.lt\/wp-content\/uploads\/2015\/02\/DSC_0662-120x80.jpg 120w, https:\/\/archiforma.lt\/wp-content\/uploads\/2015\/02\/DSC_0662.jpg 1778w\" sizes=\"(max-width: 1024px) 100vw, 1024px\" \/><\/a><a href=\"http:\/\/archiforma.lt\/wp-content\/uploads\/2015\/02\/DSC_0667.jpg\"><img loading=\"lazy\" decoding=\"async\" class=\"alignleft size-large wp-image-805\" src=\"http:\/\/archiforma.lt\/wp-content\/uploads\/2015\/02\/DSC_0667-1024x685.jpg\" alt=\"DSC_0667\" width=\"1024\" height=\"685\" srcset=\"https:\/\/archiforma.lt\/wp-content\/uploads\/2015\/02\/DSC_0667-1024x685.jpg 1024w, https:\/\/archiforma.lt\/wp-content\/uploads\/2015\/02\/DSC_0667-300x201.jpg 300w, https:\/\/archiforma.lt\/wp-content\/uploads\/2015\/02\/DSC_0667-120x80.jpg 120w, https:\/\/archiforma.lt\/wp-content\/uploads\/2015\/02\/DSC_0667.jpg 1765w\" sizes=\"(max-width: 1024px) 100vw, 1024px\" \/><\/a><a href=\"http:\/\/archiforma.lt\/wp-content\/uploads\/2015\/02\/kinijos-plakatas.jpg\"><img loading=\"lazy\" decoding=\"async\" class=\"alignleft size-large wp-image-806\" src=\"http:\/\/archiforma.lt\/wp-content\/uploads\/2015\/02\/kinijos-plakatas.jpg\" alt=\"Print\" width=\"756\" height=\"816\" srcset=\"https:\/\/archiforma.lt\/wp-content\/uploads\/2015\/02\/kinijos-plakatas.jpg 756w, https:\/\/archiforma.lt\/wp-content\/uploads\/2015\/02\/kinijos-plakatas-278x300.jpg 278w\" sizes=\"(max-width: 756px) 100vw, 756px\" \/><\/a><\/div>\n","protected":false},"excerpt":{"rendered":"<p>Lietuvos architekto sukurtam Balt\u0173 kult\u016bros parkui Kinijoje \u2013 auk\u0161tas tarptautinis pripa\u017einimas Romas Mar\u010dius 2013 met\u0173 lapkri\u010dio pabaigoje Lietuvos vardas nuskamb\u0117jo visame pasaulyje \u2013 \u0160iaur\u0117s Kinijos Jinzhou miesto apylink\u0117se Klaip\u0117dos universiteto mokslininko architekt\u016bros daktaro Petro Grecevi\u010diaus su kolegomis sukurta Balt\u0173 kult\u016bros parko erdv\u0117 buvo pripa\u017einta viena geriausi\u0173 ir laim\u0117jo bronzos medal\u012f. Balt\u0173 kult\u016br\u0105 reprezentuojanti 0,5 ha [&hellip;]<\/p>\n","protected":false},"author":1,"featured_media":0,"comment_status":"open","ping_status":"open","sticky":false,"template":"","format":"standard","meta":{"footnotes":""},"categories":[11],"tags":[],"views":46,"_links":{"self":[{"href":"https:\/\/archiforma.lt\/index.php?rest_route=\/wp\/v2\/posts\/790"}],"collection":[{"href":"https:\/\/archiforma.lt\/index.php?rest_route=\/wp\/v2\/posts"}],"about":[{"href":"https:\/\/archiforma.lt\/index.php?rest_route=\/wp\/v2\/types\/post"}],"author":[{"embeddable":true,"href":"https:\/\/archiforma.lt\/index.php?rest_route=\/wp\/v2\/users\/1"}],"replies":[{"embeddable":true,"href":"https:\/\/archiforma.lt\/index.php?rest_route=%2Fwp%2Fv2%2Fcomments&post=790"}],"version-history":[{"count":4,"href":"https:\/\/archiforma.lt\/index.php?rest_route=\/wp\/v2\/posts\/790\/revisions"}],"predecessor-version":[{"id":794,"href":"https:\/\/archiforma.lt\/index.php?rest_route=\/wp\/v2\/posts\/790\/revisions\/794"}],"wp:attachment":[{"href":"https:\/\/archiforma.lt\/index.php?rest_route=%2Fwp%2Fv2%2Fmedia&parent=790"}],"wp:term":[{"taxonomy":"category","embeddable":true,"href":"https:\/\/archiforma.lt\/index.php?rest_route=%2Fwp%2Fv2%2Fcategories&post=790"},{"taxonomy":"post_tag","embeddable":true,"href":"https:\/\/archiforma.lt\/index.php?rest_route=%2Fwp%2Fv2%2Ftags&post=790"}],"curies":[{"name":"wp","href":"https:\/\/api.w.org\/{rel}","templated":true}]}}