{"id":750,"date":"2017-02-08T21:20:13","date_gmt":"2017-02-08T19:20:13","guid":{"rendered":"http:\/\/archiforma.lt\/?p=750"},"modified":"2017-04-19T20:01:41","modified_gmt":"2017-04-19T18:01:41","slug":"spa-vilnius-anyksciai","status":"publish","type":"post","link":"https:\/\/archiforma.lt\/?p=750","title":{"rendered":"\u201eSPA Vilnius Anyk\u0161\u010diai\u201c"},"content":{"rendered":"<p><img loading=\"lazy\" decoding=\"async\" class=\"alignleft  wp-image-755\" src=\"http:\/\/archiforma.lt\/wp-content\/uploads\/2015\/02\/Eksterjeras-SPA-Vilnius-Anyk-iaiVilniaus-g.-30-Anyk-iai-1.jpg\" alt=\"Eksterjeras SPA Vilnius Anyk+-iai(Vilniaus g. 30, Anyk+-iai) (1)\" width=\"566\" height=\"377\" srcset=\"https:\/\/archiforma.lt\/wp-content\/uploads\/2015\/02\/Eksterjeras-SPA-Vilnius-Anyk-iaiVilniaus-g.-30-Anyk-iai-1.jpg 850w, https:\/\/archiforma.lt\/wp-content\/uploads\/2015\/02\/Eksterjeras-SPA-Vilnius-Anyk-iaiVilniaus-g.-30-Anyk-iai-1-300x200.jpg 300w, https:\/\/archiforma.lt\/wp-content\/uploads\/2015\/02\/Eksterjeras-SPA-Vilnius-Anyk-iaiVilniaus-g.-30-Anyk-iai-1-120x80.jpg 120w\" sizes=\"(max-width: 566px) 100vw, 566px\" \/><\/p>\n<p><strong>Architektai:<\/strong>\u00a0UAB\u201eSP architekt\u0173 grup\u0117\u201c (Saulius Pamerneckis, Vytautas Pliadis, Marius Bliujus, Vitalijus Rudokas);<\/p>\n<p><strong>Interjero architekt\u0117:\u00a0<\/strong>Gint\u0117 Pamerneckien\u0117;<\/p>\n<p><strong>Konstruktorius:\u00a0<\/strong>Vilmantas Aid\u017eiulis;<\/p>\n<p><strong>Adresas:\u00a0<\/strong>Vilniaus g. 80, Anyk\u0161\u010diai;<\/p>\n<p><strong>Naujai suprojektuotos dalies plotas:\u00a0<\/strong>1442 kv.m;<\/p>\n<p><strong>Realizacija:\u00a0<\/strong>2013\u20132014 m.<\/p>\n<p><!--more--><\/p>\n<p>&nbsp;<\/p>\n<p>Sveikatingumo ir poilsio centras \u201eSPA Vilnius Anyk\u0161\u010diai\u201c suprojektuotas unikalioje vietoje: \u0161\u012f objekt\u0105 supa Anyk\u0161\u010di\u0173 \u0161ilelis ir \u0160ventosios up\u0117s vingis. Pastatai \u012fkomponuoti pu\u0161yne, tad ir projekto autori\u0173 naujosios statinio dalies koncepcija ai\u0161kiai suprantama \u2013 kankor\u0117\u017eis. Ypatinga fasado apdaila, netik\u0117ta forma puikiai dera aplinkoje ir palieka i\u0161skirtinio objekto \u012fsp\u016bd\u012f.<\/p>\n<p>Suprojektuotas pastatas susideda i\u0161 dviej\u0173 dali\u0173: rekonstruoto vie\u0161bu\u010dio \u201e\u0160ilelis\u201c korpuso (plotas 2558 m<sup>2<\/sup>) ir naujai suprojektuoto gydom\u0173j\u0173 basein\u0173 ir pir\u010di\u0173 pastato (plotas 1442 m<sup>2<\/sup>). Abu pastatus jungia stiklin\u0117 galerija, tod\u0117l vie\u0161bu\u010dio sve\u010diams naujasis priestatas lengvai pasiekiamas.<\/p>\n<p>Vie\u0161butis, kuris dabar rekonstruotas \u2013 keturi\u0173 auk\u0161t\u0173 pastatas su r\u016bsiu \u2013 statytas 1989 metais. Jo pagrindin\u0117 funkcija ir po rekonstrukcijos i\u0161liko ta pati \u2013 \u017emoni\u0173 trumpalaikis apgyvendinimas. Architektai daugiau d\u0117mesio skyr\u0117 rekonstruojamo vie\u0161bu\u010dio fasadams ir interjerams, o funkcin\u0117 planin\u0117 schema, konstruktyvas palikti tie patys. Padidintas pastato auk\u0161tingumas \u2013 ant ketvirto auk\u0161to suprojektuotas antstatas\u2013 ta\u010diau mastelio tai beveik nepakeit\u0117, kadangi pokytis buvo ne\u017eymus. Pasak architekt\u0173, siekta i\u0161laikyti pastato charakter\u012f.<\/p>\n<p>Pirmajame vie\u0161bu\u010dio auk\u0161te suprojektuotas vestibiulis ir restoranas, po rekonstrukcijos \u0161ios patalpos prapl\u0117stos ir pritaikytos didesniam \u017emoni\u0173 skai\u010diui (kadangi padid\u0117jo pastato plotas). Vir\u0161utiniuose auk\u0161tuose suprojektuoti vie\u0161bu\u010dio numeriai, i\u0161 viso j\u0173 \u012frengta 47. Architektai nema\u017eai padirb\u0117jo ir prie vie\u0161bu\u010dio interjer\u0173 \u2013 numeriai pritaikyti \u0161iuolaikiniams poreikiams, naudojamos nat\u016bralios ir \u0161velni\u0173 atspalvi\u0173 med\u017eiagos: mediena, faneros plok\u0161t\u0117s, \u0161viesiai da\u017eytos plok\u0161tumos. Dominuoja ir keletas akcentini\u0173 \u017ealios bei oran\u017ein\u0117s spalvos atspalvi\u0173, tai siejama su aplink \u017ealiuojan\u010dio pu\u0161yno spalvomis.<br \/>\nNaujai suprojektuotame pastate \u012frengti gydomieji baseinai ir pir\u010di\u0173 kompleksas bei kitos SPA patalpos. Pastato planas elips\u0117s formos, o t\u016bris \u2013 netaisyklingo k\u016bgio. Perteikti kankor\u0117\u017eio \u012fsp\u016bd\u012f pad\u0117jo ir pasirinkta i\u0161skirtin\u0117 pastato apdaila. Priestate suprojektuoti trys baseinai: suaugusi\u0173j\u0173, vaik\u0173 ir masa\u017einis. Atskiroje patalpoje yra vertikali\u0173j\u0173 voni\u0173 baseinas aerobikos u\u017esi\u0117mimams ir pir\u010di\u0173 kompleksas, taip pat \u012frengti drusk\u0173 ir arabi\u0161ko masa\u017eo kambariai. Baseinai lankytoj\u0173 laukia atviroje patalpoje, \u010dia palikta vieno auk\u0161to erdv\u0117, o pakra\u0161\u010diuose \u012frengtos konsolin\u0117s patalpos masa\u017eo kambariams. Kaip ir vie\u0161bu\u010dio pastate, ir naujajame priestate vyrauja nat\u016bralios \u0161viesios med\u017eiagos, naudojamos med\u017eio dailylent\u0117s, faneros plok\u0161t\u0117s, \u012fvairios plytel\u0117s. Interjero akcentas \u2013 \u017ealia spalva.<\/p>\n<p>Abiej\u0173 korpus\u0173 pastat\u0173 spalviniai sprendimai dera tarpusavyje. Kadangi objektai suprojektuoti pu\u0161yne, architektai atitinkamai pasirinko tamsiai pilkus \u2013 pu\u0161ies kamieno \u2013 atspalvius ir kontrasting\u0105 oran\u017ein\u0119 spalv\u0105. Fasadai i\u0161siskiria netradicine, kankor\u0117\u017eio \u012fvaizd\u012f sukurian\u010dia apdailos med\u017eiaga. Pasak architekto S. Pamerneckio, \u0161i apdailos med\u017eiaga pad\u0117jo i\u0161vengti lau\u017eyt\u0173 k\u016bgio form\u0173, tod\u0117l matomas tolygus per\u0117jimas. Vie\u0161bu\u010dio pastato apdailai naudota nema\u017eai \u0161viesaus med\u017eio dailylen\u010di\u0173, taip pat oran\u017eini\u0173 ir tamsiai pilk\u0173 spalv\u0173 plok\u0161t\u0117s. Oran\u017eine spalva i\u0161skirtas didesnis pirmojo auk\u0161to \u012f\u0117jimas \u012f pastat\u0105 ir antstatas ketvirtame auk\u0161te \u2013 taip tarsi atskiriama senoji dalis nuo naujai suprojektuotosios.<\/p>\n<p>Tiek interjero, tiek eksterjero ap\u0161vietimui taip pat skirta itin daug d\u0117mesio. Naujojo korpuso ap\u0161vietimas \u2013 \u012fsp\u016bdingas. Sustiprintas plok\u0161tum\u0173 l\u016b\u017eio \u012fvaizdis: kiekviena fasado apdailos plok\u0161t\u0117 ap\u0161vie\u010diama i\u0161 apatinio kampo ir taip i\u0161ry\u0161kinamas jos l\u016b\u017eis. Vie\u0161bu\u010dio korpuse ugniasien\u0117s taip pat ap\u0161vie\u010diamos itin k\u016brybi\u0161kai, formuojamas tarsi palinkusi\u0173 laib\u0173 pu\u0161\u0173 kamien\u0173 ra\u0161tas. Interjer\u0173 ap\u0161vietimas itin \u012fvairus, visose skirting\u0173 funkcij\u0173 patalpose jid kuria vis kit\u0105 nuotaik\u0105. Vie\u0161bu\u010dio kambari\u0173 \u0161viesa itin jauki, \u0161velni, sukuriama atpalaiduojanti atmosfera. Vestibiulyje naudojami itin skirtingi ap\u0161vietimai: ap\u0161viestas lub\u0173 kont\u016bras, naudojamos atskiros LED lemput\u0117s, o ap\u017eeldinta siena i\u0161skiriama \u0161altesnio tono \u0161viesa. Daugiausiai d\u0117mesio skirta naujojo priestato interjero ap\u0161vietimui: \u017ealio atspalvio \u0161viestuvais sustiprinta dominuojanti spalva, bendrosios erdv\u0117s ap\u0161viestos \u0161velniai gelsvai, o pirtyse palet\u0117 dar \u012fvairesn\u0117: ap\u0161vietimo gama varijuoja nuo melsvo iki rausvo atspalvio.<\/p>\n<p>\u201eSP architekt\u0173 grup\u0117s\u201c renovuotas objektas \u2013 i\u0161skirtinio architekt\u0173 d\u0117mesio ir k\u016brybos pavyzdys. Apgalvotos tiek eksterjero, tiek interjero detal\u0117s, viskas vientisai sujungta, ai\u0161kiai pabr\u0117\u017eti esminiai akcentai. Objektas i\u0161siskiria ir puikiai prie aplinkos priderinta architekt\u016bra: nesudarkytas kra\u0161tovaizdis, ai\u0161kiai jau\u010diamas ne per didelis mastelis, deranti, nei\u0161si\u0161okanti spalv\u0173 gama. Objektas, suprojektuotas atsi\u017evelgiant \u012f aplink\u0105, turi savit\u0105 veid\u0105.<\/p>\n<p>&nbsp;<\/p>\n<h1>Greta Trapikien\u0117<\/h1>\n<div class=\"albumbottom\"><a href=\"http:\/\/archiforma.lt\/wp-content\/uploads\/2015\/02\/5.jpg\"><img loading=\"lazy\" decoding=\"async\" class=\"alignleft size-large wp-image-762\" src=\"http:\/\/archiforma.lt\/wp-content\/uploads\/2015\/02\/5-1024x683.jpg\" alt=\"5\" width=\"1024\" height=\"683\" srcset=\"https:\/\/archiforma.lt\/wp-content\/uploads\/2015\/02\/5-1024x683.jpg 1024w, https:\/\/archiforma.lt\/wp-content\/uploads\/2015\/02\/5-300x200.jpg 300w, https:\/\/archiforma.lt\/wp-content\/uploads\/2015\/02\/5-120x80.jpg 120w\" sizes=\"(max-width: 1024px) 100vw, 1024px\" \/><\/a> <a href=\"http:\/\/archiforma.lt\/wp-content\/uploads\/2015\/02\/4.jpg\"><img loading=\"lazy\" decoding=\"async\" class=\"alignleft size-large wp-image-761\" src=\"http:\/\/archiforma.lt\/wp-content\/uploads\/2015\/02\/4-1024x683.jpg\" alt=\"4\" width=\"1024\" height=\"683\" srcset=\"https:\/\/archiforma.lt\/wp-content\/uploads\/2015\/02\/4-1024x683.jpg 1024w, https:\/\/archiforma.lt\/wp-content\/uploads\/2015\/02\/4-300x200.jpg 300w, https:\/\/archiforma.lt\/wp-content\/uploads\/2015\/02\/4-120x80.jpg 120w\" sizes=\"(max-width: 1024px) 100vw, 1024px\" \/><\/a> <a href=\"http:\/\/archiforma.lt\/wp-content\/uploads\/2015\/02\/3.jpg\"><img loading=\"lazy\" decoding=\"async\" class=\"alignleft size-large wp-image-760\" src=\"http:\/\/archiforma.lt\/wp-content\/uploads\/2015\/02\/3-683x1024.jpg\" alt=\"3\" width=\"683\" height=\"1024\" srcset=\"https:\/\/archiforma.lt\/wp-content\/uploads\/2015\/02\/3-683x1024.jpg 683w, https:\/\/archiforma.lt\/wp-content\/uploads\/2015\/02\/3-200x300.jpg 200w, https:\/\/archiforma.lt\/wp-content\/uploads\/2015\/02\/3.jpg 1890w\" sizes=\"(max-width: 683px) 100vw, 683px\" \/><\/a> <a href=\"http:\/\/archiforma.lt\/wp-content\/uploads\/2015\/02\/1.jpg\"><img loading=\"lazy\" decoding=\"async\" class=\"alignleft size-large wp-image-759\" src=\"http:\/\/archiforma.lt\/wp-content\/uploads\/2015\/02\/1-1024x395.jpg\" alt=\"1\" width=\"1024\" height=\"395\" srcset=\"https:\/\/archiforma.lt\/wp-content\/uploads\/2015\/02\/1-1024x395.jpg 1024w, https:\/\/archiforma.lt\/wp-content\/uploads\/2015\/02\/1-300x116.jpg 300w, https:\/\/archiforma.lt\/wp-content\/uploads\/2015\/02\/1.jpg 1470w\" sizes=\"(max-width: 1024px) 100vw, 1024px\" \/><\/a> <a href=\"http:\/\/archiforma.lt\/wp-content\/uploads\/2015\/02\/Eksterjeras-SPA-Vilnius-Anyk-iaiVilniaus-g.-30-Anyk-iai-11.jpg\"><img loading=\"lazy\" decoding=\"async\" class=\"alignleft size-full wp-image-758\" src=\"http:\/\/archiforma.lt\/wp-content\/uploads\/2015\/02\/Eksterjeras-SPA-Vilnius-Anyk-iaiVilniaus-g.-30-Anyk-iai-11.jpg\" alt=\"Eksterjeras SPA Vilnius Anyk+-iai(Vilniaus g. 30, Anyk+-iai) (11)\" width=\"851\" height=\"567\" srcset=\"https:\/\/archiforma.lt\/wp-content\/uploads\/2015\/02\/Eksterjeras-SPA-Vilnius-Anyk-iaiVilniaus-g.-30-Anyk-iai-11.jpg 851w, https:\/\/archiforma.lt\/wp-content\/uploads\/2015\/02\/Eksterjeras-SPA-Vilnius-Anyk-iaiVilniaus-g.-30-Anyk-iai-11-300x200.jpg 300w, https:\/\/archiforma.lt\/wp-content\/uploads\/2015\/02\/Eksterjeras-SPA-Vilnius-Anyk-iaiVilniaus-g.-30-Anyk-iai-11-120x80.jpg 120w\" sizes=\"(max-width: 851px) 100vw, 851px\" \/><\/a> <a href=\"http:\/\/archiforma.lt\/wp-content\/uploads\/2015\/02\/Eksterjeras-SPA-Vilnius-Anyk-iaiVilniaus-g.-30-Anyk-iai-4.jpg\"><img loading=\"lazy\" decoding=\"async\" class=\"alignleft size-full wp-image-757\" src=\"http:\/\/archiforma.lt\/wp-content\/uploads\/2015\/02\/Eksterjeras-SPA-Vilnius-Anyk-iaiVilniaus-g.-30-Anyk-iai-4.jpg\" alt=\"Eksterjeras SPA Vilnius Anyk+-iai(Vilniaus g. 30, Anyk+-iai) (4)\" width=\"567\" height=\"850\" srcset=\"https:\/\/archiforma.lt\/wp-content\/uploads\/2015\/02\/Eksterjeras-SPA-Vilnius-Anyk-iaiVilniaus-g.-30-Anyk-iai-4.jpg 567w, https:\/\/archiforma.lt\/wp-content\/uploads\/2015\/02\/Eksterjeras-SPA-Vilnius-Anyk-iaiVilniaus-g.-30-Anyk-iai-4-200x300.jpg 200w\" sizes=\"(max-width: 567px) 100vw, 567px\" \/><\/a> <a href=\"http:\/\/archiforma.lt\/wp-content\/uploads\/2015\/02\/Eksterjeras-SPA-Vilnius-Anyk-iaiVilniaus-g.-30-Anyk-iai-3.jpg\"><img loading=\"lazy\" decoding=\"async\" class=\"alignleft size-full wp-image-756\" src=\"http:\/\/archiforma.lt\/wp-content\/uploads\/2015\/02\/Eksterjeras-SPA-Vilnius-Anyk-iaiVilniaus-g.-30-Anyk-iai-3.jpg\" alt=\"Eksterjeras SPA Vilnius Anyk+-iai(Vilniaus g. 30, Anyk+-iai) (3)\" width=\"567\" height=\"851\" srcset=\"https:\/\/archiforma.lt\/wp-content\/uploads\/2015\/02\/Eksterjeras-SPA-Vilnius-Anyk-iaiVilniaus-g.-30-Anyk-iai-3.jpg 567w, https:\/\/archiforma.lt\/wp-content\/uploads\/2015\/02\/Eksterjeras-SPA-Vilnius-Anyk-iaiVilniaus-g.-30-Anyk-iai-3-200x300.jpg 200w\" sizes=\"(max-width: 567px) 100vw, 567px\" \/><\/a><a href=\"http:\/\/archiforma.lt\/wp-content\/uploads\/2015\/02\/pjuvis.jpg\"><br \/>\n<img loading=\"lazy\" decoding=\"async\" class=\"alignleft size-large wp-image-754\" src=\"http:\/\/archiforma.lt\/wp-content\/uploads\/2015\/02\/pjuvis-1024x727.jpg\" alt=\"D:Vitalijaus darbaianyksciaidwg2014 04 04zaliuzi pjuviai DP\" width=\"1024\" height=\"727\" srcset=\"https:\/\/archiforma.lt\/wp-content\/uploads\/2015\/02\/pjuvis-1024x727.jpg 1024w, https:\/\/archiforma.lt\/wp-content\/uploads\/2015\/02\/pjuvis-300x213.jpg 300w\" sizes=\"(max-width: 1024px) 100vw, 1024px\" \/><\/a> <a href=\"http:\/\/archiforma.lt\/wp-content\/uploads\/2015\/02\/1a.jpg\"><img loading=\"lazy\" decoding=\"async\" class=\"alignleft size-large wp-image-753\" src=\"http:\/\/archiforma.lt\/wp-content\/uploads\/2015\/02\/1a-1024x727.jpg\" alt=\"D:Vitalijaus darbaianyksciaidwg2014 04 04planai DP 2014 01\" width=\"1024\" height=\"727\" srcset=\"https:\/\/archiforma.lt\/wp-content\/uploads\/2015\/02\/1a-1024x727.jpg 1024w, https:\/\/archiforma.lt\/wp-content\/uploads\/2015\/02\/1a-300x213.jpg 300w\" sizes=\"(max-width: 1024px) 100vw, 1024px\" \/><\/a><\/div>\n","protected":false},"excerpt":{"rendered":"<p>Architektai:\u00a0UAB\u201eSP architekt\u0173 grup\u0117\u201c (Saulius Pamerneckis, Vytautas Pliadis, Marius Bliujus, Vitalijus Rudokas); Interjero architekt\u0117:\u00a0Gint\u0117 Pamerneckien\u0117; Konstruktorius:\u00a0Vilmantas Aid\u017eiulis; Adresas:\u00a0Vilniaus g. 80, Anyk\u0161\u010diai; Naujai suprojektuotos dalies plotas:\u00a01442 kv.m; Realizacija:\u00a02013\u20132014 m.<\/p>\n","protected":false},"author":1,"featured_media":0,"comment_status":"open","ping_status":"open","sticky":false,"template":"","format":"standard","meta":{"footnotes":""},"categories":[112,11],"tags":[],"views":58,"_links":{"self":[{"href":"https:\/\/archiforma.lt\/index.php?rest_route=\/wp\/v2\/posts\/750"}],"collection":[{"href":"https:\/\/archiforma.lt\/index.php?rest_route=\/wp\/v2\/posts"}],"about":[{"href":"https:\/\/archiforma.lt\/index.php?rest_route=\/wp\/v2\/types\/post"}],"author":[{"embeddable":true,"href":"https:\/\/archiforma.lt\/index.php?rest_route=\/wp\/v2\/users\/1"}],"replies":[{"embeddable":true,"href":"https:\/\/archiforma.lt\/index.php?rest_route=%2Fwp%2Fv2%2Fcomments&post=750"}],"version-history":[{"count":9,"href":"https:\/\/archiforma.lt\/index.php?rest_route=\/wp\/v2\/posts\/750\/revisions"}],"predecessor-version":[{"id":2152,"href":"https:\/\/archiforma.lt\/index.php?rest_route=\/wp\/v2\/posts\/750\/revisions\/2152"}],"wp:attachment":[{"href":"https:\/\/archiforma.lt\/index.php?rest_route=%2Fwp%2Fv2%2Fmedia&parent=750"}],"wp:term":[{"taxonomy":"category","embeddable":true,"href":"https:\/\/archiforma.lt\/index.php?rest_route=%2Fwp%2Fv2%2Fcategories&post=750"},{"taxonomy":"post_tag","embeddable":true,"href":"https:\/\/archiforma.lt\/index.php?rest_route=%2Fwp%2Fv2%2Ftags&post=750"}],"curies":[{"name":"wp","href":"https:\/\/api.w.org\/{rel}","templated":true}]}}