{"id":588,"date":"2014-10-22T10:35:46","date_gmt":"2014-10-22T10:35:46","guid":{"rendered":"http:\/\/archiforma.lt\/?p=588"},"modified":"2017-01-31T15:56:23","modified_gmt":"2017-01-31T13:56:23","slug":"architektas-alfredas-trimonis-vokietija","status":"publish","type":"post","link":"https:\/\/archiforma.lt\/?p=588","title":{"rendered":"Architektas Alfredas Trimonis (Vokietija)"},"content":{"rendered":"<p>Gim\u0117 1957 m. Plung\u0117je.<\/p>\n<p>Architekt\u016br\u0105 baig\u0117 1981 m. VISI.<\/p>\n<p>\u012e u\u017esien\u012f i\u0161vyko 1998 m.<\/p>\n<p><a href=\"http:\/\/archiforma.lt\/wp-content\/uploads\/2014\/10\/TRIMONIS.jpg\"><img loading=\"lazy\" decoding=\"async\" class=\"alignleft size-thumbnail wp-image-594\" src=\"http:\/\/archiforma.lt\/wp-content\/uploads\/2014\/10\/TRIMONIS-150x150.jpg\" alt=\"TRIMONIS\" width=\"150\" height=\"150\" \/><\/a><\/p>\n<p>&nbsp;<\/p>\n<ol>\n<li>Trimonis visiems puikiai \u017einomas kaip kokybi\u0161kos architekt\u016bros k\u016br\u0117jas. Architektas sp\u0117ja dirbti tiek Vokietijoje, tiek Lietuvoje ir dr\u0105siai gali pasigirti objekt\u0173 skai\u010diumi.<\/li>\n<li>Trimonis, baig\u0119s Vilniaus in\u017einerinio statybos instituto architekt\u016bros studijas, kur\u012f laik\u0105 dirbo Lietuvoje. Sukaup\u0119s pakankam\u0105 \u017eini\u0173 ir praktikos baga\u017e\u0105 1998 m. i\u0161vyko \u012f Vokietij\u0105. Pakeit\u0119s tik vien\u0105 darboviet\u0119, toje pa\u010dioje \u012fmon\u0117je dirba iki \u0161iol.<\/li>\n<\/ol>\n<p><!--more--><\/p>\n<p>Pasak architekto, \u012fmon\u0117 u\u017esiima itin \u012fvairiais objektais \u2013 nuo gyvenam\u0173j\u0173 nam\u0173 iki biur\u0173 pastat\u0173 ir j\u0173 interjer\u0173.<\/p>\n<p>Architekto ir jo koleg\u0173 k\u016bryboje matomi itin \u0161iuolaiki\u0161ki ir kokybi\u0161ki sprendimai. Naudojamos naujos, patvarios med\u017eiagos, daug d\u0117mesio skiriama ne tik architekt\u016briniams, bet ir in\u017eineriniams sprendimams.<\/p>\n<p>Puikus pavyzdys \u2013 Lietuvoje suprojektuotas biur\u0173 pastatas \u201ePirkli\u0173 namai\u201c (\u201eArchiformos\u201c premija 2011 m.), esantis Gedimino pr. 35, Vilniuje. I\u0161skirtinis fasado sprendimas slepia ir kit\u0105 paskirt\u012f\u00a0\u2013 oro cirkuliacin\u0119 sistem\u0105: per fasad\u0105 \u0161vie\u017eiu ir pakankamai dr\u0117gnu oru apr\u016bpinami visi auk\u0161tai, bendrosios patalpos. Verta pabr\u0117\u017eti, kad A. Trimonis su kolegomis itin daug d\u0117mesio skiria interjerams. Projektuojama iki pa\u010di\u0173 smulkiausi\u0173 daleli\u0173, siekiant i\u0161laikyti harmonij\u0105 tarp eksterjero ir interjero, kuriamos patogios, jaukios, modernios erdv\u0117s. Interjerai neperkauti, dominuoja neaktyvios spalvos: balta, juoda, \u012fvair\u016bs rudos ar pilkos tonai.<\/p>\n<p>\u0160iuolaiki\u0161kas vaizdas kuriamas akcentais, tai rodo tiek gyvenam\u0173j\u0173 nam\u0173, tiek biur\u0173 sprendiniai. Architektai siekia i\u0161laikyti atviras, minimalistines erdves, neapkrauti ir neapsunkinti pastatuose dirban\u010di\u0173 ar gyvenan\u010di\u0173 \u017emoni\u0173.<\/p>\n<p>Architektas A. Trimonis ateities vizijose mato ir tolesn\u012f darb\u0105 Lietuvoje, net planuoja gr\u012f\u017eti \u012f t\u0117vyn\u0119 gyventi, kadangi kiekvien\u0105 m\u0117nes\u012f darbo reikalais savait\u0119 b\u016bna Lietuvoje.<\/p>\n<p>&nbsp;<\/p>\n<h1>Elena Stacevi\u010di\u016bt\u0117<\/h1>\n<div class=\"albumbottom\"><a href=\"http:\/\/archiforma.lt\/wp-content\/uploads\/2014\/10\/12.jpg\"><img loading=\"lazy\" decoding=\"async\" class=\"alignleft size-thumbnail wp-image-591\" src=\"http:\/\/archiforma.lt\/wp-content\/uploads\/2014\/10\/12-150x150.jpg\" alt=\"12\" width=\"150\" height=\"150\" \/><\/a><a href=\"http:\/\/archiforma.lt\/wp-content\/uploads\/2014\/10\/Masters-140-1N.jpg\"><img loading=\"lazy\" decoding=\"async\" class=\"alignleft size-thumbnail wp-image-593\" src=\"http:\/\/archiforma.lt\/wp-content\/uploads\/2014\/10\/Masters-140-1N-150x150.jpg\" alt=\"Masters 140-1N\" width=\"150\" height=\"150\" \/><\/a><a href=\"http:\/\/archiforma.lt\/wp-content\/uploads\/2014\/10\/TRIMONIS.jpg\"><img loading=\"lazy\" decoding=\"async\" class=\"alignleft size-thumbnail wp-image-594\" src=\"http:\/\/archiforma.lt\/wp-content\/uploads\/2014\/10\/TRIMONIS-150x150.jpg\" alt=\"TRIMONIS\" width=\"150\" height=\"150\" \/><\/a><\/div>\n","protected":false},"excerpt":{"rendered":"<p>Gim\u0117 1957 m. Plung\u0117je. Architekt\u016br\u0105 baig\u0117 1981 m. VISI. \u012e u\u017esien\u012f i\u0161vyko 1998 m. &nbsp; Trimonis visiems puikiai \u017einomas kaip kokybi\u0161kos architekt\u016bros k\u016br\u0117jas. Architektas sp\u0117ja dirbti tiek Vokietijoje, tiek Lietuvoje ir dr\u0105siai gali pasigirti objekt\u0173 skai\u010diumi. Trimonis, baig\u0119s Vilniaus in\u017einerinio statybos instituto architekt\u016bros studijas, kur\u012f laik\u0105 dirbo Lietuvoje. Sukaup\u0119s pakankam\u0105 \u017eini\u0173 ir praktikos baga\u017e\u0105 1998 [&hellip;]<\/p>\n","protected":false},"author":1,"featured_media":0,"comment_status":"open","ping_status":"open","sticky":false,"template":"","format":"standard","meta":{"footnotes":""},"categories":[11],"tags":[],"views":155,"_links":{"self":[{"href":"https:\/\/archiforma.lt\/index.php?rest_route=\/wp\/v2\/posts\/588"}],"collection":[{"href":"https:\/\/archiforma.lt\/index.php?rest_route=\/wp\/v2\/posts"}],"about":[{"href":"https:\/\/archiforma.lt\/index.php?rest_route=\/wp\/v2\/types\/post"}],"author":[{"embeddable":true,"href":"https:\/\/archiforma.lt\/index.php?rest_route=\/wp\/v2\/users\/1"}],"replies":[{"embeddable":true,"href":"https:\/\/archiforma.lt\/index.php?rest_route=%2Fwp%2Fv2%2Fcomments&post=588"}],"version-history":[{"count":6,"href":"https:\/\/archiforma.lt\/index.php?rest_route=\/wp\/v2\/posts\/588\/revisions"}],"predecessor-version":[{"id":1870,"href":"https:\/\/archiforma.lt\/index.php?rest_route=\/wp\/v2\/posts\/588\/revisions\/1870"}],"wp:attachment":[{"href":"https:\/\/archiforma.lt\/index.php?rest_route=%2Fwp%2Fv2%2Fmedia&parent=588"}],"wp:term":[{"taxonomy":"category","embeddable":true,"href":"https:\/\/archiforma.lt\/index.php?rest_route=%2Fwp%2Fv2%2Fcategories&post=588"},{"taxonomy":"post_tag","embeddable":true,"href":"https:\/\/archiforma.lt\/index.php?rest_route=%2Fwp%2Fv2%2Ftags&post=588"}],"curies":[{"name":"wp","href":"https:\/\/api.w.org\/{rel}","templated":true}]}}