{"id":559,"date":"2014-10-22T09:44:46","date_gmt":"2014-10-22T09:44:46","guid":{"rendered":"http:\/\/archiforma.lt\/?p=559"},"modified":"2014-10-22T09:45:15","modified_gmt":"2014-10-22T09:45:15","slug":"musiskiai","status":"publish","type":"post","link":"https:\/\/archiforma.lt\/?p=559","title":{"rendered":"M\u016bsi\u0161kiai"},"content":{"rendered":"<p>Ne veltui taip apibr\u0117\u017eiau tem\u0105 \u2013 m\u016bsi\u0161kiai. Istorija byloja, kad nuo pat LDK laik\u0173 mes da\u017enai nesugeb\u0117davom pristatyti savo valstyb\u0117s pilie\u010dio kaip lietuvio, tod\u0117l gan daug istori\u0161kai i\u0161kili\u0173 asmenybi\u0173 \u201epasisavino\u201c apsukresni kaimynai.<\/p>\n<p>Nenor\u0117\u010diau, kad taip nutikt\u0173 ir ateityje. Dabar nema\u017eas skai\u010dius architekt\u0173, Lietuvos mokykl\u0173 aukl\u0117tini\u0173, gyvena ir kuria u\u017esienyje, ir tai daro jau pakankamai ap\u010diuopiam\u0105 laiko tarp\u0105. Dr\u012fstu teigti, kad dirbti \u012f u\u017esien\u012f i\u0161vyksta tikrai ne pras\u010diausi studentai, gal ir atvirk\u0161\u010diai, bent jau didesni avanti\u016bristai \u2013 o tai juk k\u016brybi\u0161kas b\u016bdo bruo\u017eas.<\/p>\n<p>Nema\u017eai j\u0173, \u012fsitvirtin\u0119 kitose \u0161alyse, sav\u0119s nebelabai sieja su T\u0117vyne, ir kuo toliau, tuo \u0161is ry\u0161ys silpn\u0117s. Vargu ar m\u016bs\u0173 priekai\u0161tai gali tur\u0117ti \u012ftakos kolegoms, susid\u016brusiems su dviej\u0173 pasauli\u0173 realyb\u0117mis: i\u0161prususio ir mu\u017eiki\u0161ko kapitalizmo. Ir dar ne\u017einia, ar tas did\u017eiulis skirtumas tarp min\u0117t\u0173j\u0173 to paties kapitalizmo kra\u0161tini\u0173 ma\u017e\u0117s, tod\u0117l j\u0173 darbas (o m\u016bsi\u0161kiai moka dirbti su mazochistine i\u0161tverme) pelno pagarb\u0173 vertinim\u0105 prognozuojamoje visuomen\u0117je.<!--more--><\/p>\n<p>Taigi juos reikia sekti. Visam pasauliui skelbti, kad jie m\u016bsi\u0161kiai \u2013 lietuviai! Ir palink\u0117ti s\u0117km\u0117s, kad b\u016bt\u0173 d\u0117l ko skelbti.<\/p>\n<p>Kiti gr\u012f\u017eta \u012f Lietuv\u0105, bet tikrai ne tod\u0117l, kad nerado savo k\u016brybin\u0117s ni\u0161os u\u017esienyje. Anaiptol. Tai puikiai iliustruoja Sigito Sparnai\u010dio patirtis. Ne tik ni\u0161\u0105 k\u016brybai, bet ir apartamentus, lengvesn\u0119 galimyb\u0119 jud\u0117ti pasaulyje, kasdienyb\u0117s ramyb\u0119, leid\u017eian\u010di\u0105 koncentruotis k\u016brybai, pador\u0173, u\u017etat skatinant\u012f dirbti atlyg\u012f\u00a0\u2013 architektai tur\u0117jo visa tai, ko atsisak\u0117 gr\u012f\u017edami \u012f T\u0117vyn\u0119. Konstatuotina, kad gr\u012f\u017eusi\u0173j\u0173 k\u016brybin\u0117 patirtis yra ry\u0161kiai praturt\u0117jusi \u2013 jie jau yra \u017eenkl\u016bs Lietuvos architektai. S. Sparnaitis, V. Gerliakas, A.\u00a0\u0160eibokas, R. Bimba \u2013 austri\u0161kasis desantas \u2013 \u0161iandien \u017einomi visiems, kurie bent kiek seka lietuvi\u0161kos architekt\u016bros raid\u0105. Atskira pad\u0117ka Lietuvos myl\u0117tojui, \u017eymiam Austrijos architektui E. Wagneriui u\u017e m\u016bsi\u0161ki\u0173 glob\u0105 ir mokym\u0105.<\/p>\n<p>I\u0161skirtinis \u201eu\u017esienietis\u201c Alfredas Trimonis, jau antr\u0105 de\u0161imtmet\u012f dirbantis Hamburge, i\u0161vyko i\u0161 Vilniaus pirmojo postmodernizmo \u201eantskryd\u017eio\u201c \u012f Lietuv\u0105 metais, dar susp\u0117j\u0119s kartu A. Ambrasu ir G. \u010caikausku pastatyti gyvenam\u0105j\u012f nam\u0105 \u017demaitijos ir \u0160v. Mikalojaus gatvi\u0173 kampe.<\/p>\n<p>Pastatas ry\u0161kiai ir s\u0117kmingai deklaravo naujo stiliaus galimybes architekt\u016bri\u0161kai turtingoje aplinkoje. Manau, kad jis liko pavyzd\u017eiu iki \u0161i\u0173 dien\u0173: sant\u016brus, nei\u0161si\u0161okantis mastelis, fasad\u0173 ritmika, puikios, kiek ironi\u0161kos detal\u0117s.<\/p>\n<ol>\n<li>Trimonio pavyzdys tiems kolegoms, kurie dirba netolimame u\u017esienyje, gal\u0117t\u0173 b\u016bti patrauklus: \u201eA\u0161 dirbu Hamburge ir Vilniuje, tod\u0117l nesijau\u010diu i\u0161vyk\u0119s.\u201c<\/li>\n<\/ol>\n<p>Pastarasis jo gr\u012f\u017eimas \u012f T\u0117vyn\u0119 buvo triumfali\u0161kas. \u201ePirkli\u0173 klubas\u201c Vilniuje\u00a0\u2013 naujas intarpas tarp kadaise buvusio Vykdomojo komiteto ir U\u017esienio reikal\u0173 ministerijos, kartu su pirmojo rekonst\u00adrukcija ir pritaikymu, tapo reik\u0161mingiausiu 2013 met\u0173 Lietuvos architekt\u016bros \u012fvykiu. Beje, \u010dia i\u0161ry\u0161k\u0117jo ir dar viena b\u016btina geros architekt\u016bros atsiradimo s\u0105lyga \u2013 ji brangi (tiesiogine \u0161io \u017eod\u017eio prasme).<\/p>\n<p>Kitaip yra su m\u016bs\u0173 merginomis. K\u016brybingos architekt\u0173 Lik\u0161\u0173 \u0161eimos dukra Dalia \u012f klausim\u0105, kod\u0117l 2001 metais i\u0161vyko \u012f u\u017esien\u012f, atsako trumpai: d\u0117l \u0161eimini\u0173 aplinkybi\u0173. Ai\u0161ku, kad \u0161iuo pasakymu koduojamas \u0161eimos suk\u016brimas. \u0160iuo atveju, atrodo, galutinai \u012fsitvirtin\u0119 Berlyne, abu lietuviai, ta\u010diau vyresnioji dukra mokosi voki\u0161koje mokykloje.<\/p>\n<p>Bet dirba D. Lik\u0161ait\u0117 pas pat\u012f ser\u0105 David\u0105 Chipperfield\u0105, kuris turi biurus Londone, \u0160anchajuje ir Milane. Jos pa\u010dios darbas labai apibr\u0117\u017etas \u2013 tai vizualizacijos. Gyvenimas \u0161alia tokios architekt\u016bros, kuri gimsta biure, ir asmenin\u0117s pastangos atskleisti j\u0105 vizualizacijomis gerbiamos firmoje, atrodo, pa\u010di\u0105 D. Lik\u0161ait\u0119 tenkina.<\/p>\n<p>Toki\u0105 pat i\u0161vykimo prie\u017east\u012f nurodo ir Egl\u0117 Feil (buvusi Gudavi\u010di\u016bt\u0117), tik \u0161iuo atveju vyras ne lietuvis. Kaip, matyt, ir Ramun\u0117s Mikulionyt\u0117s-Schnedl \u2013 Vienoje, Irmos Ka\u0161etait\u0117s Vestergaard \u2013 Kopenhagoje, Au\u0161ros Tendzegolskyt\u0117s Sifuentes \u2013 Diuseldorfe, Giedr\u0117s \u010cerniauskait\u0117s \u2013 Beldos Gisbert \u2013 Venecijoje ir kit\u0173, kuri\u0173 mes ie\u0161kosime visus \u0161iuos metus.<\/p>\n<ol>\n<li>Feil pasirinkimas \u2013 laisvai samdoma architekt\u0117 \u2013 rodo radikal\u0173 pasitik\u0117jim\u0105 savimi, kuris akivaizd\u017eiai pasiteisina: ji dirba \u012fvairiuose Vokietijos miestuose, vien\u0105 objekt\u0105 \u2013 pas A. Trimon\u012f, galiausiai tampa Bavarijos architekt\u0173 s\u0105jungos nare, atestuota architekte, reziduojan\u010dia Miunchene.<\/li>\n<\/ol>\n<p>S\u0117kmingas darbas ir, tik\u0117kim\u0117s, s\u0117kminga \u0161eima beveik garantuoja jos pasirinkim\u0105: \u201eNors aktyviai dalyvauju lietuvi\u0173 bendruomen\u0117s Vokietijoje veikloje, vedu \u0161e\u0161tadienin\u0117s mokykl\u0117l\u0117s kalbos, meno u\u017esi\u0117mimus lietuvi\u0173 vaikams, organizuoju Lietuvos jaunimo kino klub\u0105, ta\u010diau \u012f Lietuv\u0105 gr\u012f\u017eti neketinu\u201c, \u2013 atsako ji \u012f klausim\u0105 apie savo ateities planus. Ta\u010diau tikisi aktyviai bendrauti ir dirbti su lietuvi\u0173 kolegomis.<\/p>\n<p>Meil\u0117s, bet, \u012ftariu, ir galimyb\u0117s pab\u0117gti i\u0161 SSRS emigrantas Danius Glinskis su savo \u017eavi\u0105ja \u017emona, intelektualia moksl\u0173 daktare, turin\u010dia lietuvi\u0161k\u0173 \u0161akn\u0173 ir gerai kalban\u010dia lietuvi\u0161kai, Niujorke augina jau tris vaikus ir s\u0117kmingai, tikiuosi, ir laimingai, gyvena. \u017dinoma, ma\u017ea vilties, kad 1987 metais, b\u016bdamas trisde\u0161imties, i\u0161vyk\u0119s \u012f JAV m\u016bsi\u0161kis realiai galvot\u0173 apie gr\u012f\u017eim\u0105 \u012f Lietuv\u0105, ta\u010diau pa\u017e\u012fstant Dani\u0173 galima tik\u0117tis, kad savo lietuvi\u0161kas \u0161aknis jis puosel\u0117s su meile ir atida.<\/p>\n<p>Beje, D. Glinskis kol kas bene vienintelis, pasirink\u0119s restauravimo srit\u012f. Lietuvoje, VISI, baig\u0119s urbanistik\u0105, jis nepasiklydo naujos karjeros kelyje ir s\u0117k\u00admingai dirba labai stambiuose Amerikos objektuose.<\/p>\n<p>\u012edomu, kad \u012fgij\u0119 patirties m\u016bsi\u0161kiai labai palankiai atsiliepia apie savo lietuvi\u0161kas <em>Alma Mater<\/em>. \u012e nemandag\u0173 klausim\u0105, kiek u\u017edirba (atsakyti nebuvo b\u016btina), neatsargiai paatviravo tik vienas anketos dalyvis, tod\u0117l, nenor\u0117dami skaudinti koleg\u0173 lietuvi\u0173, jo atsakymo nevie\u0161insime.<\/p>\n<p>&nbsp;<\/p>\n<h1>Leonardas Vaitys<\/h1>\n","protected":false},"excerpt":{"rendered":"<p>Ne veltui taip apibr\u0117\u017eiau tem\u0105 \u2013 m\u016bsi\u0161kiai. Istorija byloja, kad nuo pat LDK laik\u0173 mes da\u017enai nesugeb\u0117davom pristatyti savo valstyb\u0117s pilie\u010dio kaip lietuvio, tod\u0117l gan daug istori\u0161kai i\u0161kili\u0173 asmenybi\u0173 \u201epasisavino\u201c apsukresni kaimynai. Nenor\u0117\u010diau, kad taip nutikt\u0173 ir ateityje. Dabar nema\u017eas skai\u010dius architekt\u0173, Lietuvos mokykl\u0173 aukl\u0117tini\u0173, gyvena ir kuria u\u017esienyje, ir tai daro jau pakankamai ap\u010diuopiam\u0105 [&hellip;]<\/p>\n","protected":false},"author":1,"featured_media":0,"comment_status":"open","ping_status":"open","sticky":false,"template":"","format":"standard","meta":{"footnotes":""},"categories":[11],"tags":[],"views":7,"_links":{"self":[{"href":"https:\/\/archiforma.lt\/index.php?rest_route=\/wp\/v2\/posts\/559"}],"collection":[{"href":"https:\/\/archiforma.lt\/index.php?rest_route=\/wp\/v2\/posts"}],"about":[{"href":"https:\/\/archiforma.lt\/index.php?rest_route=\/wp\/v2\/types\/post"}],"author":[{"embeddable":true,"href":"https:\/\/archiforma.lt\/index.php?rest_route=\/wp\/v2\/users\/1"}],"replies":[{"embeddable":true,"href":"https:\/\/archiforma.lt\/index.php?rest_route=%2Fwp%2Fv2%2Fcomments&post=559"}],"version-history":[{"count":2,"href":"https:\/\/archiforma.lt\/index.php?rest_route=\/wp\/v2\/posts\/559\/revisions"}],"predecessor-version":[{"id":561,"href":"https:\/\/archiforma.lt\/index.php?rest_route=\/wp\/v2\/posts\/559\/revisions\/561"}],"wp:attachment":[{"href":"https:\/\/archiforma.lt\/index.php?rest_route=%2Fwp%2Fv2%2Fmedia&parent=559"}],"wp:term":[{"taxonomy":"category","embeddable":true,"href":"https:\/\/archiforma.lt\/index.php?rest_route=%2Fwp%2Fv2%2Fcategories&post=559"},{"taxonomy":"post_tag","embeddable":true,"href":"https:\/\/archiforma.lt\/index.php?rest_route=%2Fwp%2Fv2%2Ftags&post=559"}],"curies":[{"name":"wp","href":"https:\/\/api.w.org\/{rel}","templated":true}]}}