{"id":524,"date":"2014-10-22T09:10:23","date_gmt":"2014-10-22T09:10:23","guid":{"rendered":"http:\/\/archiforma.lt\/?p=524"},"modified":"2014-10-22T09:10:55","modified_gmt":"2014-10-22T09:10:55","slug":"architekte-dalia-liksaite-vokietija","status":"publish","type":"post","link":"https:\/\/archiforma.lt\/?p=524","title":{"rendered":"Architekt\u0117 Dalia Lik\u0161ait\u0117, Vokietija"},"content":{"rendered":"<p>Gim\u0117 1977 m. Kaune.<br \/>\nArchitekt\u016br\u0105 baig\u0117 2001 m. VGTU.<br \/>\n\u012e u\u017esien\u012f i\u0161vyko 2001 m.<\/p>\n<p><a href=\"http:\/\/archiforma.lt\/wp-content\/uploads\/2014\/10\/dalia-liksaite.jpg\"><img loading=\"lazy\" decoding=\"async\" class=\"alignleft size-thumbnail wp-image-525\" src=\"http:\/\/archiforma.lt\/wp-content\/uploads\/2014\/10\/dalia-liksaite-150x150.jpg\" alt=\"dalia liksaite\" width=\"150\" height=\"150\" \/><\/a><\/p>\n<p>Ne\u017einau kod\u0117l buvau skepti\u0161kas meninink\u0173 dinastijoms. Kas kita teisin\u0117je srityje, ten gimini\u0161ka komanda gali tapti galingu monstru. O jaunieji jos nariai jau nuo pat prad\u017ei\u0173 gauna vertingas pamokas, kam, kiek ir u\u017e k\u0105.<br \/>\nMeninink\u0173 \u0161eimos man vis asocijuodavosi su t\u0117v\u0173 noriu priversti vaikus siekti j\u0173 nei\u0161sipild\u017eiusi\u0173 svajoni\u0173. Ties\u0105 sakant, \u017einau toki\u0173 pavyzd\u017ei\u0173. Nemanau, kad nuo t\u0173 pastang\u0173 bevilti\u0161kumo kas nors i\u0161 \u0161eimos tapo laimingesni.<br \/>\nO abiem atvejais, \u201et\u0117v\u0173\u201c vaikai stodami \u012f auk\u0161t\u0105sias mokyklas, galimai u\u017ekirsdavo kelius gabesniems, bet stokojantiems pirmin\u0117s profesin\u0117s patirties, ma\u017eiau u\u017etampytiems pie\u0161imo ar kompozicijos pamok\u0117li\u0173 jaunuoliams.<br \/>\nVienok, pastaruoju metu vis labiau kei\u010diu \u0161\u012f savo nusistatym\u0105 dinastij\u0173 palankumo link. I\u0161 ties\u0173, vis daugiau pastebim\u0173, gabi\u0173 jaun\u0173 architekt\u0173 atsiranda su \u017einom\u0173 architekt\u0173 pavard\u0117mis. Charakteringa, kad neb\u016btinai architekt\u016brin\u0117je terp\u0117je, bet b\u016btinai menin\u0117je.<\/p>\n<p><!--more--><br \/>\nPristatomos architekt\u0117s Dalios Lik\u0161ait\u0117s atvejis \u2013 vienas i\u0161 t\u0173 s\u0117kming\u0173, kai abu t\u0117vai \u2013 Irena ir neseniai mus apleid\u0119s meni\u0161kasis Gintautas Lik\u0161os, savo kasdien\u012f gyvenim\u0105 ir aplink\u0105 buvo pavert\u0119 kategori\u0161ka tarnavimo menui egzistencija.<br \/>\nMatyt, tod\u0117l ir architekt\u0117s Dalios sesuo tekstilinink\u0117 Inga, at\u0117jo \u012f Lietuvos men\u0105 su naujovi\u0161ka technika ir savo eleganti\u0161komis linijomis, kuria \u012fdomius, m\u016bsuose, o gal ir kitur nematytus opusus.<br \/>\nTies\u0105 sakant, gerai pa\u017einodamas abu \u0161eimos senjorus, visi\u0161kai nesistebiu jaunosios kartos pasirinkimu. Joms papras\u010diausiai nebuvo kur d\u0117tis. Tai pripa\u017e\u012fsta ir pati Dalia: \u201ePo mokyklos, kai reik\u0117jo rinktis k\u0105 studijuoti (nestudijuoti net ne\u0161ov\u0117 \u012f galv\u0105) daug negalvojau, tiesiog \u017einojau, kad tai bus Architekt\u016bra. Mano t\u0117velis visada sakydavo, kad Architekt\u016bra \u2013 tai gyvenimo b\u016bdas. Ir man tai tapo vieninteliu dalyku, kur\u012f gal\u0117jau \u012fsivaizduoti, nes a\u0161 su ja u\u017eaugau. Bet, kol baigiau studijas ir prad\u0117jau pati dirbti, architekto\/\u0117s profesijos apibr\u0117\u017eimas i\u0161 vienos pus\u0117s labai i\u0161sipl\u0117t\u0117, o i\u0161 kitos labai nutolo nuo to idealizuoto \u012fsivaizdavimo mano galvoje\u201c.<br \/>\nDeja, \u0161iandien\u0105 \u2013 abi ne Lietuvoje. Vis d\u0117l to manau, kad laisv\u0105ja rinka gr\u012fstas m\u016bs\u0173 auk\u0161tasis mokslas \u2013 neatsakingas. Mes ruo\u0161iame gabius savo pilie\u010dius egziliui. Neblogai profesionaliai paruo\u0161ti jie \u010dia d\u016bsta nuo skurd\u017eios ir ma\u017eos rinkos.<br \/>\nK\u0105 gi, d\u017eiaukim\u0117s, kad jie yra apskritai, ir, kad nepasimeta did\u017eiajame pasaulyje, o geriausiais atvejais \u2013 garsina savo T\u0117vyn\u0119.<br \/>\nTaigi, Dalia Lik\u0161ait\u0117 anketoje teigdama, kad 2001metais i\u0161vyko \u012f u\u017esien\u012f \u2013 Vokietij\u0105 d\u0117l \u0161eimynini\u0173 aplinkybi\u0173, prakti\u0161kai i\u0161karto po VGTU baigimo, turi vyr\u0105 lietuv\u012f ir du vaikus, tarsi patvirtina mano hipotez\u0119 d\u0117l galimybi\u0173 lietuvi\u0161koje rinkoje stokos.<br \/>\nDalia po papildom\u0173 studij\u0173 Potsdamo universitete, atlikusi praktik\u0105 prof. Klaus Theo Brener biure, i\u0161karto papuol\u0117 \u012f auk\u0161t\u0105j\u0105 architekt\u016brin\u0119 visuomen\u0119 \u2013 tarptautin\u0119 kompanij\u0105, kurios vadovas seras David Chipperfield, su biurais Londone, Berlyne, \u0160anchajuje ir Milane.<br \/>\nDalia:\u201c Taip a\u0161 i\u0161va\u017eiavau gyventi \u012f Berlyn\u0105 ir \u010dia supratau, kad, norint \u012fsitvirtinti, man reikia i\u0161mokti ir pasi\u016blyti daugiau negu architekt\u0117s i\u0161 buvusios Taryb\u0173 S\u0105jungos diplom\u0105. Kurti vizualizacijas kompiuteriu tuo metu buvo dar pakankamai naujas dalykas, kurio universitete nemok\u0117. Man tai buvo labai \u012fdomu, tod\u0117l mokiausi to savaranki\u0161kai ir kaip jauna architekt\u0117 su \u0161ia specializacija patekau \u012f \u201eDavid Chipperfield Architects\u201c biur\u0105 Berlyne. Tai buvo did\u017eiulis i\u0161bandymas, man reik\u0117jo sutelkti vis\u0105 savo energij\u0105 ir \u017einias, i\u0161mokti daugyb\u0119 nauj\u0173 dalyk\u0173, bet darbas buvo labai \u012fdomus. A\u0161 mokiausi dirbti su naujomis kompiuterin\u0117mis programomis, dirbti komandoje, mokiausi architekt\u016bros, grafinio dizaino, tapybos ir svarbiausia \u2013 bekompromisin\u0117s kokyb\u0117s kasdieniniame darbe.\u201c<br \/>\nNenuostabu, kad \u0161ios firmos periodi\u0161kai leid\u017eiamos metin\u0117s k\u016brybos ataskaitos, atrodo, kaip Lietuvos architekto viso gyvenimo baga\u017e\u0105 reprezentuojantis leidinys.<br \/>\n\u017dinia, tokioje \u201emachinoje\u201c \u2013 vien Berlyne dirba 200 \u017emoni\u0173, be tam tikros ma\u0161inerijos neapsieisi \u2013 taip gimsta specializacijos. Dalia Lik\u0161ait\u0117 firmoje atsakinga u\u017e architekt\u016brines vizualizacijas. Kas ypatingai svarbu pradin\u0117je projektavimo stadijoje, siekiant profesionaliai ir efektingai pristatyti b\u016bsim\u0105 objekt\u0105 u\u017esakovui, da\u017enai nemokan\u010diam skaityti ortagonalini\u0173 br\u0117\u017eini\u0173 ir neapdovanotiems erdvine vaizduote. \u010cia vizualizacija \u2013 i\u0161gelb\u0117jimas.<br \/>\nDalia: \u201eMan labai pasisek\u0117, nes a\u0161 prakti\u0161kai gavau galimyb\u0119 sukurti visai nauj\u0105 padalin\u012f didelio biuro strukt\u016broje. Dabar mes turime 3-4 \u017emoni\u0173 grup\u0119, kuri turi galimyb\u0119 prisid\u0117ti prie vis\u0173 Berlyno biure atliekam\u0173 projekt\u0173. Kartais prie vieno projekto dirbu dvi dienas, kartais m\u0117nes\u012f ar daugiau. Tai yra patys \u012fvairiausi projektai pa\u010diose \u012fvairiausiose stadijose. Su vienais projekt\u0173 vadovais dirbam nuo pirm\u0173 projekto eskiz\u0173, dalyvaujam projekto atsiradime, kitiems vizualizacijos reikalingos tik v\u0117lesn\u0117se stadijose, kai projekt\u0105 jau reikia pateikti klientui. Architekt\u016broje labai svarbu yra erdvinis m\u0105stymas, projekto id\u0117ju patikrinimas skirtinguose masteliuose. Kai to n\u0117ra, atsiranda \u201etapetin\u0117\u201d architekt\u016bra, kai pastatai atrodo kaip tapetais apklijuotos d\u0117\u017eut\u0117s, t\u016brin\u0119 kompozicij\u0105 nustato tik detalus planas , o erdvin\u0117s kompozicijos kokyb\u0119 lemia pakabinti \u0161viestuvai. Kaip gera architekt\u016bra n\u0117ra plok\u0161\u010dia, taip ir gera vizualizacija n\u0117ra tik plok\u0161\u010dias vaizdas. Pirma kuriamas projekto maketas, \u0161lifuojama architekt\u016brin\u0117 id\u0117ja. V\u0117liau ie\u0161koma pozicij\u0173, i\u0161 kuri\u0173 ta id\u0117ja geriausiai atsiskleid\u017eia. Atsiranda med\u017eiagi\u0161kumas, svarbi\u0173 detali\u0173 i\u0161ry\u0161kinimas. Kuriama nuotaika, geriausiai atitinkanti projekto koncepcij\u0105. Visas \u0161is procesas yra labai k\u016brybi\u0161kas, kartu ir techni\u0161kas, ir meni\u0161kas.<br \/>\nO biuro atmosfera turb\u016bt yra veikiama tiek ir rimtos voki\u0161kos darbo disciplinos, tiek ir briti\u0161ko pol\u0117kio. M\u016bs\u0173 biuras Berlyno centre, galerij\u0173 ir kavini\u0173 kvartale, m\u016bs\u0173 kasmetiniai Vasaros ir Kal\u0117d\u0173 vakar\u0117liai yra \u017einomi u\u017e biuro rib\u0173, turime savo restoran\u0105, kur\u012f nuo stalo \u012franki\u0173 iki pastato suprojektavo DCA.\u201c<br \/>\nNeblogai. Reik\u0117s u\u017esukti.<\/p>\n<h1>Leonardas Vaitys<\/h1>\n<div class=\"albumbottom\"><a href=\"http:\/\/archiforma.lt\/wp-content\/uploads\/2014\/10\/dalia-liksaite.jpg\"><img loading=\"lazy\" decoding=\"async\" class=\"alignleft size-full wp-image-525\" src=\"http:\/\/archiforma.lt\/wp-content\/uploads\/2014\/10\/dalia-liksaite.jpg\" alt=\"dalia liksaite\" width=\"888\" height=\"591\" srcset=\"https:\/\/archiforma.lt\/wp-content\/uploads\/2014\/10\/dalia-liksaite.jpg 888w, https:\/\/archiforma.lt\/wp-content\/uploads\/2014\/10\/dalia-liksaite-300x199.jpg 300w\" sizes=\"(max-width: 888px) 100vw, 888px\" \/><\/a><a href=\"http:\/\/archiforma.lt\/wp-content\/uploads\/2014\/10\/Forum-Museumsinsel-Berlin.jpg\"><img loading=\"lazy\" decoding=\"async\" class=\"alignleft size-large wp-image-526\" src=\"http:\/\/archiforma.lt\/wp-content\/uploads\/2014\/10\/Forum-Museumsinsel-Berlin.jpg\" alt=\"Forum Museumsinsel Berlin\" width=\"980\" height=\"886\" srcset=\"https:\/\/archiforma.lt\/wp-content\/uploads\/2014\/10\/Forum-Museumsinsel-Berlin.jpg 980w, https:\/\/archiforma.lt\/wp-content\/uploads\/2014\/10\/Forum-Museumsinsel-Berlin-300x271.jpg 300w\" sizes=\"(max-width: 980px) 100vw, 980px\" \/><\/a><a href=\"http:\/\/archiforma.lt\/wp-content\/uploads\/2014\/10\/Mus_\u00aee-des-Beaux-arts-Reims-1.jpg\"><img loading=\"lazy\" decoding=\"async\" class=\"alignleft size-large wp-image-527\" src=\"http:\/\/archiforma.lt\/wp-content\/uploads\/2014\/10\/Mus_\u00aee-des-Beaux-arts-Reims-1-1024x667.jpg\" alt=\"Mus_\u00aee des Beaux-arts Reims 1\" width=\"1024\" height=\"667\" srcset=\"https:\/\/archiforma.lt\/wp-content\/uploads\/2014\/10\/Mus_\u00aee-des-Beaux-arts-Reims-1-1024x667.jpg 1024w, https:\/\/archiforma.lt\/wp-content\/uploads\/2014\/10\/Mus_\u00aee-des-Beaux-arts-Reims-1-300x195.jpg 300w, https:\/\/archiforma.lt\/wp-content\/uploads\/2014\/10\/Mus_\u00aee-des-Beaux-arts-Reims-1.jpg 1359w\" sizes=\"(max-width: 1024px) 100vw, 1024px\" \/><\/a><\/p>\n<p><a href=\"http:\/\/archiforma.lt\/wp-content\/uploads\/2014\/10\/Mus_\u00aee-des-Beaux-arts-Reims-2.jpg\"><img loading=\"lazy\" decoding=\"async\" class=\"alignleft size-large wp-image-528\" src=\"http:\/\/archiforma.lt\/wp-content\/uploads\/2014\/10\/Mus_\u00aee-des-Beaux-arts-Reims-2.jpg\" alt=\"Mus_\u00aee des Beaux-arts Reims 2\" width=\"928\" height=\"886\" srcset=\"https:\/\/archiforma.lt\/wp-content\/uploads\/2014\/10\/Mus_\u00aee-des-Beaux-arts-Reims-2.jpg 928w, https:\/\/archiforma.lt\/wp-content\/uploads\/2014\/10\/Mus_\u00aee-des-Beaux-arts-Reims-2-300x286.jpg 300w\" sizes=\"(max-width: 928px) 100vw, 928px\" \/><\/a><\/p>\n<p><a href=\"http:\/\/archiforma.lt\/wp-content\/uploads\/2014\/10\/Mus_\u00aee-des-Beaux-arts-Reims-3.jpg\"><img loading=\"lazy\" decoding=\"async\" class=\"alignleft size-large wp-image-529\" src=\"http:\/\/archiforma.lt\/wp-content\/uploads\/2014\/10\/Mus_\u00aee-des-Beaux-arts-Reims-3.jpg\" alt=\"Mus_\u00aee des Beaux-arts Reims 3\" width=\"889\" height=\"591\" srcset=\"https:\/\/archiforma.lt\/wp-content\/uploads\/2014\/10\/Mus_\u00aee-des-Beaux-arts-Reims-3.jpg 889w, https:\/\/archiforma.lt\/wp-content\/uploads\/2014\/10\/Mus_\u00aee-des-Beaux-arts-Reims-3-300x199.jpg 300w\" sizes=\"(max-width: 889px) 100vw, 889px\" \/><\/a><\/p>\n<\/div>\n","protected":false},"excerpt":{"rendered":"<p>Gim\u0117 1977 m. Kaune. Architekt\u016br\u0105 baig\u0117 2001 m. VGTU. \u012e u\u017esien\u012f i\u0161vyko 2001 m. Ne\u017einau kod\u0117l buvau skepti\u0161kas meninink\u0173 dinastijoms. Kas kita teisin\u0117je srityje, ten gimini\u0161ka komanda gali tapti galingu monstru. O jaunieji jos nariai jau nuo pat prad\u017ei\u0173 gauna vertingas pamokas, kam, kiek ir u\u017e k\u0105. Meninink\u0173 \u0161eimos man vis asocijuodavosi su t\u0117v\u0173 noriu [&hellip;]<\/p>\n","protected":false},"author":1,"featured_media":0,"comment_status":"open","ping_status":"open","sticky":false,"template":"","format":"standard","meta":{"footnotes":""},"categories":[11],"tags":[],"views":56,"_links":{"self":[{"href":"https:\/\/archiforma.lt\/index.php?rest_route=\/wp\/v2\/posts\/524"}],"collection":[{"href":"https:\/\/archiforma.lt\/index.php?rest_route=\/wp\/v2\/posts"}],"about":[{"href":"https:\/\/archiforma.lt\/index.php?rest_route=\/wp\/v2\/types\/post"}],"author":[{"embeddable":true,"href":"https:\/\/archiforma.lt\/index.php?rest_route=\/wp\/v2\/users\/1"}],"replies":[{"embeddable":true,"href":"https:\/\/archiforma.lt\/index.php?rest_route=%2Fwp%2Fv2%2Fcomments&post=524"}],"version-history":[{"count":2,"href":"https:\/\/archiforma.lt\/index.php?rest_route=\/wp\/v2\/posts\/524\/revisions"}],"predecessor-version":[{"id":531,"href":"https:\/\/archiforma.lt\/index.php?rest_route=\/wp\/v2\/posts\/524\/revisions\/531"}],"wp:attachment":[{"href":"https:\/\/archiforma.lt\/index.php?rest_route=%2Fwp%2Fv2%2Fmedia&parent=524"}],"wp:term":[{"taxonomy":"category","embeddable":true,"href":"https:\/\/archiforma.lt\/index.php?rest_route=%2Fwp%2Fv2%2Fcategories&post=524"},{"taxonomy":"post_tag","embeddable":true,"href":"https:\/\/archiforma.lt\/index.php?rest_route=%2Fwp%2Fv2%2Ftags&post=524"}],"curies":[{"name":"wp","href":"https:\/\/api.w.org\/{rel}","templated":true}]}}