{"id":511,"date":"2014-10-22T09:05:56","date_gmt":"2014-10-22T09:05:56","guid":{"rendered":"http:\/\/archiforma.lt\/?p=511"},"modified":"2014-10-22T09:06:21","modified_gmt":"2014-10-22T09:06:21","slug":"ycl-architektai","status":"publish","type":"post","link":"https:\/\/archiforma.lt\/?p=511","title":{"rendered":"YCL architektai"},"content":{"rendered":"<p><strong>Komanda: <\/strong><\/p>\n<p>Tomas Umbrasas, Aidas Barzda,<\/p>\n<p>Tautvydas Vileikis, Rokas Kontvainis<\/p>\n<p><a href=\"http:\/\/archiforma.lt\/wp-content\/uploads\/2014\/10\/YCL_TADAOCERN_Archiforma-black.jpg\"><img loading=\"lazy\" decoding=\"async\" class=\"alignleft wp-image-521\" src=\"http:\/\/archiforma.lt\/wp-content\/uploads\/2014\/10\/YCL_TADAOCERN_Archiforma-black-1024x347.jpg\" alt=\"YCL_TADAOCERN_Archiforma black\" width=\"530\" height=\"180\" srcset=\"https:\/\/archiforma.lt\/wp-content\/uploads\/2014\/10\/YCL_TADAOCERN_Archiforma-black-1024x347.jpg 1024w, https:\/\/archiforma.lt\/wp-content\/uploads\/2014\/10\/YCL_TADAOCERN_Archiforma-black-300x101.jpg 300w\" sizes=\"(max-width: 530px) 100vw, 530px\" \/><\/a><\/p>\n<p>Tai jaun\u0173, k\u016brybi\u0161k\u0173 ir veikli\u0173 architekt\u0173 grup\u0117, kartu veikl\u0105 prad\u0117jusi nuo 2011 met\u0173, nors retkar\u010diais jiems kartu teko dirbti ir nuo 2005-\u0173j\u0173. Pasak architekt\u0173, j\u0173 vizija ir misija yra kurti unikalias id\u0117jas ir ie\u0161koti efektyvi\u0173 sprendim\u0173, taikant tarptautines \u017einias ir patirt\u012f.<!--more--><\/p>\n<p>Architekt\u0173 k\u016brybos laukas taip pat itin platus \u2013 nuo nam\u0173 interjer\u0173 iki pastat\u0173 ir didesnio mastelio urbanistini\u0173 projekt\u0173 tiek Lietuvoje, tiek \u012fvairiose kitose Europos valstyb\u0117se.<\/p>\n<p>Pra\u0117jusiais metais YCL architektai kartu su Petru D\u017eervumi laim\u0117jo Danijos Tonderio miesto municipaliteto pastato i\u0161pl\u0117timo konkurs\u0105.<\/p>\n<p>Architektai sklypo pietin\u0117je pus\u0117je suprojektavo nauj\u0105 objekt\u0105 \u2013 bok\u0161t\u0105, kuris atlieka ir vizualinio orientyro funkcij\u0105. Sklypo reljefas ry\u0161kiai \u017eem\u0117ja, jo \u017eemutin\u0117je dalyje projektuojamas bok\u0161tas ir sukuriama \u012fdomi kintan\u010dio reljefo aik\u0161t\u0117 aplinkui.<\/p>\n<p>Projektuojamos patalpos ir pa\u010diame \u0161laite. Naujai projektuojama vie\u0161oji erdv\u0117 skirta ne tik \u017emoni\u0173 srautams paskirstyti, bet ir miesto renginiams po atviru dangumi. Pasak autori\u0173, projekte numatytas ne tik savivaldyb\u0117s pastato i\u0161pl\u0117timas. Architektai siek\u0117 ne tik modernizuoti esam\u0105 savivaldyb\u0117s pastat\u0105, bet ir sujungti j\u012f ir naujai projektuojamas patalpas \u012f puikiai veikian\u010di\u0105 bendr\u0105 sistem\u0105.<\/p>\n<p>Aplink pagrindin\u012f \u012f\u0117jim\u0105 grupuojamos rekreacin\u0117s zonos: kavin\u0117, parod\u0173 erd\u00adv\u0117 ir vaik\u0173 \u017eaidim\u0173 aik\u0161tel\u0117. \u0160i zona orientuota taip, kad prie\u0161 akis atsiskleist\u0173 aplinkin\u0117s panoramos.<\/p>\n<p>Trikampio bok\u0161to kiekviename auk\u0161te projektuojamos administracin\u0117s bei pagalbin\u0117s patalpos, yra daugiafunkcin\u0117 sal\u0117. Septyni\u0173 auk\u0161t\u0173 bok\u0161tas skirtas tik darbuotojams, taigi, lankytoj\u0173 srautus paskirstanti zona atskirta nuo darbuotoj\u0173 zonos.<\/p>\n<p>YCL architektai daug d\u0117mesio skiria ir ekologiniams bei ekonominiams aspektams. Lankytoj\u0173 zonos patalpos dengtos eksploatuojamu ap\u017eeldintu stogu, kuris veikia kaip puiki \u0161ilumin\u0117 izoliacija, yra atraktyvi poilsin\u0117 zona, nuo kurios atsiveria vaizdai \u012f \u0161alia tekan\u010di\u0105 up\u0119.<\/p>\n<p>Po\u017eemin\u0117s talpyklos naudojamos vandeniui nuo senojo savivaldyb\u0117s pastato stog\u0173 surinkti, o \u0161iuo vandeniu laistomas ap\u017eeldintas stogas.<\/p>\n<p>Eksploatuojamas stogas naudojamas ir patalp\u0173 oro cirkuliacijai gerinti, taip suma\u017einami mechaninio v\u0117dinimo poreikiai. Bok\u0161te projektuojamos V\u00a0skerspj\u016bvio kolonos u\u017etikrina didesn\u0119 patalp\u0173 insoliacij\u0105, o ant dalies lang\u0173 dedami per\u0161vie\u010diami saul\u0117s elementai. I\u0161teklius padeda taupyti ir naudojamos kompakti\u0161kos formos, taip suma\u017einami konstrukcij\u0173 ka\u0161tai.<\/p>\n<p>\u0160i architekt\u0173 grup\u0117 yra dalyvavusi ne viename urbanistiniame konkurse.<\/p>\n<p>Labiau i\u0161skirtini \u0161ie projektai: \u201eGreater icknield port\u201c Birminghame, \u201eBig city plan\u201c Birmingeme, \u201eMisionieri\u0173 sodai\u201c Vilniuje, \u201eVerslo trikampis\u201c Vilniuje.<\/p>\n<p>Be \u0161io bei kit\u0173 architekt\u016brini\u0173 ir urbanistini\u0173 projekt\u0173, YCL architektai nema\u017eai dirba su \u012fvairiais interjerais.<\/p>\n<p>Architekt\u0173 grup\u0117 kuria itin modernius, \u0161viesius, minimalistinius interjerus, pasi\u017eymin\u010dius puikiu funkcionalumu. Neperkrautos, \u0161viesios, nat\u016brali\u0173 atspalvi\u0173 erdv\u0117s pagyvinamos spalviniais akcentais, ir da\u017eniausiai tai b\u016bna unikalia forma i\u0161siskiriantys baldai.<\/p>\n<p>YCL architektai \u2013 visapusi\u0161ki k\u016br\u0117jai, dirbantys itin \u012fvairiose sferose. Sveikintina, kad kiekviename projekte matomas nema\u017eas \u012fdirbis, naujov\u0117s, kur funkcionalumas, estetika ir id\u0117ja sujungiama \u012f vien\u0105 visum\u0105. Tai tikrai kokybi\u0161ka architekt\u016bra.<\/p>\n<h1>Greta Grabyt\u0117<\/h1>\n<div class=\"albumbottom\">\n<p><a href=\"http:\/\/archiforma.lt\/wp-content\/uploads\/2014\/10\/005_Konceptas_Zalia-kalva.jpg\"><img loading=\"lazy\" decoding=\"async\" class=\"alignleft size-large wp-image-512\" src=\"http:\/\/archiforma.lt\/wp-content\/uploads\/2014\/10\/005_Konceptas_Zalia-kalva-1024x650.jpg\" alt=\"005_Konceptas_Zalia kalva\" width=\"1024\" height=\"650\" srcset=\"https:\/\/archiforma.lt\/wp-content\/uploads\/2014\/10\/005_Konceptas_Zalia-kalva-1024x650.jpg 1024w, https:\/\/archiforma.lt\/wp-content\/uploads\/2014\/10\/005_Konceptas_Zalia-kalva-300x190.jpg 300w, https:\/\/archiforma.lt\/wp-content\/uploads\/2014\/10\/005_Konceptas_Zalia-kalva.jpg 1361w\" sizes=\"(max-width: 1024px) 100vw, 1024px\" \/><\/a><\/p>\n<p><a href=\"http:\/\/archiforma.lt\/wp-content\/uploads\/2014\/10\/007_Vertikalus-zonavimas.jpg\"><img loading=\"lazy\" decoding=\"async\" class=\"aligncenter size-thumbnail wp-image-513\" src=\"http:\/\/archiforma.lt\/wp-content\/uploads\/2014\/10\/007_Vertikalus-zonavimas-150x150.jpg\" alt=\"007_Vertikalus zonavimas\" width=\"150\" height=\"150\" \/><\/a><\/p>\n<p><a href=\"http:\/\/archiforma.lt\/wp-content\/uploads\/2014\/10\/010_Pietinis-fasadas.jpg\"><img loading=\"lazy\" decoding=\"async\" class=\"aligncenter size-thumbnail wp-image-514\" src=\"http:\/\/archiforma.lt\/wp-content\/uploads\/2014\/10\/010_Pietinis-fasadas-150x150.jpg\" alt=\"010_Pietinis fasadas\" width=\"150\" height=\"150\" \/><\/a><\/p>\n<p><a href=\"http:\/\/archiforma.lt\/wp-content\/uploads\/2014\/10\/013_Vakarinis-vaizdas.jpg\"><img loading=\"lazy\" decoding=\"async\" class=\"aligncenter size-thumbnail wp-image-515\" src=\"http:\/\/archiforma.lt\/wp-content\/uploads\/2014\/10\/013_Vakarinis-vaizdas-150x150.jpg\" alt=\"013_Vakarinis vaizdas\" width=\"150\" height=\"150\" \/><\/a><\/p>\n<p><a href=\"http:\/\/archiforma.lt\/wp-content\/uploads\/2014\/10\/014_Vaizdas-nuo-upes.jpg\"><img loading=\"lazy\" decoding=\"async\" class=\"aligncenter size-thumbnail wp-image-516\" src=\"http:\/\/archiforma.lt\/wp-content\/uploads\/2014\/10\/014_Vaizdas-nuo-upes-150x150.jpg\" alt=\"014_Vaizdas nuo upes\" width=\"150\" height=\"150\" \/><\/a><\/p>\n<p><a href=\"http:\/\/archiforma.lt\/wp-content\/uploads\/2014\/10\/015_Darbo-erdve.jpg\"><img loading=\"lazy\" decoding=\"async\" class=\"aligncenter size-thumbnail wp-image-517\" src=\"http:\/\/archiforma.lt\/wp-content\/uploads\/2014\/10\/015_Darbo-erdve-150x150.jpg\" alt=\"015_Darbo erdve\" width=\"150\" height=\"150\" \/><\/a><\/p>\n<p><a href=\"http:\/\/archiforma.lt\/wp-content\/uploads\/2014\/10\/016_Boksto-darbo-erdve.jpg\"><img loading=\"lazy\" decoding=\"async\" class=\"aligncenter size-thumbnail wp-image-518\" src=\"http:\/\/archiforma.lt\/wp-content\/uploads\/2014\/10\/016_Boksto-darbo-erdve-150x150.jpg\" alt=\"016_Boksto darbo erdve\" width=\"150\" height=\"150\" \/><\/a><\/p>\n<p><a href=\"http:\/\/archiforma.lt\/wp-content\/uploads\/2014\/10\/YCL_-Daegu-Gosan-bibliotekos-konkursas-1.jpg\"><img loading=\"lazy\" decoding=\"async\" class=\"aligncenter size-thumbnail wp-image-519\" src=\"http:\/\/archiforma.lt\/wp-content\/uploads\/2014\/10\/YCL_-Daegu-Gosan-bibliotekos-konkursas-1-150x150.jpg\" alt=\"YCL_ (Daegu Gosan bibliotekos konkursas 1)\" width=\"150\" height=\"150\" \/><\/a><\/p>\n<p><a href=\"http:\/\/archiforma.lt\/wp-content\/uploads\/2014\/10\/YCL_-Daegu-Gosan-bibliotekos-konkursas-2.jpg\"><img loading=\"lazy\" decoding=\"async\" class=\"aligncenter size-thumbnail wp-image-520\" src=\"http:\/\/archiforma.lt\/wp-content\/uploads\/2014\/10\/YCL_-Daegu-Gosan-bibliotekos-konkursas-2-150x150.jpg\" alt=\"YCL_ (Daegu Gosan bibliotekos konkursas 2)\" width=\"150\" height=\"150\" \/><\/a><\/p>\n<p><a href=\"http:\/\/archiforma.lt\/wp-content\/uploads\/2014\/10\/YCL_TADAOCERN_Archiforma-black.jpg\"><img loading=\"lazy\" decoding=\"async\" class=\"aligncenter size-thumbnail wp-image-521\" src=\"http:\/\/archiforma.lt\/wp-content\/uploads\/2014\/10\/YCL_TADAOCERN_Archiforma-black-150x150.jpg\" alt=\"YCL_TADAOCERN_Archiforma black\" width=\"150\" height=\"150\" \/><\/a><\/p>\n<\/div>\n","protected":false},"excerpt":{"rendered":"<p>Komanda: Tomas Umbrasas, Aidas Barzda, Tautvydas Vileikis, Rokas Kontvainis Tai jaun\u0173, k\u016brybi\u0161k\u0173 ir veikli\u0173 architekt\u0173 grup\u0117, kartu veikl\u0105 prad\u0117jusi nuo 2011 met\u0173, nors retkar\u010diais jiems kartu teko dirbti ir nuo 2005-\u0173j\u0173. Pasak architekt\u0173, j\u0173 vizija ir misija yra kurti unikalias id\u0117jas ir ie\u0161koti efektyvi\u0173 sprendim\u0173, taikant tarptautines \u017einias ir patirt\u012f.<\/p>\n","protected":false},"author":1,"featured_media":0,"comment_status":"open","ping_status":"open","sticky":false,"template":"","format":"standard","meta":{"footnotes":""},"categories":[11],"tags":[],"views":59,"_links":{"self":[{"href":"https:\/\/archiforma.lt\/index.php?rest_route=\/wp\/v2\/posts\/511"}],"collection":[{"href":"https:\/\/archiforma.lt\/index.php?rest_route=\/wp\/v2\/posts"}],"about":[{"href":"https:\/\/archiforma.lt\/index.php?rest_route=\/wp\/v2\/types\/post"}],"author":[{"embeddable":true,"href":"https:\/\/archiforma.lt\/index.php?rest_route=\/wp\/v2\/users\/1"}],"replies":[{"embeddable":true,"href":"https:\/\/archiforma.lt\/index.php?rest_route=%2Fwp%2Fv2%2Fcomments&post=511"}],"version-history":[{"count":2,"href":"https:\/\/archiforma.lt\/index.php?rest_route=\/wp\/v2\/posts\/511\/revisions"}],"predecessor-version":[{"id":523,"href":"https:\/\/archiforma.lt\/index.php?rest_route=\/wp\/v2\/posts\/511\/revisions\/523"}],"wp:attachment":[{"href":"https:\/\/archiforma.lt\/index.php?rest_route=%2Fwp%2Fv2%2Fmedia&parent=511"}],"wp:term":[{"taxonomy":"category","embeddable":true,"href":"https:\/\/archiforma.lt\/index.php?rest_route=%2Fwp%2Fv2%2Fcategories&post=511"},{"taxonomy":"post_tag","embeddable":true,"href":"https:\/\/archiforma.lt\/index.php?rest_route=%2Fwp%2Fv2%2Ftags&post=511"}],"curies":[{"name":"wp","href":"https:\/\/api.w.org\/{rel}","templated":true}]}}