{"id":495,"date":"2014-10-22T08:49:28","date_gmt":"2014-10-22T08:49:28","guid":{"rendered":"http:\/\/archiforma.lt\/?p=495"},"modified":"2014-10-22T08:58:16","modified_gmt":"2014-10-22T08:58:16","slug":"danius-rimvydas-glinskis","status":"publish","type":"post","link":"https:\/\/archiforma.lt\/?p=495","title":{"rendered":"Danius Rimvydas Glinskis"},"content":{"rendered":"<p>Gim\u0117 1957 m. Kaune.<\/p>\n<p>Architekt\u016br\u0105 baig\u0117 1980 m. VISI.<\/p>\n<p>\u012e u\u017esien\u012f i\u0161vyko 1987 m.<\/p>\n<p><a href=\"http:\/\/archiforma.lt\/wp-content\/uploads\/2014\/10\/glinskis.jpg\"><img loading=\"lazy\" decoding=\"async\" class=\"alignleft wp-image-497 size-thumbnail\" src=\"http:\/\/archiforma.lt\/wp-content\/uploads\/2014\/10\/glinskis-150x150.jpg\" alt=\"glinskis\" width=\"150\" height=\"150\" \/><\/a><\/p>\n<p>&nbsp;<\/p>\n<p>1989 metai, Niujorkas, Soho rajonas. Ind\u0173 restoran\u0117lis, \u012f kur\u012f galima atsine\u0161ti savo alaus. Danius vai\u0161ina mane su \u017emona, i\u0161 tolimesnio Naujojo D\u017eersio kampo atvykusius \u012f Niujork\u0105 pamatyti \u201eDid\u017eiojo Obuolio\u201c nakt\u012f.<\/p>\n<p>Danius jau dveji metai Amerikoje, dirba pas Ed\u0105 Babu\u0161\u012f, kur po jo dar \u201epasimank\u0161tino\u201c ir Alvydas Songaila, ir dar vienas kitas lietuvaitis.<\/p>\n<p>Taigi, pavalg\u0119 i\u0161einam \u012f nakt\u012f. J\u0105 tik\u0117jom\u0117s pamatyti toki\u0105, kaip TV ekrane ar atvirukuose, ta\u010diau papuolam \u012f tikrai \u201emeki\u0161k\u0105\u201c nakt\u012f \u2013 su juodais juodais interjerais, juodais \u017emon\u0117mis, kur grojamas d\u017eiazas, kur prie baro reikia prasibrauti beveik j\u0117ga. Danius jau\u010diasi laisvai, mes \u2013 gerokai sumi\u0161\u0119, kaip ir dera baltiems provincialams. Taip per\u0117j\u0119 kelis klubinius barus atsiduriame pas Dani\u0173 namuose (nakvosime pas j\u012f) \u2013 Harvardo universiteto doktorant\u0173 bendrabutyje, kur jo miela \u017emona, \u0161io universiteto doktorant\u0117, su nuostabiu akcentu kalba lietuvi\u0161kai.<!--more--><\/p>\n<p>Ryte Danius parodo, kur prasideda Bronksas, ir pats i\u0161spaud\u017eia darban. \u0160iek tiek paklaid\u017eioj\u0119 atsiduriame Bronkse. Tai buvo viena i\u0161 labiausiai \u012ftempt\u0173 kelion\u0117s dien\u0173. Supratau, kad net proletarin\u0117s valstyb\u0117s SSSR pasas nepad\u0117s, jeigu nedingsime i\u0161 tamsiaspalv\u0117s aplinkos.<\/p>\n<p>V\u0117liau pasiguod\u017eiau Daniui, kad nesijau\u010diu komforti\u0161kai tokioje \u012fvairiaras\u0117je kompanijoje, nes t\u0173 \u017emoni\u0173 elgesys man neatrod\u0117 \u012fprastas, kartais \u2013 netgi agresyvus.<\/p>\n<p>Danius atsak\u0117, kad neverta gyventi Niujorke, jeigu negali naudotis visais jo teikiamais privalumais, nesvarbu kur \u2013 Manhatane, Quince, ar Sohe, nesvarbu kada \u2013 dien\u0105 ar nakt\u012f. Ir a\u0161 supratau: Danius pritapo, jis jau niujorkietis.<\/p>\n<p>Tolimesnis jo gyvenimas tai tik paliudijo. Trumpai padirb\u0117j\u0119s San Franciske jis gr\u012f\u017eo \u012f sav\u0105j\u012f Niujork\u0105 ir nuo 1997 met\u0173 iki \u0161iol dirba \u201eBuilding Conservation Associates Inc\u201c. Tai \u2013 ne bet kas. Tai firma, bendradarbiaujanti su geriausiomis JAV projektavimo firmomis, kai reikalai sukasi apie pastat\u0173 restauravim\u0105 ir konservavim\u0105. \u012esivaizduoju, kok\u012f malonum\u0105 galima jausti dirbant su t\u016bkstantin\u0117mis erdv\u0117mis, j\u0173 interjerais, su <em>art deco<\/em> stiliaus interjerais. \u201eMetropolitan life \u00adtower\u201c restauravimas, \u0160v. Patriko kated\u00adros, Grand Central Terminalo traukini\u0173 stoties, St. John Divine katedros restauravimas&#8230; Jo k\u016brybin\u0117je biografijoje \u2013 s\u0105lytis su tokiais modernizmo mil\u017einais kaip Eero Saarinenas su jo \u201eGeneral Motor\u2018s\u201c ir Walteris Gopiusas su \u201ePan AM\u201c dangorai\u017eiu, iki skausmo \u017einomu visiems XX am\u017eiaus antros pus\u0117s architektams ir liksian\u010diu tokiu am\u017einai.<\/p>\n<p>Tas ilgas stambi\u0173 objekt\u0173 s\u0105ra\u0161as rei\u0161kia, kad D. R. Glinskis tapo atsakingu ir reik\u0161mingu architektu savo firmoje, mieste, kurio gatves jis apib\u016bdina: \u201etai lyg kinas ar teatras, tai visa pasaulio mozaika, kurios nerasi niekur kitur\u201c.<\/p>\n<p>Pats architektas savo status\u0105 darboviet\u0117je apibr\u0117\u017eia labai kukliai: \u201e\u0160iuo metu esu atsakingas u\u017e projekt\u0173 technin\u012f i\u0161leidim\u0105 ir prie\u017ei\u016br\u0105. Taip pat atlieku visus pastat\u0173 architekt\u016brini\u0173 pasikeitim\u0173 tyrimus, kuriu \u012fvairias kompiuterines tyrim\u0173 sistemas (!). Dalyvauju ekspertams vertinant architekt\u016brini\u0173 sprendim\u0173 poveik\u012f paminklui&#8230; esu daugiau panaudojamas, kai i\u0161kyla architekt\u016brini\u0173 suderinim\u0173 ar kit\u0173 architekt\u016brini\u0173 sprendim\u0173 problemos\u201c.<\/p>\n<p>Ties\u0105 sakant, su m\u016bs\u0173 \u201ek\u016brybiniu\u201c mentalitetu sunkoka suvokti jo atliekamo darbo specifik\u0105 ir apimt\u012f. Reikia pripa\u017einti, kad D. Glinskis \u017eymiai kilsteli profesinio amato kartel\u0119 pabr\u0117\u017edamas jo atsakomyb\u0119 ir reik\u0161m\u0119 bendrai architekt\u016brinei s\u0117kmei.<\/p>\n<p>\u201eKas gi yra senamiestis \u017evelgiant k\u016br\u0117jo-amatininko problemos po\u017ei\u016briu? \u2013 klausia Danius, kalb\u0117damas apie Vilniaus senamiest\u012f. \u2013 O juk jame daug daugiau kuriai nors epochai artim\u0173 tipini\u0173 pasat\u0173, sukurt\u0173 amatinink\u0173, negu unikali\u0173, k\u016br\u0117jo vardo vert\u0173 k\u016brini\u0173&#8230; O kaip rezultat\u0105 turime unikal\u0173 Vilniaus senamiest\u012f. Istorinis tipi\u0161kumas, da\u017enai bendras net dideliam kult\u016briniam regionui, pritaikomas vietinei gamtai, masteliui, iki tol buvusiam palikimui, tuo metu gyvenan\u010di\u0173 \u017emoni\u0173 poreikiams, daugiausia ir sudaro, ir padaro tam tikr\u0105 miesto dal\u012f unikali\u0105.\u201c<\/p>\n<p>\u0160tai \u010dia mes galime konstatuoti, kad \u012fvairi\u0173 kult\u016br\u0173 pa\u017einimas, i\u0161silavinimas leid\u017eia, kaip teigia R. D. Glinskis, auk\u0161tai vertinantis savo Alma Mater Lietuvoje, kuri suteik\u0117 \u017eini\u0173, pakankam\u0173 \u012fsisavinti vietin\u0119 projektavimo kult\u016br\u0105, galiausiai leid\u017eia jam konstatuoti, kad \u201eLietuvos patyrimo sujungimas su Amerikos pasiekimais pad\u0117jo man atrasti unikali\u0105 pad\u0117t\u012f \u012fstaigoje\u201c.<\/p>\n<p>Ir dar viena R. D. Glinskio \u012f\u017evalga i\u0161 prie\u0161 de\u0161imtmet\u012f duoto interviu tai pa\u010diai \u201eArchiformai\u201c. \u201eI\u0161 \u0161alies \u017ei\u016brint, Lietuva turi gra\u017ei\u0105 architekt\u016brin\u0119 ateit\u012f: konservatyvi tauta su k\u016brybingais architektais, at\u0117jus konkurencijai ir naujoms statybos galimyb\u0117ms, tur\u0117t\u0173 i\u0161vystyti solid\u0173 nevienadien\u012f stili\u0173\u201c.<\/p>\n<p>Gra\u017eus palink\u0117jimas. Tik\u0117kim\u0117s, kad jis vis dar realus, nors konservatyvumas vis labiau liberal\u0117ja ir atne\u0161a neb\u016bding\u0105 elgsen\u0105, o \u201esolidus\u201c stilius kol kas mimikruoja juodo pelno farvateryje.<\/p>\n<p>K\u0105 gi, nuo pirmojo susitikimo Amerikoje prab\u0117go dvide\u0161imt penkeri metai. \u017dinau, kad buitinis Daniaus Glinskio \u0161eimos statusas yra radikaliai pakit\u0119s, kad jis i\u0161augino tris vaikus, kad seka bendrakult\u016brinius reikalus Lietuvoje, stengiasi dalyvauti Santaros-\u0160viesos suva\u017eiavimuose, bet&#8230; bet turime pripa\u017einti, kad \u0161iandien, ir turb\u016bt am\u017einai, Danius Rimvydas Glinskis lieka lietuviu \u2013 Amerikos architektu.<\/p>\n<p>Apmaudu? \u0160iek tiek. Ta\u010diau smagu \u017einoti, kad ne bet kur, o viso pasaulio \u201eDid\u017eiajame Obuolyje\u201c yra nepasimet\u0119s Lietuvos architektas.<\/p>\n<h1>Leonardas Vaitys<\/h1>\n<div class=\"albumbottom\">\n<p><a href=\"http:\/\/archiforma.lt\/wp-content\/uploads\/2014\/10\/boksto-virsus-baigtas.jpg\"><img loading=\"lazy\" decoding=\"async\" class=\"alignleft size-full wp-image-496\" src=\"http:\/\/archiforma.lt\/wp-content\/uploads\/2014\/10\/boksto-virsus-baigtas.jpg\" alt=\"boksto virsus baigtas\" width=\"585\" height=\"886\" srcset=\"https:\/\/archiforma.lt\/wp-content\/uploads\/2014\/10\/boksto-virsus-baigtas.jpg 585w, https:\/\/archiforma.lt\/wp-content\/uploads\/2014\/10\/boksto-virsus-baigtas-198x300.jpg 198w\" sizes=\"(max-width: 585px) 100vw, 585px\" \/><\/a><a href=\"http:\/\/archiforma.lt\/wp-content\/uploads\/2014\/10\/glinskis.jpg\"><img loading=\"lazy\" decoding=\"async\" class=\"alignleft size-thumbnail wp-image-497\" src=\"http:\/\/archiforma.lt\/wp-content\/uploads\/2014\/10\/glinskis-150x150.jpg\" alt=\"glinskis\" width=\"150\" height=\"150\" \/><\/a><a href=\"http:\/\/archiforma.lt\/wp-content\/uploads\/2014\/10\/Octagon-1913.jpg\"><img loading=\"lazy\" decoding=\"async\" class=\"alignleft size-thumbnail wp-image-498\" src=\"http:\/\/archiforma.lt\/wp-content\/uploads\/2014\/10\/Octagon-1913-150x150.jpg\" alt=\"Octagon 1913\" width=\"150\" height=\"150\" \/><\/a><\/p>\n<p><a href=\"http:\/\/archiforma.lt\/wp-content\/uploads\/2014\/10\/Octagon-pries-restauracija.jpg\"><img loading=\"lazy\" decoding=\"async\" class=\"alignleft size-thumbnail wp-image-499\" src=\"http:\/\/archiforma.lt\/wp-content\/uploads\/2014\/10\/Octagon-pries-restauracija-150x150.jpg\" alt=\"Octagon pries restauracija\" width=\"150\" height=\"150\" \/><\/a><\/p>\n<p><a href=\"http:\/\/archiforma.lt\/wp-content\/uploads\/2014\/10\/Octagon-east.jpg\"><img loading=\"lazy\" decoding=\"async\" class=\"alignleft size-thumbnail wp-image-500\" src=\"http:\/\/archiforma.lt\/wp-content\/uploads\/2014\/10\/Octagon-east-150x150.jpg\" alt=\"Octagon-east\" width=\"150\" height=\"150\" \/><\/a><\/p>\n<p><a href=\"http:\/\/archiforma.lt\/wp-content\/uploads\/2014\/10\/Octagon-t.jpg\"><img loading=\"lazy\" decoding=\"async\" class=\"alignleft size-thumbnail wp-image-501\" src=\"http:\/\/archiforma.lt\/wp-content\/uploads\/2014\/10\/Octagon-t-150x150.jpg\" alt=\"L:\ufffd3_Drawing_ArchivesOctagonBCA-BIDR300T-R800T R300T (1)\" width=\"150\" height=\"150\" \/><\/a><\/p>\n<p><a href=\"http:\/\/archiforma.lt\/wp-content\/uploads\/2014\/10\/St.Patrick-restauruoti-bokstai.jpg\"><img loading=\"lazy\" decoding=\"async\" class=\"alignleft size-thumbnail wp-image-502\" src=\"http:\/\/archiforma.lt\/wp-content\/uploads\/2014\/10\/St.Patrick-restauruoti-bokstai-150x150.jpg\" alt=\"St.Patrick restauruoti bokstai\" width=\"150\" height=\"150\" srcset=\"https:\/\/archiforma.lt\/wp-content\/uploads\/2014\/10\/St.Patrick-restauruoti-bokstai-150x150.jpg 150w, https:\/\/archiforma.lt\/wp-content\/uploads\/2014\/10\/St.Patrick-restauruoti-bokstai-300x300.jpg 300w, https:\/\/archiforma.lt\/wp-content\/uploads\/2014\/10\/St.Patrick-restauruoti-bokstai-1024x1024.jpg 1024w, https:\/\/archiforma.lt\/wp-content\/uploads\/2014\/10\/St.Patrick-restauruoti-bokstai.jpg 1181w\" sizes=\"(max-width: 150px) 100vw, 150px\" \/><\/a><\/p>\n<p><a href=\"http:\/\/archiforma.lt\/wp-content\/uploads\/2014\/10\/StPatrick-WEST.jpg\"><img loading=\"lazy\" decoding=\"async\" class=\"alignleft size-thumbnail wp-image-503\" src=\"http:\/\/archiforma.lt\/wp-content\/uploads\/2014\/10\/StPatrick-WEST-150x150.jpg\" alt=\"L:\ufffd1_Project_Drawings_Drawings_NYCSt. Patrick's Cathedral4_D\" width=\"150\" height=\"150\" \/><\/a><\/p>\n<p><a href=\"http:\/\/archiforma.lt\/wp-content\/uploads\/2014\/10\/Trancept-virsus-baigtas.jpg\"><img loading=\"lazy\" decoding=\"async\" class=\"alignleft size-thumbnail wp-image-504\" src=\"http:\/\/archiforma.lt\/wp-content\/uploads\/2014\/10\/Trancept-virsus-baigtas-150x150.jpg\" alt=\"Trancept- virsus baigtas\" width=\"150\" height=\"150\" \/><\/a><\/p>\n<\/div>\n","protected":false},"excerpt":{"rendered":"<p>Gim\u0117 1957 m. Kaune. Architekt\u016br\u0105 baig\u0117 1980 m. VISI. \u012e u\u017esien\u012f i\u0161vyko 1987 m. &nbsp; 1989 metai, Niujorkas, Soho rajonas. Ind\u0173 restoran\u0117lis, \u012f kur\u012f galima atsine\u0161ti savo alaus. Danius vai\u0161ina mane su \u017emona, i\u0161 tolimesnio Naujojo D\u017eersio kampo atvykusius \u012f Niujork\u0105 pamatyti \u201eDid\u017eiojo Obuolio\u201c nakt\u012f. Danius jau dveji metai Amerikoje, dirba pas Ed\u0105 Babu\u0161\u012f, kur [&hellip;]<\/p>\n","protected":false},"author":1,"featured_media":0,"comment_status":"open","ping_status":"open","sticky":false,"template":"","format":"standard","meta":{"footnotes":""},"categories":[11],"tags":[],"views":69,"_links":{"self":[{"href":"https:\/\/archiforma.lt\/index.php?rest_route=\/wp\/v2\/posts\/495"}],"collection":[{"href":"https:\/\/archiforma.lt\/index.php?rest_route=\/wp\/v2\/posts"}],"about":[{"href":"https:\/\/archiforma.lt\/index.php?rest_route=\/wp\/v2\/types\/post"}],"author":[{"embeddable":true,"href":"https:\/\/archiforma.lt\/index.php?rest_route=\/wp\/v2\/users\/1"}],"replies":[{"embeddable":true,"href":"https:\/\/archiforma.lt\/index.php?rest_route=%2Fwp%2Fv2%2Fcomments&post=495"}],"version-history":[{"count":6,"href":"https:\/\/archiforma.lt\/index.php?rest_route=\/wp\/v2\/posts\/495\/revisions"}],"predecessor-version":[{"id":510,"href":"https:\/\/archiforma.lt\/index.php?rest_route=\/wp\/v2\/posts\/495\/revisions\/510"}],"wp:attachment":[{"href":"https:\/\/archiforma.lt\/index.php?rest_route=%2Fwp%2Fv2%2Fmedia&parent=495"}],"wp:term":[{"taxonomy":"category","embeddable":true,"href":"https:\/\/archiforma.lt\/index.php?rest_route=%2Fwp%2Fv2%2Fcategories&post=495"},{"taxonomy":"post_tag","embeddable":true,"href":"https:\/\/archiforma.lt\/index.php?rest_route=%2Fwp%2Fv2%2Ftags&post=495"}],"curies":[{"name":"wp","href":"https:\/\/api.w.org\/{rel}","templated":true}]}}