{"id":483,"date":"2014-10-22T08:35:09","date_gmt":"2014-10-22T08:35:09","guid":{"rendered":"http:\/\/archiforma.lt\/?p=483"},"modified":"2014-10-22T08:39:59","modified_gmt":"2014-10-22T08:39:59","slug":"architekte-egle-feil-vokietija","status":"publish","type":"post","link":"https:\/\/archiforma.lt\/?p=483","title":{"rendered":"Architekt\u0117 Egl\u0117 Feil, Vokietija"},"content":{"rendered":"<p>Gim\u0117 1979 m., \u0160iauliuose.<\/p>\n<p>Architekt\u016br\u0105 baig\u0117 2003 m. VGTU.<\/p>\n<p>\u012e u\u017esien\u012f i\u0161vyko 2006 m.<\/p>\n<p><a href=\"http:\/\/archiforma.lt\/wp-content\/uploads\/2014\/10\/DSC_0800.jpg\"><img loading=\"lazy\" decoding=\"async\" class=\"alignleft size-thumbnail wp-image-484\" src=\"http:\/\/archiforma.lt\/wp-content\/uploads\/2014\/10\/DSC_0800-150x150.jpg\" alt=\"DSC_0800\" width=\"150\" height=\"150\" \/><\/a><\/p>\n<p>&nbsp;<\/p>\n<p>Architekt\u0117 Egl\u0117 Feil architekt\u016bros studijas baig\u0117 VGTU ir \u012fgavusi magistro laipsn\u012f 2003 metais dar tris metus dirbo Lietuvoje. Ta\u010diau 2006 metais patrauk\u0117 \u012f Vokietij\u0105. Architekt\u0117 teigia, kad darb\u0105 Vokietijoje susirado pakankamai greitai, itin pravert\u0117 trij\u0173 met\u0173 patirtis Lietuvoje.<\/p>\n<p>Architektei teko dirbti ne viename Vokietijos architekt\u0173 biure. Ta\u010diau dabar yra laisvai samdoma architekt\u0117: \u201eEsu savaranki\u0161kai dirbanti architekt\u0117, o tai rei\u0161kia esu samdoma tam tikriems projektams ir nesu prisiri\u0161usi prie kurio nors biuro. Toks darbo b\u016bdas labai populiarus Vokietijoje, suteikia daugiau laisvi\u0173 ir leid\u017eia racionaliau planuoti darbo laik\u0105 bei pajamas, bet, \u017einoma, i\u0161 kitos pus\u0117s tai nesustojanti ir niekada nesibaigianti nauj\u0173 projekt\u0173 ir partneri\u0173 paie\u0161ka. 2008 metais besidairant naujo projekto Hamburge, buvau netik\u0117tai nustebinta gavusi pasi\u016blym\u0105 dirbti su Alfredu Trimoniu, kuriam iki \u0161iol esu d\u0117kinga u\u017e ne\u012fkainojam\u0105 patirt\u012f, kuris, savo asmeniniu pavyzd\u017eiu, \u012fkv\u0117p\u0117 mane pasitik\u0117jimo savimi ir suvokimo, kad ir b\u016bdami architektais i\u0161 Ryt\u0173 Europos turime begal\u0119 labai vertinam\u0173 privalum\u0173 vietin\u0117je rinkoje.\u201d<!--more--><\/p>\n<p>Architekt\u0117 Egl\u0117 Feil, esanti Bavarijos archiktet\u0173 s\u0105jungos nare, daugiausiai u\u017esiima \u012fvairiomis renovacijomis ir rekonstrukcijomis, ta\u010diau projektuoja ir naujus objektus: \u201cKaip visada dirbau su \u012fvairiausiais projektais, nuo naujos statybos seneli\u0173 pensiono realizacijos Rosenheim\u2018e iki pa\u010dioje senamies\u010dio \u0161irdyje esan\u010dios pal\u0117p\u0117s rekonstrukcijos su antstatu istoriniam Bavarijos \u201eWittelsbacher Ausgleichfonds\u201c fondui. Dirbu keli\u0173, kartu dirban\u010di\u0173, architekt\u0173 biure, pas architekt\u0105 Werner Trost Miuncheno centre. Darome daug \u012fvairi\u0173 projekt\u0173, nuo naujos statybos individuali\u0173 gyvenam\u0173j\u0173 nam\u0173 iki, mano taip m\u0117giam\u0173, senamies\u010dio rekonstrukcij\u0173. Laikui b\u0117gant, s\u0105moningai dirbant nedideliuose architekt\u016bros biuruose \u012fgijau patirties visose 10-je Vokietijos architektam reikaling\u0173 \u201eLeistungsphasen\u201c \u2013 statybos \/projektavimo darb\u0173 fazi\u0173 ir nuo 2011 metu esu ByAk- Bavarijos architekt\u0173 s\u0105jungos nar\u0117. Ko pasekoje esu atestuota architekt\u0117 Miunchene. Paskutiniais metais Miunchene labai aktuali tema gyvenamo ploto tankinimas, tod\u0117l pagaus\u0117jo gyvenam\u0173j\u0173 nam\u0173 renovacini\u0173 projekt\u0173: ypa\u010d aktuali tema senamiestyje &#8211; pal\u0117pi\u0173 \u012frengimas, fasad\u0173 ap\u0161iltinimas, nauj\u0173 lift\u0173 esamose paminklosaugin\u0117se laiptin\u0117se \u012frengimas bei apleist\u0173 industrini\u0173 teritorij\u0173 konversija ir naujas u\u017estatymas.<\/p>\n<p>&nbsp;<\/p>\n<p>Vienas \u012fdomesni\u0173 architekt\u0117s projekt\u0173 \u2013 pal\u0117p\u0117s rekonstrukcija Miuncheno senamiestyje. Pal\u0117p\u0117je \u012frengti trys butai su terasomis. Laiptin\u0117je \u012frengtas stiklinis, penki\u0173 sustojim\u0173 liftas, kuris palengvina buit\u012f ne tik ne\u012fgaliems, bet ir pensijinio am\u017eiaus \u017emon\u0117ms. Architekt\u0117 atkreipia d\u0117mes\u012f, kad lifto \u012frengimas yra finansuojamas valstyb\u0117s. Projektas \u012fgyvendintas 2011 metais. Pastate, kuris yra pastatytas apie 1900 metus, \u012frengti ne tik butai bet ir ofisai biurai.<\/p>\n<p>Pasak architekt\u0117s Egl\u0117s Feil: \u201eRekonstruojant pastatus ar \u012frengiant pal\u0117pes Vokietijoje, taip pat svarb\u016bs ir kiti aspektai, kaip antai kiekvienam naujai \u012frengiamam butui turi b\u016bti \u012frengiama, arba i\u0161 miesto i\u0161siperkama vieta automobili\u0173 ir dvira\u010di\u0173 parkavimui, bei naujai traktuojama visa namo prie\u0161gaisrin\u0117 situacija. Evakuaciniai keliai, automati\u0161kai atsidarantis langas d\u016bmams pa\u0161alinti, esant gaisrinei situacijai bei sandarios T30 (gaisro atveju neperdegan\u010dios per 30 minu\u010di\u0173) but\u0173 bei r\u016bsio durys. \u012evykd\u017eius toki\u0105 rekonstrukcij\u0105, visas esamas pastatas atitinka naujausius planavimo, energetinius, akustinius ir prie\u0161gaisrinius reikalavimus. Mano kaip architekt\u0117s id\u0117ja ir indelis buvo ne tik sukurti \u0161viesias ir i\u0161skirties erdves, bet taip pat palikti kuo daugiau sen\u0173\/egzistuojan\u010di\u0173 konstrukcij\u0173 bei panaudoti statyb\u0173 metu \u012f atliek\u0173 konteiner\u012f keliausian\u010dias \u0161imtme\u010dius skai\u010diuojan\u010dias med\u017eiagas bei elementus. Tod\u0117l \u0161ios medin\u0117s konstrukcijos buvo sutvirtintos metalin\u0117mis sijomis bei atnaujinti seni kalviu ranku darbo tur\u0117klai laiptin\u0117se ir panaudoti lifto \u012frengimo metu\u201c.<\/p>\n<p>Nors butuose gausu tradicini\u0173 med\u017eio bei metalo element\u0173 \u2013 butai labai modern\u016bs ir erdv\u016bs, su galerijomis bei stogo terasomis. Kiekvienas butas turi po du vonios kambarius, kurie, kaip ir visi butai, i\u0161kloti trisluoksniu \u0105\u017euolo parketu. Butai labai objektyvaus ir racionalaus i\u0161planavimo, paliekantys erdves tolimesniems interjero \u012frengimo variantams.<\/p>\n<p>&nbsp;<\/p>\n<p>Dar vienas \u012fdomus architekt\u0117s projektas \u2013 taip pat renovacija. Kaip teigia pati architekt\u0117, \u0161ie renovacijos projektai, atskleid\u017eia jos asmenin\u012f k\u016brybos stili\u0173, u\u017edavinius bei id\u0117jas.<\/p>\n<p>\u0160is projektas \u2013 tai vieno 250 m<sup>2<\/sup> buto \u012frengimas sename sand\u0117lyje. Name taip pat \u012frengtas stiklinis liftas, izoliuotas stogas, \u012frengti stoglangiai bei taip pat atnaujintos namo prie\u0161gaisrines funkcijos bei suprojektuota nauja stogo terasa. Galerijos lygyje panaudotos senos med\u017eio sijos bei pastatytas stiklinis tiltas per\u0117jimui \u012f antr\u0105 (dar ne\u012fgyvendint\u0105) stogo teras\u0105 su restauruotais, i\u0161 laiptin\u0117s perkeltais senais tur\u0117klais. Bute du miegamieji, darbo ir du vonios kambariai, visos kitos patalpos suprojektuotos kaip atviros viena \u012f kit\u0105 funkcijomis persiliejan\u010dios erdv\u0117s. Buto a\u0161imi tapo \u017eidinio\/virtuv\u0117s\/koridoriaus spintos t\u016bris, suskirstantis erdv\u0119 \u012f funkcines zonas.<\/p>\n<p>Architekt\u0117 aktyviai dalyvauja lietuvi\u0173 bendruomen\u0117s Vokietijoje veikloje: veda \u0161e\u0161tadienines mokykl\u0117les \u2013 kalbos\/meno u\u017esi\u0117mimus, organizuoja Lietuvos jaunimo kino klub\u0105. Ta\u010diau architekt\u0117 \u012f Lietuv\u0105 gr\u012f\u017eti neketina, ta\u010diau tikisi, kad ir toliau pavyks aktyviai bendrauti ir bendradarbiauti su kolegomis i\u0161 Lietuvos.<\/p>\n<h1>Greta Grabyt\u0117<\/h1>\n<p>&nbsp;<\/p>\n<div class=\"albumbottom\"><a href=\"http:\/\/archiforma.lt\/wp-content\/uploads\/2014\/10\/Schnaderb_\u010cckstr-6.jpg\"><img loading=\"lazy\" decoding=\"async\" class=\"alignleft size-medium wp-image-489\" src=\"http:\/\/archiforma.lt\/wp-content\/uploads\/2014\/10\/Schnaderb_\u010cckstr-6-225x300.jpg\" alt=\"OLYMPUS DIGITAL CAMERA\" width=\"225\" height=\"300\" srcset=\"https:\/\/archiforma.lt\/wp-content\/uploads\/2014\/10\/Schnaderb_\u010cckstr-6-225x300.jpg 225w, https:\/\/archiforma.lt\/wp-content\/uploads\/2014\/10\/Schnaderb_\u010cckstr-6-768x1024.jpg 768w, https:\/\/archiforma.lt\/wp-content\/uploads\/2014\/10\/Schnaderb_\u010cckstr-6.jpg 886w\" sizes=\"(max-width: 225px) 100vw, 225px\" \/><\/a><a href=\"http:\/\/archiforma.lt\/wp-content\/uploads\/2014\/10\/P3311349.jpg\"><img loading=\"lazy\" decoding=\"async\" class=\"alignleft size-medium wp-image-488\" src=\"http:\/\/archiforma.lt\/wp-content\/uploads\/2014\/10\/P3311349-298x300.jpg\" alt=\"OLYMPUS DIGITAL CAMERA\" width=\"298\" height=\"300\" srcset=\"https:\/\/archiforma.lt\/wp-content\/uploads\/2014\/10\/P3311349-298x300.jpg 298w, https:\/\/archiforma.lt\/wp-content\/uploads\/2014\/10\/P3311349-150x150.jpg 150w, https:\/\/archiforma.lt\/wp-content\/uploads\/2014\/10\/P3311349.jpg 589w\" sizes=\"(max-width: 298px) 100vw, 298px\" \/><\/a><a href=\"http:\/\/archiforma.lt\/wp-content\/uploads\/2014\/10\/P1271326.jpg\"><img loading=\"lazy\" decoding=\"async\" class=\"alignleft size-medium wp-image-487\" src=\"http:\/\/archiforma.lt\/wp-content\/uploads\/2014\/10\/P1271326-225x300.jpg\" alt=\"OLYMPUS DIGITAL CAMERA\" width=\"225\" height=\"300\" srcset=\"https:\/\/archiforma.lt\/wp-content\/uploads\/2014\/10\/P1271326-225x300.jpg 225w, https:\/\/archiforma.lt\/wp-content\/uploads\/2014\/10\/P1271326.jpg 562w\" sizes=\"(max-width: 225px) 100vw, 225px\" \/><\/a><a href=\"http:\/\/archiforma.lt\/wp-content\/uploads\/2014\/10\/DSCF0618.jpg\"><img loading=\"lazy\" decoding=\"async\" class=\"alignleft size-medium wp-image-486\" src=\"http:\/\/archiforma.lt\/wp-content\/uploads\/2014\/10\/DSCF0618-225x300.jpg\" alt=\"DSCF0618\" width=\"225\" height=\"300\" srcset=\"https:\/\/archiforma.lt\/wp-content\/uploads\/2014\/10\/DSCF0618-225x300.jpg 225w, https:\/\/archiforma.lt\/wp-content\/uploads\/2014\/10\/DSCF0618-768x1024.jpg 768w, https:\/\/archiforma.lt\/wp-content\/uploads\/2014\/10\/DSCF0618.jpg 886w\" sizes=\"(max-width: 225px) 100vw, 225px\" \/><\/a><\/p>\n<p><a href=\"http:\/\/archiforma.lt\/wp-content\/uploads\/2014\/10\/DSCF0601.jpg\"><img loading=\"lazy\" decoding=\"async\" class=\"alignleft size-medium wp-image-485\" src=\"http:\/\/archiforma.lt\/wp-content\/uploads\/2014\/10\/DSCF0601-300x225.jpg\" alt=\"DSCF0601\" width=\"300\" height=\"225\" srcset=\"https:\/\/archiforma.lt\/wp-content\/uploads\/2014\/10\/DSCF0601-300x225.jpg 300w, https:\/\/archiforma.lt\/wp-content\/uploads\/2014\/10\/DSCF0601-1024x768.jpg 1024w, https:\/\/archiforma.lt\/wp-content\/uploads\/2014\/10\/DSCF0601.jpg 1152w\" sizes=\"(max-width: 300px) 100vw, 300px\" \/><\/a><\/p>\n<p><a href=\"http:\/\/archiforma.lt\/wp-content\/uploads\/2014\/10\/DSC_0800.jpg\"><img loading=\"lazy\" decoding=\"async\" class=\"alignleft size-medium wp-image-484\" src=\"http:\/\/archiforma.lt\/wp-content\/uploads\/2014\/10\/DSC_0800-300x198.jpg\" alt=\"DSC_0800\" width=\"300\" height=\"198\" srcset=\"https:\/\/archiforma.lt\/wp-content\/uploads\/2014\/10\/DSC_0800-300x198.jpg 300w, https:\/\/archiforma.lt\/wp-content\/uploads\/2014\/10\/DSC_0800-1024x678.jpg 1024w, https:\/\/archiforma.lt\/wp-content\/uploads\/2014\/10\/DSC_0800.jpg 1338w\" sizes=\"(max-width: 300px) 100vw, 300px\" \/><\/a><\/p>\n<\/div>\n","protected":false},"excerpt":{"rendered":"<p>Gim\u0117 1979 m., \u0160iauliuose. Architekt\u016br\u0105 baig\u0117 2003 m. VGTU. \u012e u\u017esien\u012f i\u0161vyko 2006 m. &nbsp; Architekt\u0117 Egl\u0117 Feil architekt\u016bros studijas baig\u0117 VGTU ir \u012fgavusi magistro laipsn\u012f 2003 metais dar tris metus dirbo Lietuvoje. Ta\u010diau 2006 metais patrauk\u0117 \u012f Vokietij\u0105. Architekt\u0117 teigia, kad darb\u0105 Vokietijoje susirado pakankamai greitai, itin pravert\u0117 trij\u0173 met\u0173 patirtis Lietuvoje. Architektei teko [&hellip;]<\/p>\n","protected":false},"author":1,"featured_media":0,"comment_status":"open","ping_status":"open","sticky":false,"template":"","format":"standard","meta":{"footnotes":""},"categories":[11],"tags":[],"views":48,"_links":{"self":[{"href":"https:\/\/archiforma.lt\/index.php?rest_route=\/wp\/v2\/posts\/483"}],"collection":[{"href":"https:\/\/archiforma.lt\/index.php?rest_route=\/wp\/v2\/posts"}],"about":[{"href":"https:\/\/archiforma.lt\/index.php?rest_route=\/wp\/v2\/types\/post"}],"author":[{"embeddable":true,"href":"https:\/\/archiforma.lt\/index.php?rest_route=\/wp\/v2\/users\/1"}],"replies":[{"embeddable":true,"href":"https:\/\/archiforma.lt\/index.php?rest_route=%2Fwp%2Fv2%2Fcomments&post=483"}],"version-history":[{"count":5,"href":"https:\/\/archiforma.lt\/index.php?rest_route=\/wp\/v2\/posts\/483\/revisions"}],"predecessor-version":[{"id":494,"href":"https:\/\/archiforma.lt\/index.php?rest_route=\/wp\/v2\/posts\/483\/revisions\/494"}],"wp:attachment":[{"href":"https:\/\/archiforma.lt\/index.php?rest_route=%2Fwp%2Fv2%2Fmedia&parent=483"}],"wp:term":[{"taxonomy":"category","embeddable":true,"href":"https:\/\/archiforma.lt\/index.php?rest_route=%2Fwp%2Fv2%2Fcategories&post=483"},{"taxonomy":"post_tag","embeddable":true,"href":"https:\/\/archiforma.lt\/index.php?rest_route=%2Fwp%2Fv2%2Ftags&post=483"}],"curies":[{"name":"wp","href":"https:\/\/api.w.org\/{rel}","templated":true}]}}