{"id":465,"date":"2014-10-16T14:23:03","date_gmt":"2014-10-16T14:23:03","guid":{"rendered":"http:\/\/archiforma.lt\/?p=465"},"modified":"2014-10-22T08:26:59","modified_gmt":"2014-10-22T08:26:59","slug":"lietuvos-paviljono-parodoje-expo-2015-milane-konkursas","status":"publish","type":"post","link":"https:\/\/archiforma.lt\/?p=465","title":{"rendered":"Lietuvos paviljono parodoje \u201eExpo 2015\u201c Milane konkursas"},"content":{"rendered":"<p>\u0160iais laikais rimtai \u017ei\u016brima \u012f tarptautines parodas kaip \u012f savo \u0161alies prek\u0117s \u017eenklo \u012ftvirtinim\u0105, tegu ir ribotomis architekt\u016brin\u0117mis priemon\u0117mis. Antra vertus, paviljono architekt\u016brai ir ekspozicijai keliami dideli reikalavimai \u2013 sudominti mil\u017eini\u0161kos parodos lankytoj\u0105 ir sulaikyti jo d\u0117mes\u012f.<\/p>\n<p><a href=\"http:\/\/archiforma.lt\/wp-content\/uploads\/2014\/10\/Un-Tavolo-Grande-1a-e1413469453133.jpg\"><img loading=\"lazy\" decoding=\"async\" class=\"alignleft wp-image-476 size-full\" src=\"http:\/\/archiforma.lt\/wp-content\/uploads\/2014\/10\/Un-Tavolo-Grande-1a-e1413469453133.jpg\" alt=\"joonised_20140206.dgn\" width=\"530\" height=\"341\" \/><\/a><br \/>\nModernizacijos procesas, suniveliav\u0119s kult\u016brinius skirtumus ir statybines bei konstrukcines ypatybes, paliko vienintel\u012f b\u016bd\u0105 i\u0161siskirti \u2013 simboli\u0173 k\u016brim\u0105. \u0160iuolaikin\u0117je architekt\u016broje \u012fteisintas fikcij\u0173 ir naratyv\u0173 k\u016brimo mechanizmas pasaulini\u0173 parod\u0173 atveju \u012frodo, kad gyvename \u017eenkli\u0161kumo laikais, kai da\u017enas projektas absoliu\u010diai atitinka savo deviz\u0105. Pastat\u0173-metafor\u0173, pastat\u0173-diagram\u0173 ir pastat\u0173-simboli\u0173 sankaupa virsta \u017eenkli\u0161kumo, tiksliausiai atspindin\u010dio \u0161alies identitet\u0105 ir parodos tem\u0105, var\u017eybomis. Akivaizdu ir tai, kad daug ikoni\u0161k\u0173 pastat\u0173 sud\u0117jus \u012f vien\u0105 kr\u016bv\u0105 ekstravaganti\u0161kame kontekste i\u0161skirtinumas dingsta. Tod\u0117l \u201eExpo\u201c pa\u00adro\u00addose vis da\u017eniau pastebimos ir sant\u016brumo, racionalumo, net minimalizmo tendencijos.<!--more--><br \/>\n2015 m. Milane \u012fvyksian\u010dios pasaulin\u0117s parodos tema \u201ePamaitinti planet\u0105, energija gyvenimui\u201c, o jos centre \u2013 maisto i\u0161tekli\u0173 apsauga ir tvari pl\u0117tra. Lietuvos paviljono vertinimo kriterijai, greta to, kad turi atitikti bendr\u0105 parodos tem\u0105, tradici\u0161kai visuomet buvo ekspozicijos originalumas ir funkcionalumas. Nauju kriterijumi galima b\u016bt\u0173 \u012fvardyti s\u0105lygose keliam\u0105 reikalavim\u0105 numatyti statinio demontavimo principus. Turb\u016bt pasimokyta i\u0161 2000-\u0173j\u0173 \u201eExpo\u201c parodos geltonojo Lietuvos paviljono, iki \u0161iol tebestovin\u010dio laukuose prie Hanoverio. Tod\u0117l gautuose pasi\u016blymuose buvo si\u016bloma perdirbti ne tik panaudotas med\u017eiagas, bet ir vis\u0105 statin\u012f \u2013 nuo jo i\u0161ardymo moduliais iki permontavimo Lietuvoje laikinoms keliaujan\u010dioms ekspozicijoms. Visgi akivaizdu, kad esminis vertinimo kriterijus buvo tinkamai parinktas \u017eenklas, \u012fvaizdis, simbolis, atitinkantis inovatyvios ir dinami\u0161kos \u0161alies \u012fvaizd\u012f.<br \/>\nKonkursui pateikti 27 pasi\u016blymai, kuriuos, prisiminus postmodernizmo pam\u0117gt\u0105 architekt\u016bros palyginim\u0105 su kalba, galima vadinti metaforomis. Jos skleid\u0117si tarp gana abstrak\u010di\u0173, ne i\u0161 karto perskaitom\u0173 ir sofistikuot\u0173 (biosfera, balansas, chromosoma, siekis) iki labiau ap\u010diuopiam\u0173, \u201edaikti\u0161kesni\u0173\u201c, siekian\u010di\u0173 papirkti savo taiklumu (gr\u016bd\u0173 d\u017eiovykla, piliakalnis, mi\u0161kas, rugi\u0173 laukas). Formuojant ekspozicij\u0105 ir derinantis prie parodos temos da\u017enai kartojosi raktiniai \u017eod\u017eiai \u201estalas\u201c, \u201estalties\u0117\u201c, \u201eindas\u201c. Prie \u201edaikti\u0161kesni\u0173\u201c metafor\u0173 galima priskirti darbus \u201ePiliakalnis\u201c (Lietuvos ir Suomijos UAB \u201eArchitekt\u016bros linija\u201c) ir \u201eGr\u016bd\u0173 d\u017eiovykla\u201c (UAB \u201eMilimetras\u201c), reprezentavusius turin\u012f per ai\u0161kiai atpa\u017e\u012fstam\u0105 form\u0105. Nepaisant galimo metaforos akivaizdumo (\u0161iuos darbus turb\u016bt galima \u012fsivaizduoti jau vien i\u0161 pavadinimo, nepridedant joki\u0173 iliustracij\u0173), juose netr\u016bko inovatyvi\u0173 interjero ekspozicijos sprendini\u0173. Bet gal pritr\u016bko paslapties, anot Ch. Jenckso, reikalingos \u017eenkli\u0161kiems pastatams?..<br \/>\nKonkurso organizator\u0117s \u2013 Aplinkos ministerijos \u2013 organizuotose vie\u0161ose diskusijose Klaip\u0117doje, \u0160iauliuose, Kaune ir Vilniuje architektai ekspertai i\u0161skyr\u0117 kelis galimus lyderius. Tarp j\u0173 buvo \u201eUn Tavolo Grande\u201c (\u201eSalto AB\u201c OU, M. Kask, R. Looke, K. Luik, H. Kukk, M. Tamm), pasi\u016bl\u0119 skulpt\u016bri\u0161kai i\u0161rai\u0161king\u0105 paviljon\u0105-stalties\u0119, slepian\u010di\u0105 arba \u201eapvyniojan\u010di\u0105\u201c ekspozicij\u0105 viduje. \u201eFields of Gold\u201c (UAB 314 \u00adARCHITEKTAI jungtin\u0117s veiklos sutarties pagrindu su UAB \u201eDescon\u201c) pat\u012f statin\u012f \u201ei\u0161tirpino\u201c hiperbolizuotai i\u0161didintame rugi\u0173 lauke, kur lankytojas \u012ftraukiamas ir garsu \u2013 transliuojamomis sutartin\u0117mis.<br \/>\nKiek galima spr\u0119sti pagal galutin\u0119 \u017eiuri sudaryt\u0105 projekt\u0173 eil\u0119, rim\u010diausiai \u012f pirm\u0105j\u0105 viet\u0105 pretendavo keturi projektai, kuri\u0173 bendras vardiklis gal\u0117t\u0173 b\u016bti pakankamai lakoni\u0161kos (kaip pasakyt\u0173 skeptikai, \u201ed\u0117\u017ein\u0117s\u201c) formos, pripildytos gana skirtingo id\u0117jinio turinio. Ekspert\u0173 pasteb\u0117tas darbas, kurio devizas \u201eTaste of forest \/ Mi\u0161ko skonis\u201c (V\u0161\u012e PVZ LT jungtin\u0117s veiklos sutarties pagrindu su MB \u201ePonama\u201c), pasirinko mi\u0161ko erdv\u0117s koncepcij\u0105: paviljono t\u016br\u012f kuria organi\u0161kas med\u017eio kamien\u0173 ritmas, stog\u0105 sudaro sofistikuotas medini\u0173 konstrukcij\u0173 n\u0117rinys. Jav\u0173 lauko \u012fvaizdis pasirinktas pasi\u016blyme \u201eSveiks, svieteli margs!\u201c (arch. S. Gecas, G. Chiaretti, V. Rink\u016bnait\u0117, dail. R. Bartkus), kuriame kontrasti\u0161kai derinamas tamsus ir \u017eemas pirmasis bei atviras ir \u0161viesus antrasis auk\u0161tai; pastarojo sienas si\u016bloma dekoruoti charakteringu jav\u0173 atvaizdu. Darbas \u201eLT Lithuanian Table\u201c (UAB \u201eMart Pro\u201c, M. Kolodzeiskis ir V. Tamo\u0161i\u016bnas) priklauso grupei pasi\u016blym\u0173, naudojusi\u0173 stalo metafor\u0105. Ilgas stalas \u2013 interaktyvi ekspozicija kaip si\u016blomo paviljono erdvinis akcentas \u2013 veda lankytoj\u0105 i\u0161 lauko \u012f statinio vid\u0173; paties paviljono i\u0161orin\u0117 erdvin\u0117 konstrukcija primena tautin\u0117s juostos ornament\u0105.<br \/>\nPirm\u0105j\u0105 premij\u0105 laim\u0117jo darbas \u201eBalansas\u201c (UAB JAS), pasi\u016bl\u0119s dualistin\u0119 dviej\u0173 t\u016bri\u0173, simbolizuojan\u010di\u0173 inovacijas ir tradicijas, kompozicij\u0105, sujungt\u0105 pandus\u0173 ir tilt\u0173 keliu. Pirmajame numatoma interaktyvi ekspozicija, kurioje \u012f i\u0161d\u0117stytus molinius duben\u0117lius projektuojami sen\u0173j\u0173 maisto gaminimo tradicij\u0173 vaizdai. Inovacijas simbolizuojan\u010diame t\u016bryje eksponuojamos naujosios technologijos ir j\u0173 pritaikymas. Ant kolon\u0173 pakeltas statinys sudaryt\u0173 ne tik tam tikr\u0105 \u201esklendimo ore\u201c \u012fsp\u016bd\u012f, bet ir nat\u016bral\u0173 pav\u0117s\u012f bei, autori\u0173 teigimu, pad\u0117t\u0173 i\u0161vengti \u017emoni\u0173 sp\u016bs\u010di\u0173. Bendrame konkurso darb\u0173 kontekste pasi\u016blymas pakankamai subtilus, jo forma sant\u016bri, o metafora ne pa\u017eodin\u0117.<br \/>\nOrganizatoriams nevie\u0161inant (o gal papras\u010diausiai nera\u0161ant) konkurso vertinimo protokolo sunku vienareik\u0161mi\u0161kai \u012fvardyti laim\u0117jusio darbo privalumus. Juolab kad publikuotoje galutin\u0117je dalyvi\u0173 vertinimo eil\u0117je keturi min\u0117tieji darbai gavo labai pana\u0161\u0173 bal\u0173 skai\u010di\u0173. Tai grei\u010diausia liudija, kad pirm\u0105j\u0105 viet\u0105 nul\u0117m\u0117 niuansai, o nugal\u0117jo pasi\u016blymas, kuris nebuvo ai\u0161kus vykusi\u0173 vie\u0161\u0173 aptarim\u0173 favoritas, bet i\u0161laik\u0117 pusiausvyr\u0105 tarp id\u0117jos ir neutralumo, \u017eaism\u0117s ir sant\u016brumo.<\/p>\n<h1>Martynas Mankus<\/h1>\n<div class=\"albumbottom\"><a href=\"http:\/\/archiforma.lt\/wp-content\/uploads\/2014\/10\/Balansas_1a.jpg\"><img loading=\"lazy\" decoding=\"async\" class=\"alignleft size-large wp-image-466\" src=\"http:\/\/archiforma.lt\/wp-content\/uploads\/2014\/10\/Balansas_1a-1024x530.jpg\" alt=\"Balansas_1a\" width=\"1024\" height=\"530\" srcset=\"https:\/\/archiforma.lt\/wp-content\/uploads\/2014\/10\/Balansas_1a-1024x530.jpg 1024w, https:\/\/archiforma.lt\/wp-content\/uploads\/2014\/10\/Balansas_1a-300x155.jpg 300w, https:\/\/archiforma.lt\/wp-content\/uploads\/2014\/10\/Balansas_1a.jpg 1527w\" sizes=\"(max-width: 1024px) 100vw, 1024px\" \/><\/a> <a href=\"http:\/\/archiforma.lt\/wp-content\/uploads\/2014\/10\/Balansas_1aa.jpg\"><img loading=\"lazy\" decoding=\"async\" class=\"alignleft size-large wp-image-467\" src=\"http:\/\/archiforma.lt\/wp-content\/uploads\/2014\/10\/Balansas_1aa.jpg\" alt=\"Balansas_1aa\" width=\"814\" height=\"501\" srcset=\"https:\/\/archiforma.lt\/wp-content\/uploads\/2014\/10\/Balansas_1aa.jpg 814w, https:\/\/archiforma.lt\/wp-content\/uploads\/2014\/10\/Balansas_1aa-300x184.jpg 300w\" sizes=\"(max-width: 814px) 100vw, 814px\" \/><\/a> <a href=\"http:\/\/archiforma.lt\/wp-content\/uploads\/2014\/10\/Balansas_2a.jpg\"><img loading=\"lazy\" decoding=\"async\" class=\"alignleft size-large wp-image-468\" src=\"http:\/\/archiforma.lt\/wp-content\/uploads\/2014\/10\/Balansas_2a-1024x252.jpg\" alt=\"Balansas_2a\" width=\"1024\" height=\"252\" srcset=\"https:\/\/archiforma.lt\/wp-content\/uploads\/2014\/10\/Balansas_2a-1024x252.jpg 1024w, https:\/\/archiforma.lt\/wp-content\/uploads\/2014\/10\/Balansas_2a-300x74.jpg 300w, https:\/\/archiforma.lt\/wp-content\/uploads\/2014\/10\/Balansas_2a.jpg 1050w\" sizes=\"(max-width: 1024px) 100vw, 1024px\" \/><\/a> <a href=\"http:\/\/archiforma.lt\/wp-content\/uploads\/2014\/10\/fields-of-gold-2a.jpg\"><img loading=\"lazy\" decoding=\"async\" class=\"alignleft size-large wp-image-469\" src=\"http:\/\/archiforma.lt\/wp-content\/uploads\/2014\/10\/fields-of-gold-2a-1024x434.jpg\" alt=\"fields of gold 2a\" width=\"1024\" height=\"434\" srcset=\"https:\/\/archiforma.lt\/wp-content\/uploads\/2014\/10\/fields-of-gold-2a-1024x434.jpg 1024w, https:\/\/archiforma.lt\/wp-content\/uploads\/2014\/10\/fields-of-gold-2a-300x127.jpg 300w, https:\/\/archiforma.lt\/wp-content\/uploads\/2014\/10\/fields-of-gold-2a.jpg 1163w\" sizes=\"(max-width: 1024px) 100vw, 1024px\" \/><\/a> <a href=\"http:\/\/archiforma.lt\/wp-content\/uploads\/2014\/10\/fields-of-gold-3.jpg\"><img loading=\"lazy\" decoding=\"async\" class=\"alignleft size-large wp-image-470\" src=\"http:\/\/archiforma.lt\/wp-content\/uploads\/2014\/10\/fields-of-gold-3.jpg\" alt=\"fields of gold 3\" width=\"607\" height=\"886\" srcset=\"https:\/\/archiforma.lt\/wp-content\/uploads\/2014\/10\/fields-of-gold-3.jpg 607w, https:\/\/archiforma.lt\/wp-content\/uploads\/2014\/10\/fields-of-gold-3-205x300.jpg 205w\" sizes=\"(max-width: 607px) 100vw, 607px\" \/><\/a> <a href=\"http:\/\/archiforma.lt\/wp-content\/uploads\/2014\/10\/Grudu-dziovykla-3a.jpg\"><img loading=\"lazy\" decoding=\"async\" class=\"alignleft size-large wp-image-471\" src=\"http:\/\/archiforma.lt\/wp-content\/uploads\/2014\/10\/Grudu-dziovykla-3a.jpg\" alt=\"Grudu dziovykla 3a\" width=\"906\" height=\"472\" srcset=\"https:\/\/archiforma.lt\/wp-content\/uploads\/2014\/10\/Grudu-dziovykla-3a.jpg 906w, https:\/\/archiforma.lt\/wp-content\/uploads\/2014\/10\/Grudu-dziovykla-3a-300x156.jpg 300w\" sizes=\"(max-width: 906px) 100vw, 906px\" \/><\/a> <a href=\"http:\/\/archiforma.lt\/wp-content\/uploads\/2014\/10\/LT-Lithuanian-Table_1.jpg\"><img loading=\"lazy\" decoding=\"async\" class=\"alignleft size-large wp-image-472\" src=\"http:\/\/archiforma.lt\/wp-content\/uploads\/2014\/10\/LT-Lithuanian-Table_1.jpg\" alt=\"LT Lithuanian Table_1\" width=\"703\" height=\"1004\" srcset=\"https:\/\/archiforma.lt\/wp-content\/uploads\/2014\/10\/LT-Lithuanian-Table_1.jpg 703w, https:\/\/archiforma.lt\/wp-content\/uploads\/2014\/10\/LT-Lithuanian-Table_1-210x300.jpg 210w\" sizes=\"(max-width: 703px) 100vw, 703px\" \/><\/a> <a href=\"http:\/\/archiforma.lt\/wp-content\/uploads\/2014\/10\/Sveiks-svieteli-margs-01a.jpg\"><img loading=\"lazy\" decoding=\"async\" class=\"alignleft size-large wp-image-473\" src=\"http:\/\/archiforma.lt\/wp-content\/uploads\/2014\/10\/Sveiks-svieteli-margs-01a-1024x436.jpg\" alt=\"Sveiks, svieteli margs 01a\" width=\"1024\" height=\"436\" srcset=\"https:\/\/archiforma.lt\/wp-content\/uploads\/2014\/10\/Sveiks-svieteli-margs-01a-1024x436.jpg 1024w, https:\/\/archiforma.lt\/wp-content\/uploads\/2014\/10\/Sveiks-svieteli-margs-01a-300x127.jpg 300w, https:\/\/archiforma.lt\/wp-content\/uploads\/2014\/10\/Sveiks-svieteli-margs-01a.jpg 1181w\" sizes=\"(max-width: 1024px) 100vw, 1024px\" \/><\/a> <a href=\"http:\/\/archiforma.lt\/wp-content\/uploads\/2014\/10\/Taste-of-Forest-3aa.jpg\"><img loading=\"lazy\" decoding=\"async\" class=\"alignleft size-large wp-image-474\" src=\"http:\/\/archiforma.lt\/wp-content\/uploads\/2014\/10\/Taste-of-Forest-3aa-1024x672.jpg\" alt=\"Taste of Forest 3aa\" width=\"1024\" height=\"672\" srcset=\"https:\/\/archiforma.lt\/wp-content\/uploads\/2014\/10\/Taste-of-Forest-3aa-1024x672.jpg 1024w, https:\/\/archiforma.lt\/wp-content\/uploads\/2014\/10\/Taste-of-Forest-3aa-300x197.jpg 300w, https:\/\/archiforma.lt\/wp-content\/uploads\/2014\/10\/Taste-of-Forest-3aa.jpg 1349w\" sizes=\"(max-width: 1024px) 100vw, 1024px\" \/><\/a> <a href=\"http:\/\/archiforma.lt\/wp-content\/uploads\/2014\/10\/Taste-of-Forest-4a.jpg\"><img loading=\"lazy\" decoding=\"async\" class=\"alignleft size-large wp-image-475\" src=\"http:\/\/archiforma.lt\/wp-content\/uploads\/2014\/10\/Taste-of-Forest-4a-1024x319.jpg\" alt=\"Taste of Forest 4a\" width=\"1024\" height=\"319\" srcset=\"https:\/\/archiforma.lt\/wp-content\/uploads\/2014\/10\/Taste-of-Forest-4a-1024x319.jpg 1024w, https:\/\/archiforma.lt\/wp-content\/uploads\/2014\/10\/Taste-of-Forest-4a-300x93.jpg 300w, https:\/\/archiforma.lt\/wp-content\/uploads\/2014\/10\/Taste-of-Forest-4a.jpg 1032w\" sizes=\"(max-width: 1024px) 100vw, 1024px\" \/><\/a> <a href=\"http:\/\/archiforma.lt\/wp-content\/uploads\/2014\/10\/Un-Tavolo-Grande-1a.jpg\"><img loading=\"lazy\" decoding=\"async\" class=\"alignleft size-large wp-image-476\" src=\"http:\/\/archiforma.lt\/wp-content\/uploads\/2014\/10\/Un-Tavolo-Grande-1a-1024x658.jpg\" alt=\"joonised_20140206.dgn\" width=\"1024\" height=\"658\" \/><\/a><\/div>\n","protected":false},"excerpt":{"rendered":"<p>\u0160iais laikais rimtai \u017ei\u016brima \u012f tarptautines parodas kaip \u012f savo \u0161alies prek\u0117s \u017eenklo \u012ftvirtinim\u0105, tegu ir ribotomis architekt\u016brin\u0117mis priemon\u0117mis. Antra vertus, paviljono architekt\u016brai ir ekspozicijai keliami dideli reikalavimai \u2013 sudominti mil\u017eini\u0161kos parodos lankytoj\u0105 ir sulaikyti jo d\u0117mes\u012f. Modernizacijos procesas, suniveliav\u0119s kult\u016brinius skirtumus ir statybines bei konstrukcines ypatybes, paliko vienintel\u012f b\u016bd\u0105 i\u0161siskirti \u2013 simboli\u0173 k\u016brim\u0105. \u0160iuolaikin\u0117je [&hellip;]<\/p>\n","protected":false},"author":1,"featured_media":0,"comment_status":"open","ping_status":"open","sticky":false,"template":"","format":"standard","meta":{"footnotes":""},"categories":[11],"tags":[],"views":25,"_links":{"self":[{"href":"https:\/\/archiforma.lt\/index.php?rest_route=\/wp\/v2\/posts\/465"}],"collection":[{"href":"https:\/\/archiforma.lt\/index.php?rest_route=\/wp\/v2\/posts"}],"about":[{"href":"https:\/\/archiforma.lt\/index.php?rest_route=\/wp\/v2\/types\/post"}],"author":[{"embeddable":true,"href":"https:\/\/archiforma.lt\/index.php?rest_route=\/wp\/v2\/users\/1"}],"replies":[{"embeddable":true,"href":"https:\/\/archiforma.lt\/index.php?rest_route=%2Fwp%2Fv2%2Fcomments&post=465"}],"version-history":[{"count":3,"href":"https:\/\/archiforma.lt\/index.php?rest_route=\/wp\/v2\/posts\/465\/revisions"}],"predecessor-version":[{"id":479,"href":"https:\/\/archiforma.lt\/index.php?rest_route=\/wp\/v2\/posts\/465\/revisions\/479"}],"wp:attachment":[{"href":"https:\/\/archiforma.lt\/index.php?rest_route=%2Fwp%2Fv2%2Fmedia&parent=465"}],"wp:term":[{"taxonomy":"category","embeddable":true,"href":"https:\/\/archiforma.lt\/index.php?rest_route=%2Fwp%2Fv2%2Fcategories&post=465"},{"taxonomy":"post_tag","embeddable":true,"href":"https:\/\/archiforma.lt\/index.php?rest_route=%2Fwp%2Fv2%2Ftags&post=465"}],"curies":[{"name":"wp","href":"https:\/\/api.w.org\/{rel}","templated":true}]}}