{"id":423,"date":"2014-08-27T16:34:01","date_gmt":"2014-08-27T16:34:01","guid":{"rendered":"http:\/\/archiforma.lt\/?p=423"},"modified":"2017-02-01T15:55:13","modified_gmt":"2017-02-01T13:55:13","slug":"2014-12-archiformos-numeris","status":"publish","type":"post","link":"https:\/\/archiforma.lt\/?p=423","title":{"rendered":"2014 3\/4 &#8220;Archiformos&#8221; numeris"},"content":{"rendered":"<p><img loading=\"lazy\" decoding=\"async\" class=\"alignleft wp-image-1025\" src=\"http:\/\/archiforma.lt\/wp-content\/uploads\/2014\/08\/Archiforma2015-728x1024.jpg\" alt=\"Vir\u0161elis\" width=\"395\" height=\"559\" \/><\/p>\n<p>Jau galite \u012fsigyti 2014 met\u0173 3\/4 numer\u012f, kurio pagrindin\u0117 tema &#8211; architektai u\u017esienyje. &#8220;Archiform\u0105&#8221; galite rasti &#8220;Technikos&#8221;, &#8220;Humanito&#8221; knygynuose, architekt\u0173 s\u0105jungos skyriuose bei u\u017esiprenumeruoti m\u016bs\u0173 svetain\u0117je <a href=\"http:\/\/archiforma.lt\/?page_id=21\">\u010dia.<\/a><\/p>\n<p>&nbsp;<\/p>\n<p>Naujausio numerio tema \u2013 Lietuvos architektai u\u017esienyje. Taip pat t\u0119siamas straipsni\u0173 ciklas \u201eArchitekt\u016bros riteris\u201c, bei pristatoma Aplinkos ministerijos remiama tema: \u201eRenovacija.<\/p>\n<p>Prad\u017eia padaryta\u201c.<\/p>\n","protected":false},"excerpt":{"rendered":"<p>Jau galite \u012fsigyti 2014 met\u0173 3\/4 numer\u012f, kurio pagrindin\u0117 tema &#8211; architektai u\u017esienyje. &#8220;Archiform\u0105&#8221; galite rasti &#8220;Technikos&#8221;, &#8220;Humanito&#8221; knygynuose, architekt\u0173 s\u0105jungos skyriuose bei u\u017esiprenumeruoti m\u016bs\u0173 svetain\u0117je \u010dia. &nbsp; Naujausio numerio tema \u2013 Lietuvos architektai u\u017esienyje. Taip pat t\u0119siamas straipsni\u0173 ciklas \u201eArchitekt\u016bros riteris\u201c, bei pristatoma Aplinkos ministerijos remiama tema: \u201eRenovacija. Prad\u017eia padaryta\u201c.<\/p>\n","protected":false},"author":1,"featured_media":0,"comment_status":"open","ping_status":"open","sticky":false,"template":"","format":"standard","meta":{"footnotes":""},"categories":[5,9,23],"tags":[52],"views":8,"_links":{"self":[{"href":"https:\/\/archiforma.lt\/index.php?rest_route=\/wp\/v2\/posts\/423"}],"collection":[{"href":"https:\/\/archiforma.lt\/index.php?rest_route=\/wp\/v2\/posts"}],"about":[{"href":"https:\/\/archiforma.lt\/index.php?rest_route=\/wp\/v2\/types\/post"}],"author":[{"embeddable":true,"href":"https:\/\/archiforma.lt\/index.php?rest_route=\/wp\/v2\/users\/1"}],"replies":[{"embeddable":true,"href":"https:\/\/archiforma.lt\/index.php?rest_route=%2Fwp%2Fv2%2Fcomments&post=423"}],"version-history":[{"count":11,"href":"https:\/\/archiforma.lt\/index.php?rest_route=\/wp\/v2\/posts\/423\/revisions"}],"predecessor-version":[{"id":1809,"href":"https:\/\/archiforma.lt\/index.php?rest_route=\/wp\/v2\/posts\/423\/revisions\/1809"}],"wp:attachment":[{"href":"https:\/\/archiforma.lt\/index.php?rest_route=%2Fwp%2Fv2%2Fmedia&parent=423"}],"wp:term":[{"taxonomy":"category","embeddable":true,"href":"https:\/\/archiforma.lt\/index.php?rest_route=%2Fwp%2Fv2%2Fcategories&post=423"},{"taxonomy":"post_tag","embeddable":true,"href":"https:\/\/archiforma.lt\/index.php?rest_route=%2Fwp%2Fv2%2Ftags&post=423"}],"curies":[{"name":"wp","href":"https:\/\/api.w.org\/{rel}","templated":true}]}}