{"id":392,"date":"2014-07-08T09:16:06","date_gmt":"2014-07-08T09:16:06","guid":{"rendered":"http:\/\/archiforma.lt\/?p=392"},"modified":"2017-02-01T15:46:40","modified_gmt":"2017-02-01T13:46:40","slug":"betonas-forma-ir-emocijos","status":"publish","type":"post","link":"https:\/\/archiforma.lt\/?p=392","title":{"rendered":"Betonas, forma ir emocijos"},"content":{"rendered":"<p><a href=\"http:\/\/archiforma.lt\/wp-content\/uploads\/2014\/07\/fasadas-e1404814935637.jpg\"><img loading=\"lazy\" decoding=\"async\" class=\"alignleft size-full wp-image-403\" src=\"http:\/\/archiforma.lt\/wp-content\/uploads\/2014\/07\/fasadas-e1404814935637.jpg\" alt=\"fasadas\" width=\"530\" height=\"177\" \/><\/a><\/p>\n<p>(apie architekt\u0173 Romaldo ir Au\u0161ros \u0160ilinsk\u0173 k\u016bryb\u0105)<\/p>\n<p>&nbsp;<\/p>\n<p>Mokslo ir technikos ekspansija, j\u0173 racional\u016bs ir tiksl\u016bs metodai skverbiasi \u012f visas \u017emogaus veiklos sritis ir kei\u010dia gyvenimo bei m\u0105stymo pob\u016bd\u012f. Nuo \u0161io galingo proceso neatskiriama taip pat ir architekt\u016bra \u2013 vis\u0173 monumentaliausias, erdv\u0119 ir \u017emogaus aplink\u0105 formuojantis mernas ir mokslas. Vis d\u0117lto nuolat patiriame, kad ta erdv\u0117, kuri formuojama remiantis vien tik grynais logikos d\u0117sniais, stokoja vienos esmin\u0117s savyb\u0117s \u2013 ji atsako racionaliems poreikiams, bet ne\u012fstengia sukelti mums visiems taip reikalingos jausmin\u0117s, estetin\u0117s reakcijos. Ji lieka \u0161alta ir indiferenti\u0161ka. Jai stinga tos paslaptingos kibirk\u0161ties, kuri \u012fskelia \u017emogaus \u0161ird\u012f \u0161ildan\u010di\u0105 ugn\u012f. I\u0161 to kyla taip aktuali m\u016bs\u0173 dirbtin\u0117s aplinkos humanizacijos problema.<\/p>\n<p><!--more--><\/p>\n<p>Tam, kad gal\u0117tume \u012fkv\u0117pti erdvei, pastatui ar visam kompleksui \u017emogi\u0161kos \u0161ilumos ir gyvybingumo, reikia sugeb\u0117ti rasti sunkiai apibr\u0117\u017eiam\u0105, optimal\u0173 racionalaus ir emocinio prado santyk\u012f. \u010cia ne\u012fmanoma apsieiti be k\u016br\u0117jo talento, kuris sugeb\u0117t\u0173 atskleisti ne tik strukt\u016brin\u0119 ir konstrukcin\u0119 logik\u0105, bet ir kai k\u0105 daugiau \u2013 i\u0161rai\u0161king\u0105 menin\u0119 form\u0105, gilesn\u0119 mint\u012f, emocing\u0105 id\u0117j\u0105. \u0160ia prasme Lietuvoje itin daug yra pasidarbav\u0119 labai darb\u0161t\u016bs ir talentingi architektai Romaldas (1934\u2013 1995) ir Au\u0161ra(193 \u2013 2014)\u0160ilinskai.<\/p>\n<p>Romaldas \u0160ilinskas, gim\u0119s ir aug\u0119s Utenoje, baig\u0119s gimnazij\u0105 \u012fstojo \u012f Vilniaus dail\u0117s instituto Architekt\u016bros fakultet\u0105, kur 1961m. \u012fgij\u0119s dailininko architekto specialyb\u0119, \u0117m\u0117 dirbti \u201eKomprojekte\u201c Vilniuje. Jame daugiausia projektavo pastat\u0173 interjerus. I\u0161 to laiko pa\u017eym\u0117tinas \u017einomas, sud\u0117tingomis sovietini\u0173 nepritekli\u0173 ir normatyv\u0173 s\u0105lygomis esteti\u0161kai sukurtas, tuometu dar ret\u0173 \u0161iuolaikini\u0173, modernistini\u0173, sant\u016bri\u0173 form\u0173 \u201ePalangos\u201c restoranas Vilniuje (1965m., kartu su dail. archit.Algimantu Zavi\u0161a;2000m. nugriautas). Po to Romaldas \u0160ilinskas su \u017emona Au\u0161ra per\u0117jo dirbti \u012f s\u0105jungin\u012f Kurort\u0173 projektavimo institut\u0105, Lietuvos skyri\u0173. Toji projektavimo \u012fstaiga specializavosi kurdama rekreacin\u0117s paskirties atskirus ir kompleksinius objektus. Tai buvo atskira projektin\u0117 sritis,kuri, skirtingai nuo pilkos ir beveid\u0117s tipin\u0117s industrin\u0117s statybos, masi\u0161kai u\u017epl\u016bdusios ir vizualiai niveliavusios, nuasmeninan\u010dios sovietinius miestus ir \u017emones, tur\u0117jo daugiau k\u016brybini\u0173 lengvat\u0173, labiau atsi\u017evelg\u0117 \u012f vietos s\u0105lygas, paj\u016brin\u0119, kurortin\u0119, poilsin\u0119, rekreacin\u0119 specifik\u0105, gal\u0117jo kurti auk\u0161tesnio kokybinio lygio individualizuot\u0105 architekt\u016br\u0105.<\/p>\n<ul>\n<li>\u00a0\u00a0\u00a0\u010cia, kiek tomis s\u0105lygomis buvo \u012fmanoma, atsiskleid\u0117 architekt\u0173 R. ir A.\u0160ilinsk\u0173 k\u016brybinis ver\u017elumas ir talentas. Jie suprojektavo kelet\u0105 naujovi\u0161k\u0173, architekt\u016bri\u0161kai reik\u0161ming\u0173 rekreacini\u0173 statini\u0173 Palangoje: \u201cGintaro\u201d poilsio namus, \u201cNeringos\u201d poilsio nam\u0173 klub\u0105 ir valgykl\u0105. Pastarasis suk\u0117l\u0117 ypa\u010d didel\u012f visuomen\u0117s ir architekt\u0173 susidom\u0117jim\u0105 ir buvo gana prie\u0161taringai vertinamas, nes netik\u0117tai atgaivino seniai primir\u0161tas istorines gotikines ir renesansines formas. Tuo metu Vakar\u0173 architekt\u016broje kaip tiktai skleid\u0117si originalus postmodernistinis retrostilizmas, savaip, da\u017enasi ironi\u0161kai ir groteski\u0161kai perkuriantis ir ty\u010dia i\u0161\u0161aukian\u010diai interpretuojantis praeities stilius. Tuo tarpu sovietin\u0117je aplinkoje tai buvo vieni pa\u010di\u0173 pirm\u0173j\u0173, pajudinusi\u0173 sustingusi\u0105 rutinin\u0119 architekt\u016br\u0105,k\u016brini\u0173, bet, ai\u0161ku, jis nebuvo \u0161iai dirvai nat\u016braliai, nei socialiai,nei psichologi\u0161kai pribrend\u0119s.<\/li>\n<li>\u00a0\u00a0\u00a0Ta\u010diau pa\u010di\u0105 did\u017eiausi\u0105 visuomenin\u0119 ir specialist\u0173 reakcij\u0105 ir nuostab\u0105 i\u0161\u0161auk\u0117 R.ir A.\u0160ilinsk\u0173 sukurtas fizioterapijos gydyklos kompleksas ir \u201cPu\u0161yno\u201d sanatorijos korpusas Druskininkuose. Miesto centre i\u0161kil\u0119s , kiekvienam atvykusiam krentantis \u012f akis, did\u017eiulis, ne\u012fprast\u0173 form\u0173, su sta\u010diakampiais pastatais nieko bendra neturintis kompleksas stebino originalumu ir naujovi\u0161kumu. Abu architektai,dirbdami statybos vietoje kartu su i\u0161radingais statybininkais, j\u012f atsidavusiai ir ne\u012fprastai operatyviai k\u016br\u0117 i\u0161tisus penkerius metus. Panaudodami pa\u017eang\u0173, ant \u017eem\u0117s suformuot\u0173 , o paskui auk\u0161tyn pakeliam\u0173 monolitini\u0173 gel\u017ebetonini\u0173 perdang\u0173 ir plok\u0161\u010di\u0173 montavimo princip\u0105, jie gal\u0117jo kurti laisvos formos ir pie\u0161inio elementus, ir i\u0161 j\u0173 sudaryti visi\u0161kai originalius architekt\u016brinius plastinius ir erdvinius derinius.<\/li>\n<li>\u00a0\u00a0\u00a0Originalumas prasideda jau pa\u010dios 200 voni\u0173 komplekso \u2013 did\u017eiausio tuometin\u0117je SSSR \u2013 vietos parinkimu. Jis yra pagrindinis centrin\u0119 miesto aik\u0161t\u0119 formuojantis elementas, be tiesiogin\u0117s kurortinio gydymo paskirties, prisiimantis ir nema\u017eiau atsaking\u0105 visuomenin\u0119 id\u0117jin\u0119, miesto \u012fvaizd\u017eio funkcij\u0105. Tai buvo beprecedentinis atvejis Lietuvos naujojoje architekt\u016broje, kai toki\u0105 funkcij\u0105 paprastai tur\u0117davo tik administraciniai, kult\u016bros, \u0161vietimo ar pana\u0161aus statuso pastatai. Gydyklos planas yra labai kompakti\u0161kas,simetri\u0161kas, \u2013trys pasagos formos korpusai, kuriuos vienija erdvus vestibiulis, o toliau apskritas plaukimo baseinas ir vandentiekio bok\u0161tas. Ypatingas kompozicinis originalumas prasideda tada, kai i\u0161 plano lenktos linijos i\u0161b\u0117ga \u012f erdvin\u0119 strukt\u016br\u0105, betonines fasad\u0173 plok\u0161tumas, ima jas raityti \u012f ritinius, vargon\u0173 tri\u016bbas, rauk\u0161les ir klostes, supl\u0117vesuoja nesulaikomomis juostomis, susigarank\u0161\u010diuoja interjeruose, i\u0161tyk\u0161ta \u012fvairi\u0173 detali\u0173 purslais,tarsi barokin\u0117mis atbrail\u0173 liepsnomis. Prasideda nereg\u0117tas betono plastikos fejerverkas, i\u0161 pagrind\u0173 sudrumst\u0119s iki tol gana ram\u0173, ne vien tik Druskininik\u0173, architekt\u016brin\u012f peiza\u017e\u0105.<\/li>\n<li>\u00a0\u00a0\u00a0Kurdami Druskinink\u0173 gydykl\u0105 architektai ypa\u010d rizikavo, s\u0105moningai provokavo ugn\u012f \u012f save, parod\u0117 nepaprast\u0105 darb\u0161tum\u0105, pasiaukojant\u012f atkaklum\u0105, i\u0161rei\u0161k\u0117 savit\u0105 k\u016brybin\u012f credo,\u017eymiai praturtino architekt\u016bros menin\u0117s i\u0161rai\u0161kos galimybes, programi\u0161kai suk\u016br\u0117 auk\u0161tesnio kult\u016brologinio lygio vertybes. T\u0105 pa\u010di\u0105 k\u016brybin\u0119 linij\u0105 jie s\u0117kmingai t\u0119s\u0117 kurdami \u201cPu\u0161yn\u0105\u201dDruskininkuose ir \u201cEgl\u0117s\u201d sanatorij\u0105 (neu\u017ebaigta) Bir\u0161tone. J\u0173 k\u016bryba tapo pla\u010diai \u017einoma ir buvo labai auk\u0161tai \u012fvertinta \u2013 SSSR Ministr\u0173 tarybos premija, liudijan\u010dia lietuvi\u0161kosios architekt\u016bros i\u0161radingum\u0105 ir intelektualinio s\u0105moningumo prana\u0161umus.<\/li>\n<li>\u00a0\u00a0\u00a0\u00a0\u00a0Atskir\u0105 ir labai reik\u0161ming\u0105 Romaldo \u0160ilinsko k\u016brybos dal\u012f sudaro grynasis menas \u2013 tapyba. \u010cia architektas atsiskleid\u017eia kaip labai energingas profesionalaus lygio dailininkas, turintis begal\u0119 k\u016brybini\u0173 id\u0117j\u0173 ir did\u017eiul\u012f k\u016brybin\u012f \u017eanrin\u012f diapozon\u0105 \u2013 nuo intymaus kamerinio naturmorto iki peiza\u017eo ir pla\u010diausio miestovaizd\u017eio, nuo portreto iki erotini\u0173 ir net religini\u0173 motyv\u0173 , lietuvi\u0161ko folkloro ir istorinio, patriotinio, visuomeninio pob\u016bd\u017eio k\u016brini\u0173. Jie pa\u017eym\u0117ti eksperimentini\u0173 ie\u0161kojim\u0173 aistros, kiaurai persunkti ekspresyvaus emocionalumo, vidin\u0117s dinamikos ir sunkiai pasiduoda racionaliai verbalizacijai.<\/li>\n<li>\u00a0\u00a0\u00a0\u00a0\u00a0Juose galima rasti visoki\u0173 Vakar\u0173 Europos moderniojo meno srovi\u0173 at\u0161vait\u0173 \u2013 nuo renesansini\u0173 aspiracij\u0173 ir vangogi\u0161ko postimpresionizmo iki Dali siurrealizmo,modiljani\u0161ko lyrizmo, abstrakcionizmo ir Le\u017ee, Arpo bei Pikaso avangardizmo. B\u016bdinga, kad Romaldas \u0160ilinskas ypa\u010d meistri\u0161kai, laisva ranka, akcentuoja sav\u0105, lietuvi\u0161k\u0105 tematik\u0105, Vilniaus senamies\u010dio ir kit\u0173 Lietuvos vietovi\u0173 istorinius architekt\u016brinius objektus, i\u0161radingai \u012fri\u0161a juos \u012f \u0161iuolaikini\u0173 menini\u0173 kryp\u010di\u0173 audin\u012f (Pal\u016b\u0161\u0117s ba\u017eny\u010dia),bando metafori\u0161kai susieti kai kuriuos rodos sunkiai suderinamus motyvus (Nukry\u017eiuotojo ir moters akto deriniai).<\/li>\n<li>\u00a0\u00a0\u00a0\u00a0\u00a0Romaldo ir Au\u0161ros \u0160ilinsk\u0173 k\u016bryba, nors ir var\u017eoma \u012fvairi\u0173 savo laikme\u010dio var\u017et\u0173, pa\u017eym\u0117ta nenuilstan\u010diu nauj\u0173 menini\u0173 vertybi\u0173 ie\u0161kojimu, pasaulinio ir tautinio kult\u016brinio paveldo aktualizacija . Ji ypa\u010d reik\u0161mingai praturtino \u0161iuolaikin\u0117s Lietuvos architekt\u016bros vertybi\u0173 aruod\u0105, \u012fne\u0161dama \u012f j\u012f savit\u0105, original\u0173 ir neu\u017emir\u0161tam\u0105 ind\u0117l\u012f.<\/li>\n<\/ul>\n<p>&nbsp;<\/p>\n<h1>Prof. Jonas Minkevi\u010dius<\/h1>\n<div class=\"albumbottom\">\n<p><a href=\"http:\/\/archiforma.lt\/wp-content\/uploads\/2014\/07\/betonas3.jpg\"><img loading=\"lazy\" decoding=\"async\" class=\"alignleft size-medium wp-image-393\" src=\"http:\/\/archiforma.lt\/wp-content\/uploads\/2014\/07\/betonas3-230x300.jpg\" alt=\"betonas3\" width=\"230\" height=\"300\" srcset=\"https:\/\/archiforma.lt\/wp-content\/uploads\/2014\/07\/betonas3-230x300.jpg 230w, https:\/\/archiforma.lt\/wp-content\/uploads\/2014\/07\/betonas3-787x1024.jpg 787w, https:\/\/archiforma.lt\/wp-content\/uploads\/2014\/07\/betonas3.jpg 2028w\" sizes=\"(max-width: 230px) 100vw, 230px\" \/><\/a><a href=\"http:\/\/archiforma.lt\/wp-content\/uploads\/2014\/07\/Capture.jpg\"><img loading=\"lazy\" decoding=\"async\" class=\"alignleft size-medium wp-image-394\" src=\"http:\/\/archiforma.lt\/wp-content\/uploads\/2014\/07\/Capture-300x245.jpg\" alt=\"Capture\" width=\"300\" height=\"245\" srcset=\"https:\/\/archiforma.lt\/wp-content\/uploads\/2014\/07\/Capture-300x245.jpg 300w, https:\/\/archiforma.lt\/wp-content\/uploads\/2014\/07\/Capture.jpg 780w\" sizes=\"(max-width: 300px) 100vw, 300px\" \/><\/a><a href=\"http:\/\/archiforma.lt\/wp-content\/uploads\/2014\/07\/i43_R.-ir-A.-\u0160ilinskai.-Klubas-Palangoje.jpg\"><img loading=\"lazy\" decoding=\"async\" class=\"alignleft size-medium wp-image-395\" src=\"http:\/\/archiforma.lt\/wp-content\/uploads\/2014\/07\/i43_R.-ir-A.-\u0160ilinskai.-Klubas-Palangoje-249x300.jpg\" alt=\"i43_R. ir A. \u0160ilinskai. Klubas Palangoje\" width=\"249\" height=\"300\" srcset=\"https:\/\/archiforma.lt\/wp-content\/uploads\/2014\/07\/i43_R.-ir-A.-\u0160ilinskai.-Klubas-Palangoje-249x300.jpg 249w, https:\/\/archiforma.lt\/wp-content\/uploads\/2014\/07\/i43_R.-ir-A.-\u0160ilinskai.-Klubas-Palangoje.jpg 397w\" sizes=\"(max-width: 249px) 100vw, 249px\" \/><\/a><\/p>\n<p><a href=\"http:\/\/archiforma.lt\/wp-content\/uploads\/2014\/07\/ImageHandler-1.jpg\"><img loading=\"lazy\" decoding=\"async\" class=\"alignleft size-medium wp-image-396\" src=\"http:\/\/archiforma.lt\/wp-content\/uploads\/2014\/07\/ImageHandler-1-300x294.jpg\" alt=\"ImageHandler (1)\" width=\"300\" height=\"294\" srcset=\"https:\/\/archiforma.lt\/wp-content\/uploads\/2014\/07\/ImageHandler-1-300x294.jpg 300w, https:\/\/archiforma.lt\/wp-content\/uploads\/2014\/07\/ImageHandler-1.jpg 634w\" sizes=\"(max-width: 300px) 100vw, 300px\" \/><\/a><\/p>\n<p><a href=\"http:\/\/archiforma.lt\/wp-content\/uploads\/2014\/07\/ImageHandler.jpg\"><img loading=\"lazy\" decoding=\"async\" class=\"alignleft size-medium wp-image-397\" src=\"http:\/\/archiforma.lt\/wp-content\/uploads\/2014\/07\/ImageHandler-300x294.jpg\" alt=\"ImageHandler\" width=\"300\" height=\"294\" srcset=\"https:\/\/archiforma.lt\/wp-content\/uploads\/2014\/07\/ImageHandler-300x294.jpg 300w, https:\/\/archiforma.lt\/wp-content\/uploads\/2014\/07\/ImageHandler.jpg 634w\" sizes=\"(max-width: 300px) 100vw, 300px\" \/><\/a><\/p>\n<p><a href=\"http:\/\/archiforma.lt\/wp-content\/uploads\/2014\/07\/IMG_2691.jpg\"><img loading=\"lazy\" decoding=\"async\" class=\"alignleft size-medium wp-image-398\" src=\"http:\/\/archiforma.lt\/wp-content\/uploads\/2014\/07\/IMG_2691-300x200.jpg\" alt=\"IMG_2691\" width=\"300\" height=\"200\" srcset=\"https:\/\/archiforma.lt\/wp-content\/uploads\/2014\/07\/IMG_2691-300x200.jpg 300w, https:\/\/archiforma.lt\/wp-content\/uploads\/2014\/07\/IMG_2691-1024x682.jpg 1024w\" sizes=\"(max-width: 300px) 100vw, 300px\" \/><\/a><\/p>\n<p><a href=\"http:\/\/archiforma.lt\/wp-content\/uploads\/2014\/07\/IMG_2810.jpg\"><img loading=\"lazy\" decoding=\"async\" class=\"alignleft size-medium wp-image-399\" src=\"http:\/\/archiforma.lt\/wp-content\/uploads\/2014\/07\/IMG_2810-300x200.jpg\" alt=\"IMG_2810\" width=\"300\" height=\"200\" srcset=\"https:\/\/archiforma.lt\/wp-content\/uploads\/2014\/07\/IMG_2810-300x200.jpg 300w, https:\/\/archiforma.lt\/wp-content\/uploads\/2014\/07\/IMG_2810-1024x682.jpg 1024w\" sizes=\"(max-width: 300px) 100vw, 300px\" \/><\/a><\/p>\n<\/div>\n","protected":false},"excerpt":{"rendered":"<p>(apie architekt\u0173 Romaldo ir Au\u0161ros \u0160ilinsk\u0173 k\u016bryb\u0105) &nbsp; Mokslo ir technikos ekspansija, j\u0173 racional\u016bs ir tiksl\u016bs metodai skverbiasi \u012f visas \u017emogaus veiklos sritis ir kei\u010dia gyvenimo bei m\u0105stymo pob\u016bd\u012f. Nuo \u0161io galingo proceso neatskiriama taip pat ir architekt\u016bra \u2013 vis\u0173 monumentaliausias, erdv\u0119 ir \u017emogaus aplink\u0105 formuojantis mernas ir mokslas. Vis d\u0117lto nuolat patiriame, kad ta [&hellip;]<\/p>\n","protected":false},"author":1,"featured_media":0,"comment_status":"open","ping_status":"open","sticky":false,"template":"","format":"standard","meta":{"footnotes":""},"categories":[12],"tags":[],"views":72,"_links":{"self":[{"href":"https:\/\/archiforma.lt\/index.php?rest_route=\/wp\/v2\/posts\/392"}],"collection":[{"href":"https:\/\/archiforma.lt\/index.php?rest_route=\/wp\/v2\/posts"}],"about":[{"href":"https:\/\/archiforma.lt\/index.php?rest_route=\/wp\/v2\/types\/post"}],"author":[{"embeddable":true,"href":"https:\/\/archiforma.lt\/index.php?rest_route=\/wp\/v2\/users\/1"}],"replies":[{"embeddable":true,"href":"https:\/\/archiforma.lt\/index.php?rest_route=%2Fwp%2Fv2%2Fcomments&post=392"}],"version-history":[{"count":7,"href":"https:\/\/archiforma.lt\/index.php?rest_route=\/wp\/v2\/posts\/392\/revisions"}],"predecessor-version":[{"id":1912,"href":"https:\/\/archiforma.lt\/index.php?rest_route=\/wp\/v2\/posts\/392\/revisions\/1912"}],"wp:attachment":[{"href":"https:\/\/archiforma.lt\/index.php?rest_route=%2Fwp%2Fv2%2Fmedia&parent=392"}],"wp:term":[{"taxonomy":"category","embeddable":true,"href":"https:\/\/archiforma.lt\/index.php?rest_route=%2Fwp%2Fv2%2Fcategories&post=392"},{"taxonomy":"post_tag","embeddable":true,"href":"https:\/\/archiforma.lt\/index.php?rest_route=%2Fwp%2Fv2%2Ftags&post=392"}],"curies":[{"name":"wp","href":"https:\/\/api.w.org\/{rel}","templated":true}]}}