{"id":372,"date":"2014-07-08T09:52:37","date_gmt":"2014-07-08T09:52:37","guid":{"rendered":"http:\/\/archiforma.lt\/?p=372"},"modified":"2017-02-01T15:49:16","modified_gmt":"2017-02-01T13:49:16","slug":"372","status":"publish","type":"post","link":"https:\/\/archiforma.lt\/?p=372","title":{"rendered":"Pro memoria"},"content":{"rendered":"<p><a href=\"http:\/\/archiforma.lt\/wp-content\/uploads\/2014\/07\/3pradzia.jpg\"><img loading=\"lazy\" decoding=\"async\" class=\"alignleft wp-image-373\" src=\"http:\/\/archiforma.lt\/wp-content\/uploads\/2014\/07\/1pradzia-188x300.jpg\" alt=\"1pradzia\" width=\"164\" height=\"260\" srcset=\"https:\/\/archiforma.lt\/wp-content\/uploads\/2014\/07\/1pradzia-645x1024.jpg 645w, https:\/\/archiforma.lt\/wp-content\/uploads\/2014\/07\/1pradzia.jpg 1959w\" sizes=\"(max-width: 164px) 100vw, 164px\" \/><img loading=\"lazy\" decoding=\"async\" class=\"alignleft wp-image-374\" src=\"http:\/\/archiforma.lt\/wp-content\/uploads\/2014\/07\/2pradzia-209x300.jpg\" alt=\"2pradzia\" width=\"182\" height=\"260\" srcset=\"https:\/\/archiforma.lt\/wp-content\/uploads\/2014\/07\/2pradzia-209x300.jpg 209w, https:\/\/archiforma.lt\/wp-content\/uploads\/2014\/07\/2pradzia-716x1024.jpg 716w\" sizes=\"(max-width: 182px) 100vw, 182px\" \/><img loading=\"lazy\" decoding=\"async\" class=\"alignleft wp-image-375\" src=\"http:\/\/archiforma.lt\/wp-content\/uploads\/2014\/07\/3pradzia-201x300.jpg\" alt=\"3pradzia\" width=\"175\" height=\"260\" srcset=\"https:\/\/archiforma.lt\/wp-content\/uploads\/2014\/07\/3pradzia-201x300.jpg 201w, https:\/\/archiforma.lt\/wp-content\/uploads\/2014\/07\/3pradzia-687x1024.jpg 687w\" sizes=\"(max-width: 175px) 100vw, 175px\" \/><\/a><\/p>\n<p>Kai 2013 met\u0173 gruod\u017eio 20 dien\u0105 Antakalnio kapini\u0173 meninink\u0173 kalnelyje Au\u0161rel\u0117s \u0160ilinskien\u0117s pelenus priglaud\u0117me prie jau 1995 metais palikusio material\u0173j\u012f pasaul\u012f Romo \u0160ilinsko, man toptel\u0117jo mintis, tiksliau g\u0117da \u2013 \u010dia guli unikalus Lietuvos architekt\u0173 tandemas.<br \/>\n<!--more--><br \/>\n\u201eNei\u0161suktas\u201c tandemas. Romas \u0160ilinskas \u2013 galvoju k\u0105 gal\u0117\u010diau gretinti su juo i\u0161 \u0161iuolaikini\u0173 Lietuvos architekt\u0173 \u2013 gal tik Gintaut\u0105 Telksn\u012f, Gintaut\u0105 Lik\u0161\u0105, dalinai Alvyd\u0105 Songail\u0105. Begalinio temperamento, liepsnojan\u010dios plastikos architekt\u016bra ry\u0161kiai i\u0161skyr\u0117 Rom\u0105 \u0160ilinsk\u0105, neabejotinai vien\u0105 \u017eymiausi\u0173 ir unikaliausi\u0173 XX am\u017eiaus antros pus\u0117s Lietuvos architekt\u0173.<\/p>\n<p>Galiu tvirtai teigti, kad Romas \u0160ilinskas b\u016bt\u0173 grei\u010diausiai ne\u012fvyk\u0119s, jeigu ne Dievo malon\u0117s suteiktas kontaktas su Au\u0161rele \u2013 tada dar Dabulskien\u0117 (?). Vis\u0105s\u0105junginio instituto \u201esojuzkurorprojekt\u201c Vilniaus filiale. Likimas buvo palankus \u2013 ry\u0161ys tarp dviej\u0173 bohemi\u0161k\u0173 asmenybi\u0173 \u2013 vizionieriaus \u2013pie\u0161\u0117jo Romo ir akimirksniu suvokian\u010dios jo id\u0117jas, \u012fvelkan\u010dias jas \u012f technnini\u0173 galimybi\u0173 ribas, beje judviej\u0173 prapl\u0117stas iki fantastini\u0173 to laikme\u010dio visame pasaulio \u0161e\u0161tadalyje, &#8211; meil\u0117s ry\u0161ys, liko radikaliai i\u0161skirtinis, \u201eale skandinavi\u0161koje\u201c Lietuvos architekt\u016bros estetikoje.<\/p>\n<p>Ne\u017einau ar verta Archiformai \u012fsipareigoti tokios rubrikos palaikime? Ta\u010diau daug talenting\u0173, bet \u201enetarnavusi\u0173\u201c sistemai architekt\u0173 gyvenimai yra nepaprastai \u012fdom\u016bs. Gal tik man? Pagalvokim kas \u017eino S. Stulginskio, V. Batisos, P. Lap\u0117s, I. Lauru\u0161o, J. Nistelio (+poezija)&#8230;apie juos kaip liudininkai vis dar lai papasakoti gyvieji. Bet gi atrodo tokia \u0161venta pareiga, nepaskatina kolegas (tai jau i\u0161 \u201eArchiformos\u201c redagavimo patirties) atlikti j\u0105.<\/p>\n<p>\u0160alia m\u016bs\u0173 svetain\u0117s, si\u016blau pa\u017ei\u016br\u0117ti www.silinskas.lt, kur kiek pav\u0117luotas jo hobis tapyba paliko i\u0161 ties\u0173 auk\u0161tos klas\u0117s darb\u0173, nuo eleganti\u0161k\u0173 miesto etiud\u0173 iki Salvadori\u0161k\u0173 \u201enukarusi\u0173\u201c d\u0117mi\u0173, ar Pikasi\u0161k\u0173 erotini\u0173 kompozicij\u0173. B\u016bdamas kiek paprus\u0119s tapybos suvokime,garantuoju \u2013 tai hobis peraug\u0119s \u012f auk\u0161t\u0105 profesionalizm\u0105.<\/p>\n<p>Taigi \u0161iandien, pristatome unikal\u0173 \u0160ilinsk\u0173 tandem\u0105, si\u016blome tiems, kurie juos pa\u017einojo, bendravo prasilenk\u0117, pra\u0161yti mums.O pradedam pro memoria, kaip pridera auk\u0161tuomen\u0117s gyvenime nuo Lietuvos architekt\u016bros teoretikos grando Jono Minkevi\u010diaus.<\/p>\n<div class=\"albumbottom\"><a href=\"http:\/\/archiforma.lt\/wp-content\/uploads\/2014\/07\/2Kolegos-J.-Anu_\u012akevi_\u0179ius-ir-L.-Vaitys-atvyk_\u00d6-ap_\u0160i_\u00bdr_\u015ati-statyb___page11.png\"><img loading=\"lazy\" decoding=\"async\" class=\"alignleft size-medium wp-image-410\" src=\"http:\/\/archiforma.lt\/wp-content\/uploads\/2014\/07\/2Kolegos-J.-Anu_\u012akevi_\u0179ius-ir-L.-Vaitys-atvyk_\u00d6-ap_\u0160i_\u00bdr_\u015ati-statyb___page11-300x300.png\" alt=\"2Kolegos J. Anu_\u012akevi_\u0179ius ir L. Vaitys atvyk_\u00d6 ap_\u0160i_\u00bdr_\u015ati statyb___page1\" width=\"300\" height=\"300\" srcset=\"https:\/\/archiforma.lt\/wp-content\/uploads\/2014\/07\/2Kolegos-J.-Anu_\u012akevi_\u0179ius-ir-L.-Vaitys-atvyk_\u00d6-ap_\u0160i_\u00bdr_\u015ati-statyb___page11-300x300.png 300w, https:\/\/archiforma.lt\/wp-content\/uploads\/2014\/07\/2Kolegos-J.-Anu_\u012akevi_\u0179ius-ir-L.-Vaitys-atvyk_\u00d6-ap_\u0160i_\u00bdr_\u015ati-statyb___page11-150x150.png 150w, https:\/\/archiforma.lt\/wp-content\/uploads\/2014\/07\/2Kolegos-J.-Anu_\u012akevi_\u0179ius-ir-L.-Vaitys-atvyk_\u00d6-ap_\u0160i_\u00bdr_\u015ati-statyb___page11.png 431w\" sizes=\"(max-width: 300px) 100vw, 300px\" \/><\/a><a href=\"http:\/\/archiforma.lt\/wp-content\/uploads\/2014\/07\/Kolegos-J.-Anu_\u012akevi_\u0179ius-ir-L.-Vaitys-atvyk_\u00d6-ap_\u0160i_\u00bdr_\u015ati-statyb___page11.png\"><img loading=\"lazy\" decoding=\"async\" class=\"alignleft size-medium wp-image-411\" src=\"http:\/\/archiforma.lt\/wp-content\/uploads\/2014\/07\/Kolegos-J.-Anu_\u012akevi_\u0179ius-ir-L.-Vaitys-atvyk_\u00d6-ap_\u0160i_\u00bdr_\u015ati-statyb___page11-292x300.png\" alt=\"Kolegos J. Anu_\u012akevi_\u0179ius ir L. Vaitys atvyk_\u00d6 ap_\u0160i_\u00bdr_\u015ati statyb___page1\" width=\"292\" height=\"300\" srcset=\"https:\/\/archiforma.lt\/wp-content\/uploads\/2014\/07\/Kolegos-J.-Anu_\u012akevi_\u0179ius-ir-L.-Vaitys-atvyk_\u00d6-ap_\u0160i_\u00bdr_\u015ati-statyb___page11-292x300.png 292w, https:\/\/archiforma.lt\/wp-content\/uploads\/2014\/07\/Kolegos-J.-Anu_\u012akevi_\u0179ius-ir-L.-Vaitys-atvyk_\u00d6-ap_\u0160i_\u00bdr_\u015ati-statyb___page11.png 612w\" sizes=\"(max-width: 292px) 100vw, 292px\" \/><\/a>&nbsp;<\/p>\n<p>&nbsp;<\/p>\n<p>&nbsp;<\/p>\n<p>&nbsp;<\/p>\n<p>&nbsp;<\/p>\n<p>&nbsp;<\/p>\n<\/div>\n","protected":false},"excerpt":{"rendered":"<p>Kai 2013 met\u0173 gruod\u017eio 20 dien\u0105 Antakalnio kapini\u0173 meninink\u0173 kalnelyje Au\u0161rel\u0117s \u0160ilinskien\u0117s pelenus priglaud\u0117me prie jau 1995 metais palikusio material\u0173j\u012f pasaul\u012f Romo \u0160ilinsko, man toptel\u0117jo mintis, tiksliau g\u0117da \u2013 \u010dia guli unikalus Lietuvos architekt\u0173 tandemas.<\/p>\n","protected":false},"author":1,"featured_media":0,"comment_status":"open","ping_status":"open","sticky":false,"template":"","format":"standard","meta":{"footnotes":""},"categories":[12],"tags":[],"views":31,"_links":{"self":[{"href":"https:\/\/archiforma.lt\/index.php?rest_route=\/wp\/v2\/posts\/372"}],"collection":[{"href":"https:\/\/archiforma.lt\/index.php?rest_route=\/wp\/v2\/posts"}],"about":[{"href":"https:\/\/archiforma.lt\/index.php?rest_route=\/wp\/v2\/types\/post"}],"author":[{"embeddable":true,"href":"https:\/\/archiforma.lt\/index.php?rest_route=\/wp\/v2\/users\/1"}],"replies":[{"embeddable":true,"href":"https:\/\/archiforma.lt\/index.php?rest_route=%2Fwp%2Fv2%2Fcomments&post=372"}],"version-history":[{"count":23,"href":"https:\/\/archiforma.lt\/index.php?rest_route=\/wp\/v2\/posts\/372\/revisions"}],"predecessor-version":[{"id":1915,"href":"https:\/\/archiforma.lt\/index.php?rest_route=\/wp\/v2\/posts\/372\/revisions\/1915"}],"wp:attachment":[{"href":"https:\/\/archiforma.lt\/index.php?rest_route=%2Fwp%2Fv2%2Fmedia&parent=372"}],"wp:term":[{"taxonomy":"category","embeddable":true,"href":"https:\/\/archiforma.lt\/index.php?rest_route=%2Fwp%2Fv2%2Fcategories&post=372"},{"taxonomy":"post_tag","embeddable":true,"href":"https:\/\/archiforma.lt\/index.php?rest_route=%2Fwp%2Fv2%2Ftags&post=372"}],"curies":[{"name":"wp","href":"https:\/\/api.w.org\/{rel}","templated":true}]}}