{"id":349,"date":"2014-07-07T13:31:22","date_gmt":"2014-07-07T13:31:22","guid":{"rendered":"http:\/\/archiforma.lt\/?p=349"},"modified":"2017-01-18T15:09:05","modified_gmt":"2017-01-18T13:09:05","slug":"uzsienio-reikalu-ministerija","status":"publish","type":"post","link":"https:\/\/archiforma.lt\/?p=349","title":{"rendered":"U\u017esienio reikal\u0173 ministerija"},"content":{"rendered":"<p><strong>Projekto architektai:<\/strong><br \/>\nAlgirdas Nork\u016bnas<br \/>\nNijol\u0117 Nork\u016bnien\u0117<br \/>\nLina \u0160antarait\u0117<br \/>\nAgn\u0117 Makari\u016bnait\u0117<\/p>\n<p>&nbsp;<\/p>\n<p>UAB ,,Vilprojektas\u201c<br \/>\nRealizacija 2005\u20132013 m.<br \/>\n(2004\u20132005 m. buvusios spaustuv\u0117s ,,Vyturys\u201c rekonstrukcija, rangovas UAB ,,Avona\u201c; 2009\u20132013 m. po\u017eemin\u0117 automobili\u0173 saugykla ir jungiamasis korpusas, naujas korpusas, seno korpuso r\u016bsys ir teritorijos sutvarkymas, rangovas UAB ,,Senov\u0117\u201c).<\/p>\n<p>&nbsp;<\/p>\n<p>Sklypo plotas 10 628 m\u00b2.<br \/>\nSklypo u\u017estatymo tankumas 40 proc.<br \/>\nSklypo u\u017estatymo intensyvumas 1,27.<br \/>\nAutomobili\u0173 stov\u0117jimo viet\u0173 skai\u010dius: 125 vnt. po\u017eemin\u0117 saugykla ir 79 vnt. \u017eem. lygyje.).<br \/>\nBendras plotas 15 834,34 m\u00b2.<\/p>\n<p>&nbsp;<\/p>\n<p>Po de\u0161imtmet\u012f trukusi\u0173 projektavimo ir statybos darb\u0173 renovuotas U\u017esienio reikal\u0173 ministerijos (URM) pastatas nusikrat\u0119s pastoli\u0173 atsiv\u0117r\u0117 visuomen\u0117s ap\u017ei\u016brai. Tiesa, j\u012f ap\u017ei\u016br\u0117ti galima tik pro nauj\u0105 mandagiai a\u017e\u016brin\u0119 plieno tvor\u0105. Labai nedidel\u0117 visuomen\u0117s dalis \u2013 specialius leidimus turintys darbuotojai ir diplomatai \u2013 gali vertinti poky\u010dius ir pastato viduje. Siekdama \u0161velninti \u0161i\u0105 pad\u0117t\u012f \u201eArchiforma\u201c paband\u0117 ministerijos duris praverti pla\u010diau, tiek, kiek leido \u012fsipareigojimai d\u0117l duomen\u0173 apsaugos, ir pristatyti \u0161\u012f valstyb\u0117s \u012fvaizd\u017eiui reik\u0161ming\u0105 didel\u0117s apimties projekt\u0105.<\/p>\n<p>U\u017esienio reikal\u0173 ministerija \u012fsik\u016brusi Vilniuje, J. Tumo-Vai\u017eganto gatv\u0117je, Luki\u0161ki\u0173 aik\u0161t\u0117s pa\u0161on\u0117je. Kompleks\u0105 sudaro trys tarpusavyje sujungtos dalys. Senasis pastatas, pastatytas 1957 m., buvo skirtas Ministr\u0173 Tarybai, 1972 m. prie jo buvo pristatytas kiemo korpusas. Po nepriklausomyb\u0117s paskelbimo \u0161iame pastate \u012fsik\u016br\u0117 LR Vyriausyb\u0117, o jai persik\u0117lus \u012f buvusius Centro Komiteto r\u016bmus pastatas atiteko dabartiniams jo naudotojams. 2000 m. prie ministerijos patalp\u0173 buvo prijungti buvusios \u201eVyturio\u201c spaustuv\u0117s vieno ir trij\u0173 auk\u0161t\u0173 korpusai. Dauguma poky\u010di\u0173 orientuoti \u012f vidin\u012f kiem\u0105, tod\u0117l nesunkiai gali likti nepasteb\u0117ti.<\/p>\n<p><img loading=\"lazy\" decoding=\"async\" class=\"alignleft wp-image-351\" src=\"http:\/\/archiforma.lt\/wp-content\/uploads\/2014\/07\/IMG_1195-1024x850.jpg\" alt=\"IMG_1195\" width=\"530\" height=\"440\" srcset=\"https:\/\/archiforma.lt\/wp-content\/uploads\/2014\/07\/IMG_1195-1024x850.jpg 1024w, https:\/\/archiforma.lt\/wp-content\/uploads\/2014\/07\/IMG_1195-300x249.jpg 300w\" sizes=\"(max-width: 530px) 100vw, 530px\" \/><\/p>\n<p><!--more--><br \/>\nNepaisant to, kad viena i\u0161 pagrindini\u0173 prie\u017eas\u010di\u0173 inicijuoti renovacijos darbus buvo prastas energetinis efektyvumas, prie\u0161 de\u0161imtmet\u012f pastatas tur\u0117jo ir daugiau funkcionavimo problem\u0173. Intensyv\u0117jant Lietuvos tarptautinei diplomatinei veiklai, kai kuriuose ministerijos departamentuose buvo juntamas naudingo ploto tr\u016bkumas. Atitinkamai did\u0117jo ir automobili\u0173 aik\u0161tel\u0117s problema. Du pagrindiniai pastato korpusai tarpusavyje buvo sujungti tik pirmame auk\u0161te, tod\u0117l jud\u0117jimas i\u0161 vieno korpuso \u012f kit\u0105 buvo itin nepatogus. Dideli \u017emoni\u0173 srautai naudojosi vertikaliaisiais ry\u0161iais, kurie nebeatitiko evakuacini\u0173 reikalavim\u0173, nebuvo pritaikyti \u017emon\u0117ms su negalia. UAB \u201eVilprojektas\u201c architekt\u0173 grup\u0117 prisi\u0117m\u0117 u\u017eduot\u012f \u0161ias problemas i\u0161spr\u0119sti.<br \/>\nRenovacijos darbai vyko etapais nuo 2004 met\u0173. Proces\u0105 stabd\u0117 ir apsunkino tai, kad statybos darbai negal\u0117jo nutraukti kasdien\u0117s ministerijos veiklos.<br \/>\nPirmoji \u012fgyvendinta projekto dalis buvo bankrutavusios \u201eVyturio\u201c spaustuv\u0117s renovacija. Prie spaustuv\u0117s pastato buvo pristatytas antras auk\u0161tas, o ant stogo \u012frengta nedidel\u0117 i\u0161 dviej\u0173 pusi\u0173 ap\u0161viesta pos\u0117d\u017ei\u0173 sal\u0117. Greta stovintis siauras spaustuv\u0117s korpusas buvo padidintas nuo trij\u0173 iki penki\u0173 auk\u0161t\u0173, spaustuv\u0117s patalpos pritaikytos administracinei veiklai ir prijungtos prie esamo URM pastato. Taip ploto tr\u016bkumo problema i\u0161 dalies buvo i\u0161spr\u0119sta.<br \/>\nArchitekt\u0173 si\u016blymas funkcin\u0119 jungt\u012f tarp pagrindini\u0173 korpus\u0173 patobulinti pristatant \u012fstiklint\u0105 galerij\u0105 buvo sutiktas nepatikliai. Nepaisant to, kai statybos darbai buvo baigti, ministerijos darbuotojai bemat pajuto naujosios galerijos privalumus. \u017denkliai pager\u0117jo pastato funkcionalumas: sujungti 2, 3 ir 4 senojo ir naujojo korpuso lygiai, antrame lygyje prijungta rekonstruotoji \u201eVyturio\u201c spaustuv\u0117s dalis.<br \/>\nNaujoji erdv\u0117 tapo itin m\u0117gstama ir intensyviai naudojama: \u010dia nuolatos rengiamos parodos, vyksta neformal\u016bs susitikimai. Nusukta nuo tiesiogini\u0173 saul\u0117s spinduli\u0173 galerija neprikaista, o darbuotojai gali m\u0117gautis bendro naudojimo erdve su vaizdais \u012f \u0160v. Pilypo ir Jok\u016bbo ba\u017eny\u010di\u0105 bei \u201earchitekt\u016brin\u0119 kalv\u0105\u201c de\u0161iniajame Neries krante.<br \/>\nPagrindinius korpusus jungian\u010dios dalies auk\u0161tis buvo padidintas nuo trij\u0173 iki keturi\u0173 auk\u0161t\u0173. Tai, architekt\u0173 teigimu, buvo gana sud\u0117tinga, nes antstatas projektuotas vir\u0161 konferencij\u0173 sal\u0117s, kurioje tur\u0117jo b\u016bti i\u0161saugota pokarinio laikotarpio lub\u0173 konstrukcija su lipdiniais. I\u0161 galerijos antrame auk\u0161te patenkama \u012f keturias skirting\u0173 dyd\u017ei\u0173 sales, skirtas konferencijoms, pos\u0117d\u017eiams ir kitiems didesnio masto susirinkimams. \u017dvelgiant nuo Baltojo tilto, lygi tamsaus tonuoto stiklo fasadin\u0117 galerijos plok\u0161tuma labai s\u0117kmingai tapo fonu, kuris, u\u017euot niveliav\u0119s, pary\u0161kina \u017eym\u0173 v\u0117lyvojo moderno pastat\u0173 kompleks\u0105 \u2013 Kra\u017ei\u0173, arba J. Montvilos, kolonij\u0105.<br \/>\nAkivaizd\u016bs ir URM kiemo korpuso poky\u010diai. Nesant saugotin\u0173 element\u0173 \u0161i pastato dalis buvo ap\u0161iltinta. Fasadai buvo apdailinti aliuminio kompozicin\u0117mis plok\u0161t\u0117mis, i\u0161ry\u0161kinti dekoratyv\u016bs piliastrai pakeit\u0117, pagyvino fasado estetik\u0105. Naudojant lengvas konstrukcijas u\u017estatytas penktas auk\u0161tas. Korpuso \u0161iaur\u0117s ir piet\u0173 fasaduose \u012frengti strukt\u016briniai, tonuoto stiklo paket\u0173 erkeriai save laikan\u010dioje aliuminio konstrukcijoje.<br \/>\nKoridori\u0173 gal\u0173 prapl\u0117timuose kiekviename auk\u0161te suprojektuoti akvariuminiai pasitarim\u0173 kambariai, kurie, savo ruo\u017etu, sutrumpino ilgus koridorius. Kiemo korpuse pakeistos vidaus laiptini\u0173 vietos (i\u0161skyrus pirm\u0105j\u012f auk\u0161t\u0105): buvusios koridori\u0173 centruose demontuotos, o naujos suprojektuotos kra\u0161tuose, kad atitikt\u0173 evakuacijos ir prie\u0161gaisrinius reikalavimus. Buvusias atviras laiptini\u0173 angas u\u017edeng\u0117 storo gr\u016bdinto stiklo grindys \u2013 taip buvo sukurti visus auk\u0161tus jungiantys \u0161viesos tuneliai, stogo plok\u0161tumoje prasidedantys masyviais langais. \u0160viesos tuneliai atgaivino koridori\u0173 erdves, suteik\u0117 joms atraktyvumo. Ding\u0119 laiptai koridoriuose atlaisvino daug ploto, bet periodi\u0161kai organizuojamos \u012fvairi\u0173 men\u0173 ekspozicijos atsiradus\u012f erdv\u0117s pertekli\u0173 eliminuoja.<br \/>\nDid\u017eioji dalis ministerijos tarnautoj\u0173 transporto \u201epasisl\u0117p\u0117\u201c kieme \u012frengtoje trij\u0173 auk\u0161t\u0173 po\u017eemin\u0117je automobili\u0173 stov\u0117jimo aik\u0161tel\u0117je. Keli\u0173 auk\u0161t\u0173 prireik\u0117 nei\u0161vengiamai, siekiant atitikti normatyvinius automobili\u0173 aik\u0161tel\u0117s viet\u0173 skai\u010diaus reikalavimus.<br \/>\nEsam\u0173 pastat\u0173 pamatin\u0117s laikan\u010diosios konstrukcijos negal\u0117jo b\u016bti lie\u010diamos ar kei\u010diamos, tai suma\u017eino erdv\u0119 galimiems sprendimams. Tarp po\u017eeminio gara\u017eo ir URM pastato \u012frengtas in\u017einerini\u0173 tinkl\u0173 kolektorius. I\u0161 po\u017eemini\u0173 auk\u0161t\u0173 liftu ar laiptais patenkama tiesiai \u012f \u0161viesi\u0105 galerijos erdv\u0119.<br \/>\nRenovacijos darbai kol kas nepaliet\u0117 tik seniausiojo J. Tumo-Vai\u017eganto gatv\u0117s korpuso, ta\u010diau netrukus ir pastarasis nei\u0161vengs tam tikr\u0173 poky\u010di\u0173. Tiesa, jie bus susieti su vidine pastato strukt\u016bra, kadangi t\u016brio ir fasad\u0173 poky\u010dius var\u017eo paveldosauginiai apribojimai. \u010cia taip pat numatoma pakeisti liftus, laiptines. Mansardiniame auk\u0161te, nekei\u010diant pastato t\u016brio, planuojama \u012frengti darbo patalpas.<br \/>\nPastatas nei\u0161siskiria unikaliais planiniais sprendimais: pritaikyta tipin\u0117 simetri\u0161ka koridorinio plano schema su abipus i\u0161d\u0117stytais darbo kabinetais. Tiesa, architektai pasakoja, kad detalus kabinet\u0173 projektavimas buvo pakankamai keblus, nes per ilg\u0105 rekonstrukcijos laik\u0105 ne kart\u0105 augo ir keit\u0117si ministerijos strukt\u016bra (pavyzd\u017eiui, po \u012fstojimo \u012f NATO), o kartu keit\u0117si ir kabinet\u0173 kiekio, i\u0161d\u0117stymo poreikiai, tod\u0117l planus teko keisti ne vien\u0105 kart\u0105. Apib\u016bdinant trumpai, gatv\u0117s korpusas daugiau skirtas interesantams aptarnauti, \u012frengtos erdv\u0117s spaudos konferencijoms, pagrindinis vestibiulis, konsulin\u0117s patalpos. Kiemo korpusas skirtas ministerijos darbuotojams. \u010cia iki paradinio \u012f\u0117jimo prive\u017eami ir \u010dia pat pasitinkami garbingi sve\u010diai. Juos nuo krituli\u0173 saugoj\u0119s masyvus gel\u017ebetoninis stogas buvo demontuotas ir pakeistas ne ma\u017eesniu skaidrios konstrukcijos stogu.<br \/>\nPastato interjerams architektai taip pat nepamir\u0161o skirti deramo d\u0117mesio. Be anks\u010diau apra\u0161yt\u0173 sprendini\u0173, susijusi\u0173 su nat\u016bralios \u0161viesos \u012fleidimu, galima i\u0161skirti r\u016bsyje suprojektuotos kavin\u0117s-restorano interjer\u0105. Apdail\u0105 padiktavo esamos konstrukcijos: grubios gel\u017ebetonio kolonos buvo u\u017edengtos \u017ealsvu matiniu i\u0161 vidaus ap\u0161vie\u010diamu stiklu. Sprendimas ai\u0161kiai atskyr\u0117 kavin\u0117s funkcines zonas, suteik\u0117 erdvei jaukumo. 2009 metais kavin\u0117s-valgyklos interjeras buvo \u012fvertintas \u201eAuksin\u0117s palet\u0117s\u201c apdovanojimu geriausio visuomeninio interjero kategorijoje. Korpusus jungian\u010dioje dalyje esan\u010di\u0173 sali\u0173 interjerai renovuojant buvo perprojektuoti, tik did\u017eiosios reprezentacin\u0117s sal\u0117s estetik\u0105 numatyta i\u0161laikyti kaip tipi\u0161k\u0105 1950 m. interjero pavyzd\u012f. Apskritai pastato interjere gausiai naudotas medis, derintas su pilkais ir baltais sien\u0173 bei lub\u0173 pavir\u0161iais. Panaudota gana daug pasl\u0117pto ap\u0161vietimo tiek pakabinamose lubose, tiek pridengiant senas ir estetinio patrauklumo stokojan\u010dias konstrukcijas. Sant\u016brus, skoningas nat\u016brali\u0173 med\u017eiag\u0173: med\u017eio, stiklo, akmens panaudojimas interjere kuria teising\u0105 solid\u017eios valstybin\u0117s \u012fstaigos charakter\u012f.<br \/>\n\u012e vidin\u0119 kvartalo erdv\u0119 orientuotiems istorinio konteksto pastatams \u012fprastai neb\u016bna dideli\u0173 suvar\u017eym\u0173 d\u0117l formos, spalvos ar med\u017eiagos, ta\u010diau \u0161iuo atveju pasirinkta grie\u017eta, lakoni\u0161ka forma ir pilk\u0173 ton\u0173 palet\u0117 pastato eksterjere dera prie valstybin\u0117s \u012fstaigos \u012fvaizd\u017eio ir nekelia klausim\u0173. I\u0161skirtinai pilkas ir ni\u016brus \u0161iaurin\u0117s Vilniaus Naujamies\u010dio dalies kontekstas priima \u012fgyvendint\u0105 URM renovacijos projekt\u0105 n\u0117 kiek nesiprie\u0161indamas.<\/p>\n<h1>Mantas Trapikas<\/h1>\n<div class=\"albumbottom\"><img loading=\"lazy\" decoding=\"async\" class=\"alignleft size-medium wp-image-350\" src=\"http:\/\/archiforma.lt\/wp-content\/uploads\/2014\/07\/IMG_1160-300x200.jpg\" alt=\"IMG_1160\" width=\"300\" height=\"200\" srcset=\"https:\/\/archiforma.lt\/wp-content\/uploads\/2014\/07\/IMG_1160-300x200.jpg 300w, https:\/\/archiforma.lt\/wp-content\/uploads\/2014\/07\/IMG_1160-1024x682.jpg 1024w\" sizes=\"(max-width: 300px) 100vw, 300px\" \/><img loading=\"lazy\" decoding=\"async\" class=\"alignleft size-thumbnail wp-image-352\" src=\"http:\/\/archiforma.lt\/wp-content\/uploads\/2014\/07\/IMG_1199-150x150.jpg\" alt=\"IMG_1199\" width=\"150\" height=\"150\" \/><img loading=\"lazy\" decoding=\"async\" class=\"alignleft size-thumbnail wp-image-353\" src=\"http:\/\/archiforma.lt\/wp-content\/uploads\/2014\/07\/IMG_1224-150x150.jpg\" alt=\"IMG_1224\" width=\"150\" height=\"150\" \/><img loading=\"lazy\" decoding=\"async\" class=\"alignleft size-thumbnail wp-image-354\" src=\"http:\/\/archiforma.lt\/wp-content\/uploads\/2014\/07\/IMG_1229-150x150.jpg\" alt=\"IMG_1229\" width=\"150\" height=\"150\" \/><img loading=\"lazy\" decoding=\"async\" class=\"alignleft size-thumbnail wp-image-355\" src=\"http:\/\/archiforma.lt\/wp-content\/uploads\/2014\/07\/IMG_1247-150x150.jpg\" alt=\"IMG_1247\" width=\"150\" height=\"150\" \/><\/p>\n<p><img loading=\"lazy\" decoding=\"async\" class=\"alignleft size-thumbnail wp-image-356\" src=\"http:\/\/archiforma.lt\/wp-content\/uploads\/2014\/07\/URM-JK-2a.-konferencij\u0173-sal\u0117-2-150x150.jpg\" alt=\"URM JK 2a. konferencij\u0173 sal\u0117 2\" width=\"150\" height=\"150\" \/><\/p>\n<p><img loading=\"lazy\" decoding=\"async\" class=\"alignleft size-thumbnail wp-image-357\" src=\"http:\/\/archiforma.lt\/wp-content\/uploads\/2014\/07\/URM-JK-3a.-galerija-150x150.jpg\" alt=\"URM JK 3a. galerija\" width=\"150\" height=\"150\" \/><\/p>\n<p><img loading=\"lazy\" decoding=\"async\" class=\"alignleft size-thumbnail wp-image-358\" src=\"http:\/\/archiforma.lt\/wp-content\/uploads\/2014\/07\/URM-MAKETAS1-150x150.jpg\" alt=\"URM MAKETAS1\" width=\"150\" height=\"150\" \/><\/p>\n<p><img loading=\"lazy\" decoding=\"async\" class=\"alignleft size-thumbnail wp-image-359\" src=\"http:\/\/archiforma.lt\/wp-content\/uploads\/2014\/07\/IMG_1126-150x150.jpg\" alt=\"IMG_1126\" width=\"150\" height=\"150\" \/><\/p>\n<p><img loading=\"lazy\" decoding=\"async\" class=\"alignleft size-thumbnail wp-image-360\" src=\"http:\/\/archiforma.lt\/wp-content\/uploads\/2014\/07\/IMG_1153-150x150.jpg\" alt=\"IMG_1153\" width=\"150\" height=\"150\" \/><\/p>\n<\/div>\n","protected":false},"excerpt":{"rendered":"<p>Projekto architektai: Algirdas Nork\u016bnas Nijol\u0117 Nork\u016bnien\u0117 Lina \u0160antarait\u0117 Agn\u0117 Makari\u016bnait\u0117 &nbsp; UAB ,,Vilprojektas\u201c Realizacija 2005\u20132013 m. (2004\u20132005 m. buvusios spaustuv\u0117s ,,Vyturys\u201c rekonstrukcija, rangovas UAB ,,Avona\u201c; 2009\u20132013 m. po\u017eemin\u0117 automobili\u0173 saugykla ir jungiamasis korpusas, naujas korpusas, seno korpuso r\u016bsys ir teritorijos sutvarkymas, rangovas UAB ,,Senov\u0117\u201c). &nbsp; Sklypo plotas 10 628 m\u00b2. Sklypo u\u017estatymo tankumas 40 proc. [&hellip;]<\/p>\n","protected":false},"author":1,"featured_media":0,"comment_status":"open","ping_status":"open","sticky":false,"template":"","format":"standard","meta":{"footnotes":""},"categories":[9],"tags":[],"views":62,"_links":{"self":[{"href":"https:\/\/archiforma.lt\/index.php?rest_route=\/wp\/v2\/posts\/349"}],"collection":[{"href":"https:\/\/archiforma.lt\/index.php?rest_route=\/wp\/v2\/posts"}],"about":[{"href":"https:\/\/archiforma.lt\/index.php?rest_route=\/wp\/v2\/types\/post"}],"author":[{"embeddable":true,"href":"https:\/\/archiforma.lt\/index.php?rest_route=\/wp\/v2\/users\/1"}],"replies":[{"embeddable":true,"href":"https:\/\/archiforma.lt\/index.php?rest_route=%2Fwp%2Fv2%2Fcomments&post=349"}],"version-history":[{"count":6,"href":"https:\/\/archiforma.lt\/index.php?rest_route=\/wp\/v2\/posts\/349\/revisions"}],"predecessor-version":[{"id":1817,"href":"https:\/\/archiforma.lt\/index.php?rest_route=\/wp\/v2\/posts\/349\/revisions\/1817"}],"wp:attachment":[{"href":"https:\/\/archiforma.lt\/index.php?rest_route=%2Fwp%2Fv2%2Fmedia&parent=349"}],"wp:term":[{"taxonomy":"category","embeddable":true,"href":"https:\/\/archiforma.lt\/index.php?rest_route=%2Fwp%2Fv2%2Fcategories&post=349"},{"taxonomy":"post_tag","embeddable":true,"href":"https:\/\/archiforma.lt\/index.php?rest_route=%2Fwp%2Fv2%2Ftags&post=349"}],"curies":[{"name":"wp","href":"https:\/\/api.w.org\/{rel}","templated":true}]}}