{"id":327,"date":"2014-07-07T13:17:52","date_gmt":"2014-07-07T13:17:52","guid":{"rendered":"http:\/\/archiforma.lt\/?p=327"},"modified":"2017-01-18T15:10:02","modified_gmt":"2017-01-18T13:10:02","slug":"327","status":"publish","type":"post","link":"https:\/\/archiforma.lt\/?p=327","title":{"rendered":"Administracinis pastatas Islandijos pl. Kaune"},"content":{"rendered":"<p><strong>Metai <\/strong>2014 m.<\/p>\n<p><strong>Architekt\u016bra <\/strong> G. Natkevi\u010dius ir partneriai<\/p>\n<p><strong>Rangov <\/strong>AB \u201eYIT Kausta\u201c<\/p>\n<p><strong>Sklypo plotas <\/strong>3,74 ha<\/p>\n<p><strong>Bendrasis plotas <\/strong>16 647 m\u00b2<\/p>\n<p><strong>Bendrasis t\u016bris <\/strong>59 866 m\u00b3<\/p>\n<p><strong>Paskirtis <\/strong>administracin\u0117<\/p>\n<p>&nbsp;<\/p>\n<p><img loading=\"lazy\" decoding=\"async\" class=\"alignleft wp-image-334\" src=\"http:\/\/archiforma.lt\/wp-content\/uploads\/2014\/07\/01-Senukai-300x199.jpg\" alt=\"01 Senukai\" width=\"530\" height=\"353\" srcset=\"https:\/\/archiforma.lt\/wp-content\/uploads\/2014\/07\/01-Senukai-300x199.jpg 300w, https:\/\/archiforma.lt\/wp-content\/uploads\/2014\/07\/01-Senukai-1024x682.jpg 1024w\" sizes=\"(max-width: 530px) 100vw, 530px\" \/><\/p>\n<p>&nbsp;<\/p>\n<p>2014 m. prad\u017eioje Islandijos plente, prie prekybos centro \u201eMega\u201c, duris atv\u0117r\u0117 naujas \u012fmon\u0117s \u201eSenukai\u201c pastatas. Projektas kilo i\u0161 nat\u016bralaus poreikio sutelkti visus administracinius \u012fmon\u0117s padalinius vienoje vietoje, nes tai didina darbo efektyvum\u0105, lengvina komunikacij\u0105 ir pasiekiamum\u0105 partneriams. Architekto G.\u00a0Natkevi\u010diaus ir partneri\u0173 darbo rezultatas, 7 auk\u0161t\u0173 inovatyvus statinys, ver\u010dia prabilti apie tai, jog Laikinojoje sostin\u0117je vystomi projektai gali suteikti miestui nauj\u0173 \u012fvaizd\u017ei\u0173 arba b\u016bti pavyzd\u017eiu, kaip mieste atrasti viet\u0105 didelio mastelio statiniams.<\/p>\n<p>Projekto \u012fgyvendinimo vieta pasirinkta urbanisti\u0161kai daug klausim\u0173 kelianti teritorija prie Islandijos plento, \u0161alimais prekybos centro \u201eMega\u201c. \u010cia daugiabu\u010di\u0173 rajono monolitai atskirti keli\u0173 mazgais nuo teritorijos su vienbu\u010diais namais, kur jau i\u0161 anks\u010diau buvo \u012fsiterp\u0119s didoko mastelio prekybos centras. Visame \u0161iame funkciniame ir masteli\u0173 \u201ekokteilyje\u201c savo viet\u0105 atrado ir naujasis septyni\u0173 auk\u0161t\u0173 originalios H raid\u0117s plano administracinis pastatas. Kad ir kaip \u017evelgtum, vietos ir pastato santykis labai trapus ir sunkiai atrandamas, nors apib\u016bdinti, kokia tai vieta ir kas joje tikt\u0173, \u2013 taip pat sunki u\u017eduotis. Visgi akivaizdu, jog naujasis projektas nei\u0161gydo anks\u010diau sukurt\u0173 urbanistini\u0173 \u017eaizd\u0173, o ir toliau palieka vegetuoti. Kita vertus, didelio mastelio administracin\u0117s paskirties statinys lokalizuotas labai saugiu atstumu nuo bet kuri\u0173 jautri\u0173 istorini\u0173 Kauno viet\u0173, o tai jau atokv\u0117pis visiems paveldo myl\u0117tojams \u2013 ir dar didesnis atokv\u0117pis projektuotojams.<\/p>\n<div class=\"albumbottom\">\n<p><img loading=\"lazy\" decoding=\"async\" class=\"alignleft size-large wp-image-337\" src=\"http:\/\/archiforma.lt\/wp-content\/uploads\/2014\/07\/04-Senukai-1024x682.jpg\" alt=\"04 Senukai\" width=\"1024\" height=\"682\" srcset=\"https:\/\/archiforma.lt\/wp-content\/uploads\/2014\/07\/04-Senukai-1024x682.jpg 1024w, https:\/\/archiforma.lt\/wp-content\/uploads\/2014\/07\/04-Senukai-300x200.jpg 300w\" sizes=\"(max-width: 1024px) 100vw, 1024px\" \/><img loading=\"lazy\" decoding=\"async\" class=\"alignleft size-large wp-image-338\" src=\"http:\/\/archiforma.lt\/wp-content\/uploads\/2014\/07\/07-Senukai-682x1024.jpg\" alt=\"07 Senukai\" width=\"682\" height=\"1024\" srcset=\"https:\/\/archiforma.lt\/wp-content\/uploads\/2014\/07\/07-Senukai-682x1024.jpg 682w, https:\/\/archiforma.lt\/wp-content\/uploads\/2014\/07\/07-Senukai-199x300.jpg 199w\" sizes=\"(max-width: 682px) 100vw, 682px\" \/><\/p>\n<p><img loading=\"lazy\" decoding=\"async\" class=\"alignleft size-large wp-image-334\" src=\"http:\/\/archiforma.lt\/wp-content\/uploads\/2014\/07\/01-Senukai-1024x682.jpg\" alt=\"01 Senukai\" width=\"1024\" height=\"682\" srcset=\"https:\/\/archiforma.lt\/wp-content\/uploads\/2014\/07\/01-Senukai-1024x682.jpg 1024w, https:\/\/archiforma.lt\/wp-content\/uploads\/2014\/07\/01-Senukai-300x199.jpg 300w\" sizes=\"(max-width: 1024px) 100vw, 1024px\" \/><\/p>\n<p><img loading=\"lazy\" decoding=\"async\" class=\"alignleft size-large wp-image-332\" src=\"http:\/\/archiforma.lt\/wp-content\/uploads\/2014\/07\/55-Senukai-1024x682.jpg\" alt=\"55 Senukai\" width=\"1024\" height=\"682\" srcset=\"https:\/\/archiforma.lt\/wp-content\/uploads\/2014\/07\/55-Senukai-1024x682.jpg 1024w, https:\/\/archiforma.lt\/wp-content\/uploads\/2014\/07\/55-Senukai-300x200.jpg 300w\" sizes=\"(max-width: 1024px) 100vw, 1024px\" \/><\/p>\n<p><img loading=\"lazy\" decoding=\"async\" class=\"alignleft size-large wp-image-331\" src=\"http:\/\/archiforma.lt\/wp-content\/uploads\/2014\/07\/54-Senukai-1024x682.jpg\" alt=\"54 Senukai\" width=\"1024\" height=\"682\" srcset=\"https:\/\/archiforma.lt\/wp-content\/uploads\/2014\/07\/54-Senukai-1024x682.jpg 1024w, https:\/\/archiforma.lt\/wp-content\/uploads\/2014\/07\/54-Senukai-300x200.jpg 300w\" sizes=\"(max-width: 1024px) 100vw, 1024px\" \/><\/p>\n<p><img loading=\"lazy\" decoding=\"async\" class=\"alignleft size-large wp-image-330\" src=\"http:\/\/archiforma.lt\/wp-content\/uploads\/2014\/07\/19-Senukai-682x1024.jpg\" alt=\"19 Senukai\" width=\"682\" height=\"1024\" srcset=\"https:\/\/archiforma.lt\/wp-content\/uploads\/2014\/07\/19-Senukai-682x1024.jpg 682w, https:\/\/archiforma.lt\/wp-content\/uploads\/2014\/07\/19-Senukai-200x300.jpg 200w, https:\/\/archiforma.lt\/wp-content\/uploads\/2014\/07\/19-Senukai.jpg 2012w\" sizes=\"(max-width: 682px) 100vw, 682px\" \/><\/p>\n<p><img loading=\"lazy\" decoding=\"async\" class=\"alignleft size-large wp-image-329\" src=\"http:\/\/archiforma.lt\/wp-content\/uploads\/2014\/07\/16-Senukai-682x1024.jpg\" alt=\"16 Senukai\" width=\"682\" height=\"1024\" srcset=\"https:\/\/archiforma.lt\/wp-content\/uploads\/2014\/07\/16-Senukai-682x1024.jpg 682w, https:\/\/archiforma.lt\/wp-content\/uploads\/2014\/07\/16-Senukai-200x300.jpg 200w\" sizes=\"(max-width: 682px) 100vw, 682px\" \/><\/p>\n<p><img loading=\"lazy\" decoding=\"async\" class=\"alignleft size-thumbnail wp-image-328\" src=\"http:\/\/archiforma.lt\/wp-content\/uploads\/2014\/07\/15-Senukai-150x150.jpg\" alt=\"15 Senukai\" width=\"150\" height=\"150\" \/><\/p>\n<\/div>\n<p><!--more--><\/p>\n<p>Vienas pagrindini\u0173 naujojo pastato i\u0161skirtini\u0173 bruo\u017e\u0173 yra jo t\u016bris, kuris i\u0161keltas i\u0161 H raid\u0117s plano net septynis auk\u0161tus \u012f vir\u0161\u0173. B\u016btent netipi\u0161kas planas ir suteikia visam t\u016briui \u0161iek tiek lankstumo, ko tikrai neb\u016bt\u0173 pasirinkus sta\u010diakamp\u012f plan\u0105. Jungiamoji grandis tarp dviej\u0173 \u0161onini\u0173 korpus\u0173 tarsi atskiria du pusiau atvirus kiemelius. Vienas j\u0173 skirtas reprezentacijai \u2013 patekti \u012f pastat\u0105, o kitas \u2013 darbuotoj\u0173 rekreacijai.<\/p>\n<p>Pastato eksterjeras sukurtas nepamir\u0161tant vis dar dominuojan\u010dio stiklo dangalo, ta\u010diau \u0161iek tiek \u0161velninant vientisum\u0105 lang\u0173 ir plok\u0161\u010di\u0173 ritmais. Sukurtas lang\u0173 ra\u0161tas pastatui suteikia \u017emogaus mastel\u012f ir leid\u017eia realiai suvokti tikr\u0105j\u012f mast\u0105. Projekto k\u016br\u0117jai eksterjer\u0105 metafori\u0161kai prilygina knyg\u0173 lentynai, kurios iliuzij\u0105 kuria b\u016btent \u0161achmat\u0173 principu komponuoti pailgi langai. Atsiribojant nuo galim\u0173 perkeltini\u0173 prasmi\u0173 nesunku pajusti, jog statinys savo masyvumu patraukia d\u0117mes\u012f, ta\u010diau neapkrauna min\u010di\u0173 gilinantis \u012f jo formas ar architekt\u016brines detales. Nesud\u0117tingi klinkerio plyteli\u0173, stiklo, lang\u0173 kompoziciniai ritmai nukreipia ne \u012f pretenzingus u\u017emojus, o \u012f gryn\u0105 funkcionalizm\u0105, kur\u012f sustiprina jau anks\u010diau aptartas racionalus pastato planas ir t\u016bris. \u0160is statinys ne\u012fpareigoja savo i\u0161or\u0117s architekt\u016bra, tod\u0117l yra tinkamas neutraliai, jaukiai darbo vietai, o tai, beje, ir buvo vienas i\u0161 pagrindini\u0173 projektuotoj\u0173 tiksl\u0173.<\/p>\n<p>Vidaus erdv\u0117se svarbiausia \u2013 patalp\u0173 planas. Statinys projektuotas konkre\u010dios \u012fmon\u0117s administracijai, turint tiksl\u0105 \u012fkurdinti beveik 1000 skirting\u0173 darbo viet\u0173, tod\u0117l planavimas orientuotas \u012f tai, kokias funkcijas turi atlikti erdv\u0117s ir kaip geriausiai jas eksploatuoti. Panaudotas kabinetinis ir laisvasis planavimas, taip pat \u012frengtos mobilios darbo vietos. Nors vidaus planas pritaikytas konkre\u010dioms funkcijoms atsi\u017evelgiant \u012f u\u017esakovo vykdomos veiklos poreikius, ta\u010diau palikta galimyb\u0117 ateityje reorganizuoti patalpas kei\u010diant ir stumdant lengvai transformuojamas pertvaras. Toliaregi\u0161kas arba, kitaip tariant, realus numatymas, jog vykstant poky\u010diams \u012fmon\u0117s veikloje pastatas taip pat turi keistis, suteikia projektui universalumo.<\/p>\n<p>Projektuojant darbo vietas didelis d\u0117mesys buvo skirtas nat\u016braliam ap\u0161vietimui, stengiantis maksimaliai panaudoti \u012f vid\u0173 patenkan\u010di\u0105 dienos \u0161vies\u0105. Taip pat i\u0161 karto pagalvota ir apie galim\u0105 dienos \u0161viesos ir \u0161ilumos pertekli\u0173, tod\u0117l visi pastato langai yra su \u012fmontuotomis \u017ealiuz\u0117mis, o pora pietini\u0173 sien\u0173 palikta apskritai be lang\u0173.<\/p>\n<p>Pastato interjeras kurtas remiantis id\u0117ja, jog darbo aplinka turi b\u016bti patogi, neutrali ir solidi. Dominuojanti spalv\u0173 palet\u0117 neper\u017eengia \u017eem\u0117s atspalvi\u0173, tod\u0117l nesukelia vizualin\u0117s \u012ftampos, nebla\u0161ko, o kaip tik nuteikia darbingai. Kabinetuose ir darbo zonose funkcionaliai i\u0161naudotas kiekvienas laisvas plotelis apstatant reikiamais biuro baldais, o kai kur net ir augalais. Vargu ar b\u016bt\u0173 galima sakyti, jog vidaus erdv\u0117s yra i\u0161skirtinio dizaino, bet \u0161ito, turb\u016bt, net nebuvo siekiama, ir tai jokiu b\u016bdu n\u0117ra privalu. A\u017e\u016brin\u0117s pakabinamos lubos, pilki koridoriai, stiklo durys i\u0161 j\u0173 ir tankiai apstatytos darbo zonos yra tipi\u0161kas tradicinio biuro pavyzdys.<\/p>\n<p>Tai, kas tikrai stebina, yra vis\u0173 darbo viet\u0173 kiekis ir geb\u0117jimas jas grupuoti ir organizuoti auk\u0161tuose. Juk \u012fkurta ne tik darbo vietos, bet ir konferencij\u0173 sal\u0117, apie 50 pasitarimams skirt\u0173 kambari\u0173, darbuotoj\u0173 poilsio zonos, 17 virtuv\u0117li\u0173 su buities technika norintiems m\u0117gautis naminiu maistu, savitarnos valgykla, du\u0161ai ir daugelis kit\u0173 patalp\u0173. Visa tai septyni\u0173 auk\u0161t\u0173 pastat\u0105 paver\u010dia tarsi viena organizuota strukt\u016bra, kurioje vyksta daug mikroproces\u0173. Suprojektuoti biur\u0173 pastat\u0105, kuriame \u012fsikurt\u0173 skirtingos \u012fmon\u0117s, yra ne tas pats, kaip pritaikyti 16\u00a0647 m\u00b2 pastat\u0105 bendrai veiklai. Tai \u2013 \u017eymiai sud\u0117tingesn\u0117 u\u017eduotis, bet projektuotojams j\u0105 puikiai pavyko \u012fgyvendinti.<\/p>\n<p>Dar vienas aspektas, suteikiantis projektui solidumo, yra energetinis efektyvumas. Kaip ir kiekviename A las\u0117s lygio pasate, \u010dia ypatingas d\u0117mesys skirtas tam, kaip ir kokios \u0161ildymo ir v\u0117dinimo sistemos veiks pastate. Bendradarbiaujant su tvarios in\u017einerijos ir projektavimo \u012fmone \u201eSweco Lietuva\u201c pasirinktas centralizuotas in\u017einerini\u0173 sistem\u0173 valdymas. Pagal darbuotoj\u0173 \u012feigos sistem\u0105 mikroklimatas yra reguliuojamas, tai yra v\u0117dinimas ir \u0161ildymas atitinkamai pritaikomas pagal \u017emoni\u0173 skai\u010di\u0173. Efektyvus energijos naudojimas yra atsakingos architekt\u016bros po\u017eymis, nes taip, be abejon\u0117s, kuriama ir \u017emogaus veiklai tinkama aplinka.<\/p>\n<p>Pl\u0117tojant \u017emogui tinkamos aplinkos tem\u0105 reikia pasakyti, kad teritorijos ap\u017eeldinimas pranyksta ka\u017ekur tarp statini\u0173 gabarit\u0173 ir dominuojan\u010dio asfalto. \u0160iek tiek stengtasi sukurti privatesn\u0119 erdv\u0119 \u0161iauriau esan\u010dioje dalyje. \u010cia suformuotas tarsi kiemelis su sodinukais ir poilsio vietomis, kur vasar\u0105 galima net ir pietauti. Visgi pastato teritorija n\u0117ra viena i\u0161 t\u0173 viet\u0173, kurioje kilt\u0173 rekreacijos min\u010di\u0173, ta\u010diau nesunku pasteb\u0117ti, jog problem\u0173, kur statyti automobilius, netur\u0117t\u0173 kilti. Daug sprag\u0173 turintis Kauno vie\u0161ojo transporto tinklas su vos keliais autobus\u0173 mar\u0161rutais \u0161i\u0105 teritorij\u0105 palieka susisiekimo periferijoje, tod\u0117l nat\u016bralu, jog tenka pasir\u016bpinti ne tik didele lauko, bet ir po\u017eemine automobili\u0173 stov\u0117jimo aik\u0161tele.<\/p>\n<p>Apibendrinant galima teigti, jog naujasis administracinis pastatas yra reik\u0161mingas objektas Kauno miesto verslo statini\u0173 \u017eem\u0117lapyje. Jis nekonfliktuoja su istori\u0161kai jautriomis miesto zonomis, kuria neutrali\u0105 ir funkcionali\u0105 darbo erdv\u0119 bei prisideda prie energetinio efektyvumo k\u016brimo ir pl\u0117tojimo.<\/p>\n<p>&nbsp;<\/p>\n<p>SANTRAUKA<\/p>\n<p>2014 m. Kaune duris atv\u0117r\u0119s septyni\u0173 auk\u0161t\u0173 H raid\u0117s plano administracin\u0117s paskirties statinys yra geras pavyzdys, kaip funkcionaliai ir efektyviai sukurti beveik 1000 darbo viet\u0173 turint\u012f objekt\u0105. Didelis d\u0117mesys nat\u016braliam dienos ap\u0161vietimui bei centralizuotai valdomoms v\u0117dinimo ir \u0161ildymo sistemoms suteikia projektui tvarumo ir novatori\u0161kumo.<\/p>\n<p>&nbsp;<\/p>\n<h1>Marta Zigmantait\u0117<\/h1>\n","protected":false},"excerpt":{"rendered":"<p>Metai 2014 m. Architekt\u016bra G. Natkevi\u010dius ir partneriai Rangov AB \u201eYIT Kausta\u201c Sklypo plotas 3,74 ha Bendrasis plotas 16 647 m\u00b2 Bendrasis t\u016bris 59 866 m\u00b3 Paskirtis administracin\u0117 &nbsp; &nbsp; 2014 m. prad\u017eioje Islandijos plente, prie prekybos centro \u201eMega\u201c, duris atv\u0117r\u0117 naujas \u012fmon\u0117s \u201eSenukai\u201c pastatas. Projektas kilo i\u0161 nat\u016bralaus poreikio sutelkti visus administracinius \u012fmon\u0117s padalinius [&hellip;]<\/p>\n","protected":false},"author":1,"featured_media":0,"comment_status":"open","ping_status":"open","sticky":false,"template":"","format":"standard","meta":{"footnotes":""},"categories":[9],"tags":[],"views":59,"_links":{"self":[{"href":"https:\/\/archiforma.lt\/index.php?rest_route=\/wp\/v2\/posts\/327"}],"collection":[{"href":"https:\/\/archiforma.lt\/index.php?rest_route=\/wp\/v2\/posts"}],"about":[{"href":"https:\/\/archiforma.lt\/index.php?rest_route=\/wp\/v2\/types\/post"}],"author":[{"embeddable":true,"href":"https:\/\/archiforma.lt\/index.php?rest_route=\/wp\/v2\/users\/1"}],"replies":[{"embeddable":true,"href":"https:\/\/archiforma.lt\/index.php?rest_route=%2Fwp%2Fv2%2Fcomments&post=327"}],"version-history":[{"count":13,"href":"https:\/\/archiforma.lt\/index.php?rest_route=\/wp\/v2\/posts\/327\/revisions"}],"predecessor-version":[{"id":1816,"href":"https:\/\/archiforma.lt\/index.php?rest_route=\/wp\/v2\/posts\/327\/revisions\/1816"}],"wp:attachment":[{"href":"https:\/\/archiforma.lt\/index.php?rest_route=%2Fwp%2Fv2%2Fmedia&parent=327"}],"wp:term":[{"taxonomy":"category","embeddable":true,"href":"https:\/\/archiforma.lt\/index.php?rest_route=%2Fwp%2Fv2%2Fcategories&post=327"},{"taxonomy":"post_tag","embeddable":true,"href":"https:\/\/archiforma.lt\/index.php?rest_route=%2Fwp%2Fv2%2Ftags&post=327"}],"curies":[{"name":"wp","href":"https:\/\/api.w.org\/{rel}","templated":true}]}}