{"id":3224,"date":"2025-01-07T11:25:55","date_gmt":"2025-01-07T09:25:55","guid":{"rendered":"https:\/\/archiforma.lt\/?p=3224"},"modified":"2025-01-07T11:25:55","modified_gmt":"2025-01-07T09:25:55","slug":"lietuvos-interjero-architekturos-konkursas-mano-erdve-2024","status":"publish","type":"post","link":"https:\/\/archiforma.lt\/?p=3224","title":{"rendered":"Lietuvos interjero architekt\u016bros konkursas \u201eMano erdv\u0117 2024\u201c"},"content":{"rendered":"<p>Gruod\u017eio 3 dien\u0105 Nacionalin\u0117 dail\u0117s galerija tapo \u0161iuolaikin\u0117s architekt\u016bros epicentru, kurioje \u012fvyko jubiliejinis, jau de\u0161imtasis, interjero architekt\u016bros konkursas \u201eMano erdv\u0117 2024\u201c. \u0160io renginio metu buvo paskelbti ir apdovanoti \u012fsp\u016bdingiausi \u0161i\u0173 met\u0173 interjerai, sukurti tiek profesional\u0173, tiek jaun\u0173j\u0173 talent\u0173.<br \/>\nKonkurs\u0105, organizuojam\u0105 portalo \u201eLrytas\u201c kartu su Lietuvos architekt\u0173 s\u0105junga (LAS), vertino tarptautin\u0117 komisija. Joje dirbo auk\u0161tos kvalifikacijos specialistai: Kaja Klingenberg (\u201eKling studio\u201c, Norvegija) ir Mathew Freemanas (\u201eFreeman Studio\u201c, Jungtin\u0117 Karalyst\u0117), kurie asmeni\u0161kai aplank\u0117 atrinktus projektus Vilniuje, Kaune, Palangoje, Nidoje bei Mol\u0117t\u0173 rajone. I\u0161 daugiau nei 150 pateikt\u0173 darb\u0173 buvo atrinkti geriausi, o svarbiausi apdovanojimai paskirti keturiose kategorijose: geriausias biuro interjeras, vie\u0161asis interjeras, namo interjeras ir buto interjeras.<\/p>\n<p><a href=\"http:\/\/archiforma.lt\/wp-content\/uploads\/2025\/01\/ME2024-2.jpg\"><img loading=\"lazy\" decoding=\"async\" class=\"wp-image-3225 aligncenter\" src=\"http:\/\/archiforma.lt\/wp-content\/uploads\/2025\/01\/ME2024-2-1024x683.jpg\" alt=\"\" width=\"525\" height=\"350\" srcset=\"https:\/\/archiforma.lt\/wp-content\/uploads\/2025\/01\/ME2024-2-1024x683.jpg 1024w, https:\/\/archiforma.lt\/wp-content\/uploads\/2025\/01\/ME2024-2-300x200.jpg 300w, https:\/\/archiforma.lt\/wp-content\/uploads\/2025\/01\/ME2024-2-768x512.jpg 768w, https:\/\/archiforma.lt\/wp-content\/uploads\/2025\/01\/ME2024-2.jpg 1440w\" sizes=\"(max-width: 525px) 100vw, 525px\" \/><\/a><\/p>\n<p><!--more--><\/p>\n<p>Geriausias biuro interjeras<br \/>\nLaureatas: biuras \u201eDemus\u201c \u2013 architektai Povilas Daugis, R\u016bta Kaz\u0117nait\u0117, Alyona Sikorska ir Alina Mork\u016bn\u0117 (\u201eHEIMA architects\u201c).<br \/>\nKomisijos vertinimas. Interjero koncepcija pasi\u017eymi ai\u0161kiu ir stipriu identitetu, kurio vizija buvo nuosekliai \u012fgyvendinta su smulkiausiomis detal\u0117mis. Biuro erdv\u0117 i\u0161siskiria sulau\u017eytu planu ir pertvar\u0173 angomis, kurios suk\u016br\u0117 skaidr\u0173 ry\u0161\u012f tarp skirting\u0173 erdvi\u0173. Sujungus \u0161velnias tekst\u016bras ir atidengt\u0105 lubose sumontuot\u0105 infrastrukt\u016br\u0105, \u0161i erdv\u0117 tapo steb\u0117tinai draugi\u0161ka ir svetinga. Projekte meni\u0161kai panaudotas betonas ir aliuminis; tai suk\u016br\u0117 grie\u017et\u0105, bet kartu ir eleganti\u0161k\u0105 \u012fsp\u016bd\u012f. Biuro erdv\u0117 su meno galerija suteikia gaivumo ir netik\u0117tumo, o meno k\u016briniai \u012fne\u0161a \u017eaismingumo ir energijos \u012f grie\u017et\u0105, kampuot\u0105 estetik\u0105. Darbuotoj\u0173 kabinetai, kuriuose sustatyti pagal u\u017esakym\u0105 pagaminti ra\u0161omieji stalai, tapo savoti\u0161kais cokoliais, kurie darbuotojus padaro tarsi performanso menininkus ir simboli\u0161kai paver\u010dia darbo viet\u0105 k\u016brybine erdve. Biuro pri\u0117mimo zona su monolitiniu betono skulpt\u016briniu stalu atspindi projekto id\u0117j\u0105. Minimalistin\u0117s spalv\u0173 palet\u0117s ir nuostabus vaizdas \u012f miest\u0105 sukuria nebl\u0117stant\u012f pirm\u0105j\u012f \u012fsp\u016bd\u012f, kuris i\u0161kart parodo \u0161io interjero novatori\u0161kum\u0105 ir elegancij\u0105.<br \/>\nKiti finalistai:<br \/>\n\u2022 Estijos nacionalinio banko biuras \u2013 arch. Agota Maziliauskait\u0117 ir komanda.<br \/>\n\u2022 Biuras \u201eRoche\u201c \u2013 arch. Povilas Daugis, R\u016bta Kaz\u0117nait\u0117, Justinas Malinauskas ir Alina Mork\u016bn\u0117.<\/p>\n<p>Geriausias vie\u0161asis interjeras<br \/>\nLaureatas: Palangos duonos fabrikas \u2013 architektai Simonas Norkus, Ignas Lesauskas (\u201eNytt architects\u201c), Dominykas Savickas ir Kristijonas Nenartavi\u010dius (\u201eResh architects\u201c).<br \/>\nKomisijos vertinimas: projektas sukuria \u012fdomias ir \u012ftraukian\u010dias bendruomen\u0117s erdves visam rajonui. Jis turi nepaprast\u0105, \u017eaviai \u0161vie\u017ei\u0105 poj\u016bt\u012f, kuris puikiai dera su jaukia ir svetinga atmosfera, suteikian\u010dia jaukumo ir ramyb\u0117s jausm\u0105. Projekto koncepcija yra stipri ir unikali, nes ji i\u0161ry\u0161kina erdv\u0117s potencial\u0105 ir pritaiko j\u0105 besikei\u010dian\u010diam biud\u017eetui, o tai rodo k\u016brybingum\u0105 ir lankstum\u0105. \u0160is projektas yra id\u0117jos vedamas k\u016brinys, sukurtas su meile ir d\u0117mesiu detal\u0117ms. Paprast\u0173, ta\u010diau eleganti\u0161k\u0173 med\u017eiag\u0173 ir tvari\u0173 bald\u0173 pasirinkimas atspindi \u0161iuolaikin\u012f po\u017ei\u016br\u012f \u012f tvarum\u0105 ir minimalistin\u012f dizain\u0105. \u010cia taikoma id\u0117ja \u201ema\u017eiau tikrai yra daugiau\u201c: kiekvienas elementas yra apgalvotas ir r\u016bpestingai pritaikytas.<br \/>\nKiti finalininkai:<br \/>\n\u2022 \u201eAksomin\u0117s kopos\u201c SPA \u2013 arch. Andr\u0117 Baldi\u0161i\u016bt\u0117 ir komanda.<br \/>\n\u2022 Restoranas \u201eB\u014dh\u0117me House\u201c \u2013 arch. Vaiva Ma\u017eon\u0117.<\/p>\n<p>Geriausias namo interjeras<br \/>\nLaureatas: \u201eTylus pab\u0117gimas \u012f gamt\u0105\u201c \u2013 architekt\u0117 Kristina Pund\u0117.<br \/>\nKomisijos vertinimas: interjeras puikiai sujungia architekt\u016brini\u0173 med\u017eiag\u0173 palet\u0119 su nat\u016braliais elementais ir sukuria harmoning\u0105 pusiausvyr\u0105 tarp gamtos ir rami\u0173 atsitraukimo nuo miesto gyvenimo akimirk\u0173. Architekt\u0117s pasirinktos med\u017eiagos, \u012fkv\u0117ptos gamtos, \u017eaid\u017eia su masteliu, tekst\u016bra, \u0161velnumu ir \u0161viesa, kas suteikia erdvei \u0161ilt\u0105 ir ap\u010diuopiam\u0105 nam\u0173 jausm\u0105. \u0160i erdv\u0117 i\u0161siskiria nat\u016braliomis detal\u0117mis, tokiomis kaip akmenin\u0117 kriaukl\u0117, medinis kavos staliukas, odin\u0117s valgomojo k\u0117d\u0117s ir vario gartraukis, kurie sukuria itin \u012fdomi\u0105 estetik\u0105. Manome, kad \u0161is dizainas yra tikras savinink\u0173 asmenybi\u0173 atspindys, nes jame derinami individualiems u\u017esi\u0117mimams pritaikyti sprendimai ir artumas gamtai, kas suteikia \u0161iai erdvei unikal\u0173 charakter\u012f ir ramyb\u0119.<br \/>\nKiti finalininkai:<br \/>\n\u2022 \u201eThe Grid House\u201c \u2013 arch. Ignas Kalinauskas, Dominyka Svarauskait\u0117.<br \/>\n\u2022 Vila Pramon\u0117s gatv\u0117je \u2013 arch. Julija \u010ciapait\u0117-Jurevi\u010dien\u0117 ir Karolina \u010ciplyt\u0117.<\/p>\n<p>Geriausias buto interjeras<br \/>\nLaureatas: \u201eTamsieji vingiai\u201c \u2013 architekt\u0117 Laura Gir\u017ead\u0117 (\u201eSoft decor\u201c).<br \/>\nKomisijos vertinimas: buto interjeras i\u0161siskiria puikiu erdv\u0117s i\u0161d\u0117stymu, kuris sustiprina tvirt\u0105 ir ai\u0161k\u0173 koncepcijos plan\u0105, sukurt\u0105 itin originaliai. Tai dr\u0105sus, dramati\u0161kas, ta\u010diau pasitik\u0117jim\u0105 savimi spinduliuojantis ir eleganti\u0161kas sprendimas, kuriame minimalistin\u0117 med\u017eiag\u0173 palet\u0117 puikiai atspindi savininko asmenyb\u0119 ir estetines nuostatas. Erdv\u0117s funkcijos paskirstytos itin \u012fdomiai, o tai sukuria harmoning\u0105 sraut\u0105 ir jud\u0117jim\u0105, suteikiant prioritet\u0105 menui. Kiekvienas elementas yra apgalvotas, kad erdv\u0117 tapt\u0173 ne tik funkcionali, bet ir esteti\u0161kai patraukli. Monochromatin\u0117 spalv\u0173 schema i\u0161ry\u0161k\u0117ja smulkiomis detal\u0117mis, kurios sutelkia d\u0117mes\u012f \u012f svarbiausius elementus. Tai padeda i\u0161laikyti vyri\u0161k\u0105 energij\u0105, kuri persmelkia vis\u0105 erdv\u0119 ir suteikia jai stipr\u0173 charakter\u012f bei ry\u0161k\u0173 vizualin\u012f poveik\u012f. Kiti finalininkai:<br \/>\n\u2022 \u201eAscent\u201c \u2013 arch. Tomas Umbrasas, Aidas Barzda, Tautvydas Vileikis.<br \/>\n\u2022 \u201eInkilas\u201c \u2013 arch. R\u016bta Montrimait\u0117, Lina Urban.<\/p>\n<p>Specialus student\u0173 prizas<br \/>\nGeriausiu studento kurtu interjero projektu pripa\u017eintas \u201eErtm\u0117s Virt\u00f9. Kamerini\u0173 miesto ertmi\u0173 interjeras\u201c, autor\u0117 Akvil\u0117 Stundyt\u0117 (vadov\u0117s doc. Laura Malcait\u0117, dr. Egl\u0117 Bazarait\u0117, VDA). \u0160is projektas \u017eavi inovatyvumu ir miesto erdvi\u0173 interpretacija.<\/p>\n<p>Konkurso reik\u0161m\u0117: \u0161i\u0173metis konkursas ne tik parod\u0117 auk\u0161t\u0105 Lietuvos interjero architekt\u016bros lyg\u012f, bet ir atskleid\u0117 tendencijas, kurios formuoja \u0161iuolaikin\u012f dizain\u0105. Publikuotas specialus leidinys su 40 geriausi\u0173 interjer\u0173 tampa svarbiu \u012fkv\u0117pimo \u0161altiniu visai architekt\u0173 ir dizaineri\u0173 bendruomenei.<\/p>\n<p>&nbsp;<\/p>\n<p><a href=\"http:\/\/archiforma.lt\/wp-content\/uploads\/2025\/01\/MRF_logo_SPALV_RGB_LT_VERT.png\"><img loading=\"lazy\" decoding=\"async\" class=\"wp-image-3175 aligncenter\" src=\"http:\/\/archiforma.lt\/wp-content\/uploads\/2025\/01\/MRF_logo_SPALV_RGB_LT_VERT-1024x639.png\" alt=\"\" width=\"425\" height=\"265\" srcset=\"https:\/\/archiforma.lt\/wp-content\/uploads\/2025\/01\/MRF_logo_SPALV_RGB_LT_VERT-1024x639.png 1024w, https:\/\/archiforma.lt\/wp-content\/uploads\/2025\/01\/MRF_logo_SPALV_RGB_LT_VERT-300x187.png 300w, https:\/\/archiforma.lt\/wp-content\/uploads\/2025\/01\/MRF_logo_SPALV_RGB_LT_VERT-768x480.png 768w, https:\/\/archiforma.lt\/wp-content\/uploads\/2025\/01\/MRF_logo_SPALV_RGB_LT_VERT-1536x959.png 1536w, https:\/\/archiforma.lt\/wp-content\/uploads\/2025\/01\/MRF_logo_SPALV_RGB_LT_VERT-2048x1279.png 2048w\" sizes=\"(max-width: 425px) 100vw, 425px\" \/><\/a><\/p>\n<p>&nbsp;<\/p>\n<p><img decoding=\"async\" class=\"bwg_shortcode mceItem\" title=\"Best_Wordpress_Gallery id=&quot;197&quot; gal_title=&quot;0MAno erdv\u0117&quot;\" src=\"https:\/\/archiforma.lt\/wp-content\/plugins\/photo-gallery\/images\/icons\/gallery-icon.png\" \/><\/p>\n<p>&nbsp;<\/p>\n","protected":false},"excerpt":{"rendered":"<p>Gruod\u017eio 3 dien\u0105 Nacionalin\u0117 dail\u0117s galerija tapo \u0161iuolaikin\u0117s architekt\u016bros epicentru, kurioje \u012fvyko jubiliejinis, jau de\u0161imtasis, interjero architekt\u016bros konkursas \u201eMano erdv\u0117 2024\u201c. \u0160io renginio metu buvo paskelbti ir apdovanoti \u012fsp\u016bdingiausi \u0161i\u0173 met\u0173 interjerai, sukurti tiek profesional\u0173, tiek jaun\u0173j\u0173 talent\u0173. Konkurs\u0105, organizuojam\u0105 portalo \u201eLrytas\u201c kartu su Lietuvos architekt\u0173 s\u0105junga (LAS), vertino tarptautin\u0117 komisija. Joje dirbo auk\u0161tos kvalifikacijos [&hellip;]<\/p>\n","protected":false},"author":2,"featured_media":0,"comment_status":"open","ping_status":"open","sticky":false,"template":"","format":"standard","meta":{"footnotes":""},"categories":[181,23,49,11,4,12],"tags":[],"views":43,"_links":{"self":[{"href":"https:\/\/archiforma.lt\/index.php?rest_route=\/wp\/v2\/posts\/3224"}],"collection":[{"href":"https:\/\/archiforma.lt\/index.php?rest_route=\/wp\/v2\/posts"}],"about":[{"href":"https:\/\/archiforma.lt\/index.php?rest_route=\/wp\/v2\/types\/post"}],"author":[{"embeddable":true,"href":"https:\/\/archiforma.lt\/index.php?rest_route=\/wp\/v2\/users\/2"}],"replies":[{"embeddable":true,"href":"https:\/\/archiforma.lt\/index.php?rest_route=%2Fwp%2Fv2%2Fcomments&post=3224"}],"version-history":[{"count":1,"href":"https:\/\/archiforma.lt\/index.php?rest_route=\/wp\/v2\/posts\/3224\/revisions"}],"predecessor-version":[{"id":3226,"href":"https:\/\/archiforma.lt\/index.php?rest_route=\/wp\/v2\/posts\/3224\/revisions\/3226"}],"wp:attachment":[{"href":"https:\/\/archiforma.lt\/index.php?rest_route=%2Fwp%2Fv2%2Fmedia&parent=3224"}],"wp:term":[{"taxonomy":"category","embeddable":true,"href":"https:\/\/archiforma.lt\/index.php?rest_route=%2Fwp%2Fv2%2Fcategories&post=3224"},{"taxonomy":"post_tag","embeddable":true,"href":"https:\/\/archiforma.lt\/index.php?rest_route=%2Fwp%2Fv2%2Ftags&post=3224"}],"curies":[{"name":"wp","href":"https:\/\/api.w.org\/{rel}","templated":true}]}}