{"id":3221,"date":"2025-01-07T11:24:16","date_gmt":"2025-01-07T09:24:16","guid":{"rendered":"https:\/\/archiforma.lt\/?p=3221"},"modified":"2025-01-07T11:24:16","modified_gmt":"2025-01-07T09:24:16","slug":"geriausio-rekreacines-architekturos-kurinio-apdovanojimai-zavisines","status":"publish","type":"post","link":"https:\/\/archiforma.lt\/?p=3221","title":{"rendered":"Geriausio rekreacin\u0117s architekt\u016bros k\u016brinio apdovanojimai \u201eZavi\u0161in\u0117s\u201c"},"content":{"rendered":"<p>\u0160iemet Nidoje \u012fvyko tradicinis architekto Algimanto Zavi\u0161os labdaros ir paramos fondo bei Lietuvos architekt\u0173 s\u0105jungos organizuojamas renginys \u201eZavi\u0161in\u0117s\u201c, skirtas rekreacinei architekt\u016brai. Renginio metu buvo paskelbtas geriausias 2023 met\u0173 rekreacin\u0117s architekt\u016bros k\u016brinys \u2013 k\u016brybi\u0161kumo centras \u201ePragiedruliai\u201c Panev\u0117\u017eyje. Objektas buvo i\u0161skirtas d\u0117l savo ind\u0117lio \u012f rekreacin\u0117s architekt\u016bros srit\u012f, atspindintis vietos tapatum\u0105 ir kuriantis reik\u0161ming\u0105 kult\u016brin\u0119 bei socialin\u0119 vert\u0119.<br \/>\n\u201eRenginys Zavi\u0161in\u0117s\u201c, vykstantis nuo 2003 met\u0173, siekia i\u0161rinkti ir pagerbti geriausius rekreacin\u0117s paskirties, visuomenei atvirus architekt\u016brinius, land\u0161aftinius ar urbanistinius k\u016brinius, pabr\u0117\u017eian\u010dius vietos tapatum\u0105 bei kurian\u010dius kult\u016brin\u0119 ir socialin\u0119 vert\u0119. \u0160is renginys ir toliau i\u0161lieka svarbia platforma, skatinan\u010dia Lietuvos rekreacin\u0117s architekt\u016bros pl\u0117tr\u0105, k\u016br\u0117j\u0173 bendradarbiavim\u0105 bei geriausi\u0173 darb\u0173 vie\u0161inim\u0105.<\/p>\n<p><a href=\"http:\/\/archiforma.lt\/wp-content\/uploads\/2025\/01\/PUPA_Art_residency_transformation___Aiste_Rakauskaite___10_.jpg\"><img loading=\"lazy\" decoding=\"async\" class=\"wp-image-3222 aligncenter\" src=\"http:\/\/archiforma.lt\/wp-content\/uploads\/2025\/01\/PUPA_Art_residency_transformation___Aiste_Rakauskaite___10_-1024x681.jpg\" alt=\"\" width=\"821\" height=\"546\" srcset=\"https:\/\/archiforma.lt\/wp-content\/uploads\/2025\/01\/PUPA_Art_residency_transformation___Aiste_Rakauskaite___10_-1024x681.jpg 1024w, https:\/\/archiforma.lt\/wp-content\/uploads\/2025\/01\/PUPA_Art_residency_transformation___Aiste_Rakauskaite___10_-300x200.jpg 300w, https:\/\/archiforma.lt\/wp-content\/uploads\/2025\/01\/PUPA_Art_residency_transformation___Aiste_Rakauskaite___10_-768x511.jpg 768w, https:\/\/archiforma.lt\/wp-content\/uploads\/2025\/01\/PUPA_Art_residency_transformation___Aiste_Rakauskaite___10_-1536x1022.jpg 1536w, https:\/\/archiforma.lt\/wp-content\/uploads\/2025\/01\/PUPA_Art_residency_transformation___Aiste_Rakauskaite___10_.jpg 2000w\" sizes=\"(max-width: 821px) 100vw, 821px\" \/><\/a><\/p>\n<p><!--more--><br \/>\nIstorinio dvaro transformacija \u012f meno centr\u0105 \u201ePragiedruliai\u201c Panev\u0117\u017eyje<br \/>\nArchitektai: \u201ePUPA: Life Over Space\u201c<br \/>\nKra\u0161tovaizd\u017eio architekt\u016bra: \u201eTerra Firma LT\u201c<br \/>\nInterjero dizainas: \u201eHus Studio\u201c<br \/>\nVieta: Skaistakalnio parkas, Panev\u0117\u017eys<br \/>\nPlotas: 700 m\u00b2<br \/>\nMetai: 2024 m.<br \/>\nFotograf\u0117: Aist\u0117 Rakauskait\u0117<br \/>\nPanev\u0117\u017eyje esantis istorinis dvaras atgim\u0117 kaip meno rezidencija ir k\u016brybos centras po kruop\u0161\u010dios rekonstrukcijos. Saugomas raudon\u0173 plyt\u0173 dvaro pastatas buvo r\u016bpestingai restauruotas, i\u0161saugant istorinius elementus, ir i\u0161pl\u0117stas moderniu, erdviu priestatu, kuris harmoningai dera su aplinkin\u0117s parko teritorijos reljefu.<br \/>\nDvaro pavertimas meno centru \u2013 reik\u0161mingas projektas. Pastatytas 1930-aisiais, dvaras kadaise priklaus\u0117 \u017eymiam vietos poetui, kuris \u010dia reng\u0117 meninink\u0173 ir intelektual\u0173 susitikimus, paversdamas pastat\u0105 kult\u016bros \u017eidiniu. Ta\u010diau po Antrojo pasaulinio karo, Soviet\u0173 S\u0105jungos okupacijos metais, dvaras buvo nacionalizuotas ir ilgainiui apleistas, virto griuv\u0117siais.<br \/>\n2017 m. Panev\u0117\u017eio miesto savivaldyb\u0117 pri\u0117m\u0117 strategin\u012f plan\u0105, siekdama perorientuoti miesto pramonin\u012f identitet\u0105 \u012f k\u016brybini\u0173 industrij\u0173 vystym\u0105. \u0160io plano dalimi tapo Europos S\u0105jungos l\u0117\u0161omis finansuojami projektai, tarp kuri\u0173 dvaro transformacija \u012f meno rezidencij\u0105 tapo prioritetu.<br \/>\nLietuvos architekt\u0173 studija \u201ePUPA: Life Over Space\u201c laim\u0117jo architekt\u016brin\u012f konkurs\u0105, pasi\u016bliusi restauruoti paveldin\u012f dvar\u0105, i\u0161pl\u0117sti j\u012f moderniu priestatu ir sukurti erdves menininkams. Projekto \u012fgyvendinimas buvo suskirstytas \u012f du etapus.<br \/>\nPirmasis etapas buvo skirtas senojo dvaro restauracijai. Atlikus i\u0161samius istorinius tyrimus ir bendradarbiaujant su paveldo specialistais, buvo atkurtos autenti\u0161kos detal\u0117s \u2013 plyt\u0173 m\u016brijimas, stogo konstrukcijos, vidaus sien\u0173 tinkas, dekoratyvin\u0117s tapybos elementai ir net aplinkinis sodas. \u0160io etapo metu s\u0117kmingai i\u0161saugotas istorinis dvaro charakteris.<br \/>\nAntruoju etapu \u012fgyvendintas modernus priestatas, kurio architekt\u016bra kontrastingai papild\u0117 sen\u0105j\u0105 dvaro dal\u012f. \u0160io priestato centre \u2013 vingiuotas koridorius, vedantis \u012f naujas dirbtuves ir galerij\u0173 erdves, \u012frengtas po sodu. Priestatas pasinaudoja reljefo skirtumais tarp dvaro ir netoliese esan\u010dio upelio, suteikdamas erdves menui, dizainui, taikomajam teatrui, audiovizualin\u0117ms meno r\u016b\u0161ims ir alternatyviai fotografijai. Taip pat \u012frengta ekspozicij\u0173 erdv\u0117, kurioje meno k\u016brinius galima ap\u017ei\u016br\u0117ti tiek viduje, tiek i\u0161or\u0117je.<br \/>\nKreiv\u0173 form\u0173 stiklin\u0117 konstrukcija puikiai \u012fsilieja \u012f med\u017eius ir kra\u0161tovaizd\u012f. Interjeras i\u0161siskiria nat\u016braliomis med\u017eiagomis \u2013 betonin\u0117mis grindimis ir sienomis, med\u017eio plok\u0161t\u0117mis dengtomis lubomis bei monochromin\u0117s spalvos baldais. \u012esik\u016br\u0119s sename, vaizdingame miesto parke, priestatas neu\u017ego\u017eia istorinio dvaro ar parko kra\u0161tovaizd\u017eio. Dideli langai leid\u017eia parko \u017eeldynams susilieti su pastato vidumi ir sukurti harmoning\u0105 ry\u0161\u012f tarp architekt\u016bros ir gamtos.<\/p>\n<p>&nbsp;<\/p>\n<p><a href=\"http:\/\/archiforma.lt\/wp-content\/uploads\/2025\/01\/MRF_logo_SPALV_RGB_LT_VERT-1.png\"><img loading=\"lazy\" decoding=\"async\" class=\" wp-image-3178 aligncenter\" src=\"http:\/\/archiforma.lt\/wp-content\/uploads\/2025\/01\/MRF_logo_SPALV_RGB_LT_VERT-1-1024x639.png\" alt=\"\" width=\"266\" height=\"166\" srcset=\"https:\/\/archiforma.lt\/wp-content\/uploads\/2025\/01\/MRF_logo_SPALV_RGB_LT_VERT-1-1024x639.png 1024w, https:\/\/archiforma.lt\/wp-content\/uploads\/2025\/01\/MRF_logo_SPALV_RGB_LT_VERT-1-300x187.png 300w, https:\/\/archiforma.lt\/wp-content\/uploads\/2025\/01\/MRF_logo_SPALV_RGB_LT_VERT-1-768x480.png 768w, https:\/\/archiforma.lt\/wp-content\/uploads\/2025\/01\/MRF_logo_SPALV_RGB_LT_VERT-1-1536x959.png 1536w, https:\/\/archiforma.lt\/wp-content\/uploads\/2025\/01\/MRF_logo_SPALV_RGB_LT_VERT-1-2048x1279.png 2048w\" sizes=\"(max-width: 266px) 100vw, 266px\" \/><\/a><\/p>\n<p>&nbsp;<\/p>\n<p><img decoding=\"async\" class=\"bwg_shortcode mceItem\" title=\"Best_Wordpress_Gallery id=&quot;196&quot; gal_title=&quot;0Zavi\u0161in\u0117s&quot;\" src=\"https:\/\/archiforma.lt\/wp-content\/plugins\/photo-gallery\/images\/icons\/gallery-icon.png\" \/><\/p>\n<p>&nbsp;<\/p>\n","protected":false},"excerpt":{"rendered":"<p>\u0160iemet Nidoje \u012fvyko tradicinis architekto Algimanto Zavi\u0161os labdaros ir paramos fondo bei Lietuvos architekt\u0173 s\u0105jungos organizuojamas renginys \u201eZavi\u0161in\u0117s\u201c, skirtas rekreacinei architekt\u016brai. Renginio metu buvo paskelbtas geriausias 2023 met\u0173 rekreacin\u0117s architekt\u016bros k\u016brinys \u2013 k\u016brybi\u0161kumo centras \u201ePragiedruliai\u201c Panev\u0117\u017eyje. Objektas buvo i\u0161skirtas d\u0117l savo ind\u0117lio \u012f rekreacin\u0117s architekt\u016bros srit\u012f, atspindintis vietos tapatum\u0105 ir kuriantis reik\u0161ming\u0105 kult\u016brin\u0119 bei socialin\u0119 [&hellip;]<\/p>\n","protected":false},"author":2,"featured_media":0,"comment_status":"open","ping_status":"open","sticky":false,"template":"","format":"standard","meta":{"footnotes":""},"categories":[181,23,49,11,4,12],"tags":[],"views":45,"_links":{"self":[{"href":"https:\/\/archiforma.lt\/index.php?rest_route=\/wp\/v2\/posts\/3221"}],"collection":[{"href":"https:\/\/archiforma.lt\/index.php?rest_route=\/wp\/v2\/posts"}],"about":[{"href":"https:\/\/archiforma.lt\/index.php?rest_route=\/wp\/v2\/types\/post"}],"author":[{"embeddable":true,"href":"https:\/\/archiforma.lt\/index.php?rest_route=\/wp\/v2\/users\/2"}],"replies":[{"embeddable":true,"href":"https:\/\/archiforma.lt\/index.php?rest_route=%2Fwp%2Fv2%2Fcomments&post=3221"}],"version-history":[{"count":1,"href":"https:\/\/archiforma.lt\/index.php?rest_route=\/wp\/v2\/posts\/3221\/revisions"}],"predecessor-version":[{"id":3223,"href":"https:\/\/archiforma.lt\/index.php?rest_route=\/wp\/v2\/posts\/3221\/revisions\/3223"}],"wp:attachment":[{"href":"https:\/\/archiforma.lt\/index.php?rest_route=%2Fwp%2Fv2%2Fmedia&parent=3221"}],"wp:term":[{"taxonomy":"category","embeddable":true,"href":"https:\/\/archiforma.lt\/index.php?rest_route=%2Fwp%2Fv2%2Fcategories&post=3221"},{"taxonomy":"post_tag","embeddable":true,"href":"https:\/\/archiforma.lt\/index.php?rest_route=%2Fwp%2Fv2%2Ftags&post=3221"}],"curies":[{"name":"wp","href":"https:\/\/api.w.org\/{rel}","templated":true}]}}