{"id":3213,"date":"2025-01-07T11:09:37","date_gmt":"2025-01-07T09:09:37","guid":{"rendered":"https:\/\/archiforma.lt\/?p=3213"},"modified":"2025-01-07T11:19:41","modified_gmt":"2025-01-07T09:19:41","slug":"tarptautinis-architekturinis-konkursas-ateities-mokykla-ukrainai","status":"publish","type":"post","link":"https:\/\/archiforma.lt\/?p=3213","title":{"rendered":"Tarptautinis architekt\u016brinis konkursas \u201eAteities mokykla Ukrainai\u201c"},"content":{"rendered":"<p>Pirm\u0105j\u0105 viet\u0105 Lietuvos inicijuotame tarptautiniame architekt\u016briniame konkurse \u201eAteities mokykla Ukrainai\u201c laim\u0117jo architekt\u0173 komanda \u201eScandurra Studio Architettura srl\u201c i\u0161 Italijos, bendradarbiavusi su ukrainie\u010diu architektu M. A. Vustianskyi. Jie bus kvie\u010diami pasira\u0161yti projektavimo sutart\u012f ir parengti adaptyv\u0173 technin\u012f mokyklos projekt\u0105, kuris bus naudojamas nauj\u0173 mokykl\u0173 statybai visoje Ukrainoje.<br \/>\nPirm\u0105j\u0105 viet\u0105 laim\u0117jusio projekto autori\u0173 s\u0105ra\u0161as: architekt\u016bra (\u201eScandurra Studio Architeturra srl\u201c): Alessandro Scandurra, Po\u00e9 Matteo George\u2019as, Matteo Zerbi, Giulia Lodetti, Marta Calvo, Michailo Vustianskyi, Vladas Goldakovskiy; in\u017einerija (\u201eDerns\u201c): Alessandro Nicali, Mattia Mariani, Giambattista Brizzi, Matilde Cedrone, Matthieu Majour; konstruktoriai (CEAS): Gianluca Pittelli, Davide\u2019as Emmanuello, Andrea Colombo.<\/p>\n<p style=\"text-align: center;\"><a href=\"http:\/\/archiforma.lt\/wp-content\/uploads\/2025\/01\/Render-1-_-Birdeye-scaled.jpg\"><img loading=\"lazy\" decoding=\"async\" class=\"alignnone wp-image-3214\" src=\"http:\/\/archiforma.lt\/wp-content\/uploads\/2025\/01\/Render-1-_-Birdeye-300x225.jpg\" alt=\"\" width=\"500\" height=\"375\" srcset=\"https:\/\/archiforma.lt\/wp-content\/uploads\/2025\/01\/Render-1-_-Birdeye-300x225.jpg 300w, https:\/\/archiforma.lt\/wp-content\/uploads\/2025\/01\/Render-1-_-Birdeye-1024x768.jpg 1024w, https:\/\/archiforma.lt\/wp-content\/uploads\/2025\/01\/Render-1-_-Birdeye-768x576.jpg 768w, https:\/\/archiforma.lt\/wp-content\/uploads\/2025\/01\/Render-1-_-Birdeye-1536x1152.jpg 1536w, https:\/\/archiforma.lt\/wp-content\/uploads\/2025\/01\/Render-1-_-Birdeye-2048x1536.jpg 2048w\" sizes=\"(max-width: 500px) 100vw, 500px\" \/><\/a><\/p>\n<p><!--more--><br \/>\nAntr\u0105j\u0105 viet\u0105 konkurse u\u017e\u0117m\u0117 Ukrainos architekt\u0173 komanda, registruota Pe Danilos Bielokopytovo, bendradarbiavusi su Olandijos architektais \u201eOrange architects\u201c (Nikita Bielokopytov, Danila Bielokopytov, Hyshel Vladyslav, Retiana Derzhavets, Patrick Meijers, Jeroen Schipper, Elena Sta\u0161kut\u0117-Bol, Dmytro Borodin) i\u0161 Ukrainos Danila Bielokopytov (autoriai Nikita Bielokopytov, Danila Bielokopytov, Hyshel Vladyslav, Retiana Derzhavets, Patrick Meijers, Jeroen Schipper, Elena Sta\u0161kut\u0117-Bol, Dmytro Borodin).<br \/>\nTre\u010dioji vieta skirta komandai i\u0161 Suomijos \u201eHuttunen-Lipasti Architects Ltd\u201c (autoriai Risto Huttunen, Santeri Lipasti, Elvira Lehostaieva, Aku Jokinen, Vasylyna Hrabar, Nadiya Vovk, Anton Bzhko), bendradarbiavusi su ukrainie\u010diu Dmytro Sorokevych.<br \/>\nProjekt\u0105 \u201eAteities mokykla Ukrainai\u201c \u012fgyvendina Centrin\u0117 projekt\u0173 valdymo agent\u016bra kartu su Ukrainos atstatymo ir infrastrukt\u016bros pl\u0117tos agent\u016bra bei Lietuvos architekt\u0173 s\u0105junga (koordinatoriai \u2013 R\u016bta Leitanait\u0117 ir Rokas Kil\u010diauskas).<br \/>\nArchitekt\u016brinis konkursas sulauk\u0117 didelio tarptautinio susidom\u0117jimo \u2013 jame dalyvavo komandos i\u0161 10-ies \u0161ali\u0173. Kiekviena konkurse dalyvavusi ir pasi\u016blym\u0105 jam teikusi komanda tur\u0117jo bendradarbiauti ir su architektais i\u0161 Ukrainos.<br \/>\nNuo Rusijos plataus masto invazijos \u012f Ukrain\u0105 prad\u017eios daugiau nei 1 300 Ukrainoje veikian\u010di\u0173 mokykl\u0173 buvo sunaikintos. Projektu \u201eAteities mokykla Ukrainai\u201c siekiama parengti ir nemokami naudoti perduoti Ukrainai adaptyv\u0173 technin\u012f projekt\u0105, kuris leist\u0173 spar\u010diau ir efektyviau atkurti Ukrainos \u0161vietimo sistem\u0105.<br \/>\nKonkursui pagal reikalavimus buvo pateikta 15 projekt\u0173. Jie buvo vertinami remiantis \u0161e\u0161iais kriterijais \u2013 architekt\u016brin\u0117s id\u0117jos kokyb\u0117, jos adaptyvumas, funkcionalumas, tvarumas bei projektavimo paslaug\u0173 kaina.<br \/>\nVertinimo komisij\u0105 sudar\u0117 architektas i\u0161 Ukrainos Viktoras Zotovas, \u0161ved\u0173 architektas Carlas Backstrandas, architekt\u0117 i\u0161 Suomijos Helena Sandman, Lietuvos architektai Viktorija Bla\u017eien\u0117 ir Rolandas Palekas bei buvusi Ukrainos \u0161vietimo ministr\u0117 ir nevyriausybin\u0117s organizacijos \u201esavED\u201c \u012fk\u016br\u0117ja Ana Novosad ir programos \u201eCo-Create Future of Ukraine\u201c vadovas Art\u016bras \u017darnovskis (CPVA).<br \/>\nPirm\u0105j\u0105 viet\u0105 laim\u0117jusiame projekte didelis d\u0117mesys skirtas efektyviam med\u017eiag\u0173 panaudojimui bei racionaliems statybos sprendimams, kurie leist\u0173 efektyviau panaudoti s\u0105naudas, erdves i\u0161naudoti ir mokymuisi lauko erdv\u0117je. Si\u016bloma modulin\u0117 sistema u\u017etikrina projekto pritaikomum\u0105 skirtingoms vietov\u0117ms, nes esant poreikiui gali b\u016bti statomos ma\u017eesn\u0117s ar didesn\u0117s mokyklos, neatliekant dideli\u0173 paties projekto strukt\u016brini\u0173 poky\u010di\u0173.<br \/>\nKonkurso vertinimo komisijos narys architektas Rolandas Palekas sako: \u201eMano motyvacija tapti konkurso \u017eiuri nariu buvo kaip ir daugeliui kit\u0173. Nor\u0117jau pad\u0117ti Ukrainai geriausiu b\u016bdu, kokiu tik galiu: panaudoti savo \u017einias ir profesionalum\u0105. Nugal\u0117toj\u0173 darbas \u012ftikina labai racionaliais ir Ukrainos aktualijoms pritaikytais sprendiniais: mokyklos programos i\u0161d\u0117stymas viename, o ne dviejuose auk\u0161tuose yra saugesnis oro atakos atveju, o autori\u0173 pasi\u016blyta modulin\u0117 sistema puikiai tinkama d\u0117l funkcinio lankstumo, galimyb\u0117s prisitaikyti prie skirting\u0173 lokacij\u0173 ir palyginti paprastesni\u0173 statybos proces\u0173. Mano nuomone, konkursas buvo auk\u0161to profesinio lygio ir nema\u017eai jam pateikt\u0173 projekt\u0173 turi potencialo b\u016bti \u012fgyvendinti. Taip pat d\u017eiaugiuosi matydamas labai tarptautin\u012f dalyvi\u0173 vaizd\u0105. A\u010di\u016b jiems!\u201c<br \/>\nKonkurso vertinimo komisijos nar\u0117 architekt\u0117 Helena Sandman priduria: \u201eMan didel\u0117 garb\u0117 b\u016bti \u201eFuture School for Ukraine\u201c architekt\u016bros konkurso \u017eiuri nare. Manau, kad svarbu pad\u0117ti vaikams ir jaunimui t\u0119sti savo kasdien\u012f, kuo normalesn\u012f gyvenim\u0105, net ir sunkiausiais laikais. \u0160iais laikais ry\u0161ys tarp draug\u0173 ir paramos strukt\u016bros, kuri\u0105 suteikia mokykla, tampa dar svarbesnis. Be to, \u0161vietimas turi gali\u0105 atkurti ir \u012fkv\u0117pti vilties. D\u0117l to \u0161is projektas yra labai svarbus. Rinkdama nugal\u0117toj\u0105 ie\u0161kojau tvari\u0173, novatori\u0161k\u0173 ir lanks\u010di\u0173 sprendim\u0173, kurie ne tik atitiko neatid\u0117liotinus poreikius, bet ir skatino atsparum\u0105, bendruomeni\u0161kum\u0105 ir si\u016bl\u0117 \u0161viesesn\u0117s Ukrainos vaik\u0173 ateities vizij\u0105.\u201c<br \/>\n\u201eD\u017eiaugiam\u0117s, kad LAS pasi\u016blytas ir CPVA patvirtintas modelis geriausi\u0105 id\u0117j\u0105 naujai mokyklai Ukrainoje i\u0161sirinkti atviro tarptautinio architekt\u016brinio konkurso b\u016bdu pasiteisino su kaupu, \u2013 sako LAS Tarybos nar\u0117, konkurso koordinator\u0117 R\u016bta Leitanait\u0117. \u2013 Akivaizdu, kad \u012fdirbis, rengiant konkurso u\u017eduot\u012f kartu su architekt\u016bros, edukacijos specialistais i\u0161 Ukrainos, pad\u0117jo u\u017eprogramuoti Ukrainos bendruomen\u0117ms tinkamiausi\u0105 sprendim\u0105. Tikim\u0117s, kad \u0161i patirtis ir i\u0161moktos pamokos \u2013 kaip \u012ftraukti Ukrainos specialistus ir per demokrati\u0161kas, skaidrias proced\u016bras kurti unikalius architekt\u016brinius sprendimus Ukrainai \u2013 bus panaudojamos ir kitiems ateities projektams, kuriuos Lietuva ar kitos \u0161alys bei donorai nor\u0117s padovanoti nuo Rusijos sukelto karo ken\u010dian\u010diai \u0161aliai. Savo \u017einiomis jau dalijam\u0117s ir \u012f iniciatyvas jungtis kvie\u010diame ir kit\u0173 \u0161ali\u0173 bei organizacij\u0173 atstovus Europos Komisijos globojamoje Naujojo europinio bauhauzo laboratorijoje \u201eVie\u0161oji infrastrukt\u016bra Ukrainai \/ Public infrastructure for Ukraine\u201c.<br \/>\n\u201eProjektas \u201eAteities mokykla Ukrainai\u201c yra \u012fkvepiantis Lietuvos ir tarptautini\u0173 partneri\u0173 ind\u0117lis \u012f Ukrainos pergal\u0119 ir Ukrainos vaik\u0173 ateit\u012f. \u0160is projektas \u2013 Lietuvos diplomatus, Centrin\u0119 projekt\u0173 valdymo agent\u016br\u0105 bei kitus partnerius sutelk\u0117 d\u0117l bendro tikslo ir pad\u0117jo burti tarptautines koalicijas. Penkiolikos architekt\u0173 komand\u0173 pastangos pad\u0117jo atkreipti tarptautin\u0117s bendruomen\u0117s d\u0117mes\u012f \u012f tai, kad Ukrainoje \u0161iandien bomb\u0173 sprogimai ir pavojaus sirenos skamba da\u017eniau nei mokyklos skambutis\u201c, \u2013 sak\u0117 u\u017esienio reikal\u0173 viceministras Simonas \u0160at\u016bnas.<br \/>\nViceministras taip pat pa\u017eym\u0117jo, kad projekto metu \u012fgyta patirtis dar labiau sustiprins Italijos ir kit\u0173 Europos \u0161ali\u0173 jungtis su Lietuva bei bendradarbiavim\u0105 atstatant barbar\u0173 niokojam\u0105 Ukrain\u0105, taip pat taps svarbiu pasirengimo Ukrainos atstatymo konferencijai Romoje elementu.<br \/>\nRusijos padaryta \u017eala Ukrainos \u0161vietimo sektoriui yra mil\u017eini\u0161ka \u2013 Ukrainos \u0161vietimo ir mokslo ministerijos duomenimis, nuo antpuoli\u0173 nukent\u0117jo daugiau nei 1 t\u016bkst. 600 mokykl\u0173, net 197 buvo visi\u0161kai sugriautos. Joms atstatyti reikalingi racional\u016bs sprendimai ir tarptautin\u0117s bendruomen\u0117s parama.<br \/>\n\u201eRusijos ir Ukrainos karas yra egzistencin\u0117 kova d\u0117l Ukrainos ateities. Prie\u0161as siekia u\u017egrobti m\u016bs\u0173 \u017eemes, sunaikinti m\u016bs\u0173 kalb\u0105 ir kult\u016br\u0105, sutrukdyti u\u017eaugti naujai laisv\u0173 ukrainie\u010di\u0173 kartai. Tod\u0117l \u0161vietimo atk\u016brimas ir pl\u0117tra \u0161iandien yra svarbesni nei bet kada anks\u010diau. Kiekviena atkurta mokykla, kiekviena sl\u0117ptuv\u0117 ir kiekvienas sugr\u012f\u017eimas \u012f gyv\u0105 ugdymosi proces\u0105 yra \u017eingsnis m\u016bs\u0173 tapatyb\u0117s i\u0161saugojimo link. Adaptyvaus mokyklos projekto parengimas \u2013 tai galimyb\u0117 atkurti daugiau mokykl\u0173 sutaupant l\u0117\u0161as ir laik\u0105 techniniam projekto parengimui. Esu d\u0117kingas m\u016bs\u0173 partneriams i\u0161 Lietuvos u\u017e nuolatin\u0119 param\u0105 m\u016bs\u0173 \u0161vietimui ir u\u017e iniciatyvos \u201eAteities mokykla Ukrainai\u201c prad\u017ei\u0105\u201c, \u2013 teig\u0117 Ukrainos \u0161vietimo ir mokslo ministras Oksenas Lisovyi.<br \/>\nNumatoma, kad adaptyvus techninis mokyklos projektas pagal j\u0173 pateikt\u0105 projekt\u0105 bus parengtas 2025 m. vasario m\u0117nes\u012f \u2013 tuomet juo nemokamai naudotis gal\u0117s ir Ukrainos institucijos, ir visi kiti tarptautiniai partneriai, dalyvaujantys Ukrainos \u0161vietimo infrastrukt\u016bros atstatymo procesuose.<\/p>\n<p>&nbsp;<\/p>\n<p>&nbsp;<\/p>\n<p>&nbsp;<\/p>\n<p>&nbsp;<\/p>\n<p>&nbsp;<\/p>\n<p>&nbsp;<\/p>\n<p>&nbsp;<\/p>\n<p>&nbsp;<\/p>\n<p>&nbsp;<\/p>\n<p>Pirm\u0105j\u0105 viet\u0105 laim\u0117jusio darbo apra\u0161ymas:<br \/>\n\u0160is projektas siekia stiprinti bendruomeni\u0161kumo jausm\u0105, kuriant edukacin\u0119 kaimynyst\u0119, kurioje prioritetas teikiamas prisitaikomumui, lankstumui ir tvarumui. Pagrindinis \u0161ios vizijos elementas \u2013 vidaus ir lauko kiemeliai, kurie tarnauja kaip bendruomen\u0117s centrai, skatinantys socialin\u0119 s\u0105veik\u0105 ir bendradarbiavim\u0105 tarp mokini\u0173, mokytoj\u0173 ir vietos gyventoj\u0173.<br \/>\nDizainas pabr\u0117\u017eia aplinkos komfort\u0105, naudojant tvarias med\u017eiagas ir energij\u0105 taupan\u010dias sistemas, siekiant sukurti sveik\u0105 ir mokymuisi palanki\u0105 atmosfer\u0105. \u012etraukiant prisitaikomas erdves, kurios gali keistis pagal bendruomen\u0117s poreikius, \u0161is projektas siekia sukurti dinami\u0161k\u0105, \u012ftraukian\u010di\u0105 ir atspari\u0105 edukacin\u0119 aplink\u0105.<br \/>\nSiekiant \u0161i\u0173 tiksl\u0173, pastatas yra suprojektuotas kaip modulin\u0117 sistema su tinklelio strukt\u016bra, u\u017etikrinan\u010dia jo prisitaikym\u0105 ir pertvarkomum\u0105.<br \/>\nEdukacinio komplekso dizainas orientuotas \u012f \u012fvairius naudotojus: mokinius, mokytojus, \u0161eimas ir vietos bendruomen\u0119, si\u016blant pritaikytas erdves kiekvienai grupei ir efektyviai atskiriant j\u0173 srautus. Atskirti \u012f\u0117jimai ir koridoriai u\u017etikrina skland\u0173 jud\u0117jim\u0105, o tokios funkcijos kaip mokyklos, gyvenamosios zonos ir rekreacin\u0117s erdv\u0117s turi atskirus \u012f\u0117jimus ir takus, patogiai i\u0161d\u0117stytus netoli automobili\u0173 stov\u0117jimo aik\u0161teli\u0173.<br \/>\nMokyklos ir klasi\u0173 moduliai i\u0161d\u0117styti aplink atviras erdves, kad b\u016bt\u0173 maksimaliai i\u0161naudota nat\u016brali \u0161viesa ir oras. Klas\u0117s yra strategi\u0161kai i\u0161d\u0117stytos su vaizdu \u012f \u017eali\u0105sias zonas, sukuriant sveik\u0105 ir \u012ftraukian\u010di\u0105 mokymosi aplink\u0105, stiprinan\u010di\u0105 vidaus ir lauko santyk\u012f. Gyvenamieji vienetai integruoja kiemelius ir sodus, skatindami socialin\u0119 s\u0105veik\u0105 tarp mokini\u0173 ir mokytoj\u0173, ir taip pagerina edukacin\u0119 patirt\u012f.<br \/>\nBendrosios erdv\u0117s sudaro centrin\u0119 edukacin\u0119 a\u0161\u012f tarp pradin\u0117s mokyklos, gimnazijos ir lic\u0117jaus. \u0160ioje a\u0161yje yra biblioteka mokymuisi, daugiafunkc\u0117s erdv\u0117s \u012fvairiai veiklai ir valgykla, atsiverianti \u012f \u017eaidim\u0173 kiemel\u012f gamtoje. \u0160ios erdv\u0117s skatina akademinius pasiekimus ir bendruomen\u0117s \u012fsitraukim\u0105, palaikydamos tiek grupin\u012f mokym\u0105si, tiek individual\u0173 gerov\u0117s siekim\u0105.<br \/>\nPer\u0117jimo erdv\u0117 su \u012f\u0117jimais \u0161alia edukacini\u0173 centr\u0173 ir papildomu \u012f\u0117jimu \u0161alia i\u0161orinio dar\u017eelio naudojama kaip skubios pagalbos prieglobstis ir edukacin\u0117 zona. Joje \u012frengtos dirbtuv\u0117s \u012fvairioms mokymosi veikloms ir papildoma energijos sistema, u\u017etikrinanti nenutr\u016bkstam\u0105 veikim\u0105. Tai padidina komplekso atsparum\u0105 ir saugum\u0105 ir kartu suteikia verting\u0173 edukacini\u0173 galimybi\u0173.<br \/>\nPastatas yra suprojektuotas su surenkamomis laikan\u010diosiomis sienomis ir yra energi\u0161kai autonomi\u0161kas, taikant ma\u017eo anglies dioksido i\u0161metimo metodus, kurie ma\u017eina aplinkos poveik\u012f. Auk\u0161to efektyvumo sistemos ir technologiniai sprendimai u\u017etikrina \u0161ilumin\u012f ir akustin\u012f komfort\u0105 naudotojams.<br \/>\nApskritai, dizainas sujungia edukacin\u0119 vert\u0119, ry\u0161\u012f su lauko erdv\u0117mis ir pagrindines funkcines savybes, sukuriant palaikan\u010di\u0105, pritaikom\u0105 ir turting\u0105 aplink\u0105 visiems naudotojams.<\/p>\n<p>Antr\u0105j\u0105 viet\u0105 laim\u0117jusio darbo apra\u0161ymas:<br \/>\n\u012eprastai mokyklos turi \u201efunkcin\u0119 program\u0105\u201c, kuri telpa \u012f vien\u0105 pastat\u0105. Tokie pastatai da\u017enai pasi\u017eymi sud\u0117tinga vidine erdvi\u0173 organizacija, i\u0161laikant paprast\u0105 i\u0161orin\u0119 form\u0105. Kuriant Naujosios Ukrainos ateities mokykl\u0105 su jos sud\u0117tinga funkcine programa, reikalingas naujas erdvi\u0173 organizavimo metodas. \u0160is novatori\u0161kas po\u017ei\u016bris geriau atitiks \u012fvairius poreikius ir dinami\u0161k\u0105 s\u0105veik\u0105, kuri yra numatyta \u0161iuolaikinei \u0161vietimo atei\u010diai.<br \/>\nM\u016bs\u0173 holistinis po\u017ei\u016bris \u012f tvarum\u0105 yra pagrindinis projektavimo principas, \u012fgyvendinamas visuose m\u016bs\u0173 projektuose nuo pat pirmo eskizo. Tvarum\u0105 suprantame pla\u010diai, remdamiesi trimis pagrindais: Pasaulis, Mes, Vert\u0117. Be aplinkosaugos poveikio ma\u017einimo, ypating\u0105 d\u0117mes\u012f skiriame socialin\u0117s dinamikos stiprinimui ir visuomen\u0117s vertinimo didinimui. \u0160ie aspektai yra esminiai, siekiant sukurti tvaresn\u0119 ateit\u012f visiems.<br \/>\n\u201ePanno\u201c \u2013 tai Ukrainos dekoratyvin\u0117 sienin\u0117 kompozicija, sukurta naudojant \u012fvairias technikas ir atspindinti tradicinius ukrainieti\u0161kus motyvus bei ornamentus. \u0160ie sud\u0117tingi k\u016briniai ne tik puo\u0161ia interjerus, bet ir atlieka svarb\u0173 vaidmen\u012f i\u0161saugant bei \u0161ven\u010diant turting\u0105 Ukrainos kult\u016brin\u012f paveld\u0105.<br \/>\nArchitekt\u016briniame planavime \u201epanno\u201c metodas yra unikali ir pritaikoma priemon\u0117. Jis veikia kaip lanksti sistema, kuri\u0105 galima pritaikyti \u012fvairiems kontekstams ir funkcijoms, pana\u0161iai kaip tradiciniai \u201epannai\u201c, pritaikomi konkre\u010dioms temoms ar istorijoms atskleisti. Integruojant \u0161\u012f metod\u0105 \u012f architekt\u016brin\u012f dizain\u0105, erdves galima dinami\u0161kai pertvarkyti ir pritaikyti besikei\u010diantiems naudotoj\u0173 poreikiams, kartu i\u0161laikant darni\u0105 estetik\u0105, kuri gerbia kult\u016brines tradicijas.<br \/>\n\u201ePanno\u201c metodo lankstumas leid\u017eia architektams kurti aplinkas, kurios yra tiek funkcionalios, tiek kult\u016bri\u0161kai reik\u0161mingos. Kiekvien\u0105 architekt\u016brinio \u201epanno\u201c komponent\u0105 galima perkelti ar pertvarkyti, suteikiant individualizuotus sprendimus, atitinkan\u010dius konkre\u010dius urbanistinius kontekstus ir bendruomen\u0117s poreikius.<\/p>\n<p>Tre\u010di\u0105j\u0105 viet\u0105 laim\u0117jusio darbo apra\u0161ymas:<br \/>\nM\u016bs\u0173 vizija Ukrainos ateities mokyklai \u2013 tai miniati\u016brinis miestas. J\u0105 sudaro mokymosi klasteriai ir aktyvios foj\u0117 erdv\u0117s tarp j\u0173. Tinkamo dyd\u017eio klasteri\u0173 formavimas leid\u017eia erdves ir funkcijas i\u0161d\u0117styti ma\u017eesn\u0117mis, vartotojams lengvai suprantamomis dalimis. Foj\u0117 erdv\u0117s u\u017etikrina vidinius ry\u0161ius ir tarnauja kaip susitikim\u0173 bei mokymosi zonos.<br \/>\n\u0160ios koncepcijos klasterius galima lanks\u010diai grupuoti skirtingose vietose, formuojant tankesnes arba retesnes urbanistines strukt\u016bras. Klasteri\u0173 dydis, skai\u010dius ir auk\u0161t\u0173 kiekis gali b\u016bti lanks\u010diai pritaikomi.<br \/>\nKoncepcijos architekt\u016bra yra orientuota \u012f \u017emog\u0173 \u2013 jauki, kvie\u010dianti, atvira ir atspindinti demokratines Ukrainos vertybes. Statybos koncepcija daugiausia grind\u017eiama moduline plienine celi\u0173 strukt\u016bra. Ji yra surenkama, tiksli, greitai statoma ir lengvai pritaikoma. Tai u\u017etikrina tvar\u0173, patikim\u0105 pastat\u0105 su sveika patalp\u0173 oro kokybe ir geru garso izoliavimu.<br \/>\nFasad\u0173 med\u017eiagos gali b\u016bti pritaikytos prie aplinkos, parenkamos atsi\u017evelgiant \u012f vietoje prieinamas med\u017eiagas. Skirtingi klasteriai gali naudoti \u012fvairias med\u017eiagas ar spalvas, siekiant palengvinti orientacij\u0105. Stog\u0173 formos gali b\u016bti pritaikytos prie aplinkin\u0117s aplinkos. Fasad\u0173 angos gali b\u016bti koreguojamos pagal funkcijas ir erdvi\u0173 i\u0161d\u0117stym\u0105.<br \/>\n\u0160i statybos koncepcija leid\u017eia kurti pastatus su pritaikomomis vidaus erdv\u0117mis, kuriuos galima lengvai pl\u0117sti ar net perkelti, jei to prireikt\u0173. Koncepcija pateikia visus b\u016btinus architekt\u016brinius elementus, leid\u017eian\u010dius i\u0161d\u0117styti daugyb\u0119 funkcij\u0173 \u012fvairiose vietose.<\/p>\n<p>R\u016bta Leitanait\u0117<\/p>\n<p style=\"text-align: center;\"><a href=\"http:\/\/archiforma.lt\/wp-content\/uploads\/2025\/01\/MRF_logo_SPALV_RGB_LT_VERT-1.png\"><img loading=\"lazy\" decoding=\"async\" class=\"alignnone size-medium wp-image-3178\" src=\"http:\/\/archiforma.lt\/wp-content\/uploads\/2025\/01\/MRF_logo_SPALV_RGB_LT_VERT-1-300x187.png\" alt=\"\" width=\"300\" height=\"187\" srcset=\"https:\/\/archiforma.lt\/wp-content\/uploads\/2025\/01\/MRF_logo_SPALV_RGB_LT_VERT-1-300x187.png 300w, https:\/\/archiforma.lt\/wp-content\/uploads\/2025\/01\/MRF_logo_SPALV_RGB_LT_VERT-1-1024x639.png 1024w, https:\/\/archiforma.lt\/wp-content\/uploads\/2025\/01\/MRF_logo_SPALV_RGB_LT_VERT-1-768x480.png 768w, https:\/\/archiforma.lt\/wp-content\/uploads\/2025\/01\/MRF_logo_SPALV_RGB_LT_VERT-1-1536x959.png 1536w, https:\/\/archiforma.lt\/wp-content\/uploads\/2025\/01\/MRF_logo_SPALV_RGB_LT_VERT-1-2048x1279.png 2048w\" sizes=\"(max-width: 300px) 100vw, 300px\" \/><\/a><\/p>\n<p>&nbsp;<\/p>\n<p>&nbsp;<\/p>\n<style id=\"bwg-style-0\">    #bwg_container1_0 #bwg_container2_0 .bwg-container-0.bwg-standard-thumbnails {      width: 544px;              justify-content: center;        margin:0 auto !important;              background-color: rgba(255, 255, 255, 0.00);            padding-left: 4px;      padding-top: 4px;      max-width: 100%;            }        #bwg_container1_0 #bwg_container2_0 .bwg-container-0.bwg-standard-thumbnails .bwg-item {      justify-content: flex-start;      max-width: 180px;            width: 180px !important;          }    #bwg_container1_0 #bwg_container2_0 .bwg-container-0.bwg-standard-thumbnails .bwg-item > a {       margin-right: 4px;       margin-bottom: 4px;    }    #bwg_container1_0 #bwg_container2_0 .bwg-container-0.bwg-standard-thumbnails .bwg-item0 {      padding: 0px;            background-color:rgba(255,255,255, 0.30);      border: 0px none #CCCCCC;      opacity: 1.00;      border-radius: 0;      box-shadow: 0px 0px 0px #888888;    }    #bwg_container1_0 #bwg_container2_0 .bwg-container-0.bwg-standard-thumbnails .bwg-item1 img {      max-height: none;      max-width: none;      padding: 0 !important;    }        @media only screen and (min-width: 480px) {      #bwg_container1_0 #bwg_container2_0 .bwg-container-0.bwg-standard-thumbnails .bwg-item0 {        transition: all 0.3s ease 0s;-webkit-transition: all 0.3s ease 0s;      }      #bwg_container1_0 #bwg_container2_0 .bwg-container-0.bwg-standard-thumbnails .bwg-item0:hover {        -ms-transform: scale(1.1);        -webkit-transform: scale(1.1);        transform: scale(1.1);      }    }          #bwg_container1_0 #bwg_container2_0 .bwg-container-0.bwg-standard-thumbnails .bwg-item1 {      padding-top: 50%;    }        #bwg_container1_0 #bwg_container2_0 .bwg-container-0.bwg-standard-thumbnails .bwg-title2,    #bwg_container1_0 #bwg_container2_0 .bwg-container-0.bwg-standard-thumbnails .bwg-ecommerce2 {      color: #CCCCCC;      font-family: segoe ui;      font-size: 16px;      font-weight: bold;      padding: 2px;      text-shadow: 0px 0px 0px #888888;      max-height: 100%;    }    #bwg_container1_0 #bwg_container2_0 .bwg-container-0.bwg-standard-thumbnails .bwg-thumb-description span {    color: #323A45;    font-family: Ubuntu;    font-size: 12px;    max-height: 100%;    word-wrap: break-word;    }    #bwg_container1_0 #bwg_container2_0 .bwg-container-0.bwg-standard-thumbnails .bwg-play-icon2 {      font-size: 32px;    }    #bwg_container1_0 #bwg_container2_0 .bwg-container-0.bwg-standard-thumbnails .bwg-ecommerce2 {      font-size: 19.2px;      color: #CCCCCC;    }    <\/style>    <div id=\"bwg_container1_0\"         class=\"bwg_container bwg_thumbnail bwg_thumbnails\"         data-right-click-protection=\"1\"         data-bwg=\"0\"         data-current-url=\"https:\/\/archiforma.lt\/index.php?rest_route=%2Fwp%2Fv2%2Fposts%2F3213\"         data-lightbox-url=\"https:\/\/archiforma.lt\/wp-admin\/admin-ajax.php?action=GalleryBox&current_view=0&gallery_id=97&tag=0&theme_id=1&shortcode_id=194&sort_by=order&order_by=asc&current_url=https%3A%2F%2Farchiforma.lt%2Findex.php%3Frest_route%3D%252Fwp%252Fv2%252Fposts%252F3213\"         data-gallery-id=\"97\"         data-popup-width=\"800\"         data-popup-height=\"500\"         data-buttons-position=\"bottom\">      <div id=\"bwg_container2_0\">             <div id=\"ajax_loading_0\" class=\"bwg_loading_div_1\">      <div class=\"bwg_loading_div_2\">        <div class=\"bwg_loading_div_3\">          <div id=\"loading_div_0\" class=\"bwg_spider_ajax_loading\">          <\/div>        <\/div>      <\/div>    <\/div>            <form id=\"gal_front_form_0\"              class=\"bwg-hidden\"              method=\"post\"              action=\"#\"              data-current=\"0\"              data-shortcode-id=\"194\"              data-gallery-type=\"thumbnails\"              data-gallery-id=\"97\"              data-tag=\"0\"              data-album-id=\"0\"              data-theme-id=\"1\"              data-ajax-url=\"https:\/\/archiforma.lt\/wp-admin\/admin-ajax.php?action=bwg_frontend_data\">          <div id=\"bwg_container3_0\" class=\"bwg-background bwg-background-0\">                <div data-max-count=\"3\"         data-thumbnail-width=\"180\"         data-bwg=\"0\"         data-gallery-id=\"97\"         data-lightbox-url=\"https:\/\/archiforma.lt\/wp-admin\/admin-ajax.php?action=GalleryBox&current_view=0&gallery_id=97&tag=0&theme_id=1&shortcode_id=194&sort_by=order&order_by=asc&current_url=https%3A%2F%2Farchiforma.lt%2Findex.php%3Frest_route%3D%252Fwp%252Fv2%252Fposts%252F3213\"         id=\"bwg_thumbnails_0\"         class=\"bwg-container-0 bwg-thumbnails bwg-standard-thumbnails bwg-container bwg-border-box\">            <div class=\"bwg-item\">        <a class=\"bwg-a bwg_lightbox\"  data-image-id=\"1349\" href=\"https:\/\/archiforma.lt\/wp-content\/uploads\/photo-gallery\/2024\/Ukraina_konk\/drawing_23.jpg?bwg=1736157535\">                <div class=\"bwg-item0 \">          <div class=\"bwg-item1 \">            <div class=\"bwg-item2\">              <img decoding=\"async\" class=\"skip-lazy bwg_standart_thumb_img_0 \"                   data-id=\"1349\"                   data-width=\"1000\"                   data-height=\"587\"                   data-original=\"https:\/\/archiforma.lt\/wp-content\/uploads\/photo-gallery\/2024\/Ukraina_konk\/thumb\/drawing_23.jpg?bwg=1736157535\"                   src=\"https:\/\/archiforma.lt\/wp-content\/uploads\/photo-gallery\/2024\/Ukraina_konk\/thumb\/drawing_23.jpg?bwg=1736157535\"                   alt=\"drawing 23\" \/>            <\/div>            <div class=\"\">                                                      <\/div>          <\/div>        <\/div>                                <\/a>      <\/div>            <div class=\"bwg-item\">        <a class=\"bwg-a bwg_lightbox\"  data-image-id=\"1348\" href=\"https:\/\/archiforma.lt\/wp-content\/uploads\/photo-gallery\/2024\/Ukraina_konk\/drawing_22.jpg?bwg=1736157535\">                <div class=\"bwg-item0 \">          <div class=\"bwg-item1 \">            <div class=\"bwg-item2\">              <img decoding=\"async\" class=\"skip-lazy bwg_standart_thumb_img_0 \"                   data-id=\"1348\"                   data-width=\"1000\"                   data-height=\"587\"                   data-original=\"https:\/\/archiforma.lt\/wp-content\/uploads\/photo-gallery\/2024\/Ukraina_konk\/thumb\/drawing_22.jpg?bwg=1736157535\"                   src=\"https:\/\/archiforma.lt\/wp-content\/uploads\/photo-gallery\/2024\/Ukraina_konk\/thumb\/drawing_22.jpg?bwg=1736157535\"                   alt=\"drawing 22\" \/>            <\/div>            <div class=\"\">                                                      <\/div>          <\/div>        <\/div>                                <\/a>      <\/div>            <div class=\"bwg-item\">        <a class=\"bwg-a bwg_lightbox\"  data-image-id=\"1347\" href=\"https:\/\/archiforma.lt\/wp-content\/uploads\/photo-gallery\/2024\/Ukraina_konk\/drawing_21.jpg?bwg=1736157535\">                <div class=\"bwg-item0 \">          <div class=\"bwg-item1 \">            <div class=\"bwg-item2\">              <img decoding=\"async\" class=\"skip-lazy bwg_standart_thumb_img_0 \"                   data-id=\"1347\"                   data-width=\"1000\"                   data-height=\"587\"                   data-original=\"https:\/\/archiforma.lt\/wp-content\/uploads\/photo-gallery\/2024\/Ukraina_konk\/thumb\/drawing_21.jpg?bwg=1736157535\"                   src=\"https:\/\/archiforma.lt\/wp-content\/uploads\/photo-gallery\/2024\/Ukraina_konk\/thumb\/drawing_21.jpg?bwg=1736157535\"                   alt=\"drawing 21\" \/>            <\/div>            <div class=\"\">                                                      <\/div>          <\/div>        <\/div>                                <\/a>      <\/div>          <\/div>    <style>      \/*pagination styles*\/      #bwg_container1_0 #bwg_container2_0 .tablenav-pages_0 {      text-align: center;      font-size: 12px;      font-family: segoe ui;      font-weight: bold;      color: #666666;      margin: 6px 0 4px;      display: block;      height: 30px;      line-height: 30px;      }      @media only screen and (max-width : 320px) {      #bwg_container1_0 #bwg_container2_0 .displaying-num_0 {      display: none;      }      }      #bwg_container1_0 #bwg_container2_0 .displaying-num_0 {      font-size: 12px;      font-family: segoe ui;      font-weight: bold;      color: #666666;      margin-right: 10px;      vertical-align: middle;      }      #bwg_container1_0 #bwg_container2_0 .paging-input_0 {      font-size: 12px;      font-family: segoe ui;      font-weight: bold;      color: #666666;      vertical-align: middle;      }      #bwg_container1_0 #bwg_container2_0 .tablenav-pages_0 a.disabled,      #bwg_container1_0 #bwg_container2_0 .tablenav-pages_0 a.disabled:hover,      #bwg_container1_0 #bwg_container2_0 .tablenav-pages_0 a.disabled:focus {      cursor: default;      color: rgba(102, 102, 102, 0.5);      }      #bwg_container1_0 #bwg_container2_0 .tablenav-pages_0 a {      cursor: pointer;      font-size: 12px;      font-family: segoe ui;      font-weight: bold;      color: #666666;      text-decoration: none;      padding: 3px 6px;      margin: 0;      border-radius: 0;      border-style: solid;      border-width: 1px;      border-color: #E3E3E3;      background-color: #FFFFFF;      opacity: 1.00;      box-shadow: 0;      transition: all 0.3s ease 0s;-webkit-transition: all 0.3s ease 0s;      }      <\/style>      <span class=\"bwg_nav_cont_0\">              <div class=\"tablenav-pages_0\">                  <\/div>                <input type=\"hidden\" id=\"page_number_0\" name=\"page_number_0\" value=\"1\" \/>      <script type=\"text\/javascript\">        function spider_page_0(cur, x, y, load_more) {          if (typeof load_more == \"undefined\") {            var load_more = false;          }          if (jQuery(cur).hasClass('disabled')) {            return false;          }          var items_county_0 = 1;          switch (y) {            case 1:              if (x >= items_county_0) {                document.getElementById('page_number_0').value = items_county_0;              }              else {                document.getElementById('page_number_0').value = x + 1;              }              break;            case 2:              document.getElementById('page_number_0').value = items_county_0;              break;            case -1:              if (x == 1) {                document.getElementById('page_number_0').value = 1;              }              else {                document.getElementById('page_number_0').value = x - 1;              }              break;            case -2:              document.getElementById('page_number_0').value = 1;              break;            default:              document.getElementById('page_number_0').value = 1;          }          bwg_ajax('gal_front_form_0', '0', 'bwg_thumbnails_0', '0', '', '', 0, '', '', load_more, '', 1);        }                    jQuery('.first-page-0').on('click', function () {              spider_page_0(this, 1, -2, 'numeric');              return false;            });            jQuery('.prev-page-0').on('click', function () {              spider_page_0(this, 1, -1, 'numeric');              return false;            });            jQuery('.next-page-0').on('click', function () {              spider_page_0(this, 1, 1, 'numeric');              return false;            });            jQuery('.last-page-0').on('click', function () {              spider_page_0(this, 1, 2, 'numeric');              return false;            });                jQuery('.bwg_load_btn_0').on('click', function () {            spider_page_0(this, 1, 1, true);            return false;        });      <\/script>      <\/span>                <\/div>        <\/form>          <style>          #bwg_container1_0 #bwg_container2_0 #spider_popup_overlay_0 {          background-color: #000000;          opacity: 0.70;          }          <\/style>        <div id=\"bwg_spider_popup_loading_0\" class=\"bwg_spider_popup_loading\"><\/div>        <div id=\"spider_popup_overlay_0\" class=\"spider_popup_overlay\" onclick=\"spider_destroypopup(1000)\"><\/div>        <input type=\"hidden\" id=\"bwg_random_seed_0\" value=\"548554790\">                <\/div>    <\/div>    <script>      jQuery(function() {        bwg_main_ready();      });    <\/script>    \n","protected":false},"excerpt":{"rendered":"<p>Pirm\u0105j\u0105 viet\u0105 Lietuvos inicijuotame tarptautiniame architekt\u016briniame konkurse \u201eAteities mokykla Ukrainai\u201c laim\u0117jo architekt\u0173 komanda \u201eScandurra Studio Architettura srl\u201c i\u0161 Italijos, bendradarbiavusi su ukrainie\u010diu architektu M. A. Vustianskyi. Jie bus kvie\u010diami pasira\u0161yti projektavimo sutart\u012f ir parengti adaptyv\u0173 technin\u012f mokyklos projekt\u0105, kuris bus naudojamas nauj\u0173 mokykl\u0173 statybai visoje Ukrainoje. Pirm\u0105j\u0105 viet\u0105 laim\u0117jusio projekto autori\u0173 s\u0105ra\u0161as: architekt\u016bra (\u201eScandurra Studio [&hellip;]<\/p>\n","protected":false},"author":2,"featured_media":0,"comment_status":"open","ping_status":"open","sticky":false,"template":"","format":"standard","meta":{"footnotes":""},"categories":[181,23,49,11,4,12],"tags":[],"views":22,"_links":{"self":[{"href":"https:\/\/archiforma.lt\/index.php?rest_route=\/wp\/v2\/posts\/3213"}],"collection":[{"href":"https:\/\/archiforma.lt\/index.php?rest_route=\/wp\/v2\/posts"}],"about":[{"href":"https:\/\/archiforma.lt\/index.php?rest_route=\/wp\/v2\/types\/post"}],"author":[{"embeddable":true,"href":"https:\/\/archiforma.lt\/index.php?rest_route=\/wp\/v2\/users\/2"}],"replies":[{"embeddable":true,"href":"https:\/\/archiforma.lt\/index.php?rest_route=%2Fwp%2Fv2%2Fcomments&post=3213"}],"version-history":[{"count":2,"href":"https:\/\/archiforma.lt\/index.php?rest_route=\/wp\/v2\/posts\/3213\/revisions"}],"predecessor-version":[{"id":3217,"href":"https:\/\/archiforma.lt\/index.php?rest_route=\/wp\/v2\/posts\/3213\/revisions\/3217"}],"wp:attachment":[{"href":"https:\/\/archiforma.lt\/index.php?rest_route=%2Fwp%2Fv2%2Fmedia&parent=3213"}],"wp:term":[{"taxonomy":"category","embeddable":true,"href":"https:\/\/archiforma.lt\/index.php?rest_route=%2Fwp%2Fv2%2Fcategories&post=3213"},{"taxonomy":"post_tag","embeddable":true,"href":"https:\/\/archiforma.lt\/index.php?rest_route=%2Fwp%2Fv2%2Ftags&post=3213"}],"curies":[{"name":"wp","href":"https:\/\/api.w.org\/{rel}","templated":true}]}}