{"id":3141,"date":"2024-08-20T09:39:58","date_gmt":"2024-08-20T07:39:58","guid":{"rendered":"https:\/\/archiforma.lt\/?p=3141"},"modified":"2025-01-06T11:51:32","modified_gmt":"2025-01-06T09:51:32","slug":"daugiabuciai-gyvenamieji-namai-paupyje","status":"publish","type":"post","link":"https:\/\/archiforma.lt\/?p=3141","title":{"rendered":"Daugiabu\u010diai gyvenamieji namai Paupyje"},"content":{"rendered":"<p><img loading=\"lazy\" decoding=\"async\" class=\"aligncenter size-large wp-image-3142\" src=\"http:\/\/archiforma.lt\/wp-content\/uploads\/2024\/10\/06-Kanco-studija-Paupys-\u252c\u00aeNorbert-Tukaj-0016-1024x683.jpg\" alt=\"\" width=\"1024\" height=\"683\" srcset=\"https:\/\/archiforma.lt\/wp-content\/uploads\/2024\/10\/06-Kanco-studija-Paupys-\u252c\u00aeNorbert-Tukaj-0016-1024x683.jpg 1024w, https:\/\/archiforma.lt\/wp-content\/uploads\/2024\/10\/06-Kanco-studija-Paupys-\u252c\u00aeNorbert-Tukaj-0016-300x200.jpg 300w, https:\/\/archiforma.lt\/wp-content\/uploads\/2024\/10\/06-Kanco-studija-Paupys-\u252c\u00aeNorbert-Tukaj-0016-768x512.jpg 768w, https:\/\/archiforma.lt\/wp-content\/uploads\/2024\/10\/06-Kanco-studija-Paupys-\u252c\u00aeNorbert-Tukaj-0016-1536x1024.jpg 1536w, https:\/\/archiforma.lt\/wp-content\/uploads\/2024\/10\/06-Kanco-studija-Paupys-\u252c\u00aeNorbert-Tukaj-0016-2048x1365.jpg 2048w\" sizes=\"(max-width: 1024px) 100vw, 1024px\" \/><\/p>\n<p>Architektai: Gust\u0117 Kan\u010dait\u0117, K\u0119stutis Kajokas, Ieva \u0160alomskien\u0117, Linas Ulickas, Dovil\u0117 Gavelien\u0117, Algirdas Ramonas, Deimant\u0117 Vai\u010diukynait\u0117, Tomas Petreikis<\/p>\n<p>Vieta: Auk\u0161tai\u010di\u0173 g. 7, Vilnius<\/p>\n<p>Plotas: 28 500 m\u00b2<\/p>\n<p>Metai: 2017\u20132023<\/p>\n<p>Fotografas: Norbert Tukaj<\/p>\n<p><!--more--><\/p>\n<p>Naujasis Paupio kvartalas Vilniuje asocijuojasi su modernia ir i\u0161skirtine architekt\u016bra, unikaliomis vie\u0161osiomis erdv\u0117mis bei kokybi\u0161ka kvartalo regeneracija. Nors kvartale dar numatyti keli projektai, pagrindiniai kvartalai jau u\u017ebaigti. Vienas j\u0173 \u2013 \u0161e\u0161tasis Paupio kvartalas, projektuotas Kan\u010do studijos, i\u0161siskiria i\u0161 vis\u0173 savo netik\u0117tomis formomis bei keturi\u0173 auk\u0161t\u0173 arka.<\/p>\n<p>\u0160e\u0161tojo Paupio etapo vietoje XIX am\u017eiaus pab. veik\u0117 Iljos Effeno Lipskio pastatyta alaus darykla ir spirito varykla, o po Antrojo pasaulinio karo j\u0105 pakeit\u0117 ir \u010dia \u012fsik\u016br\u0117 skaitikli\u0173 gamykla. \u0160io etapo statybos prasid\u0117jo 2020 met\u0173 liepos m\u0117nes\u012f.<\/p>\n<p>Architekt\u016bra, kuri\u0105 \u012fkv\u0117p\u0117 istorija. \u0160e\u0161tojo etapo pastat\u0173 kompleksas suprojektuotas kvartalo prad\u017eioje \u2013 Auk\u0161tai\u010di\u0173 ir Paupio gatvi\u0173 sankirtoje. Vyriausioji kvartalo architekt\u0117 Gust\u0117 Kan\u010dait\u0117 pagrindiniu jo akcentu pasirinko ark\u0105, atspindin\u010di\u0105 senosios rajono architekt\u016bros bruo\u017eus. Architekt\u0117s teigimu, \u012fkv\u0117pimo semtasi bendraujant su senaisiais Paupio gyventojais. Anks\u010diau viename i\u0161 pastat\u0173 \u010dia buvusi did\u017eiul\u0117 arka atliko svarbi\u0105 simbolin\u0119 reik\u0161m\u0119, tod\u0117l buvo pra\u0161oma j\u0105 i\u0161saugoti. Taip pat, teritorijoje prad\u0117jus sen\u0173j\u0173 pastat\u0173 griovimo darbus, paai\u0161k\u0117jo, kad vis\u0173 j\u0173 konstrukcijos yra sudarytos i\u0161 skliaut\u0173. Tai galutinai i\u0161ry\u0161kino projekto architekt\u016brin\u0119 krypt\u012f, kuri atkartoja \u0161iuos motyvus languose, centriniame \u012f\u0117jime \u012f vidin\u012f kiem\u0105. Anot G. Kan\u010dait\u0117s, Auk\u0161tai\u010di\u0173 g. 5 stovintis pastatas u\u017eima vis\u0105 kvartal\u0105, tod\u0117l projektuojant \u012f j\u012f teko pa\u017evelgti skulpt\u016bri\u0161kai. \u201ePastatas monumentalus, fasadas auga \u012f vir\u0161\u0173 ir kei\u010diasi \u017ei\u016brint i\u0161 skirting\u0173 perspektyv\u0173 tiek va\u017eiuojant pro \u0161al\u012f, tiek vaik\u0161tant. Nenor\u0117jome, kad \u0161is pastatas b\u016bt\u0173 vien durys ir langai, steng\u0117m\u0117s suteikti jam skulpt\u016bri\u0161kumo. Norint j\u012f patirti, verta pasivaik\u0161\u010dioti siauromis Paupio gatvel\u0117mis, pamatyti j\u012f skirtingais rakursais, lyg ie\u0161kant kadro nuotraukai. Pastato poj\u016btis skiriasi dien\u0105 ir vakar\u0105, i\u0161 vidinio kiemo ir stovint prie\u0161ais centrin\u0119 ark\u0105. Man jis \u017eaviausias ruden\u012f, kai spalvoti lapai pagyvina pilk\u0105 plyt\u0173 m\u016br\u0105 ir gra\u017eiai dera su kaimyninio, architekto Andriaus Ambraso projektuoto, pastato r\u016bd\u017ei\u0173 spalvos fasadais\u201c, \u2013 sako G. Kan\u010dait\u0117.<\/p>\n<p>Kvartalas tarsi suskaidytas \u012f dvi dalis, o gal tiksliau \u012f du vidinius kiemus su perimetriniu u\u017estatymu aplink juos. Pirmoji erdv\u0117 \u2013 vie\u0161a, per did\u017ei\u0105j\u0105 ark\u0105 patenkama \u012f vidin\u012f kiem\u0105, kur\u012f puo\u0161ia Donato Jankausko-Duonio skulpt\u016bra \u201eRytmetis\u201c. Antrasis vidinis kiemas u\u017edaras nuo visuomen\u0117s ir skirtas tik gyventojams. Jame dominuoja gausus ap\u017eeldinimas, kuriantis jauki\u0105 atmosfer\u0105, korteno atramin\u0117s sienel\u0117s, deran\u010dios su rausva plyt\u0173 apdaila. Fasadai taip pat skaidyti tiek spalvi\u0161kai, tiek ir naudojant skirtingas apdailines med\u017eiagas ar kuriant kintant\u012f t\u016bri\u0173 auk\u0161tingum\u0105. Atid\u017eiau atsi\u017evelgti \u012f pastato charakter\u012f ir apdailines med\u017eiagas, architektams talkino ir UNESCO ekspertai. Kartu kaip pagrindin\u0117 fasado apdaila pasirinktos plytos, derinant jas su ramesniais tinko intarpais bei metalo a\u017e\u016briniu tinklu.<\/p>\n<p>Skirtingi korpusai skiriasi ne tik vie\u0161\u0173j\u0173 erdvi\u0173 prieinamumu, bet ir vizualiai, pirmasis korpusas kiek ma\u017eesnis, j\u012f puo\u0161ia did\u017eioji a\u017e\u016brin\u0117 arka bei ry\u0161kesni fasadiniai sprendiniai: pasirinktos tamsesn\u0117s plytos gatv\u0117s fasadui bei terakotos atspalvio tinkas vidinio kiemo fasadams. Du korpusai sujungti tamsaus tinko intarpu, kuris tarnauja ir kaip pagrindinis \u012fva\u017eiavimas \u012f po\u017eemin\u0119 automobili\u0173 stov\u0117jimo aik\u0161tel\u0119. Didesnis korpusas kiek nuosaikesnis spalv\u0173 at\u017evilgiu \u2013 pasirinkta \u0161viesi plyt\u0173 apdaila, kuri\u0105 pagyvina did\u017eiuliai vitrininiai arkiniai langai su tamsiais lang\u0173 r\u0117mais.<\/p>\n<p>Kan\u010do studija suteik\u0117 Paupio kvartalui i\u0161skirtinumo savo dr\u0105siu sprendimu naudoti arkinius elementus architekt\u016brin\u0117je rai\u0161koje. Kiekvienas ma\u017eesnis kvartalas, turintis savo i\u0161rai\u0161k\u0105, kuria gyvo miesto \u012fsp\u016bd\u012f, atkartodamas senojo miesto kvartalin\u012f u\u017estatym\u0105. \u0160e\u0161tasis Paupio kvartalas \u2013 ilgai lauktas ir kokybi\u0161kas architekt\u016brinis ind\u0117lis \u012f miesto audin\u012f.<\/p>\n<p>&nbsp;<\/p>\n<p><img decoding=\"async\" src=\"https:\/\/encrypted-tbn0.gstatic.com\/images?q=tbn:ANd9GcS0yetqxTOX31O4KIElAnd0uCtvnsuCrKCsLg&amp;s\" alt=\"Naujienos - Medij\u0173 r\u0117mimo fondas\" \/><\/p>\n","protected":false},"excerpt":{"rendered":"<p>Architektai: Gust\u0117 Kan\u010dait\u0117, K\u0119stutis Kajokas, Ieva \u0160alomskien\u0117, Linas Ulickas, Dovil\u0117 Gavelien\u0117, Algirdas Ramonas, Deimant\u0117 Vai\u010diukynait\u0117, Tomas Petreikis Vieta: Auk\u0161tai\u010di\u0173 g. 7, Vilnius Plotas: 28 500 m\u00b2 Metai: 2017\u20132023 Fotografas: Norbert Tukaj<\/p>\n","protected":false},"author":2,"featured_media":0,"comment_status":"open","ping_status":"open","sticky":false,"template":"","format":"standard","meta":{"footnotes":""},"categories":[189,191,195,183,8,185,187],"tags":[],"views":32,"_links":{"self":[{"href":"https:\/\/archiforma.lt\/index.php?rest_route=\/wp\/v2\/posts\/3141"}],"collection":[{"href":"https:\/\/archiforma.lt\/index.php?rest_route=\/wp\/v2\/posts"}],"about":[{"href":"https:\/\/archiforma.lt\/index.php?rest_route=\/wp\/v2\/types\/post"}],"author":[{"embeddable":true,"href":"https:\/\/archiforma.lt\/index.php?rest_route=\/wp\/v2\/users\/2"}],"replies":[{"embeddable":true,"href":"https:\/\/archiforma.lt\/index.php?rest_route=%2Fwp%2Fv2%2Fcomments&post=3141"}],"version-history":[{"count":1,"href":"https:\/\/archiforma.lt\/index.php?rest_route=\/wp\/v2\/posts\/3141\/revisions"}],"predecessor-version":[{"id":3143,"href":"https:\/\/archiforma.lt\/index.php?rest_route=\/wp\/v2\/posts\/3141\/revisions\/3143"}],"wp:attachment":[{"href":"https:\/\/archiforma.lt\/index.php?rest_route=%2Fwp%2Fv2%2Fmedia&parent=3141"}],"wp:term":[{"taxonomy":"category","embeddable":true,"href":"https:\/\/archiforma.lt\/index.php?rest_route=%2Fwp%2Fv2%2Fcategories&post=3141"},{"taxonomy":"post_tag","embeddable":true,"href":"https:\/\/archiforma.lt\/index.php?rest_route=%2Fwp%2Fv2%2Ftags&post=3141"}],"curies":[{"name":"wp","href":"https:\/\/api.w.org\/{rel}","templated":true}]}}