{"id":3138,"date":"2024-09-10T07:33:28","date_gmt":"2024-09-10T05:33:28","guid":{"rendered":"https:\/\/archiforma.lt\/?p=3138"},"modified":"2025-01-06T11:51:16","modified_gmt":"2025-01-06T09:51:16","slug":"paprastumas-logika-ir-fantazija-stasys-mus-e-um","status":"publish","type":"post","link":"https:\/\/archiforma.lt\/?p=3138","title":{"rendered":"Paprastumas, logika ir fantazija \u201eSTASYS MUS.E.UM\u201c"},"content":{"rendered":"<p><a href=\"http:\/\/archiforma.lt\/wp-content\/uploads\/2024\/10\/Archiforma-2024-Nr-1-SB-RED-scaled.bmp\"><img loading=\"lazy\" decoding=\"async\" class=\"aligncenter size-large wp-image-3139\" src=\"http:\/\/archiforma.lt\/wp-content\/uploads\/2024\/10\/Archiforma-2024-Nr-1-SB-RED-1024x682.jpg\" alt=\"\" width=\"1024\" height=\"682\" srcset=\"https:\/\/archiforma.lt\/wp-content\/uploads\/2024\/10\/Archiforma-2024-Nr-1-SB-RED-1024x682.jpg 1024w, https:\/\/archiforma.lt\/wp-content\/uploads\/2024\/10\/Archiforma-2024-Nr-1-SB-RED-300x200.jpg 300w, https:\/\/archiforma.lt\/wp-content\/uploads\/2024\/10\/Archiforma-2024-Nr-1-SB-RED-768x512.jpg 768w, https:\/\/archiforma.lt\/wp-content\/uploads\/2024\/10\/Archiforma-2024-Nr-1-SB-RED-1536x1023.jpg 1536w, https:\/\/archiforma.lt\/wp-content\/uploads\/2024\/10\/Archiforma-2024-Nr-1-SB-RED-2048x1364.jpg 2048w\" sizes=\"(max-width: 1024px) 100vw, 1024px\" \/><\/a><\/p>\n<p><strong>Architektai:<\/strong> Aurimas Syrusas, Greta Brim\u0117, Ri\u010dardas Berta\u0161ius, Egl\u0117 Ge\u010dait\u0117, Aurelija Kniuk\u0161tait\u0117, Jon\u0117 Virbickait\u0117, Kotryna Bajorinait\u0117, Ieva Sirijatavi\u010di\u016bt\u0117, Viktoras Gricius (\u201eIMPLMNT architects\u201c)<\/p>\n<p><strong>Statybos in\u017einieriai<\/strong> (konstrukcijos)<strong>:<\/strong> \u201eSWECO Lietuva\u201c<\/p>\n<p><strong>Vieta:<\/strong> Panev\u0117\u017eys, Respublikos g. 40<\/p>\n<p><strong>Bendras pastato plotas (I etapo):<\/strong> 3 746 m<sup>2<\/sup><\/p>\n<p><strong>Numatomas pastato bendras plotas:<\/strong> 6 747 m<sup>2<\/sup><\/p>\n<p><strong>Sklypo plotas:<\/strong> 7 392 m<sup>2<\/sup><\/p>\n<p><strong>Metai:<\/strong> 2023 m.<\/p>\n<p>&nbsp;<\/p>\n<p>Panev\u0117\u017eys per pastar\u0105j\u012f de\u0161imtmet\u012f \u012fgavo nauj\u0105 kv\u0117pavim\u0105: sutvarkytos vie\u0161osios erdv\u0117s (Laisv\u0117s aik\u0161t\u0117 (architekt\u016bros studija \u201eStudija 501\u201c), Senvag\u0117s parkas ir Gra\u017e\u0117s Skaistakalnio parkas ir prieigos (urbanist\u0173 studija \u201ePUPA\u201c), Nepriklausomyb\u0117s aik\u0161t\u0117 (UAB \u201ePl\u0117tros partneriai\u201c)), atsirado daugiau nauj\u0173 architekt\u016bros objekt\u0173 (autobus\u0173 stotis (\u201ePaleko architekt\u0173 studija\u201c), statyb\u0173 procese \u2013 Panev\u0117\u017eio baseinas (\u201eHEIMA architects\u201c)), \u012fvykdytos esam\u0173 pastat\u0173 rekonstrukcijos (k\u016brybi\u0161kumo centro \u201ePragiedruliai\u201c) ir i\u0161 naujo kult\u016bri\u0161kai sujud\u0119s miestas. Ir to poky\u010dio galimybi\u0173 atsiranda vis daugiau, pavyzd\u017eiui, greta esan\u010dio raudon\u0173 plyt\u0173 XIX a. Panev\u0117\u017eio konserv\u0173 fabriko pastat\u0173 komplekso, kurio pirmin\u0117 paskirtis buvusi alkoholio gamyba, dabar numatomas visuomenin\u0117s ir kult\u016brin\u0117s paskirties objektas su komercin\u0117mis patalpomis \u2013 \u201eMeno inkubatorius\u201c (projektiniai pasi\u016blymai \u2013 architekt\u016bros studija \u201eArches\u201c). Atrodyt\u0173, Panev\u0117\u017e\u012f kiekvien\u0105 dien\u0105 kuriantys \u017emon\u0117s po truput\u012f suvok\u0117, koki\u0173 stiprybi\u0173 j\u0173 miestas turi, kokios neigiamos konotacijos jiems nebereikalingos, ir pri\u0117m\u0117 poky\u010dio galimyb\u0119. Naujausias urbanistinis, taip pat kult\u016brinis ir architekt\u016brinis pokytis Panev\u0117\u017eyje \u2013 \u201eStasys MUS.E.M\u201c, Nacionalin\u0117s premijos laureato Stasio Eidrigevi\u010diaus, gimusio Medini\u0161kiuose ir augusio Lep\u0161iuose (Panev\u0117\u017eio rajone), savo darbais \u017einomo visame pasaulyje, men\u0173 centras \/ muziejus.<\/p>\n<p>Prad\u017ei\u0105 tokio objekto atsiradimui dav\u0117 2018 m. \u012fvyk\u0119s konkursas, kur vie\u0161u lai\u0161ku \u012f architektus kreip\u0119sis menininkas i\u0161d\u0117st\u0117 vizij\u0105, kaip tur\u0117t\u0173 atrodyti jo k\u016brybos namai Panev\u0117\u017eyje. \u201eIMPLMNT architects\u201c architektai, rad\u0119 rakt\u0105 \u012f Stasio Eidrigevi\u010diaus galvos\u016bk\u012f, ten \u012fskait\u0117 tris esminius \u017eod\u017eius, \u012fkv\u0117pusius ir pastato architekt\u016br\u0105, kurios esmin\u0117 koncepcin\u0117 s\u0105ranga nepakito nuo pirmin\u0117s konkurso vizijos: logika, paprastumas ir fantazija. Projekt\u0105 parengti \u0161io menininko k\u016brybos Panev\u0117\u017eyje daliai \u2013 reik\u0161mingas \u012fvykis ne tik pa\u010diam miestui, regionui, bet ir visai valstybei. S. Eidrigevi\u010dius itin produktyvus menininkas, kurio k\u016brybiniai darbai pasklid\u0119 po Lietuv\u0105 ir, \u017einoma, vis\u0105 pasaul\u012f. Jo darb\u0173 kolekcijas turi Lenkijos nacionalinio muziejaus padaliniai Var\u0161uvoje, Vroclove, Poznan\u0117je, \u0160\u010decine, taip pat j\u0173 yra ir Brit\u0173 muziejuje Londone, Modernaus meno muziejuje Niujorke, Nacionalin\u0117je bibliotekoje Va\u0161ingtone, K\u016brybos galerijoje Tokijuje, Vatikano muziejuje Romoje ir nesuskai\u010diuojamai j\u0173 yra priva\u010diose kolekcijose visame pasaulyje. Lietuvoje jo k\u016brini\u0173 yra \u012fsigij\u0119s ir MO muziejus, su kurio atsiradimu galima rasti paraleli\u0173, bet tik i\u0161 pa\u017ei\u016bros \u0161ios situacijos yra pana\u0161ios savo atsiradimo miestuose istorijomis. Panev\u0117\u017eyje sovietme\u010diu statyto \u201eGarso\u201c kino teatro funkcij\u0105 buvo numatyta keisti \u012f kult\u016brin\u0119, ta\u010diau i\u0161 sentimentalumo ir s\u0105ry\u0161io su \u0161iuo pastatu buvo inicijuota protesto akcija, privertusi net ir pat\u012f meninink\u0105 sudvejoti, ar tikrai teisingai jis elgiasi, si\u016blydamas nauj\u0105 kult\u016brin\u0119, reprezentacin\u0119 erdv\u0119 miestui, na, o MO muziejaus atveju \u2013 kult\u016brin\u0119 erdv\u0119, \u201eLietuvos\u201c kino teatr\u0105, numatyta keisti komercine, tuomet buv\u0119s protestas \/ meno akcija, kol galiausiai inicijuotas konkursas komercini\u0173 patalp\u0173 su ma\u017eesni\u0105ja bendro pastato dalimi muziejui. Na, kol galiausiai ne\u012fgyvendinus plan\u0173 ir \u0161\u012f kino teatr\u0105 pakeit\u0117 kult\u016brin\u0117, muziejin\u0117 erdv\u0117 su vie\u0161osios erdv\u0117s aliuzija \u012f kino teatr\u0105 (amfiteatras u\u017elipus).<\/p>\n<p>Panev\u0117\u017eio atveju architektai kino teatro paskirties nepaliko nuo\u0161aly ar nepavert\u0117 jos tik galimybe kin\u0105 rodyti vie\u0161ojoje erdv\u0117je, o \u0161iai paskir\u010diai paskyr\u0117 atskir\u0105 t\u016br\u012f \u0161alia pagrindinio muziejaus pastato. Bendra pastato urbanistin\u0117 sankloda apgalvota ir ai\u0161ki: pagrindiniu pastato t\u016briu, kurio \u0161iuo metu realizuota tik pus\u0117 ir u\u017estatymo perimetru reprezentuojama buvusi miesto gatv\u0117, Topoli\u0173 al\u0117ja, taip pastatu vizualiai jungiant dvi esamas Kranto ir Respublikos gatves, o identifikuota da\u017eniausia p\u0117s\u010di\u0173j\u0173 srauto kryptis nuo J. Bal\u010dikonio gimnazijos Senvag\u0117s link suformavo ir pirmo auk\u0161to tr\u016bk\u012f, skirt\u0105 tiek patekti \u012f vid\u0173, tiek galimybei pro \u0161\u012f pastat\u0105 praeiti, nekei\u010diant buvusios nusistov\u0117jusios p\u0117s\u010di\u0173j\u0173 krypties, nors \u0161iuo metu, dar nesant antrajai pastato daliai, \u0161io sprendimo lankydamiesi nepamatysite. I\u0161pildytas ir konkursiniame projekte pa\u010di\u0173 architekt\u0173 pasi\u016blymas \u012f pastato patalp\u0173 program\u0105 \u012ftraukti nekomercinio kino sal\u0119 . Kino teatro t\u016bris \u2013 kvadratinis ir vie\u0161ojoje erdv\u0117je pasuktas, nelygiuojant su pagrindiniu muziejaus pastatu ir taip sureik\u0161minant jo svarb\u0105 komplekse, vakare tampa ne tik aik\u0161t\u0117s akcentu, bet ir ap\u0161vietimo \u0161altiniu. \u0160is t\u016bris, atspindintis sentimentali\u0105j\u0105 buvusio kino teatro pus\u0119 ir sietinas su rengini\u0173 metu \u017ei\u016br\u0117t\u0173 kino film\u0173 patirtimis, atsiminimais. Dabartin\u0117 nekomercinio kino sal\u0117, suprojektuota atitinkant buvusi\u0105 tokio pob\u016bd\u017eio kino sal\u0119, kuri yra pana\u0161aus mastelio ir \u012f j\u0105 patenkama i\u0161 muziejaus r\u016bsio. Ant kino teatro sal\u0117s esanti vie\u0161oji erdv\u0117, kurta pagal S. Eidrigevi\u010diaus eskiz\u0105, dar n\u0117ra baigtas, nes vir\u0161 Stasio k\u016briniuose matomo jo k\u016brini\u0173 persona\u017eo (o gal net ir paties menininko) veido profilio negilaus basein\u0117lio tur\u0117t\u0173 kaboti ir skulpt\u016bra.<\/p>\n<p>Lygiagre\u010diai su muziejaus suformuota aik\u0161te, kuri antrojo statyb\u0173 etapo metu bus prat\u0119sta \u012f Respublikos gatv\u0117s pus\u0119, suprojektuoti intrig\u0105 keliantys suoliukai. Kaip sako patys architektai, komentuodami pastato sprendinius, \u0161ie taip pat i\u0161 kodo<em> fantazijos <\/em>skyriaus. \u0160iais ma\u017eosios architekt\u016bros elementais kartu slepiami in\u017eineriniai elementai, kurie da\u017enu atveju sunkiai i\u0161vengiamai b\u016bna eksponuojami ir taip jaukia sukurt\u0105 visumos darn\u0105, tod\u0117l \u0161iuo atveju sumanus sprendimas juos u\u017eslepia ir padaro daugiafunkciais bei esteti\u0161kais, lygiateisiais vie\u0161osios erdv\u0117s objektais. O ypa\u010d kai tai yra svarbi miesto erdv\u0117. S\u0117dint ant dinami\u0161kai i\u0161d\u0117styt\u0173 aik\u0161t\u0117je suoliuk\u0173, atsiveria \u012fvairi\u0173 perspektyv\u0173 \u012f miest\u0105, muziej\u0173, \u012f \u017ealumas ir skatinamas \u012fvairesnis erdv\u0117s patyrimas bei netik\u0117tumo momentu kuriamas nema\u017eas veiksmas aplink juos. Architekt\u0173 sprendimas surasti jungt\u012f su i\u0161ore per pasikartojan\u010dius objektus atrastas viduje \u2013 tam tikra vie\u0161osios erdv\u0117s suoliuk\u0173 replika atsiduria ir pirmame muziejaus auk\u0161te, \u0161alia informacinio centro, o per vis\u0105 pirm\u0105 pastato auk\u0161t\u0105 besit\u0119sianti plonai, juodais r\u0117mais skaidoma plok\u0161tuma vizualiai tarsi jungia \u0161ias dvi erdves.<\/p>\n<p>\u201eMin\u0117t\u0173 trij\u0173 \u017eod\u017ei\u0173 kodas \u2013 logika, paprastumas, fantazija atsispindi ir urbanistiniuose sprendimuose. Pastato t\u016bris \u2013 paprastas ir ai\u0161kus, o vidaus erdvin\u0117je sandaroje jau i\u0161ry\u0161k\u0117ja ir koduot\u0173 fantazijos element\u0173. \u017dvelgdami kiek i\u0161 toliau atsispyr\u0117me nuo Stasio k\u016brybos, jo darb\u0173 ikon\u0173 besikartojan\u010di\u0173 motyv\u0173, form\u0173 jung\u010di\u0173, transformacij\u0173, linij\u0173 ir pan. Tokia k\u016brybin\u0117 priemon\u0117 ir \u010dia egzistuoja \u2013 kaip erdv\u0117s varijuoja, jungiasi, kokia tarpusavio j\u0173 dinamika\u201c, \u2013 sako pastato architektas Aurimas Syrusas. I\u0161 ties\u0173 itin reta galimyb\u0117 projektuoti pastat\u0105 dar menininkui gyvam esant, o dar unikaliau drauge su juo kurti, \u012ftraukti \u012f proces\u0105 ir i\u0161 jo gauti atsak\u0105, nuolat palaikant k\u016brybin\u012f, projektavimo, sprendim\u0173 pri\u0117mimo puls\u0105 bei tiesiogiai bendraujant, nes menininkui i\u0161 ties\u0173 buvo ir yra svarb\u016bs jo k\u016brybos namai. Taigi, S. Eidrigevi\u010diaus darb\u0173 aptiksite ne tik parodos ekspozicijoje: kiekvien\u0105, at\u0117jus\u012f aplankyti \u0161io muziejaus, pasitiks informacijos centro sien\u0105 puo\u0161iantis k\u016brinys, skirtas \u0161iam pastatui ir \u0161iai vietai, turintis ne vien\u0105 prasm\u0119, \u2013 tai ir klampaus proceso leitmotyvas, paties pastato motyvas, Stasio k\u016bryboje pasikartojantis herojus. O ir toliau sve\u010dius lyd\u0117s kiti autoriniai menininko darbai \u2013 grafiniai navigaciniai \u017eym\u0117jimai, leid\u017eiantys nustebti ir \u0161yptel\u0117ti.<\/p>\n<p>Menininko noras, kad \u0161is pastatas b\u016bt\u0173 vizitin\u0117 miesto kortel\u0117, tik\u0117tina, i\u0161sipild\u0117 ar bent jau, visi\u0161kai \u012fgyvendinus pastat\u0105, bus pasiekta. Tiesioginis architekt\u0173 bendravimas su menininku i\u0161pl\u0117t\u0117 ir j\u0173 veiklos lauk\u0105: teko kurti ir u\u017e \u0161io projekto rib\u0173, b\u016bta nedideli\u0173 bandom\u0173j\u0173 projekt\u0173, siekiant pagrindinio projekto tikslo \u2013 pastato realizacijos. Knyg\u0173 mug\u0117je tek\u0119 projektuoti ir stend\u0173, kas \u0161iai architekt\u016bros \u012fmonei n\u0117ra naujiena, ir \u0161ioje srityje jie turi itin gausios patirties bei visuomet, atrodyt\u0173, paprastomis priemon\u0117mis sugeba sumaniai perteikti id\u0117j\u0105, nustebinti. Pirm\u0105j\u0105 parod\u0105 projektav\u0119 pastato architektai kartu su parodos kuratoriais taip pat susid\u016br\u0117 tikrai su nelengva misija \u2013 susipa\u017einti su tarpdiciplini\u0161ka menininko k\u016bryba, asmenybe ir j\u0105 pristatyti. Pasirinktas sprendimas \u2013 neperspausti tiek parodos architekt\u016bra, tiek ir pa\u010di\u0173 darb\u0173 kiekiu. Keturi\u0173 auk\u0161t\u0173 pastatas su r\u016bsiu n\u0117ra visi\u0161kai u\u017edaras, turi ir simbolin\u012f atvir\u0105 lang\u0105 \u012f Senvag\u0117s pus\u0119. Toki\u0173 koduot\u0173 vidini\u0173 perspektyv\u0173, \u017ei\u016br\u0117jimo ta\u0161k\u0173 esti nema\u017eai, o kad pastatas neb\u016bt\u0173 u\u017edaras, atsiranda atvirumo element\u0173, pavyzd\u017eiui, pirmame auk\u0161te esantys langai, pro kuriuos matytum ne tik parod\u0105, bet ir miest\u0105, i\u0161 tikr\u0173j\u0173 duoda impuls\u0105 atvirumui i\u0161 laiko pus\u0117s, kvie\u010dia u\u017esukti \u012f meno pasaul\u012f. Taip pat toks atviro lango elementas tur\u0117t\u0173 atsirasti, \u012fvykd\u017eius antrojo etapo darbus, \u0161alia Respublikos g. arba r\u016bsio auk\u0161te \u012fsik\u016brusioje r\u016bbin\u0117je pro stikl\u0105 galima matyti k\u016brini\u0173 saugykl\u0105 \u2013 dar vien\u0105 atvir\u0105 lang\u0105, bet tik ten besilankantiems, nes nat\u016bralios \u0161viesos \u0161ioje patalpoje n\u0117ra. Patekus ant pastato stogo vie\u0161osios terasos, prieinamos muziejaus lankytojams, galima ap\u017evelgti ir miest\u0105. Nuo jos atsiveria naujos vizualin\u0117s perspektyvos \u012f miest\u0105, anks\u010diau net nepa\u017eintos jau ilg\u0105 laik\u0105 \u010dia gyvenantiems miestie\u010diams.<\/p>\n<p>Kaip teigia architektai A. Syrusas ir Greta Brim\u0117, kodavimo yra ir pastato fasaduose, nors pati pastato forma yra itin lakoni\u0161ka, dalel\u0119 fantazijos \u012fne\u0161a taktili\u0161ki fasadai. Tiek ma\u017eesnio t\u016brio nekomercinio kino teatro, tiek pagrindinio muziejaus, besiskiriantys tarpusavyje unikalia fakt\u016bra. Kaip \u017eem\u0117s motyvo fakt\u016bra ir S. Eidrigevi\u010diaus linijos tiesumo su lengvu, gyvu virp\u0117jimu, kartu vizualiai ir kiek suma\u017einant bei suskaidant didel\u012f, bet aplinkoje savo masteliu gerai skaitom\u0105 muziejaus pastat\u0105. G. Brim\u0117 teigia, kad projektavimo metu sprendiniai lemia \u017emogaus nor\u0105 patirti ir b\u016bsimus jo jausmus, \u012fsp\u016bd\u012f tiek vidaus, tiek i\u0161or\u0117s erdv\u0117je, tod\u0117l \u012f tai i\u0161ties architektai kreip\u0117 daug d\u0117mesio, kuris visi\u0161kai atsiskleis realizavus antr\u0105j\u0105 pastato pus\u0119.<\/p>\n<p>B\u016btent kito statyb\u0173 etapo metu numatomas atsirasti tokio paties dyd\u017eio pastatas Respublikos gatv\u0117s link kaip ir realizuotoji dalis. \u012e\u0117jimas i\u0161liks toje pa\u010dioje vietoje, tik pirmo auk\u0161to centre atsiras tekste jau min\u0117toji perskyra. Taip pat \u0161ioje pastato dalyje bus prapl\u0117stos 3 ir 4 auk\u0161t\u0173 ekspozicij\u0173 erdv\u0117s, dabartiniame \u2013 2 auk\u0161te \u012fsik\u016br\u0119s edukacijos centras ir administracija antruoju etapu pavirs modifikuojama konferencij\u0173, k\u016brybini\u0173 dirbtuvi\u0173 erdve, o per r\u016bsio ir 1 auk\u0161t\u0105 eis daugiafunkc\u0117 sal\u0117, kuri numatyta greta Respublikos g., prat\u0119siant muziejuje kuriam\u0105 \u012fvairaus auk\u0161\u010dio ir matmen\u0173 erdvi\u0173 dinamik\u0105 ir bus ap\u017evelgiama pro stiklines vitrinas. \u010cia tur\u0117t\u0173 matytis ir dar vienas S. Eidrigevi\u010diaus p\u0117dsakas \u0161io pastato architekt\u016broje \u2013 jo kurta freska. Taip pat prasipl\u0117s po\u017eemin\u0117 automobili\u0173 aik\u0161tel\u0117, numatomos technin\u0117s, \u016bkin\u0117s patalpos, k\u016brini\u0173 atve\u017eimo \/ perve\u017eimo vieta, atskiras \u012fva\u017eiavimas \u0161iaurin\u0117je sklypo dalyje jau \u012fgyvendintas. Aik\u0161t\u0117je, \u0161alia pastato, numatyta atsvara kieto grindinio aik\u0161tei \u2013 nedidel\u0117 parko zona kitoje nei aik\u0161t\u0117 pus\u0117je. Dabartin\u0117 aik\u0161t\u0117s dalis bus kartu su pastato dalimi prat\u0119sta iki Respublikos g., o stogo terasos plotas, \u012fgyvendinus antrojo etapo darbus, reaguojant \u012f tokios paskirties poreik\u012f, dar prasipl\u0117s.<\/p>\n<p>Kult\u016brinis \u0161alies i\u0161prusimas, noras bei dom\u0117jimasis menu ir \u012fvairiausiomis jo formomis skatina visuotin\u012f pilietin\u0117s bendruomen\u0117s pokyt\u012f, tod\u0117l toki\u0173 objekt\u0173 atsiradimas reik\u0161mingas ne tik regioniniu lygiu, bet ir valstybiniu, o ypa\u010d tada, kai turime vis dar kurian\u010di\u0173, savo k\u016bryba \u017einom\u0173 visame pasaulyje meninink\u0173. S. Eidrigevi\u010diaus k\u016brybos namai savo formos paprastumu, priimt\u0173 projektavimo sprendim\u0173 logika ir \u012fvairiausiomis menin\u0117mis priemon\u0117mis u\u017ekoduota fantazija, inspiruota menininko k\u016brybos, po truput\u012f atranda ir u\u017esitikrina savo viet\u0105 Lietuvos muziej\u0173 ir galerij\u0173 kontekste bei ikoni\u0161ku tapusiu Stasio persona\u017eu parodo miestui savo veid\u0105. \u0160vies\u0173 veid\u0105, i\u0161 kurio atsiverian\u010dios naujos perspektyvos \u012f miest\u0105 ir \u012f meno pasaul\u012f, keliant\u012f ne tik eksponatais, bet ir pastato architekt\u016bra vilt\u012f, kad toki\u0173 kult\u016brini\u0173 objekt\u0173 gyvavimas bus s\u0117kmingas ir paskatins toki\u0173 kokybi\u0161k\u0173 kult\u016brini\u0173 objekt\u0173 pl\u0117tros poreik\u012f kituose Lietuvos regionuose. Architekt\u0173 atidumas \u017emogaus poreikiams bei detal\u0117ms ir vizualini\u0173 ry\u0161i\u0173 akcentavimas \u2013 dar vienas i\u0161, atrodyt\u0173, jau savaime suprantam\u0173 kod\u0173 \u0161iame projekte. Norisi, kad \u017emogaus poreiki\u0173 atliepimas neb\u016bt\u0173 tik gra\u017eus lozungas, nugulantis \u012fvairiuose tekstuose, apsvarstymuose ar interviu apie architekt\u016br\u0105, bet ir tikroji, veiksni bei gyva realyb\u0117.<\/p>\n<p><em>Dalia Tra\u0161kinait\u0117<\/em><\/p>\n<p>&nbsp;<\/p>\n<p><img decoding=\"async\" src=\"https:\/\/encrypted-tbn0.gstatic.com\/images?q=tbn:ANd9GcS0yetqxTOX31O4KIElAnd0uCtvnsuCrKCsLg&amp;s\" alt=\"Naujienos - Medij\u0173 r\u0117mimo fondas\" \/><\/p>\n","protected":false},"excerpt":{"rendered":"<p>Architektai: Aurimas Syrusas, Greta Brim\u0117, Ri\u010dardas Berta\u0161ius, Egl\u0117 Ge\u010dait\u0117, Aurelija Kniuk\u0161tait\u0117, Jon\u0117 Virbickait\u0117, Kotryna Bajorinait\u0117, Ieva Sirijatavi\u010di\u016bt\u0117, Viktoras Gricius (\u201eIMPLMNT architects\u201c) Statybos in\u017einieriai (konstrukcijos): \u201eSWECO Lietuva\u201c Vieta: Panev\u0117\u017eys, Respublikos g. 40 Bendras pastato plotas (I etapo): 3 746 m2 Numatomas pastato bendras plotas: 6 747 m2 Sklypo plotas: 7 392 m2 Metai: 2023 m. &nbsp; [&hellip;]<\/p>\n","protected":false},"author":2,"featured_media":0,"comment_status":"open","ping_status":"open","sticky":false,"template":"","format":"standard","meta":{"footnotes":""},"categories":[189,191,195,183,8,185,187],"tags":[],"views":58,"_links":{"self":[{"href":"https:\/\/archiforma.lt\/index.php?rest_route=\/wp\/v2\/posts\/3138"}],"collection":[{"href":"https:\/\/archiforma.lt\/index.php?rest_route=\/wp\/v2\/posts"}],"about":[{"href":"https:\/\/archiforma.lt\/index.php?rest_route=\/wp\/v2\/types\/post"}],"author":[{"embeddable":true,"href":"https:\/\/archiforma.lt\/index.php?rest_route=\/wp\/v2\/users\/2"}],"replies":[{"embeddable":true,"href":"https:\/\/archiforma.lt\/index.php?rest_route=%2Fwp%2Fv2%2Fcomments&post=3138"}],"version-history":[{"count":1,"href":"https:\/\/archiforma.lt\/index.php?rest_route=\/wp\/v2\/posts\/3138\/revisions"}],"predecessor-version":[{"id":3140,"href":"https:\/\/archiforma.lt\/index.php?rest_route=\/wp\/v2\/posts\/3138\/revisions\/3140"}],"wp:attachment":[{"href":"https:\/\/archiforma.lt\/index.php?rest_route=%2Fwp%2Fv2%2Fmedia&parent=3138"}],"wp:term":[{"taxonomy":"category","embeddable":true,"href":"https:\/\/archiforma.lt\/index.php?rest_route=%2Fwp%2Fv2%2Fcategories&post=3138"},{"taxonomy":"post_tag","embeddable":true,"href":"https:\/\/archiforma.lt\/index.php?rest_route=%2Fwp%2Fv2%2Ftags&post=3138"}],"curies":[{"name":"wp","href":"https:\/\/api.w.org\/{rel}","templated":true}]}}