{"id":3135,"date":"2024-10-10T07:33:22","date_gmt":"2024-10-10T05:33:22","guid":{"rendered":"https:\/\/archiforma.lt\/?p=3135"},"modified":"2025-01-06T11:49:32","modified_gmt":"2025-01-06T09:49:32","slug":"centrinio-pasto-rekonstrukcija-ir-konversija","status":"publish","type":"post","link":"https:\/\/archiforma.lt\/?p=3135","title":{"rendered":"Centrinio pa\u0161to rekonstrukcija ir konversija"},"content":{"rendered":"<p><img loading=\"lazy\" decoding=\"async\" class=\"aligncenter size-large wp-image-3136\" src=\"http:\/\/archiforma.lt\/wp-content\/uploads\/2024\/10\/01-ISM-A2SM-\u00a9Norbert-Tukaj-1063-3000x2001-1-1024x683.jpg\" alt=\"\" width=\"1024\" height=\"683\" srcset=\"https:\/\/archiforma.lt\/wp-content\/uploads\/2024\/10\/01-ISM-A2SM-\u00a9Norbert-Tukaj-1063-3000x2001-1-1024x683.jpg 1024w, https:\/\/archiforma.lt\/wp-content\/uploads\/2024\/10\/01-ISM-A2SM-\u00a9Norbert-Tukaj-1063-3000x2001-1-300x200.jpg 300w, https:\/\/archiforma.lt\/wp-content\/uploads\/2024\/10\/01-ISM-A2SM-\u00a9Norbert-Tukaj-1063-3000x2001-1-768x512.jpg 768w, https:\/\/archiforma.lt\/wp-content\/uploads\/2024\/10\/01-ISM-A2SM-\u00a9Norbert-Tukaj-1063-3000x2001-1-1536x1025.jpg 1536w, https:\/\/archiforma.lt\/wp-content\/uploads\/2024\/10\/01-ISM-A2SM-\u00a9Norbert-Tukaj-1063-3000x2001-1-2048x1366.jpg 2048w\" sizes=\"(max-width: 1024px) 100vw, 1024px\" \/><\/p>\n<p>Architektai: J. Janu\u0161evskis, 1886 metai;<\/p>\n<p>A. ir V. Nasvy\u010diai (1969 metais pirmoji rekonstrukcija);<\/p>\n<p>\u201eA2SM\u201c (2023 metais antroji rekonstrukcija): A. Sasnauskas, R. Samackait\u0117, J. \u0160ykovas, S.\u00a0Malenko, D. Sabaliauskien\u0117, S. Lu\u010dinskien\u0117<\/p>\n<p>Vieta: Gedimino pr. 7, Vilnius<\/p>\n<p>Plotas: 5 758 m<sup>2<\/sup><\/p>\n<p>Fotografas: Norbert Tukaj<\/p>\n<p><!--more--><\/p>\n<p>Daugeliui Vilniaus centrinis pa\u0161tas asocijuojasi su broliais Nasvy\u010diais ir architekt\u016briniais j\u0173 sprendimais. Ta\u010diau Vilniaus centrinis pa\u0161tas pastatytas senojo XIX am\u017eiaus pabaigos istorizmo stiliaus pa\u0161to pastato vietoje ir u\u017eima vis\u0105 istorin\u012f kvartal\u0105. Sudaro U raid\u0117s plano senoji pietin\u0117 triauk\u0161t\u0117 (rekonstruota) dalis su pusr\u016bsiu ir dviej\u0173 auk\u0161t\u0173 \u0161iaurinis priestatas su cokoliniu auk\u0161tu. Viso pastato planas netaisyklingas. Eksterjero architekt\u016bra pateikta \u0161velnaus kontrasto principu. Pagrindiniame fasade dominuoja senosios formos, cokolinis auk\u0161tas rekonstruotas. Pastato eksterjere itin gausiai naudojamas stiklas, b\u016bdingas funkcionalizmui. Pirminiame A. ir V. Nasvy\u010di\u0173 projekte visa galin\u0117 siena buvo numatyta stiklin\u0117, v\u0117liau pastatyta m\u016bro siena. Sukurta \u201egatv\u0117s viduje\u201c nuotaika. Pagrindin\u0117 objekto vert\u0117 \u2013 interjeras \u2013 prasideda nuo \u012fgilinto \u012f\u0117jimo, tiesiogiai susijusio su gatve. Nors funkcinis \u0161io sprendimo tikslas \u2013 i\u0161vengti \u017emoni\u0173 susigr\u016bdimo \u0161aligatvyje. Aktualizuotas ry\u0161ys \u201egatv\u0117 \u2013 pastatas\u201c yra vienas svarbiausi\u0173 broli\u0173 Nasvy\u010di\u0173 k\u016brybos leitmotyv\u0173. Erdvini\u0173 metalo konstrukcij\u0173, besilaikan\u010di\u0173 ant masyvi\u0173 metalini\u0173 kolon\u0173, geometrinis ra\u0161tas yra dar vienas interjero akcentas. Pa\u0161to vizuali\u0105j\u0105 sistem\u0105 suprojektavo Feliksas Daukantas (1915\u20131995) \u2013 Lietuvos dizaino edukacijos pradininkas. Jis suk\u016br\u0117 ir gars\u0173j\u012f elektrin\u012f laikrod\u012f bei specialius pa\u0161to lankytoj\u0173 sal\u0117s tu\u0161inukus. Deja, bet original\u016bs interjerui sukurti baldai nei\u0161liko, ta\u010diau i\u0161liko vis dar pa\u0161to simboliu tap\u0119s laikrodis.<\/p>\n<p>Atsiradus nauj\u0173 ry\u0161io priemoni\u0173, toki\u0173 kaip mobilieji telefonai ir internetas, tradicini\u0173 pa\u0161to paslaug\u0173 paklausa spar\u010diai ma\u017e\u0117jo, o \u0161io am\u017eiaus prad\u017eioje pastatas prarado savo funkcij\u0105, u\u017eleisdamas viet\u0105 atsitiktiniam naudojimui. Pastatas ir jo vidaus erdv\u0117s liko apleistos. Tad 2020 metais Lietuvos pa\u0161tas nusprend\u0117 pastat\u0105 parduoti. Jis sulauk\u0117 ISM Vadybos ir ekonomikos universiteto susidom\u0117jimo.<\/p>\n<p>Rekonstrukcijos projekt\u0105, kuris daugiau apsiribojo vidin\u0117mis pastato erdv\u0117mis, vykd\u0117 \u201eA2SM\u201c komanda, kuriai tokie projektai puikiai sekasi. Po rekonstrukcijos \u0161iame pastate \u012fsik\u016br\u0117 ISM Vadybos ir ekonomikos universitetas. Pastato cokoliniame auk\u0161te naikinama automobili\u0173 statymo aik\u0161tel\u0117 ir \u016bkin\u0117s patalpos, o \u0161iame auk\u0161te \u012frengtos paskait\u0173 ir konferencij\u0173 sal\u0117s, alternatyvaus darbo ir poilsio erdv\u0117s. Pasak projekto autori\u0173, \u201epirmame pastato auk\u0161te i\u0161saugomas holas ir pagrindin\u0117s erdv\u0117s \u012fvaizdis (buvusi pa\u0161to operacij\u0173 erdv\u0117). I\u0161laikoma pastato originali architekt\u016brin\u0117 id\u0117ja, kai holas ir pagrindin\u0117 erdv\u0117 veikia tarsi pastato vidinis kiemas, kuriame numatomos poilsio ir rengini\u0173 zonos. Pastato pagrindinis \u012f\u0117jimas lieka nepakit\u0119s, tik pritaikomas \u017emoni\u0173 su fizine negalia poreikiams. Antrame pastato auk\u0161te suprojektuotos mokymo auditorijos, d\u0117stytoj\u0173 ir darbuotoj\u0173 kabinetai. Tre\u010diame pastato auk\u0161te numatyti universiteto administracijos darbuotoj\u0173 kabinetai, pasitarim\u0173 kambariai. Patalpos planuotos numatant 120 ISM Vadybos ir ekonomikos universiteto darbuotoj\u0173 skai\u010di\u0173.<\/p>\n<p>&nbsp;<\/p>\n<p>Pritaikant pastat\u0105 ISM Vadybos ir ekonomikos universitetui, buvo stengiamasi i\u0161saugoti verting\u0105sias jo savybes, u\u017etikrinant tinkamum\u0105 universitetinei institucijai ir atsi\u017evelgiant \u012f ne\u012fgali\u0173j\u0173 poreikius. Be to, pastato in\u017eineriniai \u0161ildymo, v\u0117dinimo, v\u0117sinimo, apsaugos, ap\u0161vietimo ir prie\u0161gaisrin\u0117s saugos sprendimai buvo suderinti su \u0161iuolaikiniais techniniais standartais.<\/p>\n<p>Nutiestos naujos jungtys, \u012f pastat\u0105 integruotas buv\u0119s techninis pusr\u016bsis. Be to, po juo rytin\u0117je pagrindinio vestibiulio dalyje buvo suprojektuotas naujas amfiteatras ir dvi auditorijos. Taip buvo \u012fvykdyta ISM Vadybos ir ekonomikos universiteto funkcin\u0117 programa ir pertvarkoma pagrindin\u0117s sal\u0117s erdv\u0117, kurioje gali vykti vie\u0161i renginiai. I\u0161saugotoje senojoje erdv\u0117je veikia kavos baras, poilsio zona ir rengini\u0173 zona.<\/p>\n<p>Rekonstrukcijos metu teko keisti pastato stog\u0105, sustiprintos specifin\u0117s konstrukcijos. Naujasis amfiteatras buvo pastatytas i\u0161 metalo ir betono konstrukcij\u0173 derinio, dengiant mediena, taip \u0161iek tiek sumink\u0161tinant erdv\u0119. Renovuojant pastat\u0105 stengtasi i\u0161saugoti ir atnaujinti originalaus dizaino elementus: sienin\u012f laikrod\u012f, \u017ealvarinius \u0161viestuvus, pa\u0161to d\u0117\u017eutes. Apdailai pasirinktos nat\u016bralios med\u017eiagos \u2013 mozaikinio betono grindys, nat\u016bralaus \u0105\u017euolo apdaila, raudon\u0173 plyt\u0173 ir medin\u0117s vitrinos.<\/p>\n<p>Architektams \u201eA2SM\u201c teko nelengva u\u017eduotis rekonstruoti architekt\u016brini\u0173 legend\u0173 broli\u0173 Nasvy\u010di\u0173 Centrin\u012f Vilniaus pa\u0161t\u0105. Ta\u010diau remiantis pagrindine architekt\u016brine koncepcija pagrindin\u0117 erdv\u0117, traktuojama kaip vidinis kiemas, i\u0161laviravo tarp senosios ir modernios architekt\u016bros i\u0161rai\u0161kos. Pagrindin\u0117je erdv\u0117je atsirad\u0119s amfiteatras jungia pirm\u0105j\u012f ir antr\u0105j\u012f auk\u0161t\u0105, aktualizuoja erdv\u0119, o i\u0161saugotas senasis laikrodis, plyt\u0173 m\u016bro sienos pagerbia pirmtak\u0173 palikim\u0105. \u201eA2SM\u201c naujam gyvenimui prikelia ne pirm\u0105 pastat\u0105 ir tai atlieka itin profesionaliai, jautriai ir \u012fsigilin\u0119 \u012f architekt\u016brin\u0119 bei istorin\u0119 plotm\u0119.<\/p>\n<p>&nbsp;<\/p>\n<p><img decoding=\"async\" src=\"https:\/\/encrypted-tbn0.gstatic.com\/images?q=tbn:ANd9GcS0yetqxTOX31O4KIElAnd0uCtvnsuCrKCsLg&amp;s\" alt=\"Naujienos - Medij\u0173 r\u0117mimo fondas\" \/><\/p>\n","protected":false},"excerpt":{"rendered":"<p>Architektai: J. Janu\u0161evskis, 1886 metai; A. ir V. Nasvy\u010diai (1969 metais pirmoji rekonstrukcija); \u201eA2SM\u201c (2023 metais antroji rekonstrukcija): A. Sasnauskas, R. Samackait\u0117, J. \u0160ykovas, S.\u00a0Malenko, D. Sabaliauskien\u0117, S. Lu\u010dinskien\u0117 Vieta: Gedimino pr. 7, Vilnius Plotas: 5 758 m2 Fotografas: Norbert Tukaj<\/p>\n","protected":false},"author":2,"featured_media":0,"comment_status":"open","ping_status":"open","sticky":false,"template":"","format":"standard","meta":{"footnotes":""},"categories":[5,9,23,49,11],"tags":[],"views":47,"_links":{"self":[{"href":"https:\/\/archiforma.lt\/index.php?rest_route=\/wp\/v2\/posts\/3135"}],"collection":[{"href":"https:\/\/archiforma.lt\/index.php?rest_route=\/wp\/v2\/posts"}],"about":[{"href":"https:\/\/archiforma.lt\/index.php?rest_route=\/wp\/v2\/types\/post"}],"author":[{"embeddable":true,"href":"https:\/\/archiforma.lt\/index.php?rest_route=\/wp\/v2\/users\/2"}],"replies":[{"embeddable":true,"href":"https:\/\/archiforma.lt\/index.php?rest_route=%2Fwp%2Fv2%2Fcomments&post=3135"}],"version-history":[{"count":1,"href":"https:\/\/archiforma.lt\/index.php?rest_route=\/wp\/v2\/posts\/3135\/revisions"}],"predecessor-version":[{"id":3137,"href":"https:\/\/archiforma.lt\/index.php?rest_route=\/wp\/v2\/posts\/3135\/revisions\/3137"}],"wp:attachment":[{"href":"https:\/\/archiforma.lt\/index.php?rest_route=%2Fwp%2Fv2%2Fmedia&parent=3135"}],"wp:term":[{"taxonomy":"category","embeddable":true,"href":"https:\/\/archiforma.lt\/index.php?rest_route=%2Fwp%2Fv2%2Fcategories&post=3135"},{"taxonomy":"post_tag","embeddable":true,"href":"https:\/\/archiforma.lt\/index.php?rest_route=%2Fwp%2Fv2%2Ftags&post=3135"}],"curies":[{"name":"wp","href":"https:\/\/api.w.org\/{rel}","templated":true}]}}