{"id":3132,"date":"2024-10-10T07:29:17","date_gmt":"2024-10-10T05:29:17","guid":{"rendered":"https:\/\/archiforma.lt\/?p=3132"},"modified":"2024-10-10T07:29:17","modified_gmt":"2024-10-10T05:29:17","slug":"svenceles-urbanistine-architekturine-koncepcija","status":"publish","type":"post","link":"https:\/\/archiforma.lt\/?p=3132","title":{"rendered":"Svencel\u0117s urbanistin\u0117-architekt\u016brin\u0117 koncepcija"},"content":{"rendered":"<p><img loading=\"lazy\" decoding=\"async\" class=\"aligncenter size-large wp-image-3133\" src=\"http:\/\/archiforma.lt\/wp-content\/uploads\/2024\/10\/01-COVER-PHOTO-Aqua-urban-fabric-SALOS1-1024x576.jpg\" alt=\"\" width=\"1024\" height=\"576\" srcset=\"https:\/\/archiforma.lt\/wp-content\/uploads\/2024\/10\/01-COVER-PHOTO-Aqua-urban-fabric-SALOS1-1024x576.jpg 1024w, https:\/\/archiforma.lt\/wp-content\/uploads\/2024\/10\/01-COVER-PHOTO-Aqua-urban-fabric-SALOS1-300x169.jpg 300w, https:\/\/archiforma.lt\/wp-content\/uploads\/2024\/10\/01-COVER-PHOTO-Aqua-urban-fabric-SALOS1-768x432.jpg 768w, https:\/\/archiforma.lt\/wp-content\/uploads\/2024\/10\/01-COVER-PHOTO-Aqua-urban-fabric-SALOS1-1536x864.jpg 1536w, https:\/\/archiforma.lt\/wp-content\/uploads\/2024\/10\/01-COVER-PHOTO-Aqua-urban-fabric-SALOS1.jpg 1772w\" sizes=\"(max-width: 1024px) 100vw, 1024px\" \/><\/p>\n<p>Architektai: \u201eDo Architects\u201c: Andr\u0117 Baldi\u0161i\u016bt\u0117, Bart Brands, Sylvia Karres, Katarina Brandt, Urs Haerden, Uta Krause, Algimantas Neni\u0161kis, Milda Jusait\u0117, Margarita Ramanauskien\u0117, Lukas Rekevi\u010dius, Gilma Teodora Gylyt\u0117, Sabina Grincevi\u010di\u016bt\u0117, Kasparas \u017diliukas, Milda Grabauskait\u0117<\/p>\n<p>Plotas: 28 ha<\/p>\n<p>Metai: 2007\u2013<\/p>\n<p>Vieta: Svencel\u0117<\/p>\n<p>Fotografijos: Emilija Deksnyt\u0117, Laimonas Ci\u016bnys, Lukas Jusas, Ieva Saudargait\u0117, \u201eDo Architects\u201c, UAB \u201eSolds\u201c<\/p>\n<p><!--more--><\/p>\n<p>Per daugiau nei de\u0161imtmet\u012f Svencel\u0117 tapo neatsiejama nuo \u201eDo Architects\u201c komandos. Dar 2007 metais prad\u0117ti pirmieji \u017eingsniai \u0161ioje teritorijoje toliau vystomi ir pritaikomi naujiems poreikiams. Gamtos draustini\u0173 apsuptas jautrus Svencel\u0117s kra\u0161tovaizdis yra viena i\u0161 nedaugelio i\u0161likusi\u0173 viet\u0173, kur galima nauj\u0173 poilsio zon\u0173 pl\u0117tra Klaip\u0117dos regione. Atviri Kur\u0161i\u0173 mari\u0173 sm\u0117lyn\u0173 vaizdai ir Klaip\u0117dos artumas suteikia Svencelei potencialo tapti nauju turizmo centru. Regionui b\u016bdingi stipr\u016bs linijiniai kra\u0161tovaizd\u017eio elementai \u2013 j\u016bra, kopos, nendrynai, miesteliai ir kaimai, atviros pievos ir mi\u0161kai. Projektu siekiama supinti nauj\u0105 poils\u012f su \u0161iuo regiono kra\u0161tovaizd\u017eiu ir kult\u016bros simboliais. Regionin\u0117s savyb\u0117s bus paverstos naujais gyvenimo sprendimais, sukuriant galimyb\u0119 susigr\u0105\u017einti \u017eem\u0119, kuri pus\u0119 am\u017eiaus buvo skirta \u017eem\u0117s \u016bkiui, tausojant esam\u0105 aplink\u0105. Architekt\u0173 vizija \u2013 sukurti dinami\u0161k\u0105 ir lanks\u010di\u0105 erdv\u0119, kuri i\u0161tisus metus pritraukt\u0173 vietinius, nacionalinius ir tarptautinius lankytojus.<\/p>\n<p>Sovietiniais metais veikusioje an\u010di\u0173 fermos teritorijoje \u012fkurtas j\u0117gos aitvar\u0173 ir buriavimo centras vos per vien\u0105 veiklos sezon\u0105 tapo puikia baze augan\u010diai vandens sporto bendruomenei. Vietoj vakaryk\u0161t\u0117s laukin\u0117s buriaviet\u0117s \u0161iandien lankytojus pasitinka konteineri\u0173 miestelis, pristatantis dalel\u0119 teritorijos vystymo plano. Ferm\u0173 teritorijos konversijos \u012f rekreacin\u0119 gyvenviet\u0119 detalusis planas buvo patvirtintas dar 2008 metais. Jame numatytas uostelis, gyvenamieji namai, galimyb\u0117s pl\u0117toti vandens sporto veiklas. Deja, ta\u010diau pasaulin\u0117 finans\u0173 kriz\u0117 ir optimizmo tr\u016bkumas nepaliko joki\u0173 galimybi\u0173 tolesniam ambicing\u0173 plan\u0173 vystymui. Tuomet architektams kilo mintis i\u0161bandyti suplanuot\u0105 urbanistin\u0119 strukt\u016br\u0105 be did\u017eiuli\u0173 investicij\u0173. Jie pasi\u016bl\u0117 greitai \u012fgyvendinam\u0105 lankstaus plano mobili\u0173j\u0173 nam\u0173 id\u0117j\u0105 teritorijos vystymo pirmajam etapui \u012fgyvendinti ir paskatinti ateities plan\u0173 \u012fgyvendinim\u0105.<\/p>\n<p>Svencel\u0117s, naujos rekreacin\u0117s gyvenviet\u0117s su uostu ir kanal\u0173 sistema, pirmin\u0117 vizija gim\u0117 dar prie\u0161 ger\u0105 de\u0161imtmet\u012f. \u0160iandien \u0161is projektas jau fizi\u0161kai iliustruoja, kaip kompleksi\u0161kai planuojama teritorija kuria itin \u0161iuolaiki\u0161k\u0105 ir gyvybing\u0105 gyvenviet\u0119 ant Kur\u0161i\u0173 mari\u0173 kranto. Vandens kanalai tarnauja kaip vandens transporto jungtis, fizinis privatum\u0105 sukuriantis nat\u016bralus barjeras tarp sklyp\u0173 ir emoci\u0161kai patrauklus kiemo pramog\u0173 elementas. Projektuojamos gatv\u0117s fizi\u0161kai pana\u0161esn\u0117s \u012f parko tak\u0105 nei tradicin\u0119 gatv\u0119 \u2013 gausiai ap\u017eeldinamos med\u017eiais ir kr\u016bmais, su ai\u0161kiai i\u0161reik\u0161tu p\u0117s\u010di\u0173j\u0173 prioritetu. Taip kuriama jauki bendruomeni\u0161ka \u017eaidim\u0173 ir pasivaik\u0161\u010diojim\u0173 erdv\u0117, kurioje automobiliai yra tik sve\u010diai. \u0160ios priemon\u0117s sukuria i\u0161tisin\u0119 kokybi\u0161k\u0173 \u012f \u017emog\u0173 orientuot\u0173 erdvi\u0173 sistem\u0105.<\/p>\n<p>Vadovaujantis detaliuoju planu, 37 mobil\u016bs elementai \u2013 perdirbti j\u016briniai konteineriai \u2013 buvo i\u0161d\u0117styti 1 hektaro teritorijoje. Jaunatvi\u0161ka ir \u017eaisminga strukt\u016bra kuria buriavimo stovyklos ir neformali\u0173 rengini\u0173 erdves. Bendra t\u016bri\u0173 kompozicija i\u0161ry\u0161k\u0117ja dangaus fone, yra atvira vandens kryptimi ir susilieja su supan\u010dia aplinka. Ar\u010diausiai vandens suprojektuota vie\u0161a al\u0117ja kupina vandens preki\u0173 parduotuvi\u0173, buriavimo mokykl\u0173, yra ir kavin\u0117 su terasa, o gyvenamieji kambariai ir du\u0161ai \u012fkurti kiek tol\u0117liau.<\/p>\n<p>Projektas iliustruoja \u0161iandienos pasaulinius procesus, kai tradiciniai teritorij\u0173 planavimo ir vystymo b\u016bdai nebeveikia, o provokuoja architektus imtis alternatyvi\u0173 iniciatyv\u0173. \u0160is projektas \u2013 tai 1:1 mastelio t\u0119stinis modelis kaip suplanuota urbanistin\u0117 strukt\u016bra gal\u0117t\u0173 veikti realyb\u0117je.<\/p>\n<p>Visa Svencel\u0117 suskirstyta gatv\u0117mis-kanalais, kurie formuoja atskirus kvartalus. Architektai kiekvienam kvartalui yra numat\u0119 skirtingos architekt\u016brin\u0117s rai\u0161kos t\u016brius:<\/p>\n<p>V\u0117j\u0173 g. namai \u2013 prabangiausi namai teritorijoje, kuri\u0173 \u0161eimininkai turi tiesiogin\u012f stulbinant\u012f ry\u0161\u012f su mariomis bei vidine vandens keli\u0173 ir vie\u0161\u0173j\u0173 erdvi\u0173 strukt\u016bra. Nors namas yra dviej\u0173 auk\u0161t\u0173, lauko laiptai antrojo auk\u0161to teras\u0105 paver\u010dia organi\u0161ka kiemo t\u0105sa. I\u0161 terasos yra ap\u017evelgiamos tolimos perspektyvos, o \u017eem\u0117s lygis yra jaukus prieglobstis nuo at\u0161iauraus klimato. Fasadams panaudoti \u0161ilti rusvai raudon\u0173 plyt\u0173 atspalviai sukuria ra\u0161to smulkum\u0105, eleganti\u0161kai kontrastuodami su paj\u016brio gamtos spalvomis. Bendrai naudojamos erdv\u0117s \u012fkurdintos pirmame pastato auk\u0161te. Sanitarinis mazgas, pirtis ir laiptai sukoncentruoti centre \u012f \u0161var\u0173 kubo formos t\u016br\u012f, o likusios funkcijos (\u012f\u0117jimo holas, virtuv\u0117, valgomasis, svetain\u0117 ir s\u016bkurin\u0117s vonios zona) i\u0161d\u0117stytos j\u012f supan\u010dioje vientisoje erdv\u0117je. Taip ne tik efektyviai i\u0161naudojamos, praple\u010diamos atskir\u0173 funkcij\u0173 erdv\u0117s, bet ir suteikiama galimyb\u0117 jausti visose namo pus\u0117se esan\u010di\u0105 aplink\u0105, dalyvauti skirtingose vienu metu vykstan\u010diose veiklose.<\/p>\n<p>Namai-kubai. \u0160iuose i\u0161maniuosiuose Svencel\u0117s namuose kiekviena detal\u0117 yra kruop\u0161\u010diai apgalvota, kad b\u016bt\u0173 galima suprojektuoti ekonomi\u0161kiausius namus. Nereikalingi sluoksniai buvo nuimti, atskleid\u017eiant paprastus, bet gra\u017eiai prakti\u0161kus ir patvarius interjerus su nat\u016bralios pu\u0161ies grind\u0173 lentomis ir netinkuotomis sienomis. Dvigubo auk\u0161\u010dio virtuv\u0117 ir svetain\u0117 sukuria erdvumo \u012fsp\u016bd\u012f kompakti\u0161kuose trij\u0173 miegam\u0173j\u0173 namuose. Kiekvien\u0105 nam\u0105 vainikuoja stogo terasa, i\u0161 kurios gyventojai gali m\u0117gautis kvap\u0105 gniau\u017eian\u010diais panoraminiais aplinkini\u0173 kanal\u0173 vaizdais.<\/p>\n<p>Namai Nendri\u0173 gatv\u0117je \u2013 formuojamas dar vienas kvartalas i\u0161 septyni\u0173 pastat\u0173, kiekviename talpinant po 3 butus. Namai suprojektuoti racionaliai, atsi\u017evelgiant \u012f poilsiautoj\u0173 poreikius, dengti med\u017eio dailylent\u0117mis, taip sukuriant jauk\u0173 atostog\u0173 namo \u012fsp\u016bd\u012f.<\/p>\n<p>Namai Pervalkos gatv\u0117je formuoja didel\u012f kvartal\u0105, kuriame \u012fkomponuota 16 pastat\u0173. Tai individual\u016bs namai su did\u017eiul\u0117mis terasomis antrajame auk\u0161te bei tiesioginiu susisiekimu su vandeniu. B\u016bdingas \u201eDo Architects\u201c lauko laipt\u0173 erdv\u0117s i\u0161naudojimas kaip poilsio zonai. Kiemo erdv\u0117 minimali, ta\u010diau puikiai i\u0161naudojama terasa, nuo kuriuos atsiveria ir tolimesni gamtos vaizdai. I\u0161skirtin\u0117 pastat\u0173 detal\u0117 \u2013 fasadas dengtas smulkiais akmenimis, b\u016btent j\u0173 ir med\u017eio apdailos derinys kuria kurortu alsuojant\u012f \u012fsp\u016bd\u012f.<\/p>\n<p>Nuo 2007 met\u0173 vystomas projektas vis dar d\u017eiugina kokybi\u0161kais ir inovatyviais sprendimais. U\u017esibr\u0117\u017etas architekt\u0173 tikslas sukurti patog\u0173 ir unikal\u0173 kurort\u0105 po truput\u012f virsta realybe, prie to \u017eenkliai prisideda ir parengtas teritorijos bendrasis planas, kvartal\u0173 \u012fvairov\u0117, ta\u010diau ir vientisumo u\u017etikrinimas, nes prie projekto vis\u0105 \u0161\u012f laik\u0105 dirba tie patys architektai. Nors pirminiam projektui jau 17-a met\u0173, sprendiniai nepaseno, o tai yra pagrindinis kokybi\u0161kos ir tvarios architekt\u016bros \u017eenklas.<\/p>\n<p>&nbsp;<\/p>\n<p><img decoding=\"async\" src=\"https:\/\/encrypted-tbn0.gstatic.com\/images?q=tbn:ANd9GcS0yetqxTOX31O4KIElAnd0uCtvnsuCrKCsLg&amp;s\" alt=\"Naujienos - Medij\u0173 r\u0117mimo fondas\" \/><\/p>\n","protected":false},"excerpt":{"rendered":"<p>Architektai: \u201eDo Architects\u201c: Andr\u0117 Baldi\u0161i\u016bt\u0117, Bart Brands, Sylvia Karres, Katarina Brandt, Urs Haerden, Uta Krause, Algimantas Neni\u0161kis, Milda Jusait\u0117, Margarita Ramanauskien\u0117, Lukas Rekevi\u010dius, Gilma Teodora Gylyt\u0117, Sabina Grincevi\u010di\u016bt\u0117, Kasparas \u017diliukas, Milda Grabauskait\u0117 Plotas: 28 ha Metai: 2007\u2013 Vieta: Svencel\u0117 Fotografijos: Emilija Deksnyt\u0117, Laimonas Ci\u016bnys, Lukas Jusas, Ieva Saudargait\u0117, \u201eDo Architects\u201c, UAB \u201eSolds\u201c<\/p>\n","protected":false},"author":2,"featured_media":0,"comment_status":"open","ping_status":"open","sticky":false,"template":"","format":"standard","meta":{"footnotes":""},"categories":[23,49,11,4],"tags":[],"views":34,"_links":{"self":[{"href":"https:\/\/archiforma.lt\/index.php?rest_route=\/wp\/v2\/posts\/3132"}],"collection":[{"href":"https:\/\/archiforma.lt\/index.php?rest_route=\/wp\/v2\/posts"}],"about":[{"href":"https:\/\/archiforma.lt\/index.php?rest_route=\/wp\/v2\/types\/post"}],"author":[{"embeddable":true,"href":"https:\/\/archiforma.lt\/index.php?rest_route=\/wp\/v2\/users\/2"}],"replies":[{"embeddable":true,"href":"https:\/\/archiforma.lt\/index.php?rest_route=%2Fwp%2Fv2%2Fcomments&post=3132"}],"version-history":[{"count":1,"href":"https:\/\/archiforma.lt\/index.php?rest_route=\/wp\/v2\/posts\/3132\/revisions"}],"predecessor-version":[{"id":3134,"href":"https:\/\/archiforma.lt\/index.php?rest_route=\/wp\/v2\/posts\/3132\/revisions\/3134"}],"wp:attachment":[{"href":"https:\/\/archiforma.lt\/index.php?rest_route=%2Fwp%2Fv2%2Fmedia&parent=3132"}],"wp:term":[{"taxonomy":"category","embeddable":true,"href":"https:\/\/archiforma.lt\/index.php?rest_route=%2Fwp%2Fv2%2Fcategories&post=3132"},{"taxonomy":"post_tag","embeddable":true,"href":"https:\/\/archiforma.lt\/index.php?rest_route=%2Fwp%2Fv2%2Ftags&post=3132"}],"curies":[{"name":"wp","href":"https:\/\/api.w.org\/{rel}","templated":true}]}}