{"id":3029,"date":"2021-08-30T09:30:32","date_gmt":"2021-08-30T07:30:32","guid":{"rendered":"http:\/\/archiforma.lt\/?p=3029"},"modified":"2021-08-30T09:30:32","modified_gmt":"2021-08-30T07:30:32","slug":"naujausias-2021-metu-numeris-jau-prekyboje","status":"publish","type":"post","link":"https:\/\/archiforma.lt\/?p=3029","title":{"rendered":"Naujausias 2021 met\u0173 numeris jau prekyboje"},"content":{"rendered":"<figure class=\"wp-block-image\"><img decoding=\"async\" class=\"wp-image-2940\" src=\"http:\/\/archiforma.lt\/wp-content\/uploads\/2021\/08\/virselis2021_07_WEB-1-724x1024.jpg\" alt=\"\" \/><\/figure>\n<p>&nbsp;<br \/>\nNaujausias 2021 met\u0173 Archiformos numeris jau prekyboje! Pagrindin\u0117 \u0161i\u0173 met\u0173 tema &#8211; Lietuvos regionai.<br \/>\nKasmet galvojant apie einam\u0173j\u0173 met\u0173 tem\u0105, svarstomos \u012fvairios, aktualios problemos, su kuriomis susiduria tiek architekt\u016bros, tiek visos Lietuvos visuomen\u0117. Pastaruoju metu, ypa\u010d d\u0117l ilgo karantino, atsigr\u0119\u017eiame \u012f regionus. Tema \u201eLietuvos regionai\u201c \u201eArchiformai\u201c n\u0117ra naujiena. B\u016btent ji, prisidengusi kiek kitais pavadinimais, 2002 bei 2007 m. buvo gvildenama \u017eurnale. Nagrin\u0117tos \u012fvairi\u0173 miest\u0173 problemos: bendrieji planai, pl\u0117tros strategij\u0173 klausimai, skelbtos miest\u0173 mer\u0173, apskri\u010di\u0173 vir\u0161inink\u0173 pozicijos, publikuoti aptariam\u0173 miest\u0173 istorijos tyrimai ir pan.<br \/>\n<!--more--><\/p>\n<p>Region\u0173 tem\u0105, i\u0161 pirmo \u017evilgsnio atrodyt\u0173, reikia pateikti pana\u0161iai. Ta\u010diau miestai \u2013 nustatytais kriterijais apibr\u0117\u017eti administraciniai vienetai. Regionai \u2013 ne. Paulius Kavaliauskas teigia, kad regionalizmas yra prigimtinis kiekvienos valstyb\u0117s po\u017eymis, o Lietuvos regionin\u0117 tradicija siekia LDK au\u0161r\u0105. \u0160iandien vie\u0161ojoje erdv\u0117je da\u017enai girdimos diskusijos apie regionin\u0119 \u0161alies sandar\u0105 ir (ar) vystym\u0105 atskleid\u017eia tam tikras ne tik s\u0105vok\u0173, bet ir samprat\u0173 problemas. Etninio regiono samprata, atrodyt\u0173, nekelia daug abejoni\u0173, bet si\u016blym\u0173, kaip nustatyti region\u0173 ribas, gausa rodo, kad ir d\u0117l \u0161io dalyko n\u0117ra paprasta susitarti. 2007 m. dr. Liutauras Nekro\u0161ius ra\u0161\u0117: \u201eRemiantis tarm\u0117s, aprangos, liaudies architekt\u016bros, genomo ar kitais tyrimais nustatomos skirtingos region\u0173 ribos. Sud\u0117tinga jas konstatuoti ir laiko po\u017ei\u016briu \u2013 istorin\u0117s ar dabartin\u0117s ribos tur\u0117t\u0173 tapti valstyb\u0117s regionin\u0117s sandaros pagrindu? Da\u017eniau sutampa nuomon\u0117s d\u0117l region\u0173 skai\u010diaus. Regiono \u017emoni\u0173 tapatumo savimon\u0117 bei tarm\u0117 da\u017enai laikoma gana objektyviais regionavimo kriterijais. Ta\u010diau kils keblum\u0173 argumentuojant kai kuri\u0173 istori\u0161kai etnini\u0173 \u017eemi\u0173 skirstym\u0105, kur dauguma gyventoj\u0173 \u2013 d\u0117l \u012fvairi\u0173 sociokult\u016brini\u0173 aplinkybi\u0173 \u2013 save tapatina su nelietuvi\u0161ku etnosu, nors materialin\u0117 ir dvasin\u0117 kult\u016bra \u0161iose teritorijose da\u017enai i\u0161laikiusi archaji\u0161kesnes formas nei kalbiniu po\u017ei\u016briu nepakitusiuose arealuose. Plintant globalizmo id\u0117joms region\u0173 savitumo paie\u0161kos tampa ypa\u010d aktualios daugumai ma\u017eesni\u0173, ypa\u010d tautini\u0173, valstybi\u0173. Tapatumo ugdymas ne tik skatina visuomeni\u0161kum\u0105, pilietin\u0119 savimon\u0119, bet ir gali pad\u0117ti sukurti optimali\u0105 teritorij\u0173 valdymo sistem\u0105, skatinti region\u0173 kult\u016brin\u0119, ekonomin\u0119 pl\u0117tr\u0105. Apibr\u0117\u017etumo stoka, m\u016bs\u0173 manymu, region\u0173 tem\u0105 daro dar aktualesn\u0119.\u201c Galvodami apie kylan\u010dius sunkumus, siekiame ne baigtin\u0117s konkretaus regiono ap\u017evalgos (kaip miest\u0173 atveju), o kelti opius ir aktualius \u0161iandienos klausimus, neretai bendrus visiems \u0161alies regionams. Taip pat b\u016bt\u0173 analizuojami ir pateikiami vienam ar kitam regiono identitetui b\u016bdingi moderniosios architekt\u016bros pavyzd\u017eiai. Pirm\u0105j\u012f numer\u012f prioretizuotai skiriame Vilnijos, Dz\u016bkijos ir Suvalkijos kra\u0161tams, antrasis numeris b\u016bt\u0173 skirtas Auk\u0161taitijai ir \u017demaitijai. Pagrindin\u0117je temos rubrikoje ap\u017evelgiamas sostin\u0117s bendrasis planas, kuris tur\u0117s \u012ftakos miesto raidai ateinant\u012f de\u0161imtmet\u012f. Taip pat publikuojamas ir vis dar aktualus P. Kavaliausko straipsnis, pristatantis Lietuvos region\u0173 atsiradimo istorij\u0105 bei alternatyvas. Daug d\u0117mesio region\u0173 tematikai skyr\u0117me ir rinkdami pristatom\u0173 region\u0173 architekt\u016brinius pavyzd\u017eius.<br \/>\nTaip pat bus t\u0119siamos ir tradicin\u0117s \u017eurnalo temos: Ap\u017evalga \u2013 pristatanti geriausius einam\u0173j\u0173 met\u0173 Lietuvos objektus; Tema \u2013 kurioje nagrin\u0117jama \u201eLietuvos region\u0173\u201c problematika. Taip pat interviu \u017eanru Architekt\u016bros fotograf\u0173 skiltyje pristatoma jauna, ta\u010diau u\u017esienio pripa\u017einimo sulaukusi architekt\u0117 Aist\u0117 Rakauskait\u0117, Jaun\u0173j\u0173 architekt\u0173 skiltyje \u2013 \u201eDNA\u201c architektai. T\u0119siamos ir kitos, nuo pat \u017eurnalo atsiradimo sukurtos temos \u012evykiai bei Leidiniai.<br \/>\n\u017dinoma, ir toliau t\u0119siame itin s\u0117kming\u0105 projekt\u0105 ir pristatome Lietuvos architekt\u0173 s\u0105jungos veikl\u0105. B\u016btent \u0161iame numeryje rasite itin daug LAS organizuot\u0173 konkurs\u0173 bei itin aktuali\u0105 tem\u0105 \u201eKvartalin\u0117 renovacija\u201c.<br \/>\nLinkiu gero laiko skaitant pirm\u0105j\u012f \u0161i\u0173 met\u0173 numer\u012f.<br \/>\n\u201eArchiformos\u201c vyriausioji redaktor\u0117<br \/>\nGreta Trapikien\u0117<\/p>\n","protected":false},"excerpt":{"rendered":"<p>&nbsp; Naujausias 2021 met\u0173 Archiformos numeris jau prekyboje! Pagrindin\u0117 \u0161i\u0173 met\u0173 tema &#8211; Lietuvos regionai. Kasmet galvojant apie einam\u0173j\u0173 met\u0173 tem\u0105, svarstomos \u012fvairios, aktualios problemos, su kuriomis susiduria tiek architekt\u016bros, tiek visos Lietuvos visuomen\u0117. Pastaruoju metu, ypa\u010d d\u0117l ilgo karantino, atsigr\u0119\u017eiame \u012f regionus. Tema \u201eLietuvos regionai\u201c \u201eArchiformai\u201c n\u0117ra naujiena. B\u016btent ji, prisidengusi kiek kitais pavadinimais, [&hellip;]<\/p>\n","protected":false},"author":2,"featured_media":0,"comment_status":"open","ping_status":"open","sticky":false,"template":"","format":"standard","meta":{"footnotes":""},"categories":[5,9,23,49],"tags":[],"views":25,"_links":{"self":[{"href":"https:\/\/archiforma.lt\/index.php?rest_route=\/wp\/v2\/posts\/3029"}],"collection":[{"href":"https:\/\/archiforma.lt\/index.php?rest_route=\/wp\/v2\/posts"}],"about":[{"href":"https:\/\/archiforma.lt\/index.php?rest_route=\/wp\/v2\/types\/post"}],"author":[{"embeddable":true,"href":"https:\/\/archiforma.lt\/index.php?rest_route=\/wp\/v2\/users\/2"}],"replies":[{"embeddable":true,"href":"https:\/\/archiforma.lt\/index.php?rest_route=%2Fwp%2Fv2%2Fcomments&post=3029"}],"version-history":[{"count":2,"href":"https:\/\/archiforma.lt\/index.php?rest_route=\/wp\/v2\/posts\/3029\/revisions"}],"predecessor-version":[{"id":3032,"href":"https:\/\/archiforma.lt\/index.php?rest_route=\/wp\/v2\/posts\/3029\/revisions\/3032"}],"wp:attachment":[{"href":"https:\/\/archiforma.lt\/index.php?rest_route=%2Fwp%2Fv2%2Fmedia&parent=3029"}],"wp:term":[{"taxonomy":"category","embeddable":true,"href":"https:\/\/archiforma.lt\/index.php?rest_route=%2Fwp%2Fv2%2Fcategories&post=3029"},{"taxonomy":"post_tag","embeddable":true,"href":"https:\/\/archiforma.lt\/index.php?rest_route=%2Fwp%2Fv2%2Ftags&post=3029"}],"curies":[{"name":"wp","href":"https:\/\/api.w.org\/{rel}","templated":true}]}}