{"id":302,"date":"2014-07-07T12:34:46","date_gmt":"2014-07-07T12:34:46","guid":{"rendered":"http:\/\/archiforma.lt\/?p=302"},"modified":"2014-07-29T07:40:46","modified_gmt":"2014-07-29T07:40:46","slug":"archiformos-metu-apdovanojimai","status":"publish","type":"post","link":"https:\/\/archiforma.lt\/?p=302","title":{"rendered":"\u201eArchiformos\u201c met\u0173 apdovanojimai"},"content":{"rendered":"<p><a href=\"http:\/\/archiforma.lt\/wp-content\/uploads\/2014\/07\/IMG_0104.jpg\"><img loading=\"lazy\" decoding=\"async\" class=\"alignleft wp-image-308\" src=\"http:\/\/archiforma.lt\/wp-content\/uploads\/2014\/07\/IMG_0104-1024x682.jpg\" alt=\"\" width=\"530\" height=\"353\" srcset=\"https:\/\/archiforma.lt\/wp-content\/uploads\/2014\/07\/IMG_0104-1024x682.jpg 1024w, https:\/\/archiforma.lt\/wp-content\/uploads\/2014\/07\/IMG_0104-300x200.jpg 300w\" sizes=\"(max-width: 530px) 100vw, 530px\" \/><\/a><\/p>\n<p>2014 met\u0173 sausio 16 d. Rekonstruotuose Lietuvos architekt\u0173 s\u0105jungos namuose \u012fvyko kasmetinis \u017eurnalo \u201eArchiforma\u201c renginys, kurio metu paskelbiamas geriausi\u0173 2013 metais realizuot\u0173 objekt\u0173 nominacijos ir laureatas.<br \/>\nRenginio metu kartu buvo atidaryta \u017eymaus Lietuvos architekto Algimanto Sprind\u017eio retrospektyvin\u0117 k\u016brybos paroda, parengta Kaune vykusiam did\u017eiuliam architekt\u016bros festivaliui \u201eKAFE\u201c ir maloniai paskolinta papuo\u0161ti \u201eArchiformos\u201c rengin\u012f. Eleganti\u0161kai pateikta Algimanto Sprind\u017eio k\u016brybos paroda, gra\u017eus kaunie\u010di\u0173 gestas savo miesto architekt\u016bros patriarchui, su kurio k\u016bryba, tiesa sakant, toli gra\u017eu ne visada elgem\u0117s pagarbiai. Parodos autoriai \u2013 menotyrinink\u0117 Vaida Almonaityt\u0117 \u2013 Navickien\u0117 ir architektas Gintaras Prikockis nusipelno visos architekt\u0173 gildijos pad\u0117kos, o maestro Algimantas Sprindys pagal galimybes geresn\u0117s sveikatos. Mes to linkime.<br \/>\nTaigi 2013 met\u0173 nominacij\u0173 s\u0105ra\u0161e keturi objektai: \u201eThermo Fisher Scientific\u201c. Molekulin\u0117s biologijos moksl\u0173 kompetencijos centras, autorius S. Sparnaitis, bendraautoriai K. Skukauskas, N. Cibulskis, V. Gerliakas; \u017dem\u0117s \u016bkio technikos, prekybos ir aptarnavimo centras \u201eIvabalt\u0117\u201c, autorius G. Natkevi\u010dius, bendraautoriai A. Rim\u0161elis, A. Natkevi\u010di\u016bt\u0117. \u0160ie du objektai savo funkcija reti sve\u010diai geriausi\u0173j\u0173 architekt\u016bros k\u016brini\u0173 s\u0105ra\u0161uose, tod\u0117l \u010dia tinka pacituoti Aist\u0117s Galaunyt\u0117s mint\u012f i\u0161 2013 met\u0173 \u201eArchiformos\u201c pirmojo numerio: \u201eParadoksalu, kad kartais socialumo daigai u\u017e\u010diuopiami architekt\u016broje, kuri, rodos, neprival\u0117t\u0173 tokia b\u016bti. Ta\u010diau imasi b\u016bti, ir, laimei diktuoti nauj\u0105 standart\u0105, \u0161\u012f kart\u0105 \u2013 gamybini\u0173 statini\u0173 kategorijoje\u201c. Pridur\u010diau \u2013 nauj\u0105 menin\u012f standart\u0105.<br \/>\nIr viename ir kitame jau\u010diamas siekis sukurti erdves ne tik konvejerin\u0117s psichologijos darbui. Bet aplinkai kurioje darbas tampa komforti\u0161ku gyvenimo b\u016bdu.<br \/>\nPripa\u017einkime, kad lyg\u0161ioliniuose tokios \u2013 gamybin\u0117s funkcijos pastatuose toks po\u017ei\u016bris \u2013 retenyb\u0117. \u010cia gi autori\u0173 sugeb\u0117jimas surasti vienodus prioritetus, kartu su u\u017esakovais ir j\u0173 \u012fprasminimas auk\u0161tos klas\u0117s architekt\u016bra nuo t\u016brinio sprendimo iki interjero detali\u0173 nusipeln\u0117 auk\u0161to \u012fvertinimo&#8230;<\/p>\n<p><!--more--><br \/>\nKiti du nominuoti objektai, santykinai priskirti vienai kult\u016brinei, \u0161vietimo funkcijai, tai: \u201eBalsi\u0173 pagrindin\u0117 mokykla\u201c Vilniuje, autorius S. Kuncevi\u010dius, bendraautoriai M. Dagys, L. Kuncevi\u010dien\u0117, V. Jurgaitien\u0117, \u017d. Gudelis, A. Kuncevi\u010di\u016bt\u0117 ir \u201eVilniaus universiteto biblioteka\u201c architektai R. Palekas, B. Puzonas, A. Paliekien\u0117, P. I\u0161ora, M. \u0160iup\u0161inskas, M. Zemlickait\u0117, L. Su\u017eiedyt\u0117, A. Barzda, J. Gar\u0161vait\u0117, V. Bavarskis.<br \/>\nTa\u010diau apjungti \u0161iuos du objektus \u012f vien\u0105 tipologin\u0119 skal\u0119 negalima.<br \/>\nVidurin\u0117 mokykla ilgamet\u0117je m\u016bs\u0173 s\u0105mon\u0117je, tai eilinis, b\u016btinas, bet kurios socialin\u0117s formacijos objektas, neretai projektuotas \u017eymiausi\u0173 Lietuvos architekt\u0173, ypatingai pirmosios nepriklausomyb\u0117s metais, a\u010di\u016b Dievui, i\u0161lik\u0119 i\u0161kiliais architekt\u016bros pavyzd\u017eiais. Tai ir sovietinio, ekonomi\u0161kai suspausto re\u017eimo padiktuoti sprendiniai, beje m\u016bs\u0173 kolegos Leono Mardoso, atskirais, pagal moksleivi\u0173 am\u017ei\u0173, sugrupuotais korpusais, sprendimas, tapo atradimu visai sovietinei erdvei ir i\u0161 esm\u0117s liko aktualus iki \u0161i\u0173 dien\u0173.<br \/>\nVisi prisimename pasitenkinimo bang\u0105, kuri\u0105 suk\u0117l\u0117 kolegos \u010ceslovo Maz\u016bro mokykla Lazdynuose, pastatyta tikrai g\u016bd\u017eiais totalaus taupymo metais, kuri i\u0161 \u0161iandien tarsi liudija, kad \u0161is tas architekt\u016broje visgi priklauso nuo architekto&#8230;<br \/>\nAuk\u0161to meninio lygio Balsi\u0173 mokyklos architekt\u016bra \u017eymi pirm\u0105j\u0105 Lietuvos \u0161vietimo \u012fstaig\u0105, pastatyt\u0105 pagal progresyv\u0173 vie\u0161ojo ir privataus sektoriaus partneryst\u0117s princip\u0105, kad tai pirmoji Vilniuje atsiradusi mokykla po Nepriklausomyb\u0117s atk\u016brimo.<br \/>\nKaip ir ankstesn\u0117se mokyklose, suskaidyta atskirais t\u016briais, architekt\u0173 meistri\u0161kumo d\u0117ka, funkcinis egzistavimas pab\u0117ga nuo auk\u0161tesn\u0117ms mokykloms b\u016bdingo \u201e&#8230;kontrol\u0117s, disciplinos, saugumo ir nekintamumo princip\u0173, kurie buvo i\u0161reik\u0161ti grie\u017etai funkci\u0161kai apibr\u0117\u017etomis ir fizi\u0161kai atribotomis erdv\u0117mis\u201c&#8230; be sen\u0105j\u0105 mokykl\u0105 simbolizuojan\u010di\u0173 koridori\u0173, grie\u017et\u0173 rib\u0173, aklin\u0173 sien\u0173\u201c. \u201eJei moderni edukacin\u0117 aplinka yra grind\u017eiama atvirumu, neformaliu bendravimu ir tolerancija, tai galima dr\u0105siai viltis, kad Balsi\u0173 mokykla taps jaunosios kartos \u201ebuvimo pasaulyje\u201c metafora.\u201c ( Edita Riaubien\u0117, \u201eArchiforma\u201c 2013 Nr. 1). Pridursiu \u2013 visada prisimenant, kad priekyje m\u016bs\u0173 laukia nauji i\u0161\u0161\u016bkiai&#8230;<br \/>\n\u201eR. Paleko ARCHstudijos\u201c suprojektuota Vilniaus Universiteto biblioteka savo plastika rai\u0161kiai i\u0161siskiria pastar\u0173j\u0173 met\u0173 Lietuvos architekt\u016bros \u201ed\u0117\u017eutiniame\u201c modernizme.<br \/>\n\u201eFormuojama erdvi\u0173 kaita, daugiasluoksn\u0117 kompozicija, \u012fvairi\u0173 suvokimo scenarij\u0173 k\u016brimas&#8230;I\u0161or\u0117je eleganti\u0161ka t\u016bri\u0173 plastika kinta su \u017ei\u016brin\u010diojo rakursu, neprarandama bendro kompozicijos dinamizmo. Viduje kolia\u017eo principu formuojama atvir\u0173 \u2013 u\u017edar\u0173 ir auk\u0161t\u0173 \u2013 \u017eem\u0173 erdvi\u0173 seka.\u201c&#8230;eseistas Ernestas Parulskis pastebi, kad visiems prieinama biblioteka yra valstyb\u0117s kult\u016brinio gyvenimo epicentras ir b\u016bdas palaikyti valstyb\u0117s savivok\u0105. Ir tai pasiekiama ne papras\u010diausiai paremontuojant ir perda\u017eant sanas patalpas, o statant naujus objektus su ai\u0161kia projekcija \u012f ateit\u012f.\u201c (Martynas Mankus, Archiforma 2013 Nr.1).<br \/>\nKai tai pavyksta atlikti tokiam meistryst\u0117s lygyje, kaip aptariamuoju atveju, gal atsitikti taip kaip situacij\u0105 apib\u016bdina postmodernizmo guru Ch. Jencksas \u2013 \u201epastatas turi b\u016bti daugiareik\u0161mis ir paveikus interpretacijoms, kartu i\u0161laikantis \u0161iek tiek paslaptingumo. I\u0161skirtin\u0117 funkcija statiniui suteikia plakati\u0161kumo ir \u017eenkli\u0161kumo, &#8211; pastatas virsta savo funkcijos logotipu\u201c (Martynas Mankus. Archiforma 2013 Nr. 1). Neprie\u0161tarauju, iki toli, kol kas nors nenutiks ir pdarys geriau&#8230;<br \/>\nApibendrinant, gali pasid\u017eiaugti 2013 met\u0173 derliumi, kas gal b\u016bt liudija apie m\u016bs\u0173 architekt\u0173 pasirengim\u0105, ne tik profesionaliai bet ir meistri\u0161kai \u012fk\u016bnyti \u012fvairios \u201eelitin\u0117s\u201c ir \u201ekasdien\u0117s\u201c tipologijos objektus.<br \/>\nGal b\u016bt, tai liudija ir apie m\u016bs\u0173 u\u017esakov\u0173 intelektualin\u0119 brand\u0105, kuri i\u0161 ties\u0173 tampa pragmatine nauda \u2013 sukuriamas J\u0173 veiklos estetinis \u012fvaizdis.<br \/>\nNor\u0117t\u0173si tik\u0117ti&#8230;<br \/>\nSvarbiausias \u201eArchiformai\u201c metinis vakaras, kuriame pakviestas Aplinkos ministras kolega Valentinas Maz\u016bronis paskelb\u0117 nugal\u0117toj\u0105 \u201eR. Paleko ARCHstudijos\u201c projekt\u0105, kuriame dalyvavo apie 150 architekt\u0173, kaip visada vyko su i\u0161tikimais ir i\u0161skirtiniais partneriais \u201eJung\u201c, \u201eUponor\u201c, \u201eNam\u0173 stilius\u201c, \u201eVadasiga\u201c, \u201eBeola\u201c, \u201eGeros grindys\u201c, \u201eMeffert AG\u201c ir \u201e Schuco\u201c.<br \/>\n\u201eArchiforma\u201c d\u0117kinga Jums, tik\u0117damasi ir tolimesnio bendradarbiavimo riboto skai\u010diaus reklaminiuose puslapiuose.<br \/>\nMes galvojome, kad geriausiai pristatome Lietuvos architekt\u016bra \u010dia ir pasauliui, tod\u0117l norime, kad ir partneriai b\u016bt\u0173 tokie kaip dabar \u2013 solid\u017eios, auk\u0161\u010diausi\u0105 produkcijos kokyb\u0119 pristatan\u010dios firmos. Firmos, kurios mato neabejotin\u0105 architekt\u016bros \u012ftaka ne tik naudojant j\u0173 produkcij\u0105, bet, palaikydamos \u201eArchiform\u0105\u201c, suvokia savo ind\u0117l\u012f ir pareig\u0105 dirbti Lietuvos kult\u016brai.<br \/>\nVakar\u0117lyje koncertavo nuostabus Vilniaus Balio Davariono mokyklos mokini\u0173 d\u017eiazas, vadovaujamas maestro Vytauto Labu\u010dio. Deja dengtas naujasis Architekt\u0173 s\u0105jungos atriumas \u2013 \u0161iandiena siaubingos akustikos patalpa, reikia k\u0105 nors galvoti&#8230;<br \/>\nGalvoti pad\u0117jo puik\u016bs vieno k\u0105snio\u00a0sumu\u0161tiniai gra\u017eiai ir skaniai pateikti UAB \u201eIndustrijos servisas\u201c kavin\u0117s ir neblogo vyno taur\u0117&#8230;<\/p>\n<p>&nbsp;<\/p>\n<div class=\"albumbottom\">\n<p><a href=\"http:\/\/archiforma.lt\/wp-content\/uploads\/2014\/07\/modtext_52c13ce6df960_b3.jpg\"><img loading=\"lazy\" decoding=\"async\" class=\"alignleft size-full wp-image-312\" src=\"http:\/\/archiforma.lt\/wp-content\/uploads\/2014\/07\/modtext_52c13ce6df960_b3.jpg\" alt=\"modtext_52c13ce6df960_b3\" width=\"600\" height=\"399\" srcset=\"https:\/\/archiforma.lt\/wp-content\/uploads\/2014\/07\/modtext_52c13ce6df960_b3.jpg 600w, https:\/\/archiforma.lt\/wp-content\/uploads\/2014\/07\/modtext_52c13ce6df960_b3-300x199.jpg 300w\" sizes=\"(max-width: 600px) 100vw, 600px\" \/><\/a><a href=\"http:\/\/archiforma.lt\/wp-content\/uploads\/2014\/07\/modtext_52c13ce6df960_b2.jpg\"><img loading=\"lazy\" decoding=\"async\" class=\"alignleft size-full wp-image-311\" src=\"http:\/\/archiforma.lt\/wp-content\/uploads\/2014\/07\/modtext_52c13ce6df960_b2.jpg\" alt=\"modtext_52c13ce6df960_b2\" width=\"600\" height=\"375\" srcset=\"https:\/\/archiforma.lt\/wp-content\/uploads\/2014\/07\/modtext_52c13ce6df960_b2.jpg 600w, https:\/\/archiforma.lt\/wp-content\/uploads\/2014\/07\/modtext_52c13ce6df960_b2-300x187.jpg 300w\" sizes=\"(max-width: 600px) 100vw, 600px\" \/><\/a><\/p>\n<p><a href=\"http:\/\/archiforma.lt\/wp-content\/uploads\/2014\/07\/modtext_52c13ce6df960_b1.jpg\"><img loading=\"lazy\" decoding=\"async\" class=\"alignleft size-full wp-image-310\" src=\"http:\/\/archiforma.lt\/wp-content\/uploads\/2014\/07\/modtext_52c13ce6df960_b1.jpg\" alt=\"modtext_52c13ce6df960_b1\" width=\"600\" height=\"400\" srcset=\"https:\/\/archiforma.lt\/wp-content\/uploads\/2014\/07\/modtext_52c13ce6df960_b1.jpg 600w, https:\/\/archiforma.lt\/wp-content\/uploads\/2014\/07\/modtext_52c13ce6df960_b1-300x200.jpg 300w\" sizes=\"(max-width: 600px) 100vw, 600px\" \/><\/a><\/p>\n<p><a href=\"http:\/\/archiforma.lt\/wp-content\/uploads\/2014\/07\/IMG_0113.jpg\"><img loading=\"lazy\" decoding=\"async\" class=\"alignleft size-large wp-image-309\" src=\"http:\/\/archiforma.lt\/wp-content\/uploads\/2014\/07\/IMG_0113-1024x682.jpg\" alt=\"IMG_0113\" width=\"1024\" height=\"682\" srcset=\"https:\/\/archiforma.lt\/wp-content\/uploads\/2014\/07\/IMG_0113-1024x682.jpg 1024w, https:\/\/archiforma.lt\/wp-content\/uploads\/2014\/07\/IMG_0113-300x200.jpg 300w\" sizes=\"(max-width: 1024px) 100vw, 1024px\" \/><\/a><\/p>\n<p>&nbsp;<\/p>\n<p><a href=\"http:\/\/archiforma.lt\/wp-content\/uploads\/2014\/07\/IMG_0072.jpg\"><img loading=\"lazy\" decoding=\"async\" class=\"alignleft size-large wp-image-307\" src=\"http:\/\/archiforma.lt\/wp-content\/uploads\/2014\/07\/IMG_0072-1024x682.jpg\" alt=\"IMG_0072\" width=\"1024\" height=\"682\" srcset=\"https:\/\/archiforma.lt\/wp-content\/uploads\/2014\/07\/IMG_0072-1024x682.jpg 1024w, https:\/\/archiforma.lt\/wp-content\/uploads\/2014\/07\/IMG_0072-300x200.jpg 300w\" sizes=\"(max-width: 1024px) 100vw, 1024px\" \/><\/a><\/p>\n<p><a href=\"http:\/\/archiforma.lt\/wp-content\/uploads\/2014\/07\/IMG_0069.jpg\"><img loading=\"lazy\" decoding=\"async\" class=\"alignleft size-large wp-image-306\" src=\"http:\/\/archiforma.lt\/wp-content\/uploads\/2014\/07\/IMG_0069-1024x682.jpg\" alt=\"IMG_0069\" width=\"1024\" height=\"682\" srcset=\"https:\/\/archiforma.lt\/wp-content\/uploads\/2014\/07\/IMG_0069-1024x682.jpg 1024w, https:\/\/archiforma.lt\/wp-content\/uploads\/2014\/07\/IMG_0069-300x200.jpg 300w\" sizes=\"(max-width: 1024px) 100vw, 1024px\" \/><\/a><\/p>\n<p><a href=\"http:\/\/archiforma.lt\/wp-content\/uploads\/2014\/07\/IMG_0053.jpg\"><img loading=\"lazy\" decoding=\"async\" class=\"alignleft size-large wp-image-305\" src=\"http:\/\/archiforma.lt\/wp-content\/uploads\/2014\/07\/IMG_0053-1024x682.jpg\" alt=\"IMG_0053\" width=\"1024\" height=\"682\" srcset=\"https:\/\/archiforma.lt\/wp-content\/uploads\/2014\/07\/IMG_0053-1024x682.jpg 1024w, https:\/\/archiforma.lt\/wp-content\/uploads\/2014\/07\/IMG_0053-300x200.jpg 300w\" sizes=\"(max-width: 1024px) 100vw, 1024px\" \/><\/a><\/p>\n<p><a href=\"http:\/\/archiforma.lt\/wp-content\/uploads\/2014\/07\/IMG_0044.jpg\"><img loading=\"lazy\" decoding=\"async\" class=\"alignleft size-large wp-image-304\" src=\"http:\/\/archiforma.lt\/wp-content\/uploads\/2014\/07\/IMG_0044-1024x682.jpg\" alt=\"IMG_0044\" width=\"1024\" height=\"682\" srcset=\"https:\/\/archiforma.lt\/wp-content\/uploads\/2014\/07\/IMG_0044-1024x682.jpg 1024w, https:\/\/archiforma.lt\/wp-content\/uploads\/2014\/07\/IMG_0044-300x200.jpg 300w\" sizes=\"(max-width: 1024px) 100vw, 1024px\" \/><\/a><\/p>\n<p><a href=\"http:\/\/archiforma.lt\/wp-content\/uploads\/2014\/07\/IMG_0037.jpg\"><img loading=\"lazy\" decoding=\"async\" class=\"alignleft size-medium wp-image-303\" src=\"http:\/\/archiforma.lt\/wp-content\/uploads\/2014\/07\/IMG_0037-300x200.jpg\" alt=\"IMG_0037\" width=\"300\" height=\"200\" srcset=\"https:\/\/archiforma.lt\/wp-content\/uploads\/2014\/07\/IMG_0037-300x200.jpg 300w, https:\/\/archiforma.lt\/wp-content\/uploads\/2014\/07\/IMG_0037-1024x682.jpg 1024w\" sizes=\"(max-width: 300px) 100vw, 300px\" \/><\/a><\/p>\n<\/div>\n","protected":false},"excerpt":{"rendered":"<p>2014 met\u0173 sausio 16 d. Rekonstruotuose Lietuvos architekt\u0173 s\u0105jungos namuose \u012fvyko kasmetinis \u017eurnalo \u201eArchiforma\u201c renginys, kurio metu paskelbiamas geriausi\u0173 2013 metais realizuot\u0173 objekt\u0173 nominacijos ir laureatas. Renginio metu kartu buvo atidaryta \u017eymaus Lietuvos architekto Algimanto Sprind\u017eio retrospektyvin\u0117 k\u016brybos paroda, parengta Kaune vykusiam did\u017eiuliam architekt\u016bros festivaliui \u201eKAFE\u201c ir maloniai paskolinta papuo\u0161ti \u201eArchiformos\u201c rengin\u012f. Eleganti\u0161kai pateikta Algimanto [&hellip;]<\/p>\n","protected":false},"author":1,"featured_media":0,"comment_status":"open","ping_status":"open","sticky":false,"template":"","format":"standard","meta":{"footnotes":""},"categories":[23,8],"tags":[],"views":18,"_links":{"self":[{"href":"https:\/\/archiforma.lt\/index.php?rest_route=\/wp\/v2\/posts\/302"}],"collection":[{"href":"https:\/\/archiforma.lt\/index.php?rest_route=\/wp\/v2\/posts"}],"about":[{"href":"https:\/\/archiforma.lt\/index.php?rest_route=\/wp\/v2\/types\/post"}],"author":[{"embeddable":true,"href":"https:\/\/archiforma.lt\/index.php?rest_route=\/wp\/v2\/users\/1"}],"replies":[{"embeddable":true,"href":"https:\/\/archiforma.lt\/index.php?rest_route=%2Fwp%2Fv2%2Fcomments&post=302"}],"version-history":[{"count":8,"href":"https:\/\/archiforma.lt\/index.php?rest_route=\/wp\/v2\/posts\/302\/revisions"}],"predecessor-version":[{"id":1829,"href":"https:\/\/archiforma.lt\/index.php?rest_route=\/wp\/v2\/posts\/302\/revisions\/1829"}],"wp:attachment":[{"href":"https:\/\/archiforma.lt\/index.php?rest_route=%2Fwp%2Fv2%2Fmedia&parent=302"}],"wp:term":[{"taxonomy":"category","embeddable":true,"href":"https:\/\/archiforma.lt\/index.php?rest_route=%2Fwp%2Fv2%2Fcategories&post=302"},{"taxonomy":"post_tag","embeddable":true,"href":"https:\/\/archiforma.lt\/index.php?rest_route=%2Fwp%2Fv2%2Ftags&post=302"}],"curies":[{"name":"wp","href":"https:\/\/api.w.org\/{rel}","templated":true}]}}