{"id":3006,"date":"2020-12-14T12:39:46","date_gmt":"2020-12-14T10:39:46","guid":{"rendered":"http:\/\/archiforma.lt\/?p=3006"},"modified":"2020-12-14T12:40:58","modified_gmt":"2020-12-14T10:40:58","slug":"knyga-lietuvos-architekturos-apzvalga-1990-2020","status":"publish","type":"post","link":"https:\/\/archiforma.lt\/?p=3006","title":{"rendered":"Knyga \u201eLietuvos architekt\u016bros ap\u017evalga 1990-2020&#8243;"},"content":{"rendered":"<figure class=\"wp-block-image\"><img decoding=\"async\" class=\"wp-image-2940\" src=\"http:\/\/archiforma.lt\/wp-content\/uploads\/2020\/12\/Book_Mockup_05-1024x922.png\" alt=\"\" \/><\/figure>\n<p>&nbsp;<\/p>\n<p>Jau galite \u012fsigyti knyg\u0105 \u201eLietuvos architekt\u016bros ap\u017evalga 1990-2020&#8243;.<\/p>\n<p>Tai presti\u017einis ir unikalus leidinys, palydimas parodos, pristatantis architekt\u016bros, kult\u016bros ir istorijos kait\u0105 per pastaruosius 30 met\u0173 Lietuvoje. Knygoje surinkta i\u0161skirtini\u0173 pastat\u0173 kolekcija, iliustruota originaliomis to laikme\u010dio nuotraukomis bei papildyta profesional\u0173 \u012f\u017evalgomis apie juos. Kiekvienas pastatas pristatomas ne tik lietuvi\u0173, bet ir angl\u0173 kalbomis, tad knyga puikiai tinka ir kaip dovana u\u017esienio sve\u010diams. Leidin\u012f sudaro 304 spalvotos spaudos puslapiai, knygos dydis \u2013 245 x 340 mm. Knygos tira\u017eas \u2013 1000 egz., kaina \u2013 59 \u20ac, knyga pasirodys jau \u0161i\u0105 savait\u0119: gruod\u017eio 15 d.<\/p>\n<p><!--more--><\/p>\n<p>I\u0160SKIRTINIS PASI\u016aLYMAS PERKANT I\u0160 ANKSTO!<br \/>\n3EGZ. &#8211; 147 \u20ac<br \/>\n5EGZ. &#8211; 195 \u20ac<\/p>\n<p>V\u0160\u012e \u201eARCHIFORMA\u201c REKVIZITAI<\/p>\n<p>\u012emon\u0117s kodas 123938010<br \/>\nSEB bankas: LT78 7044 0600 0115 6583<\/p>\n<p>D\u0117l i\u0161ankstinio \u012fsigyjimo kreiptis: +37069925147\u00a0 \u00a0 \u00a0 \u00a0 \u00a0 \u00a0 reklama.archiforma@gmail.com<\/p>\n<figure class=\"wp-block-image\"><img decoding=\"async\" class=\"wp-image-2940\" src=\"http:\/\/archiforma.lt\/wp-content\/uploads\/2020\/12\/knygos_Mockup_2-1024x768.png\" alt=\"\" \/><\/figure>\n<p><!-- \/wp:image --><\/p>\n","protected":false},"excerpt":{"rendered":"<p>&nbsp; Jau galite \u012fsigyti knyg\u0105 \u201eLietuvos architekt\u016bros ap\u017evalga 1990-2020&#8243;. Tai presti\u017einis ir unikalus leidinys, palydimas parodos, pristatantis architekt\u016bros, kult\u016bros ir istorijos kait\u0105 per pastaruosius 30 met\u0173 Lietuvoje. Knygoje surinkta i\u0161skirtini\u0173 pastat\u0173 kolekcija, iliustruota originaliomis to laikme\u010dio nuotraukomis bei papildyta profesional\u0173 \u012f\u017evalgomis apie juos. Kiekvienas pastatas pristatomas ne tik lietuvi\u0173, bet ir angl\u0173 kalbomis, tad knyga [&hellip;]<\/p>\n","protected":false},"author":2,"featured_media":0,"comment_status":"open","ping_status":"open","sticky":false,"template":"","format":"standard","meta":{"footnotes":""},"categories":[9,23,49,32],"tags":[],"views":35,"_links":{"self":[{"href":"https:\/\/archiforma.lt\/index.php?rest_route=\/wp\/v2\/posts\/3006"}],"collection":[{"href":"https:\/\/archiforma.lt\/index.php?rest_route=\/wp\/v2\/posts"}],"about":[{"href":"https:\/\/archiforma.lt\/index.php?rest_route=\/wp\/v2\/types\/post"}],"author":[{"embeddable":true,"href":"https:\/\/archiforma.lt\/index.php?rest_route=\/wp\/v2\/users\/2"}],"replies":[{"embeddable":true,"href":"https:\/\/archiforma.lt\/index.php?rest_route=%2Fwp%2Fv2%2Fcomments&post=3006"}],"version-history":[{"count":8,"href":"https:\/\/archiforma.lt\/index.php?rest_route=\/wp\/v2\/posts\/3006\/revisions"}],"predecessor-version":[{"id":3017,"href":"https:\/\/archiforma.lt\/index.php?rest_route=\/wp\/v2\/posts\/3006\/revisions\/3017"}],"wp:attachment":[{"href":"https:\/\/archiforma.lt\/index.php?rest_route=%2Fwp%2Fv2%2Fmedia&parent=3006"}],"wp:term":[{"taxonomy":"category","embeddable":true,"href":"https:\/\/archiforma.lt\/index.php?rest_route=%2Fwp%2Fv2%2Fcategories&post=3006"},{"taxonomy":"post_tag","embeddable":true,"href":"https:\/\/archiforma.lt\/index.php?rest_route=%2Fwp%2Fv2%2Ftags&post=3006"}],"curies":[{"name":"wp","href":"https:\/\/api.w.org\/{rel}","templated":true}]}}