{"id":2936,"date":"2020-10-01T17:33:07","date_gmt":"2020-10-01T15:33:07","guid":{"rendered":"http:\/\/archiforma.lt\/?p=2936"},"modified":"2020-10-08T17:14:40","modified_gmt":"2020-10-08T15:14:40","slug":"interviu-su-architekturos-linijos-vadovu-gintaru-caikausku-2","status":"publish","type":"post","link":"https:\/\/archiforma.lt\/?p=2936","title":{"rendered":"Interviu su \u201eArchitekt\u016bros linijos&#8221; vadovu Gintaru \u010caikausku"},"content":{"rendered":"\n<p><\/p>\n\n\n\n<p><\/p>\n\n\n\n<figure class=\"wp-block-image\"><img loading=\"lazy\" decoding=\"async\" width=\"1024\" height=\"683\" src=\"http:\/\/archiforma.lt\/wp-content\/uploads\/2020\/10\/04-ArchitekturosLinija-Paupys-\u00a9Norbert-Tukaj-0739-1024x683.jpg\" alt=\"\" class=\"wp-image-2918\" srcset=\"https:\/\/archiforma.lt\/wp-content\/uploads\/2020\/10\/04-ArchitekturosLinija-Paupys-\u00a9Norbert-Tukaj-0739-1024x683.jpg 1024w, https:\/\/archiforma.lt\/wp-content\/uploads\/2020\/10\/04-ArchitekturosLinija-Paupys-\u00a9Norbert-Tukaj-0739-300x200.jpg 300w, https:\/\/archiforma.lt\/wp-content\/uploads\/2020\/10\/04-ArchitekturosLinija-Paupys-\u00a9Norbert-Tukaj-0739-768x512.jpg 768w\" sizes=\"(max-width: 1024px) 100vw, 1024px\" \/><\/figure>\n\n\n\n<p>Kalbiname architekt\u0105, VGTU Architekt\u016bros fakulteto profesori\u0173 Gintar\u0105 \u010caikausk\u0105.<\/p>\n\n\n\n<p><\/p>\n\n\n\n<p>Autor\u0117: Elena Paleckyt\u0117<br>Fotografai: Ri\u010dardas \u010cerbul\u0117nas, Norbert Tukaj<br>Straipsnio r\u0117m\u0117jas: Lietuvos kult\u016bros ministerija<\/p>\n\n\n\n<!--more-->\n\n\n\n<p><\/p>\n\n\n\n<p><\/p>\n\n\n\n<p><strong>K\u016brybinis procesas, diskusijos, id\u0117jos bent jau\nprojekto prad\u017eioje yra svarbiausios. Kaip karantino metu, kuomet teko dirbti i\u0161\nnam\u0173, sek\u0117si generuoti naujas id\u0117jas, diskutuoti?<\/strong><\/p>\n\n\n\n<p>M\u016bs\u0173 kolektyvo atveju darbo vieta nelabai kei\u010dia k\u016brybos s\u0105lygas, esu\n\u012fprat\u0119s eskizuoti tiek studijoje, tiek nam\u0173 darbo kabinete. Architekto darbas\ni\u0161 esm\u0117s yra susij\u0119s su proto veikla, taigi aplinka neturi tokios didel\u0117s\n\u012ftakos. \u017dinoma, labai svarbu, kad ji b\u016bt\u0173 jauki ir \u012fkvepianti, tai reik\u0161minga.\nAtsitiktinai sutapo, kad prie\u0161 karantin\u0105 sp\u0117jome persikelti \u012f naujas darbo\npatalpas Paupyje, \u010dia jau\u010diam\u0117s kaip namuose. Keliems kolegoms izoliavusis\nnamuose, mes su s\u016bnumi Simonu tebeva\u017ein\u0117jome i\u0161 nam\u0173 \u012f studij\u0105, kelion\u0117\nautomobiliu leido i\u0161vengti nereikaling\u0173 kontakt\u0173 miesto aplinkoje.<\/p>\n\n\n\n<p>\u0160iuolaikin\u0117s virtualios komunikacijos priemon\u0117s suteik\u0117 beveik\nvisavertes bendravimo galimybes ir k\u016brybos proces\u0173 esmingai nesutrukd\u0117. M\u016bs\u0173\nstudijoje yra \u017emoni\u0173, kurie ir \u0161iuo metu dirba i\u0161 nam\u0173, ta\u010diau atitinkamai\npasiskirs\u010dius darbus, jiems dirbant su konkre\u010diomis u\u017eduotimis, kurioms\nnuolatinis bendravimas neb\u016btinas, dirbti \u012fmanoma. \u017dinoma, tiesioginio kontakto\ntarp \u017emoni\u0173, ypa\u010d k\u016brybos sferose, negali atstoti jokios technologijos. Kaip\ntik dabar visi kartu kuriame \u012fvairius konkursinius pasi\u016blymus, b\u016bnant atskirai\nb\u016bt\u0173 tikrai sud\u0117tingiau. Tai akivaizd\u017eiai patvirtino susiklos\u010diusios\naplinkyb\u0117s.<\/p>\n\n\n\n<p><strong>Techninis \u2013 dokument\u0173\nruo\u0161imo, brai\u017eymo etapas yra bene daugiausiai laiko u\u017eimanti projektavimo\ndalis. Ar \u0161io&nbsp;etapo eiga pastaraisiais metais kito?<\/strong><\/p>\n\n\n\n<p>N\u0117ra malonu pripa\u017einti, bet techninis brai\u017eymo ir dokumentacijos ruo\u0161imo\netapas pastaruoju metu did\u0117ja ir labai agresyviai ple\u010diasi. O projektavimo\nkainos da\u017enai yra tiesiog neadekva\u010dios ir nedid\u0117ja d\u0117l perd\u0117tos konkurencijos\nrinkoje, vie\u0161\u0173j\u0173 objekt\u0173 atrankos netobulumo. Projekt\u0173 sud\u0117ties ir detalumo\nlaipsnis auga, randasi vis nauj\u0173 reikalavim\u0173. Nors vie\u0161umoje vis kalbama apie\nbiurokratijos ir <em>popierizmo<\/em> ma\u017einim\u0105,\nta\u010diau realyb\u0117je vyksta atvirk\u0161ti procesai. Kuo toliau, tuo projekt\u0173 tvirtinimo\nproced\u016bros sud\u0117tingesn\u0117s, ple\u010diasi projekt\u0173 sud\u0117ties skal\u0117, did\u0117ja privalomos\ninformacijos srautas. Statytojai ir rangovai, siekdami kuo ma\u017eesn\u0117s\natsakomyb\u0117s, j\u0105 stengiasi vis labiau permesti ant silpniausi\u0173 proceso dalyvi\u0173 \u2013\nprojektuotoj\u0173 &#8211; pe\u010di\u0173. Rodos, anks\u010diau statytojai visk\u0105 puikiai suprasdavo ir\ni\u0161 ma\u017eiau detali\u0173 br\u0117\u017eini\u0173, o \u0161iuo metu auk\u0161tesn\u0117s kvalifikacijos statybos\nspecialistai yra emigrav\u0119. Dabar matome naujus procesus, kuomet pas mus\nva\u017eiuoja prastesn\u0117s kokyb\u0117s darbo j\u0117ga i\u0161 ryt\u0173 valstybi\u0173.<\/p>\n\n\n\n<p>Gaila, bet mes labai atsiliekame nuo Europos tradicij\u0173 ir darbo metod\u0173,\nten \u0161ioje sferoje viskas vyksta \u017eymiai papras\u010diau ir racionaliau. Kartais\natrodo, kad projekto kokyb\u0117 ma\u017eai kam r\u016bpi, svarbu tik kuo tvarkingesni\npalydintys dokumentai. Stebina nuostata, kad auk\u0161\u010diausi\u0105 juridin\u0119 gali\u0105 turi\nai\u0161kinamasis ra\u0161tas, po jo seka technin\u0117s specifikacijos ir tik tre\u010dioje\nvietoje yra br\u0117\u017eini\u0173 reik\u0161m\u0117. Gal tai vis dar vyraujantis sovietinio\nnepasitik\u0117jimo \u017emon\u0117mis sindromas, projektin\u0117 dokumentacija orientuojama\njurist\u0173 vertinimui. Svarbiuose valstybiniuose u\u017esakymuose vyrauja da\u017eniausiai\nvienintelis \u2013 pigiausio projekto kriterijus. Sunkiai suvokiama logika,\nignoruojanti kokyb\u0117s esmin\u0119 reik\u0161m\u0119. Kartais atrodo, kad k\u016brybos elementas,\nypa\u010d \u017evelgiant investuotoj\u0173 akimis, atrodo toks ma\u017eas ir, santykinai\n\u201enereik\u0161mingas\u201c, palyginus su juridin\u0117s dalies ir technin\u0117s med\u017eiagos kalnu. Ne\nvisi supranta, kad patarl\u0117 \u201egera prad\u017eia \u2013 pus\u0117 darbo\u201c architekt\u016bros srityje\nyra esminis k\u016brybos principas. Turiu galvoje projektini\u0173 pasi\u016blym\u0173 lemiam\u0105\nreik\u0161m\u0119. Juk klaidinga pirmin\u0117 koncepcija gali vis\u0105 mil\u017eini\u0161k\u0105 ateities veikl\u0105\nnegr\u012f\u017etamai nukreipti kreiva vaga.<\/p>\n\n\n\n<p><strong>Kaip pasiskirstote darbus ir atsakomybes? Ar\nJ\u016bs\u0173 biure svarbus komandinis darbas ar da\u017eniau i\u0161sidalinate individualias\nu\u017eduotis?<\/strong><\/p>\n\n\n\n<p>M\u016bs\u0173 biure vyrauja patys \u012fvairiausi darbo metodai, viskas priklauso nuo\nvykdomo u\u017esakymo. Juk objektai b\u016bna labai skirtingo dyd\u017eio, nevienodo\nsud\u0117tingumo. Didesniuose projektuose dalyvauja net keli bendraautoriai, o\nsmulkesniuose &#8211; susitvarko ir vienas architektas. Posakis \u2013 \u201eneturiu k\u0105 veikti\u201c,\nm\u016bsuose neegzistuoja. \u017dinoma, prie\u0161 bet kok\u012f nauj\u0105 darb\u0105 vyksta kar\u0161ta bendra\ndiskusija, kurioje savo nuomones ir pasi\u016blymus lygiomis teis\u0117mis, atvirai gali\nteikti visi kolektyvo nariai. Gyvenimo realijos i\u0161grynina sprendinius,\nnat\u016braliai visk\u0105 sud\u0117lioja \u012f savo vietas. A\u0161 asmeni\u0161kai labai auk\u0161tai vertinu\nkolektyvin\u012f darb\u0105, jis ne tik padeda generuoti daugiau nauj\u0173 id\u0117j\u0173, bet ir\ntiesiog katalizuoja, pagreitina proceso raid\u0105. \u017dinoma, k\u016brybos sferoje\nne\u012fmanoma i\u0161vengti individualaus, asmeni\u0161ko, subjektyvaus faktoriaus, ta\u010diau\narchitekt\u016bra yra taikomasis menas, kuris turi funkcionuoti ir atlikti savo\npaskirt\u012f, taigi sprendimai turi b\u016bti profesional\u016bs, objektyviai motyvuoti,\nadekvat\u016bs statytojo skirtam biud\u017eetui ir realiai \u012fgyvendinami.<\/p>\n\n\n\n<p><strong>Gal galite trumpai ap\u017evelgti\nkaip&nbsp;dirbate su skirtingomis projekto dalimis?<\/strong><\/p>\n\n\n\n<p>Per ilgus veiklos de\u0161imtme\u010dius susiformavo veiklos metodas, kad m\u016bs\u0173\nkolektyve dirba tik architektai, o kit\u0173 projekto dali\u0173 specialistai\nbendradarbiauja sutartiniais pagrindais. Da\u017eniausiai i\u0161 \u0161alies kvie\u010diame net\nprojekto vadov\u0105, mums patiems norisi kuo ma\u017eiau laiko skirti administraciniam\ndarbui ir kuo daugiau &#8211; k\u016brybai. Pl\u0117tr\u0105 vykdome gana atsargiai, esant daugiau\nu\u017esakym\u0173, kooperuojam\u0117s su kolegomis architektais, kasdienyb\u0117je dirban\u010diais\nkitose \u012fmon\u0117se. Da\u017eniausiai jie b\u016bna i\u0161aug\u0119 bei subrend\u0119 m\u016bs\u0173 aplinkoje: buv\u0119\nmano studentai, diplomantai, kartais &#8211; bendradarbiai, tokie kaip Linas\nNaujokaitis ir pana\u0161iai. Tai palengvina \u017emogi\u0161k\u0105j\u012f bendravim\u0105, sutaupome laiko\ntarpusavio santyki\u0173 \u201e\u0161lifavimo\u201c procesuose. Toks veiklos modelis padidina\n\u012fmon\u0117s manevringum\u0105 nedidel\u0117je m\u016bs\u0173 \u0161alies rinkoje, palengvina finansin\u012f ir\npsichologin\u012f i\u0161gyvenim\u0105 krizi\u0173 laikotarpi\u0173 metu. Teko praeiti \u012fvairius raidos\netapus, mums \u0161is darbo metodas pasiteisino labiausiai.<\/p>\n\n\n\n<p><strong>Nema\u017eai architekt\u0173 dirba su maketais. Ar J\u016bs\u0173\nbiure tai svarbi k\u016brybinio proceso dalis? Ar per karantin\u0105 negalint drauge\npris\u0117sti prie maket\u0173, buvo sunkiau?<\/strong><\/p>\n\n\n\n<p>Tikrai taip, priklausau tai kartai architekt\u0173, kurie maketams ir\nbetarpi\u0161kam darbui su erdvi\u0173 modeliavimu skiria i\u0161skirtin\u012f d\u0117mes\u012f.&nbsp; Pirmuosiuose k\u016brybos etapuose tai \u2013\nnepakei\u010diama ir nepranokstama fizin\u0117 darbo priemon\u0117. Juk tik taip savo\nrankomis, tiesiog daikti\u0161kai gali ap\u010diuopti formas, emoci\u0161kai pajusti erdvi\u0173\npoveik\u012f. Tiesiog viskas vyksta ma\u017eesniame mastelyje. Manau, kad jokia virtuali\nerdv\u0117 artimiausiu metu dar nepakeis to realyb\u0117s poj\u016b\u010dio k\u016brybos stadijose. Kad\nir dabar &#8211; su studija dalyvaujame architekt\u016briniame konkurse, id\u0117jas pradedame\nvystyti nuo maketo. Kadangi d\u0117stau universitete, stengiuosi maketavim\u0105\nperteikti ir savo studentams, jaunimas da\u017enai praleid\u017eia \u0161\u012f etap\u0105 skuba prad\u0117ti\ndarb\u0105 kompiuteriu.<\/p>\n\n\n\n<p>\u017dinoma, karantino s\u0105lygos labai trukd\u0117 \u0161iems procesams, bet steng\u0117m\u0117s\nlaviruoti. Auk\u0161tai vertinu ir nauj\u0173j\u0173 technologij\u0173 teikiamas vizualizacij\u0173\ngalimybes, ta\u010diau jas matau tik kaip puikias sprendini\u0173 pasitikrinimo\npriemones, patogius \u012frankius perteikiant architekt\u0173 k\u016brybos mintis u\u017esakovams\nv\u0117lyvesn\u0117se projektavimo stadijose.<\/p>\n\n\n\n<p><strong>Ar pasikeit\u0117 santykis bei darbo procesas su\nu\u017esakovais bei kit\u0173 projekto dali\u0173 vadovais? Galb\u016bt dalis sutikim\u0173 persik\u0117l\u0117 \u012f\nvirtuali\u0105 erdv\u0119?<\/strong><\/p>\n\n\n\n<p>Naujosios komunikacij\u0173 technologijos tikrai atskleid\u0117 savo galimybes\nb\u016btent sprend\u017eiant susitikim\u0173 ir pokalbi\u0173 problem\u0105. Darbiniai projektavimo ar\nstatyb\u0173 klausimai, kurie tradici\u0161kai b\u016bdavo nagrin\u0117jami ilgai trunkan\u010di\u0173\nprotokoluojam\u0173 pos\u0117d\u017ei\u0173 metu, visai s\u0117kmingai persik\u0117l\u0117 \u012f virtuali\u0105 erdv\u0119. Tai\nsavoti\u0161kai pasiteisino taupant laik\u0105 kelion\u0117ms, stov\u0117jimui kam\u0161\u010diuose,\ni\u0161vengiant u\u017ekrato rizikos, apsaugos priemoni\u0173 naudojimo ir pana\u0161iai, ta\u010diau i\u0161\nesm\u0117s nekei\u010diant \u017emogi\u0161kojo faktoriaus \u012ftakos bei projektavimo darb\u0173 poveikio\ntechnologiniam statybos procesui. Dalis toki\u0173 virtuali\u0173 susitikim\u0173 tebevyksta\nir dabar, pasibaigus karantinui. Nuotolinis bendravimas n\u0117ra parankus k\u016brybos\ndarbams, bet palengvina ir racionalizuoja technini\u0173 klausim\u0173 sprendimus. Gal \u0161i\ntradicija nat\u016braliai i\u0161liks, nes ji tikrai turi ir nema\u017eai privalum\u0173, gali b\u016bti\nnaudojama kaip prasminga alternatyva.<\/p>\n\n\n\n<p><strong>Kartais architektai nesiima darb\u0173 u\u017esienyje, nes\nmato, kad nesant galimybi\u0173 aplankyti teritorij\u0105, nepajau\u010diant konteksto\nprojektuoti \u017eymiai sunkiau. Ar \u0161iuo metu vykdote projekt\u0173 u\u017esienyje? Jei taip,\nar ka\u017ekaip pasikeit\u0117 darbo specifika dabar, kai keliauti yra itin sud\u0117tinga?<\/strong><\/p>\n\n\n\n<p>\u0160iuo metu projekt\u0173, realizuojam\u0173 u\u017esienyje, neturime, ta\u010diau d\u0117l\npotenciali\u0173 tokio darbo galimybi\u0173 pokalbiai ir susira\u0161in\u0117jimai tebevyksta\nelektronini\u0173 priemoni\u0173 pagalba. Ateitis parodys, kokios susiklostys gyvenimo\naplinkyb\u0117s, pagal tai ir bus sudaromas veiksm\u0173 planas. \u017dinoma, kelion\u0117s\npasidar\u0117 sud\u0117tingesn\u0117s, svarstant tarptautinio bendradarbiavimo galimybes, \u012f\ntai negalima neatsi\u017evelgti.<\/p>\n\n\n\n<p>Kita vertus, mes ir anks\u010diau esame tur\u0117j\u0119 ilgo atstumo bendradarbiavim\u0173.\nPavyzd\u017eiui, dabar vyksta Agilos centro Nidoje statybos, ten mes dirbame kartu\nsu klaip\u0117die\u010diais, nes visgi fizi\u0161kai b\u016bti \u0161alia yra svarbu &#8211; \u012f Nid\u0105 i\u0161\nVilniaus nepriva\u017ein\u0117si, dar iki karantino tai buvo nat\u016bralus nuotolinis\nbendradarbiavimas. Taip pat jau nuo pat studijos \u012fk\u016brimo turime glaud\u0173 ry\u0161\u012f su\nSuomija, kur b\u016bdamas jaunas architektas praleidau daugiau nei metus, dirbau ir\nmokiausi i\u0161 suomi\u0173. O, pavyzd\u017eiui, statant VU Gyvyb\u0117s moksl\u0173 centr\u0105\nbendradarbiauta su vokie\u010di\u0173 konstruktoriais.<\/p>\n\n\n\n<p><strong>Ar jau\u010diate poky\u010di\u0173&nbsp;statyb\u0173 srityje? Galb\u016bt\nsuma\u017e\u0117jo\/ padaug\u0117jo u\u017esakym\u0173? Gal jau\u010diasi tam tikros tipologijos statyb\u0173\nstagnacija ar atvirk\u0161\u010diai \u2013 i\u0161augimas?<\/strong><\/p>\n\n\n\n<p>Poky\u010dius statyb\u0173\nsrityje jau\u010diame labai ry\u0161kiai, nors projektavimo srityje tai, bent jau m\u016bs\u0173\natveju, kol kas atsispind\u0117jo tik dalinai. Daugyb\u0117 didesn\u0117s apimties objekt\u0173\n(daugiausiai &#8211; administracin\u0117s paskirties), kuriems dar iki pandemijos prad\u017eios\nbuvo gauti statyb\u0173 leidimai, yra sustabdyti net neprad\u0117jus realizacijos,\nnerengiami ir j\u0173 darbo projektai. Dar n\u0117 vienas u\u017esakovas neatsisak\u0117 savo plan\u0173\njuos realizuoti, tiesiog atid\u0117jo v\u0117lesniam laikui, kur\u012f, be abejo, padiktuos bendrosios\npasaulin\u0117s ekonomikos tendencijos.<\/p>\n\n\n\n<p>Gyvenamosios paskirties objektai prad\u0117ti statyti net ir \u0161io periodo\nmetu, matyt, racionaliai vertinant potencialiai galimus ma\u017eesnius statyb\u0173\nka\u0161tus. Sveikatos apsaugos reikalavim\u0173 keliami poky\u010diai galimai paveiks\nvisuomenin\u0117s, \u017ei\u016brovin\u0117s, administracin\u0117s, mokymo paskirties objekt\u0173 tipologij\u0105\n(tai &#8211; nauja, aktuali sfera moksliniams tyrimams), ta\u010diau gyvenamasis b\u016bstas i\u0161\nesm\u0117s visada i\u0161liks aktualus.<\/p>\n\n\n\n<p>Objektai, kurie jau buvo anks\u010diau prad\u0117ti statyti ar bent projektuoti,\nteb\u0117ra t\u0119siami. Atsiranda ir nauji projektavimo darb\u0173 u\u017esakymai, jau\u010diamas\nkonkursin\u0117s veiklos pagyv\u0117jimas. Objektyviai kalbant, \u0161i kriz\u0117, kol kas,\nprojektavimo srities rink\u0105 paveik\u0117 skirtingai, negu tai vyko 2007 met\u0173\nfinansin\u0117s katastrofos metu. \u017dinoma, sunku prognozuoti situacijos dinamik\u0105, nes\n\u0161iuo atveju, sprend\u017eiamos ne tik finansin\u0117s, kaip vyko tuomet, bet ir sveikatos\nproblemos. O tai yra \u017eymiai sud\u0117tingesni, sunkiai prognozuojami klausimai.<\/p>\n\n\n\n<p><strong>Ar d\u0117l pandemijos architekt\u016bra ka\u017ekaip\npasikeit\u0117? Kaip manote, ar tie poky\u010diai ilgalaikiai?<\/strong><\/p>\n\n\n\n<p>Nemanau, kad \u0161io laikotarpio aktualijos esmingai atsispind\u0117s menin\u0117je\narchitekt\u016bros k\u016brybos rai\u0161koje. Ji, kaip ir anks\u010diau, i\u0161liks subjektyvaus\npasaulio suvokimo individualiu atspind\u017eiu, nebent tai \u012fkv\u0117ps nauj\u0173 id\u0117j\u0173,\natsiras netik\u0117t\u0173 autorini\u0173 inspiracij\u0173. Kita vertus, gali keistis (ir tai jau\ndalinai vyksta), pastat\u0173 tipologijos interpretacijos, j\u0173 vidaus planavimo\nprincipai. \u0160iuo metu u\u017esakov\u0173 formuluojamose u\u017eduotyse vis da\u017eniau skamba\nsveikatos apsaugos sferas tiesiogiai lie\u010diantys klausimai. Vienu atveju,\npra\u0161oma ry\u0161kiai didinti atskiros darbo vietos plotus, kitu &#8211; aktualizuojami\nbald\u0173 i\u0161d\u0117stymo klausimai. Vis da\u017eniau ma\u017einama atviro plano darbo viet\u0173,\npatalpos planuojamos universaliau, numatant galimyb\u0119, esant poreikiui,\nnesunkiai suformuoti atskirus darbo kabinetus ir pana\u0161iai. Rimtai\naktualizuojamas patalp\u0173 klimato komfortas, oro apykaita, valymas ir kiti,\ntiesiogiai su \u012fvairiausi\u0173 u\u017ekrat\u0173 plitimo prevencija susij\u0119 projektavimo\nklausimai.<\/p>\n\n\n\n<p>Man asmeni\u0161kai atrodo, kad dar nepakankamai vertinami civilin\u0117s saugos\nklausimai, kurie buvo gana reik\u0161mingi netolimoje praeityje. Ekonominis\npragmatizmas, \u012f antr\u0105 plan\u0105 nust\u016bm\u0119s atskiro individo reik\u0161m\u0119, perd\u0117tai\nsureik\u0161mino objekt\u0173 tiesiogin\u0119 finansin\u0119 naud\u0105. Naikinant tuomet pastatytas,\ngal ir nepakankamai technologi\u0161kai \u012frengtas, nepri\u017ei\u016br\u0117tas sl\u0117ptuves,\npasikeitus sklyp\u0173 savininkams, visuomen\u0117 neju\u010diomis paliekama pavojuje. \u0160alia\npandemijos infekcin\u0117s gr\u0117sm\u0117s vis\u0105 laik\u0105 tebeegzistuoja b\u016btinosios ginties,\natominio u\u017eter\u0161tumo ir pana\u0161\u016bs pavojai. Jie pastaruoju metu tik did\u0117ja, apie\ntai daug kalbama. Skandinavijos \u0161alyse tai nuosekliai sprend\u017eiama statomuose\nobjektuose privalomai \u012frengiant specialias sl\u0117ptuvi\u0173 patalpas, galin\u010dias\nreik\u0161mingai prisid\u0117ti prie visuomen\u0117s saugos kritiniais atvejais. Table\u010di\u0173\ndalybos yra svarbios, ta\u010diau jos toli gra\u017eu nei\u0161spr\u0119st\u0173 potencialiai galim\u0173\nrimt\u0173 avarij\u0173 sukelt\u0173 fatali\u0161k\u0173 padarini\u0173. Juk m\u016bs\u0173 karta tai jau patyrusi\n\u010cernobylio atveju. Intuicija sako, kad \u0161ie klausimai i\u0161liks aktual\u016bs dar ilgai.\nVokietija i\u0161k\u0117l\u0117 inciatyv\u0105 ir deda visas pastangas artimiausiu metu visai\natsisakyti atomin\u0117s energetikos, o m\u016bs\u0173 pa\u0161on\u0117je, dar tik atidaroma tradicini\u0173\ntechnologij\u0173 branduolin\u0117 j\u0117gain\u0117, kurios iniciatori\u0173 veiksmai kol kas yra\nneprognozuojami. Civilizacijos raida vyksta kylan\u010dia spirale, tai yra\nnegr\u012f\u017etamas procesas. Nuolat i\u0161kylan\u010dios aktualijos ne paneigia viena kitas,\nbet sluoksniuojasi, formuodamos vis naujus i\u0161\u0161\u016bkius. <\/p>\n\n\n\n<p><strong>O kaip d\u0117l klimato kaitos &#8211; kas kei\u010diasi\narchitekt\u016broje, kaip kei\u010diat\u0117s j\u016bs?<\/strong><\/p>\n\n\n\n<p>\u0160ie klausimai tikrai daro reik\u0161ming\u0105 \u012ftak\u0105 \u0161i\u0173 dien\u0173 architekt\u016bros ir\nstatybos sprendiniams. Pastat\u0173 energetinio efektyvumo vertinimas tapo\nneatsiejama projektavimo proceso sud\u0117tine dalimi. Tai negali neatsispind\u0117ti\nt\u016bri\u0173, fasad\u0173 i\u0161rai\u0161kos sprendimuose. Skai\u010diuojami ir vertinami ne tik b\u016bsimai\neksploatacijai reikalingos energijos poreikiai. Labai svarbiu pasirinkimo\nkriterijumi tapo pertvar\u0173 \u0161ilumos var\u017ea. \u0160ie reikalavimai betarpi\u0161kai veikia\nb\u016bsim\u0173 \u012fstiklinim\u0173 plotus, kiekius, konkre\u010di\u0173 sistem\u0173 b\u016bsimo technologinio\nlygmens galimybes. \u0160iuolaikin\u0117 projektavimo u\u017eduo\u010di\u0173 juridin\u0117 baz\u0117 jau savaime\ni\u0161kelia s\u0105lygas, reikalaujan\u010dias privalomai ma\u017einanti \u0161ilumos emisijas,\ngerinant patalp\u0173 klimat\u0105 ir darbo s\u0105lygas. Tobul\u0117ja ir nauj\u0173 gamini\u0173 kokyb\u0117,\nple\u010diasi statybini\u0173 med\u017eiag\u0173 pasirinkimo skal\u0117, jos tampa ekonomi\u0161kesn\u0117mis,\nefektyvesn\u0117mis. Veikiant konkurencijos d\u0117sniams, rinkoje atsiranda vis\nracionalesni\u0173 sprendim\u0173 taikymo galimyb\u0117s.<\/p>\n\n\n\n<p>Atskira, plati tema \u2013 energijos resurs\u0173 naudojimo klausimai. Siekiant\n\u012fvairi\u0173 tarptautin\u012f objekt\u0173 pripa\u017einim\u0105 liudijan\u010di\u0173 sertifikat\u0173, privalomai\ntaikomi atsinaujinan\u010dios energijos \u0161altiniai, vis pla\u010diau integruojamos saul\u0117s\nelement\u0173 sistemos ir pan. Sprend\u017eiami lietaus, geriamo vandens nuotek\u0173 antrinio\npanaudojimo, \u0161iuk\u0161li\u0173 r\u016b\u0161iavimo klausimai. Judumo galimyb\u0117s, alternatyvaus\ntransporto priemon\u0117s jau tapo \u012fprastomis projektavimo aktualijomis. Naujov\u0117s \u012f\nkasdienyb\u0119 ateina sunkiai, da\u017enai j\u0173 diegimas kainuoja dar daugiau nei \u012fprasti,\ntradiciniai sprendimai. Ambicingiems tikslams pasiekti reikalingos valstybin\u0117s\ndotacijos, paremtos politiniais sprendimais, ta\u010diau gyvenimo realijos\nnuosekliai ver\u010dia tai daryti. Norint i\u0161likti rinkoje, neatsilikti nuo gyvenimo\ntempo, privalu keistis ir patiems specialistams, tiesiogiai sprend\u017eiantiems\n\u0161iuos klausimus. Tiesiog n\u0117ra kito pasirinkimo, tai vyksta nat\u016braliai ir\nnuosekliai, bet nei\u0161vengiamai.<\/p>\n\n\n\n<style id=\"bwg-style-0\">    #bwg_container1_0 #bwg_container2_0 .bwg-container-0.bwg-standard-thumbnails {      width: 544px;              justify-content: center;        margin:0 auto !important;              background-color: rgba(255, 255, 255, 0.00);            padding-left: 4px;      padding-top: 4px;      max-width: 100%;            }        #bwg_container1_0 #bwg_container2_0 .bwg-container-0.bwg-standard-thumbnails .bwg-item {      justify-content: flex-start;      max-width: 180px;            width: 180px !important;          }    #bwg_container1_0 #bwg_container2_0 .bwg-container-0.bwg-standard-thumbnails .bwg-item > a {       margin-right: 4px;       margin-bottom: 4px;    }    #bwg_container1_0 #bwg_container2_0 .bwg-container-0.bwg-standard-thumbnails .bwg-item0 {      padding: 0px;            background-color:rgba(255,255,255, 0.30);      border: 0px none #CCCCCC;      opacity: 1.00;      border-radius: 0;      box-shadow: 0px 0px 0px #888888;    }    #bwg_container1_0 #bwg_container2_0 .bwg-container-0.bwg-standard-thumbnails .bwg-item1 img {      max-height: none;      max-width: none;      padding: 0 !important;    }        @media only screen and (min-width: 480px) {      #bwg_container1_0 #bwg_container2_0 .bwg-container-0.bwg-standard-thumbnails .bwg-item0 {        transition: all 0.3s ease 0s;-webkit-transition: all 0.3s ease 0s;      }      #bwg_container1_0 #bwg_container2_0 .bwg-container-0.bwg-standard-thumbnails .bwg-item0:hover {        -ms-transform: scale(1.1);        -webkit-transform: scale(1.1);        transform: scale(1.1);      }    }          #bwg_container1_0 #bwg_container2_0 .bwg-container-0.bwg-standard-thumbnails .bwg-item1 {      padding-top: 50%;    }        #bwg_container1_0 #bwg_container2_0 .bwg-container-0.bwg-standard-thumbnails .bwg-title2,    #bwg_container1_0 #bwg_container2_0 .bwg-container-0.bwg-standard-thumbnails .bwg-ecommerce2 {      color: #CCCCCC;      font-family: segoe ui;      font-size: 16px;      font-weight: bold;      padding: 2px;      text-shadow: 0px 0px 0px #888888;      max-height: 100%;    }    #bwg_container1_0 #bwg_container2_0 .bwg-container-0.bwg-standard-thumbnails .bwg-thumb-description span {    color: #323A45;    font-family: Ubuntu;    font-size: 12px;    max-height: 100%;    word-wrap: break-word;    }    #bwg_container1_0 #bwg_container2_0 .bwg-container-0.bwg-standard-thumbnails .bwg-play-icon2 {      font-size: 32px;    }    #bwg_container1_0 #bwg_container2_0 .bwg-container-0.bwg-standard-thumbnails .bwg-ecommerce2 {      font-size: 19.2px;      color: #CCCCCC;    }    <\/style>    <div id=\"bwg_container1_0\"         class=\"bwg_container bwg_thumbnail bwg_thumbnails\"         data-right-click-protection=\"1\"         data-bwg=\"0\"         data-current-url=\"https:\/\/archiforma.lt\/index.php?rest_route=%2Fwp%2Fv2%2Fposts%2F2936\"         data-lightbox-url=\"https:\/\/archiforma.lt\/wp-admin\/admin-ajax.php?action=GalleryBox&current_view=0&gallery_id=80&tag=0&theme_id=1&shortcode_id=155&sort_by=order&order_by=asc&current_url=https%3A%2F%2Farchiforma.lt%2Findex.php%3Frest_route%3D%252Fwp%252Fv2%252Fposts%252F2936\"         data-gallery-id=\"80\"         data-popup-width=\"800\"         data-popup-height=\"500\"         data-buttons-position=\"bottom\">      <div id=\"bwg_container2_0\">             <div id=\"ajax_loading_0\" class=\"bwg_loading_div_1\">      <div class=\"bwg_loading_div_2\">        <div class=\"bwg_loading_div_3\">          <div id=\"loading_div_0\" class=\"bwg_spider_ajax_loading\">          <\/div>        <\/div>      <\/div>    <\/div>            <form id=\"gal_front_form_0\"              class=\"bwg-hidden\"              method=\"post\"              action=\"#\"              data-current=\"0\"              data-shortcode-id=\"155\"              data-gallery-type=\"thumbnails\"              data-gallery-id=\"80\"              data-tag=\"0\"              data-album-id=\"0\"              data-theme-id=\"1\"              data-ajax-url=\"https:\/\/archiforma.lt\/wp-admin\/admin-ajax.php?action=bwg_frontend_data\">          <div id=\"bwg_container3_0\" class=\"bwg-background bwg-background-0\">                <div data-max-count=\"3\"         data-thumbnail-width=\"180\"         data-bwg=\"0\"         data-gallery-id=\"80\"         data-lightbox-url=\"https:\/\/archiforma.lt\/wp-admin\/admin-ajax.php?action=GalleryBox&current_view=0&gallery_id=80&tag=0&theme_id=1&shortcode_id=155&sort_by=order&order_by=asc&current_url=https%3A%2F%2Farchiforma.lt%2Findex.php%3Frest_route%3D%252Fwp%252Fv2%252Fposts%252F2936\"         id=\"bwg_thumbnails_0\"         class=\"bwg-container-0 bwg-thumbnails bwg-standard-thumbnails bwg-container bwg-border-box\">            <div class=\"bwg-item\">        <a class=\"bwg-a bwg_lightbox\"  data-image-id=\"1147\" href=\"https:\/\/archiforma.lt\/wp-content\/uploads\/photo-gallery\/foto_Ri\u010dardas_\u010cerbul\u0117nas.jpg?bwg=1601566326\">                <div class=\"bwg-item0 \">          <div class=\"bwg-item1 \">            <div class=\"bwg-item2\">              <img decoding=\"async\" class=\"skip-lazy bwg_standart_thumb_img_0 \"                   data-id=\"1147\"                   data-width=\"\"                   data-height=\"\"                   data-original=\"https:\/\/archiforma.lt\/wp-content\/uploads\/photo-gallery\/thumb\/foto_Ri\u010dardas_\u010cerbul\u0117nas.jpg?bwg=1601566326\"                   src=\"https:\/\/archiforma.lt\/wp-content\/uploads\/photo-gallery\/thumb\/foto_Ri\u010dardas_\u010cerbul\u0117nas.jpg?bwg=1601566326\"                   alt=\"foto Ri\u010dardas \u010cerbul\u0117nas\" \/>            <\/div>            <div class=\"\">                                                      <\/div>          <\/div>        <\/div>                                <\/a>      <\/div>            <div class=\"bwg-item\">        <a class=\"bwg-a bwg_lightbox\"  data-image-id=\"1154\" href=\"https:\/\/archiforma.lt\/wp-content\/uploads\/photo-gallery\/5MB_11-ArchitekturosLinija-Paupys-\u00a9Norbert_Tukaj-0177.jpg?bwg=1601566326\">                <div class=\"bwg-item0 \">          <div class=\"bwg-item1 \">            <div class=\"bwg-item2\">              <img decoding=\"async\" class=\"skip-lazy bwg_standart_thumb_img_0 \"                   data-id=\"1154\"                   data-width=\"\"                   data-height=\"\"                   data-original=\"https:\/\/archiforma.lt\/wp-content\/uploads\/photo-gallery\/thumb\/5MB_11-ArchitekturosLinija-Paupys-\u00a9Norbert_Tukaj-0177.jpg?bwg=1601566326\"                   src=\"https:\/\/archiforma.lt\/wp-content\/uploads\/photo-gallery\/thumb\/5MB_11-ArchitekturosLinija-Paupys-\u00a9Norbert_Tukaj-0177.jpg?bwg=1601566326\"                   alt=\"5MB 11-ArchitekturosLinija-Paupys-\u00a9Norbert Tukaj-0177\" \/>            <\/div>            <div class=\"\">                                                      <\/div>          <\/div>        <\/div>                                <\/a>      <\/div>            <div class=\"bwg-item\">        <a class=\"bwg-a bwg_lightbox\"  data-image-id=\"1153\" href=\"https:\/\/archiforma.lt\/wp-content\/uploads\/photo-gallery\/06-ArchitekturosLinija-Paupys-\u00a9Norbert_Tukaj-0071.jpg?bwg=1601566326\">                <div class=\"bwg-item0 \">          <div class=\"bwg-item1 \">            <div class=\"bwg-item2\">              <img decoding=\"async\" class=\"skip-lazy bwg_standart_thumb_img_0 \"                   data-id=\"1153\"                   data-width=\"\"                   data-height=\"\"                   data-original=\"https:\/\/archiforma.lt\/wp-content\/uploads\/photo-gallery\/thumb\/06-ArchitekturosLinija-Paupys-\u00a9Norbert_Tukaj-0071.jpg?bwg=1601566326\"                   src=\"https:\/\/archiforma.lt\/wp-content\/uploads\/photo-gallery\/thumb\/06-ArchitekturosLinija-Paupys-\u00a9Norbert_Tukaj-0071.jpg?bwg=1601566326\"                   alt=\"06-ArchitekturosLinija-Paupys-\u00a9Norbert Tukaj-0071\" \/>            <\/div>            <div class=\"\">                                                      <\/div>          <\/div>        <\/div>                                <\/a>      <\/div>            <div class=\"bwg-item\">        <a class=\"bwg-a bwg_lightbox\"  data-image-id=\"1152\" href=\"https:\/\/archiforma.lt\/wp-content\/uploads\/photo-gallery\/03-ArchitekturosLinija-Paupys-\u00a9Norbert_Tukaj-0753.jpg?bwg=1601566326\">                <div class=\"bwg-item0 \">          <div class=\"bwg-item1 \">            <div class=\"bwg-item2\">              <img decoding=\"async\" class=\"skip-lazy bwg_standart_thumb_img_0 \"                   data-id=\"1152\"                   data-width=\"\"                   data-height=\"\"                   data-original=\"https:\/\/archiforma.lt\/wp-content\/uploads\/photo-gallery\/thumb\/03-ArchitekturosLinija-Paupys-\u00a9Norbert_Tukaj-0753.jpg?bwg=1601566326\"                   src=\"https:\/\/archiforma.lt\/wp-content\/uploads\/photo-gallery\/thumb\/03-ArchitekturosLinija-Paupys-\u00a9Norbert_Tukaj-0753.jpg?bwg=1601566326\"                   alt=\"03-ArchitekturosLinija-Paupys-\u00a9Norbert Tukaj-0753\" \/>            <\/div>            <div class=\"\">                                                      <\/div>          <\/div>        <\/div>                                <\/a>      <\/div>            <div class=\"bwg-item\">        <a class=\"bwg-a bwg_lightbox\"  data-image-id=\"1151\" href=\"https:\/\/archiforma.lt\/wp-content\/uploads\/photo-gallery\/02-ArchitekturosLinija-Paupys-\u00a9Norbert_Tukaj-0043.jpg?bwg=1601566326\">                <div class=\"bwg-item0 \">          <div class=\"bwg-item1 \">            <div class=\"bwg-item2\">              <img decoding=\"async\" class=\"skip-lazy bwg_standart_thumb_img_0 \"                   data-id=\"1151\"                   data-width=\"\"                   data-height=\"\"                   data-original=\"https:\/\/archiforma.lt\/wp-content\/uploads\/photo-gallery\/thumb\/02-ArchitekturosLinija-Paupys-\u00a9Norbert_Tukaj-0043.jpg?bwg=1601566326\"                   src=\"https:\/\/archiforma.lt\/wp-content\/uploads\/photo-gallery\/thumb\/02-ArchitekturosLinija-Paupys-\u00a9Norbert_Tukaj-0043.jpg?bwg=1601566326\"                   alt=\"02-ArchitekturosLinija-Paupys-\u00a9Norbert Tukaj-0043\" \/>            <\/div>            <div class=\"\">                                                      <\/div>          <\/div>        <\/div>                                <\/a>      <\/div>            <div class=\"bwg-item\">        <a class=\"bwg-a bwg_lightbox\"  data-image-id=\"1150\" href=\"https:\/\/archiforma.lt\/wp-content\/uploads\/photo-gallery\/01-ArchitekturosLinija-Paupys-\u00a9Norbert_Tukaj-0355.jpg?bwg=1601566326\">                <div class=\"bwg-item0 \">          <div class=\"bwg-item1 \">            <div class=\"bwg-item2\">              <img decoding=\"async\" class=\"skip-lazy bwg_standart_thumb_img_0 \"                   data-id=\"1150\"                   data-width=\"\"                   data-height=\"\"                   data-original=\"https:\/\/archiforma.lt\/wp-content\/uploads\/photo-gallery\/thumb\/01-ArchitekturosLinija-Paupys-\u00a9Norbert_Tukaj-0355.jpg?bwg=1601566326\"                   src=\"https:\/\/archiforma.lt\/wp-content\/uploads\/photo-gallery\/thumb\/01-ArchitekturosLinija-Paupys-\u00a9Norbert_Tukaj-0355.jpg?bwg=1601566326\"                   alt=\"01-ArchitekturosLinija-Paupys-\u00a9Norbert Tukaj-0355\" \/>            <\/div>            <div class=\"\">                                                      <\/div>          <\/div>        <\/div>                                <\/a>      <\/div>            <div class=\"bwg-item\">        <a class=\"bwg-a bwg_lightbox\"  data-image-id=\"1149\" href=\"https:\/\/archiforma.lt\/wp-content\/uploads\/photo-gallery\/23-ArchitekturosLinija-Paupys-\u00a9Norbert_Tukaj-0539.jpg?bwg=1601566326\">                <div class=\"bwg-item0 \">          <div class=\"bwg-item1 \">            <div class=\"bwg-item2\">              <img decoding=\"async\" class=\"skip-lazy bwg_standart_thumb_img_0 \"                   data-id=\"1149\"                   data-width=\"\"                   data-height=\"\"                   data-original=\"https:\/\/archiforma.lt\/wp-content\/uploads\/photo-gallery\/thumb\/23-ArchitekturosLinija-Paupys-\u00a9Norbert_Tukaj-0539.jpg?bwg=1601566326\"                   src=\"https:\/\/archiforma.lt\/wp-content\/uploads\/photo-gallery\/thumb\/23-ArchitekturosLinija-Paupys-\u00a9Norbert_Tukaj-0539.jpg?bwg=1601566326\"                   alt=\"23-ArchitekturosLinija-Paupys-\u00a9Norbert Tukaj-0539\" \/>            <\/div>            <div class=\"\">                                                      <\/div>          <\/div>        <\/div>                                <\/a>      <\/div>            <div class=\"bwg-item\">        <a class=\"bwg-a bwg_lightbox\"  data-image-id=\"1148\" href=\"https:\/\/archiforma.lt\/wp-content\/uploads\/photo-gallery\/20-ArchitekturosLinija-Paupys-\u00a9Norbert_Tukaj-0725.jpg?bwg=1601566326\">                <div class=\"bwg-item0 \">          <div class=\"bwg-item1 \">            <div class=\"bwg-item2\">              <img decoding=\"async\" class=\"skip-lazy bwg_standart_thumb_img_0 \"                   data-id=\"1148\"                   data-width=\"\"                   data-height=\"\"                   data-original=\"https:\/\/archiforma.lt\/wp-content\/uploads\/photo-gallery\/thumb\/20-ArchitekturosLinija-Paupys-\u00a9Norbert_Tukaj-0725.jpg?bwg=1601566326\"                   src=\"https:\/\/archiforma.lt\/wp-content\/uploads\/photo-gallery\/thumb\/20-ArchitekturosLinija-Paupys-\u00a9Norbert_Tukaj-0725.jpg?bwg=1601566326\"                   alt=\"20-ArchitekturosLinija-Paupys-\u00a9Norbert Tukaj-0725\" \/>            <\/div>            <div class=\"\">                                                      <\/div>          <\/div>        <\/div>                                <\/a>      <\/div>          <\/div>    <style>      \/*pagination styles*\/      #bwg_container1_0 #bwg_container2_0 .tablenav-pages_0 {      text-align: center;      font-size: 12px;      font-family: segoe ui;      font-weight: bold;      color: #666666;      margin: 6px 0 4px;      display: block;      height: 30px;      line-height: 30px;      }      @media only screen and (max-width : 320px) {      #bwg_container1_0 #bwg_container2_0 .displaying-num_0 {      display: none;      }      }      #bwg_container1_0 #bwg_container2_0 .displaying-num_0 {      font-size: 12px;      font-family: segoe ui;      font-weight: bold;      color: #666666;      margin-right: 10px;      vertical-align: middle;      }      #bwg_container1_0 #bwg_container2_0 .paging-input_0 {      font-size: 12px;      font-family: segoe ui;      font-weight: bold;      color: #666666;      vertical-align: middle;      }      #bwg_container1_0 #bwg_container2_0 .tablenav-pages_0 a.disabled,      #bwg_container1_0 #bwg_container2_0 .tablenav-pages_0 a.disabled:hover,      #bwg_container1_0 #bwg_container2_0 .tablenav-pages_0 a.disabled:focus {      cursor: default;      color: rgba(102, 102, 102, 0.5);      }      #bwg_container1_0 #bwg_container2_0 .tablenav-pages_0 a {      cursor: pointer;      font-size: 12px;      font-family: segoe ui;      font-weight: bold;      color: #666666;      text-decoration: none;      padding: 3px 6px;      margin: 0;      border-radius: 0;      border-style: solid;      border-width: 1px;      border-color: #E3E3E3;      background-color: #FFFFFF;      opacity: 1.00;      box-shadow: 0;      transition: all 0.3s ease 0s;-webkit-transition: all 0.3s ease 0s;      }      <\/style>      <span class=\"bwg_nav_cont_0\">              <div class=\"tablenav-pages_0\">                  <\/div>                <input type=\"hidden\" id=\"page_number_0\" name=\"page_number_0\" value=\"1\" \/>      <script type=\"text\/javascript\">        function spider_page_0(cur, x, y, load_more) {          if (typeof load_more == \"undefined\") {            var load_more = false;          }          if (jQuery(cur).hasClass('disabled')) {            return false;          }          var items_county_0 = 1;          switch (y) {            case 1:              if (x >= items_county_0) {                document.getElementById('page_number_0').value = items_county_0;              }              else {                document.getElementById('page_number_0').value = x + 1;              }              break;            case 2:              document.getElementById('page_number_0').value = items_county_0;              break;            case -1:              if (x == 1) {                document.getElementById('page_number_0').value = 1;              }              else {                document.getElementById('page_number_0').value = x - 1;              }              break;            case -2:              document.getElementById('page_number_0').value = 1;              break;            default:              document.getElementById('page_number_0').value = 1;          }          bwg_ajax('gal_front_form_0', '0', 'bwg_thumbnails_0', '0', '', '', 0, '', '', load_more, '', 1);        }                    jQuery('.first-page-0').on('click', function () {              spider_page_0(this, 1, -2, 'numeric');              return false;            });            jQuery('.prev-page-0').on('click', function () {              spider_page_0(this, 1, -1, 'numeric');              return false;            });            jQuery('.next-page-0').on('click', function () {              spider_page_0(this, 1, 1, 'numeric');              return false;            });            jQuery('.last-page-0').on('click', function () {              spider_page_0(this, 1, 2, 'numeric');              return false;            });                jQuery('.bwg_load_btn_0').on('click', function () {            spider_page_0(this, 1, 1, true);            return false;        });      <\/script>      <\/span>                <\/div>        <\/form>          <style>          #bwg_container1_0 #bwg_container2_0 #spider_popup_overlay_0 {          background-color: #000000;          opacity: 0.70;          }          <\/style>        <div id=\"bwg_spider_popup_loading_0\" class=\"bwg_spider_popup_loading\"><\/div>        <div id=\"spider_popup_overlay_0\" class=\"spider_popup_overlay\" onclick=\"spider_destroypopup(1000)\"><\/div>        <input type=\"hidden\" id=\"bwg_random_seed_0\" value=\"1737906958\">                <\/div>    <\/div>    <script>      jQuery(function() {        bwg_main_ready();      });    <\/script>    \n","protected":false},"excerpt":{"rendered":"<p>Kalbiname architekt\u0105, VGTU Architekt\u016bros fakulteto profesori\u0173 Gintar\u0105 \u010caikausk\u0105. Autor\u0117: Elena Paleckyt\u0117Fotografai: Ri\u010dardas \u010cerbul\u0117nas, Norbert TukajStraipsnio r\u0117m\u0117jas: Lietuvos kult\u016bros ministerija<\/p>\n","protected":false},"author":2,"featured_media":0,"comment_status":"open","ping_status":"open","sticky":false,"template":"","format":"standard","meta":{"footnotes":""},"categories":[23,49,4,32],"tags":[],"views":15,"_links":{"self":[{"href":"https:\/\/archiforma.lt\/index.php?rest_route=\/wp\/v2\/posts\/2936"}],"collection":[{"href":"https:\/\/archiforma.lt\/index.php?rest_route=\/wp\/v2\/posts"}],"about":[{"href":"https:\/\/archiforma.lt\/index.php?rest_route=\/wp\/v2\/types\/post"}],"author":[{"embeddable":true,"href":"https:\/\/archiforma.lt\/index.php?rest_route=\/wp\/v2\/users\/2"}],"replies":[{"embeddable":true,"href":"https:\/\/archiforma.lt\/index.php?rest_route=%2Fwp%2Fv2%2Fcomments&post=2936"}],"version-history":[{"count":1,"href":"https:\/\/archiforma.lt\/index.php?rest_route=\/wp\/v2\/posts\/2936\/revisions"}],"predecessor-version":[{"id":2937,"href":"https:\/\/archiforma.lt\/index.php?rest_route=\/wp\/v2\/posts\/2936\/revisions\/2937"}],"wp:attachment":[{"href":"https:\/\/archiforma.lt\/index.php?rest_route=%2Fwp%2Fv2%2Fmedia&parent=2936"}],"wp:term":[{"taxonomy":"category","embeddable":true,"href":"https:\/\/archiforma.lt\/index.php?rest_route=%2Fwp%2Fv2%2Fcategories&post=2936"},{"taxonomy":"post_tag","embeddable":true,"href":"https:\/\/archiforma.lt\/index.php?rest_route=%2Fwp%2Fv2%2Ftags&post=2936"}],"curies":[{"name":"wp","href":"https:\/\/api.w.org\/{rel}","templated":true}]}}