{"id":2909,"date":"2020-09-29T16:43:26","date_gmt":"2020-09-29T14:43:26","guid":{"rendered":"http:\/\/archiforma.lt\/?p=2909"},"modified":"2020-09-29T16:43:27","modified_gmt":"2020-09-29T14:43:27","slug":"naujas-archiforma-zurnalas-2020-1-2","status":"publish","type":"post","link":"https:\/\/archiforma.lt\/?p=2909","title":{"rendered":"Naujas \u201eArchiforma&#8221; \u017eurnalas 2020 1\/2"},"content":{"rendered":"\n<figure class=\"wp-block-image\"><img loading=\"lazy\" decoding=\"async\" width=\"1024\" height=\"722\" src=\"http:\/\/archiforma.lt\/wp-content\/uploads\/2020\/09\/DSC_1152-Edit-1024x722.jpg\" alt=\"\" class=\"wp-image-2911\" srcset=\"https:\/\/archiforma.lt\/wp-content\/uploads\/2020\/09\/DSC_1152-Edit-1024x722.jpg 1024w, https:\/\/archiforma.lt\/wp-content\/uploads\/2020\/09\/DSC_1152-Edit-300x212.jpg 300w, https:\/\/archiforma.lt\/wp-content\/uploads\/2020\/09\/DSC_1152-Edit-768x542.jpg 768w\" sizes=\"(max-width: 1024px) 100vw, 1024px\" \/><\/figure>\n\n\n\n<p>\u0160i\u0173 met\u0173 \u017eurnalo tema \u2013 modernusis paveldas. Tai vis pla\u010diau nagrin\u0117jama tema, kuria diskutuojama ne vienus metus.  Modernusis paveldas \u2013 provokuojanti tema, kelianti gana svarb\u0173 klausim\u0105: kas yra paveldas ir ar modern\u016bs pastatai patenka \u012f \u0161\u012f apibr\u0117\u017eim\u0105? Iki \u0161iol galiojusi taisykl\u0117, jog paveldu gali tapti senesni nei 50-ies met\u0173 objektai, n\u0117ra iki galo apibr\u0117\u017eta ir i\u0161vystyta. Da\u017enai pastatai, kurie tikrai yra vertingi, ta\u010diau jiems nesuteikta apsauga, tampa apleisti, nepri\u017ei\u016br\u0117ti, o galiausiai nugriaunami taip ir nesulaukus 50-ties met\u0173. Pasitelk\u0119 straipsni\u0173 cikl\u0105 nagrin\u0117sime verting\u0105sias savyb\u0117s, kuriomis apibr\u0117\u017eiami modern\u016bs ir vertingi pastatai, j\u0173 i\u0161skirtinumas. <\/p>\n\n\n\n<!--more-->\n\n\n\n<p>Galb\u016bt analizuojant ir senesnius objektus b\u016bt\u0173 galima i\u0161skirti, ar seni objektai \u012f kult\u016bros paveldo registr\u0105 patenka tik d\u0117l am\u017eiaus, ar ir d\u0117l savo i\u0161skirtinumo. \u012e \u0161i\u0105 srit\u012f vis labiau pradeda gilintis ir pati Kult\u016bros ministerija, sugrie\u017etinusi ekspert\u0173 ir vertintoj\u0173 atrank\u0105. \u0160ia tema siekiama kelti diskusij\u0105 ir tarpdisciplininiu lygmeniu, klausiant, ar tai, kas sena, i\u0161ties yra vertinga ir, atvirk\u0161\u010diai \u2013 ar visi nauji (nesiekiantys 50 met\u0173 ribos) pastatai neturi jokios i\u0161liekamosios vert\u0117s? <\/p>\n\n\n\n<p>2012 m. \u0161i\u0105 tem\u0105 pasirinko nagrin\u0117ti ir Architekt\u016bros fondo kuratoriai L. Rekevi\u010dius bei M. Dr\u0117mait\u0117. Tiesa, tema skamb\u0117jo vos kitaip \u201eModernieji paveldai\u201c. \u0160i\u0105 tem\u0105 min\u0117ti kuratoriai paliet\u0117 gana \u012fdomiomis perspektyvomis, ciklo apib\u016bdinimas tapo gana inspiruojantis ir \u0161i\u0173metin\u0119 tem\u0105: \u201eNors s\u0105vokos \u201emodernumas\u201c ir \u201epaveldas\u201c turi kardinaliai prie\u0161ingas reik\u0161mes: pirmoji ver\u017eliai \u017evelgia pirmyn, o antroji siekia sustabdyti praeities akimirkas, \u0161iandien\u0117je visuomen\u0117je jos paradoksaliai egzistuoja drauge, nes paveldas nuolat jaun\u0117ja, o jo samprata kasdien gr\u0117smingai ple\u010diasi. M\u016bs\u0173 dienomis tapo sunkiau pasakyti, ne kas paveldas yra, bet kas jis n\u0117ra, bei nuspr\u0119sti, kaip elgtis su moderni\u0173j\u0173 laik\u0173 palikimu.\u201c <\/p>\n\n\n\n<p>\u0160i\u0105 tem\u0105 itin\n\u012fdomiai, kompleksi\u0161kai nagrin\u0117ja Dalia Tra\u0161kinait\u0117: <em>\u201eModernusis paveldas da\u017enai i\u0161provokuoja diskusijas ne tik tarp paveldo\nsrities profesional\u0173, architekt\u0173, bet ir pla\u010diojoje visuomen\u0117je. Neju\u010diomis\nkyla klausimas, ar \u0161io laiko objektai, laikotarpio \u017eenklai tikrai verti paveldo\napsaugos statuso, suteikiant jiems galimyb\u0119 b\u016bti matomiems ateities kartoms?\nApie moderni\u0173j\u0173 pastat\u0173, nesulaukusi\u0173 50 met\u0173, vert\u0117s sampratos problemas\nkalbam\u0117s su architekte, nekilnojamojo kult\u016bros paveldo apsaugos\nspecialiste-eksperte, istorijos ir archeologijos moksl\u0173 daktare, Kult\u016bros infrastrukt\u016bros\ncentro prevencin\u0117s paveldo objekt\u0173 prie\u017ei\u016bros projekto \u201eFixus\u201c vadove,\nValstybin\u0117s kult\u016bros paveldo komisijos nare, Vilniaus universiteto Istorijos\nfakulteto lektore <strong>Vilte Janu\u0161auskaite.<\/strong>\u201c<\/em><\/p>\n\n\n\n<p>Taip pat tem\u0105\npapildo ir dr. Liutauras Nekro\u0161ius. Jo straipsnyje Lietuvos sostin\u0117s Vilniaus\npavyzd\u017eiu nagrin\u0117jamas pokomunistin\u0117s visuomen\u0117s santykis su Soviet\u0173 S\u0105jungos\nvaldymo laikotarpiu \u012fgyvendinta miesto aplinka \u2013 architekt\u016bra, vie\u0161osiomis\nerdv\u0117mis, miesto planavimo rezultatais. Straipsnyje siekiama atskleisti, su\nkokia intencija objektai pastatyti ir kaip jie vertinti specialist\u0173\n(architekt\u0173, sociolog\u0173, v\u0117liau istorik\u0173), suvokti vietos bendruomeni\u0173,\nvisuomen\u0117s. Kaip ir kokios vert\u0117s buvo vie\u0161ai komunikuojamos pastatymo metu.\nKaip keit\u0117si bendruomeni\u0173 ir visuomen\u0117s santykis su \u0161iais objektais 1990 m.,\nnacionalinio i\u0161sivadavimo metu ir dabar, pra\u0117jus trims de\u0161imtme\u010diams nuo \u0161alies\nnepriklausomyb\u0117s atk\u016brimo ir pusei am\u017eiaus nuo objekt\u0173 bei erdvi\u0173 \u012fgyvendinimo.\nSociumo santykiui su okupacinio laikotarpio architekt\u016bra atskleisti pasitelkti\nrai\u0161kiausi daugiasluoksniai pavyzd\u017eiai, kurie s\u0105lyginai grupuojami \u012f kelias\ntipologines grupes: ideologiniai \u017eenklai miesto vie\u0161osiose erdv\u0117se; vald\u017eios\ninstitucij\u0173, visuomenini\u0173 pastat\u0173 architekt\u016bra ir masinio apgyvendinimo zonos.<\/p>\n\n\n\n<p>\u017dinoma ir\ntoliau t\u0119siame itin s\u0117kming\u0105 projekt\u0105, pristatydami Lietuvos architekt\u0173\ns\u0105jungos veikl\u0105. B\u016btent \u0161iame numeryje pristatome itin daug LAS organizuot\u0173\nkonkurs\u0173, kuri\u0173 gausa galime pasid\u017eiaugti. Tai, kad u\u017etikrinamas vis didesnis\nvisuomenini\u0173 ar didesni\u0173 gyvenam\u0173j\u0173 kompleks\u0173 architekt\u016brini\u0173 projekt\u0173\nkonkursinis atrinkimas, leid\u017eia pakankamai nema\u017eai architekt\u0173 bendruomenei\ns\u0105\u017einingiau konkuruoti. <\/p>\n\n\n\n<p>T\u0119siamos ir\nkitos, nuo pat \u017eurnalo atsiradimo sukurtos temos: itin gausiai pristatomas ap\u017evalgos\nskyrius, \u012evykiai bei Leidiniai. Ap\u017evalgoje rasite pakankamai \u012fvairios\ntipologijos objekt\u0173, kurie rodo vis kylant\u012f architekt\u016bros kokyb\u0117s lyg\u012f\nLietuvoje. Jaun\u0173j\u0173 architekt\u0173 skiltyje pristatome \u201e1Plano\u201c architektus, o\nFotografo skiltyje Aust\u0117s Parulyt\u0117s k\u016bryb\u0105.<\/p>\n\n\n\n<p>Rudens numer\u012f\nplanuojame pristatyti gruod\u017eio m\u0117nes\u012f. T\u0119sime jau \u0161iek tiek nagrin\u0117t\u0105 moderniojo\npaveldo tem\u0105.<\/p>\n\n\n\n<p>Kaip visada\nlinkime \u012fdomaus ir turiningo skaitymo.<\/p>\n","protected":false},"excerpt":{"rendered":"<p>\u0160i\u0173 met\u0173 \u017eurnalo tema \u2013 modernusis paveldas. Tai vis pla\u010diau nagrin\u0117jama tema, kuria diskutuojama ne vienus metus. Modernusis paveldas \u2013 provokuojanti tema, kelianti gana svarb\u0173 klausim\u0105: kas yra paveldas ir ar modern\u016bs pastatai patenka \u012f \u0161\u012f apibr\u0117\u017eim\u0105? Iki \u0161iol galiojusi taisykl\u0117, jog paveldu gali tapti senesni nei 50-ies met\u0173 objektai, n\u0117ra iki galo apibr\u0117\u017eta ir [&hellip;]<\/p>\n","protected":false},"author":2,"featured_media":0,"comment_status":"open","ping_status":"open","sticky":false,"template":"","format":"standard","meta":{"footnotes":""},"categories":[5,23,49,32],"tags":[],"views":37,"_links":{"self":[{"href":"https:\/\/archiforma.lt\/index.php?rest_route=\/wp\/v2\/posts\/2909"}],"collection":[{"href":"https:\/\/archiforma.lt\/index.php?rest_route=\/wp\/v2\/posts"}],"about":[{"href":"https:\/\/archiforma.lt\/index.php?rest_route=\/wp\/v2\/types\/post"}],"author":[{"embeddable":true,"href":"https:\/\/archiforma.lt\/index.php?rest_route=\/wp\/v2\/users\/2"}],"replies":[{"embeddable":true,"href":"https:\/\/archiforma.lt\/index.php?rest_route=%2Fwp%2Fv2%2Fcomments&post=2909"}],"version-history":[{"count":1,"href":"https:\/\/archiforma.lt\/index.php?rest_route=\/wp\/v2\/posts\/2909\/revisions"}],"predecessor-version":[{"id":2912,"href":"https:\/\/archiforma.lt\/index.php?rest_route=\/wp\/v2\/posts\/2909\/revisions\/2912"}],"wp:attachment":[{"href":"https:\/\/archiforma.lt\/index.php?rest_route=%2Fwp%2Fv2%2Fmedia&parent=2909"}],"wp:term":[{"taxonomy":"category","embeddable":true,"href":"https:\/\/archiforma.lt\/index.php?rest_route=%2Fwp%2Fv2%2Fcategories&post=2909"},{"taxonomy":"post_tag","embeddable":true,"href":"https:\/\/archiforma.lt\/index.php?rest_route=%2Fwp%2Fv2%2Ftags&post=2909"}],"curies":[{"name":"wp","href":"https:\/\/api.w.org\/{rel}","templated":true}]}}