{"id":2855,"date":"2019-10-24T11:35:06","date_gmt":"2019-10-24T09:35:06","guid":{"rendered":"http:\/\/archiforma.lt\/?p=2855"},"modified":"2019-10-24T11:35:08","modified_gmt":"2019-10-24T09:35:08","slug":"klaipedos-baseinas","status":"publish","type":"post","link":"https:\/\/archiforma.lt\/?p=2855","title":{"rendered":"Klaip\u0117dos baseinas"},"content":{"rendered":"\n<div class=\"wp-block-image\"><figure class=\"aligncenter\"><img loading=\"lazy\" decoding=\"async\" width=\"1024\" height=\"687\" src=\"http:\/\/archiforma.lt\/wp-content\/uploads\/2019\/10\/04_Klaipeda_IMG_0907-1024x687.jpg\" alt=\"\" class=\"wp-image-2856\" srcset=\"https:\/\/archiforma.lt\/wp-content\/uploads\/2019\/10\/04_Klaipeda_IMG_0907-1024x687.jpg 1024w, https:\/\/archiforma.lt\/wp-content\/uploads\/2019\/10\/04_Klaipeda_IMG_0907-300x201.jpg 300w, https:\/\/archiforma.lt\/wp-content\/uploads\/2019\/10\/04_Klaipeda_IMG_0907-768x515.jpg 768w\" sizes=\"(max-width: 1024px) 100vw, 1024px\" \/><\/figure><\/div>\n\n\n\n<p>Architektai: \u201eSlangen + Koenis International B. V.\u201c, \u201eCloud architektai\u201c (Jovil\u0117 Porvaneckait\u0117, Antanas Dagelis, Andrius Vil\u010dinskas, Erik Slangen)<br>Realizacija: 2019 m. <br>Vieta: Dubysos g. 12, Klaip\u0117da <br>Plotas: 7 400 m\u00b2 <br>Fotografas: Norbert Tukaj<\/p>\n\n\n\n<p>Lietuvoje per kelerius metus\natsirado ir dar atsiras nema\u017eai nauj\u0173 basein\u0173. Pra\u0117jusiais metais duris atv\u0117r\u0117\nFabijoni\u0161ki\u0173 baseinas Vilniuje. Vis dar laukiama Lazdyn\u0173 baseino statyb\u0173\npabaigos. Ta\u010diau naujais baseinais d\u017eiaugiasi ne tik vilnie\u010diai, bet ir paj\u016brio\ngyventojai. Klaip\u0117doje \u0161iemet duris atv\u0117r\u0117 itin modernus, standartais Baltijos\n\u0161alyse i\u0161siskiriantis, tarptautin\u0117s plaukimo federacijos (FINA) reikalavimus\natitinkantis baseinas su sveikatingumo centru. Projekt\u0105 realizavo net keletas\narchitekt\u016brini\u0173 kompanij\u0173. Buvo pasitelktos oland\u0173 architekt\u0173 \u201eSlangen + Koenis\nInternational B.&nbsp;V.\u201c bei lietuvi\u0173 \u201eCloud architektai\u201c komandos. Dubysos\ngatv\u0117je, prie\u0161ais \u201e\u0160vyturio\u201c aren\u0105, pastatytas baseinas puikiai tinka pana\u0161aus\nu\u017estatymo aplinkoje. <\/p>\n\n\n\n<!--more-->\n\n\n\n<p>Trij\u0173 auk\u0161t\u0173 baseino pastatas i\u0161\ntikr\u0173j\u0173 yra daugiafunkcis centras ir yra suskirstytas \u012f keturias zonas: plaukimo,\nnardymo, sporto ir SPA. 7&nbsp;400 kv. m baseinas i\u0161siskiria savo dyd\u017eiu,\nta\u010diau b\u016btent tokiame plote telpa 10 plaukimo takeli\u0173, 50 m ilgio baseinas\ntarnaus tiek profesionali\u0173 sportinink\u0173, tiek miestie\u010di\u0173 poreikiams. Be\nolimpinius standartus atitinkan\u010dio baseino, naujajame objekte taip pat suprojektuota\nprofesionali\u0173 nar\u0173 rengimui pritaikyta nardymo \u0161achta, specialus treniruoklis\nplaukikams rengti, SPA zona bei sporto sal\u0117.<\/p>\n\n\n\n<p>\u0160iame baseine pirm\u0105 kart\u0105 Lietuvoje\npanaudotos pakeliam\u0173j\u0173 dugn\u0173 technologijos, kurios leid\u017eia basein\u0105 padalyti \u012f\nkelias dalis. Baseino zonas galima atskirti varstoma sienele, tod\u0117l atskirose\nzonose gali skirtis net vandens temperat\u016bra. Kadangi specialus kilnojamas\nbaseino dugnas leid\u017eia reguliuoti baseino gyl\u012f, j\u012f galima pritaikyti\n\u012fvairiausioms rungtims ir vandens u\u017esi\u0117mimams. Taip pat \u012frengta ir vienintel\u0117\nLietuvoje specializuota nardymo \u0161achta, kurios gylis \u2013 9 m, o plotis \u2013 8 m. \u0160i\n\u0161achta pritaikyta profesionaliems nariams rengti, o vienu metu gali treniruotis\niki 15 nar\u0173. Taip pat \u012frengtas plaukikams rengti skirtas treniruoklis \u2013\nsrautin\u0117 vonia su povandenin\u0117mis kameromis plaukimo judesiams tobulinti.<\/p>\n\n\n\n<p>Pasak projekto autori\u0173, fasad\u0173\nkoncepcija \u012fkv\u0117pta vietos architekt\u016bros bei uostui b\u016bding\u0173 element\u0173. U\u017estatymui\npasirinkti sprendimai, kurie sujungs kelet\u0105 statiniui svarbi\u0173 aspekt\u0173: funkcinius\npastato poreikius, konstrukcinius sprendimus baseino r\u016bsiui ir pastato\nprojekcij\u0105 su aplinkiniais pastatais. D\u0117l \u0161i\u0173 prie\u017eas\u010di\u0173 nuspr\u0119sta vis\u0105 pastat\u0105\n\u012fgilinti 1,2 m nuo gatv\u0117s lygio. Aplink pastat\u0105 formuojamas 1,6 m auk\u0161\u010dio\n\u0161laitai su kintan\u010diais nuolyd\u017eiais. \u012e\u0117jimo aik\u0161t\u0117 formuojama projektuojant\nnuo\u017euln\u0173 pj\u016bv\u012f land\u0161afte. Taip siekiama sukurti \u012fsp\u016bd\u012f, kad t\u016bris yra ant\nkalvos, pabr\u0117\u017eiant \u012f\u0117jimo erdv\u0119. Fasadai i\u0161siskiria savo ry\u0161kia spalva bei\nmetalo apdaila. Kompozici\u0161kai t\u016br\u012f sudalija \u012f gatvi\u0173 sankry\u017e\u0105 orientuotas\nstiklinio fasado intarpas, apimantis visus tris pastato auk\u0161tus. Fasado\ndinamik\u0105 kuria plok\u0161\u010di\u0173 sudalijimas, kuriantis lengv\u0173 \u0161e\u0161\u0117li\u0173 ir reljefo\n\u017eaism\u0105. Pirmojo auk\u0161to fasado sprendiniai ai\u0161kiai skiriasi nuo likusio t\u016brio.\n\u012e\u0117jimo dalis i\u0161ry\u0161kinta stikliniu fasadu, tod\u0117l sukuriamas kaban\u010dio t\u016brio\n\u012fsp\u016bdis. Gatv\u0117s i\u0161klotin\u0117je prie\u0161ingai \u2013 projektuojama betono sienel\u0117, vietomis\npasitelkiant \u0161lait\u0173 formavim\u0105. Sukuriamas pastato ant pjedestalo \u012fsp\u016bdis. <\/p>\n\n\n\n<p>Interjere architektai naudoja\n\u0161viesias, nuolankias spalvas. Matoma daug med\u017eio konstrukcij\u0173. Taip pat\nnaudojami monochrominiai atspalviai, neperkraunant interjero, o dominavim\u0105\npaliekant funkcijai \u2013 baseinui. Prie\u0161ingai nei Fabijoni\u0161ki\u0173 baseine,\nkonstrukcijos nei\u0161skiriamos, neakcentuojamos ry\u0161kesniais ar tamsesniais atspalviais.<\/p>\n\n\n\n<p>Taip pat verta pabr\u0117\u017eti ir tai, kad\nKlaip\u0117dos baseinas su sveikatingumo centru yra A+ energin\u0117s klas\u0117s. Pastate\n\u012frengta 130 kW saul\u0117s elektrin\u0117, kuri objektui gamina elektros energij\u0105. Tokio\ndyd\u017eio pastatus pritaikyti auk\u0161\u010diausio lygio energiniams standartams \u2013 taip pat\nnemenkas i\u0161\u0161\u016bkis. Pabr\u0117\u017etina ir tai, kad pastato projektavimas bei statyba\nprad\u0117ta 2016 metais, kai energiniai reikalavimai buvo nuolankesni. Sprendimas\nprojektuoti A+ energin\u0117s klas\u0117s pastat\u0105 \u2013 i\u0161ties sveikintinas.<\/p>\n\n\n\n<p>\u012esib\u0117g\u0117jant basein\u0173 statyboms\nLietuvoje galima pasteb\u0117ti pana\u0161i\u0173 architekt\u016brin\u0117s i\u0161rai\u0161kos tendencij\u0173. Nors\npastatai ir vizualiai skirtingi, matoma, kad architektai funkcijai i\u0161laikyti\nrenkasi paprastos, grie\u017etos formos, sta\u010diakampio plano t\u016brius. Siekiant\nsuteikti pastatui i\u0161skirtinumo, kuriamas monumentalus \u012fsp\u016bdis, \u012f pagalb\u0105\npasitelkiant ir fasadines apdailos med\u017eiagas, t\u016brio ir detali\u0173 santyk\u012f.\nKlaip\u0117dos baseino architektai atsi\u017evelg\u0117 ir \u012f aplinkin\u012f u\u017estatym\u0105, jo spalvin\u0119\ni\u0161rai\u0161k\u0105 bei Klaip\u0117dai b\u016bdingus sprendinius. Bendradarbiavimas tarp dviej\u0173 \u0161ali\u0173\narchitekt\u0173 tikrai pasiteisino, sukurtas ne tik esteti\u0161kai patrauklus, bet ir\nfunkcionalus objektas.<\/p>\n\n\n\n<p>Greta Trapikien\u0117<\/p>\n\n\n\n<ul class=\"wp-block-gallery columns-3 is-cropped wp-block-gallery-1 is-layout-flex wp-block-gallery-is-layout-flex\"><li class=\"blocks-gallery-item\"><figure><a href=\"http:\/\/archiforma.lt\/wp-content\/uploads\/2019\/10\/08_Klaipeda_IMG_2239-1024x683.jpg\"><img loading=\"lazy\" decoding=\"async\" width=\"1024\" height=\"683\" src=\"http:\/\/archiforma.lt\/wp-content\/uploads\/2019\/10\/08_Klaipeda_IMG_2239-1024x683.jpg\" alt=\"\" data-id=\"2857\" data-link=\"http:\/\/archiforma.lt\/?attachment_id=2857\" class=\"wp-image-2857\" srcset=\"https:\/\/archiforma.lt\/wp-content\/uploads\/2019\/10\/08_Klaipeda_IMG_2239-1024x683.jpg 1024w, https:\/\/archiforma.lt\/wp-content\/uploads\/2019\/10\/08_Klaipeda_IMG_2239-300x200.jpg 300w, https:\/\/archiforma.lt\/wp-content\/uploads\/2019\/10\/08_Klaipeda_IMG_2239-768x512.jpg 768w\" sizes=\"(max-width: 1024px) 100vw, 1024px\" \/><\/a><\/figure><\/li><li class=\"blocks-gallery-item\"><figure><a href=\"http:\/\/archiforma.lt\/wp-content\/uploads\/2019\/10\/13_Klaipeda_DSC4670-1024x683.jpg\"><img loading=\"lazy\" decoding=\"async\" width=\"1024\" height=\"683\" src=\"http:\/\/archiforma.lt\/wp-content\/uploads\/2019\/10\/13_Klaipeda_DSC4670-1024x683.jpg\" alt=\"\" data-id=\"2858\" data-link=\"http:\/\/archiforma.lt\/?attachment_id=2858\" class=\"wp-image-2858\" srcset=\"https:\/\/archiforma.lt\/wp-content\/uploads\/2019\/10\/13_Klaipeda_DSC4670-1024x683.jpg 1024w, https:\/\/archiforma.lt\/wp-content\/uploads\/2019\/10\/13_Klaipeda_DSC4670-300x200.jpg 300w, https:\/\/archiforma.lt\/wp-content\/uploads\/2019\/10\/13_Klaipeda_DSC4670-768x512.jpg 768w\" sizes=\"(max-width: 1024px) 100vw, 1024px\" \/><\/a><\/figure><\/li><li class=\"blocks-gallery-item\"><figure><a href=\"http:\/\/archiforma.lt\/wp-content\/uploads\/2019\/10\/14_Klaipeda_IMG_1067-1024x685.jpg\"><img loading=\"lazy\" decoding=\"async\" width=\"1024\" height=\"685\" src=\"http:\/\/archiforma.lt\/wp-content\/uploads\/2019\/10\/14_Klaipeda_IMG_1067-1024x685.jpg\" alt=\"\" data-id=\"2859\" data-link=\"http:\/\/archiforma.lt\/?attachment_id=2859\" class=\"wp-image-2859\" srcset=\"https:\/\/archiforma.lt\/wp-content\/uploads\/2019\/10\/14_Klaipeda_IMG_1067-1024x685.jpg 1024w, https:\/\/archiforma.lt\/wp-content\/uploads\/2019\/10\/14_Klaipeda_IMG_1067-300x201.jpg 300w, https:\/\/archiforma.lt\/wp-content\/uploads\/2019\/10\/14_Klaipeda_IMG_1067-768x514.jpg 768w\" sizes=\"(max-width: 1024px) 100vw, 1024px\" \/><\/a><\/figure><\/li><li class=\"blocks-gallery-item\"><figure><a href=\"http:\/\/archiforma.lt\/wp-content\/uploads\/2019\/10\/16_Klaipeda_IMG_2323-1024x760.jpg\"><img loading=\"lazy\" decoding=\"async\" width=\"1024\" height=\"760\" src=\"http:\/\/archiforma.lt\/wp-content\/uploads\/2019\/10\/16_Klaipeda_IMG_2323-1024x760.jpg\" alt=\"\" data-id=\"2860\" data-link=\"http:\/\/archiforma.lt\/?attachment_id=2860\" class=\"wp-image-2860\" srcset=\"https:\/\/archiforma.lt\/wp-content\/uploads\/2019\/10\/16_Klaipeda_IMG_2323-1024x760.jpg 1024w, https:\/\/archiforma.lt\/wp-content\/uploads\/2019\/10\/16_Klaipeda_IMG_2323-300x223.jpg 300w, https:\/\/archiforma.lt\/wp-content\/uploads\/2019\/10\/16_Klaipeda_IMG_2323-768x570.jpg 768w\" sizes=\"(max-width: 1024px) 100vw, 1024px\" \/><\/a><\/figure><\/li><li class=\"blocks-gallery-item\"><figure><a href=\"http:\/\/archiforma.lt\/wp-content\/uploads\/2019\/10\/int17_Klaipeda_DSC5010-1024x655.jpg\"><img loading=\"lazy\" decoding=\"async\" width=\"1024\" height=\"655\" src=\"http:\/\/archiforma.lt\/wp-content\/uploads\/2019\/10\/int17_Klaipeda_DSC5010-1024x655.jpg\" alt=\"\" data-id=\"2861\" data-link=\"http:\/\/archiforma.lt\/?attachment_id=2861\" class=\"wp-image-2861\" srcset=\"https:\/\/archiforma.lt\/wp-content\/uploads\/2019\/10\/int17_Klaipeda_DSC5010-1024x655.jpg 1024w, https:\/\/archiforma.lt\/wp-content\/uploads\/2019\/10\/int17_Klaipeda_DSC5010-300x192.jpg 300w, https:\/\/archiforma.lt\/wp-content\/uploads\/2019\/10\/int17_Klaipeda_DSC5010-768x491.jpg 768w\" sizes=\"(max-width: 1024px) 100vw, 1024px\" \/><\/a><\/figure><\/li><li class=\"blocks-gallery-item\"><figure><a href=\"http:\/\/archiforma.lt\/wp-content\/uploads\/2019\/10\/int25_Klaipeda_IMG_2012-1024x683.jpg\"><img loading=\"lazy\" decoding=\"async\" width=\"1024\" height=\"683\" src=\"http:\/\/archiforma.lt\/wp-content\/uploads\/2019\/10\/int25_Klaipeda_IMG_2012-1024x683.jpg\" alt=\"\" data-id=\"2862\" data-link=\"http:\/\/archiforma.lt\/?attachment_id=2862\" class=\"wp-image-2862\" srcset=\"https:\/\/archiforma.lt\/wp-content\/uploads\/2019\/10\/int25_Klaipeda_IMG_2012-1024x683.jpg 1024w, https:\/\/archiforma.lt\/wp-content\/uploads\/2019\/10\/int25_Klaipeda_IMG_2012-300x200.jpg 300w, https:\/\/archiforma.lt\/wp-content\/uploads\/2019\/10\/int25_Klaipeda_IMG_2012-768x512.jpg 768w\" sizes=\"(max-width: 1024px) 100vw, 1024px\" \/><\/a><\/figure><\/li><\/ul>\n","protected":false},"excerpt":{"rendered":"<p>Architektai: \u201eSlangen + Koenis International B. V.\u201c, \u201eCloud architektai\u201c (Jovil\u0117 Porvaneckait\u0117, Antanas Dagelis, Andrius Vil\u010dinskas, Erik Slangen)Realizacija: 2019 m. Vieta: Dubysos g. 12, Klaip\u0117da Plotas: 7 400 m\u00b2 Fotografas: Norbert Tukaj Lietuvoje per kelerius metus atsirado ir dar atsiras nema\u017eai nauj\u0173 basein\u0173. Pra\u0117jusiais metais duris atv\u0117r\u0117 Fabijoni\u0161ki\u0173 baseinas Vilniuje. Vis dar laukiama Lazdyn\u0173 baseino statyb\u0173 [&hellip;]<\/p>\n","protected":false},"author":2,"featured_media":0,"comment_status":"open","ping_status":"open","sticky":false,"template":"","format":"standard","meta":{"footnotes":""},"categories":[23,49,11,4,32],"tags":[],"views":51,"_links":{"self":[{"href":"https:\/\/archiforma.lt\/index.php?rest_route=\/wp\/v2\/posts\/2855"}],"collection":[{"href":"https:\/\/archiforma.lt\/index.php?rest_route=\/wp\/v2\/posts"}],"about":[{"href":"https:\/\/archiforma.lt\/index.php?rest_route=\/wp\/v2\/types\/post"}],"author":[{"embeddable":true,"href":"https:\/\/archiforma.lt\/index.php?rest_route=\/wp\/v2\/users\/2"}],"replies":[{"embeddable":true,"href":"https:\/\/archiforma.lt\/index.php?rest_route=%2Fwp%2Fv2%2Fcomments&post=2855"}],"version-history":[{"count":1,"href":"https:\/\/archiforma.lt\/index.php?rest_route=\/wp\/v2\/posts\/2855\/revisions"}],"predecessor-version":[{"id":2863,"href":"https:\/\/archiforma.lt\/index.php?rest_route=\/wp\/v2\/posts\/2855\/revisions\/2863"}],"wp:attachment":[{"href":"https:\/\/archiforma.lt\/index.php?rest_route=%2Fwp%2Fv2%2Fmedia&parent=2855"}],"wp:term":[{"taxonomy":"category","embeddable":true,"href":"https:\/\/archiforma.lt\/index.php?rest_route=%2Fwp%2Fv2%2Fcategories&post=2855"},{"taxonomy":"post_tag","embeddable":true,"href":"https:\/\/archiforma.lt\/index.php?rest_route=%2Fwp%2Fv2%2Ftags&post=2855"}],"curies":[{"name":"wp","href":"https:\/\/api.w.org\/{rel}","templated":true}]}}