{"id":2838,"date":"2019-10-24T11:29:49","date_gmt":"2019-10-24T09:29:49","guid":{"rendered":"http:\/\/archiforma.lt\/?p=2838"},"modified":"2019-10-24T11:29:52","modified_gmt":"2019-10-24T09:29:52","slug":"lietuvos-meno-pazinimo-centras-tartle","status":"publish","type":"post","link":"https:\/\/archiforma.lt\/?p=2838","title":{"rendered":"Lietuvos meno pa\u017einimo centras \u201eTartle\u201c"},"content":{"rendered":"\n<div class=\"wp-block-image\"><figure class=\"aligncenter\"><img loading=\"lazy\" decoding=\"async\" width=\"1024\" height=\"684\" src=\"http:\/\/archiforma.lt\/wp-content\/uploads\/2019\/10\/DSC_8128-Edit-1024x684.jpg\" alt=\"\" class=\"wp-image-2839\" srcset=\"https:\/\/archiforma.lt\/wp-content\/uploads\/2019\/10\/DSC_8128-Edit-1024x684.jpg 1024w, https:\/\/archiforma.lt\/wp-content\/uploads\/2019\/10\/DSC_8128-Edit-300x200.jpg 300w, https:\/\/archiforma.lt\/wp-content\/uploads\/2019\/10\/DSC_8128-Edit-768x513.jpg 768w\" sizes=\"(max-width: 1024px) 100vw, 1024px\" \/><\/figure><\/div>\n\n\n\n<p><strong>Architektai<\/strong>: A. Trimonio architekt\u0173 biuras, projekto autorius Alfredas Trimonis, projekt\u0105 rengiant dalyvavo Rita Kundrotait\u0117, R\u016bta Trimonyt\u0117, Tumas Kavaliauskas<\/p>\n\n\n\n<p><strong>Vieta<\/strong>: U\u017eupio g. 40, Vilnius <br><strong>Sklypo plotas:<\/strong> 0,1458 ha  <br><strong>Bendras plotas:<\/strong> 1\u00a0540,56 kv. m.<br><strong>Metai: <\/strong>2011\u20132018<br><strong>Fotografas:<\/strong> Ri\u010dardas \u010cerbul\u0117nas  <\/p>\n\n\n\n<p>Vienas i\u0161 Vilniaus kult\u016bros \u017eidini\u0173&nbsp;\u2013\nU\u017eupis ne tik nepaliauja stebinti savo unikalia dvasia, bet ir nuolatos\naugdamas ir keisdamasis apdovanoja sostin\u0119 vis nauju perliuku meno ir kult\u016bros gerb\u0117jams.\n2018&nbsp;m. \u0161alia U\u017eupio skvero atidarytas Lietuvos meno pa\u017einimo centras\n\u201eTartle\u201c, kuriame eksponuojama teisininko ir visuomen\u0117s veik\u0117jo Rolando Vali\u016bno\nmeno k\u016brini\u0173 kolekcija, sudaranti per 7&nbsp;t\u016bkst. Eksponat\u0173, apiman\u010di\u0173 tiek\npagonyb\u0117s laik\u0173 kult\u016brin\u012f palikim\u0105, tiek \u0161iuolaikin\u012f men\u0105. \u010cia galima rasti tapybos\ndarb\u0173, skulpt\u016br\u0173, \u017eem\u0117lapi\u0173, istorin\u0117s grafikos darb\u0173, lituanistini\u0173 knyg\u0173 ir\nkt. Pa\u017einimo centras \u012fsik\u016br\u0119s ant Vilnel\u0117s up\u0117s skard\u017eio, kaip tik toje\nvietoje, nuo kurios atsiveria kvap\u0105 gniau\u017eiantys senamies\u010dio vaizdai su\nGedimino bok\u0161tu ir ba\u017eny\u010di\u0173 smail\u0117mis. Tiek eksponatai, tiek vidinis kiemelis\nsu atsiverian\u010diomis panoramomis yra prieinami visuomenei, ta\u010diau architekt\u016bros\nentuziastams ir profesionalams \u0161is objektas tur\u0117t\u0173 b\u016bti \u012fdomus pirmiausia savo\narchitekt\u016briniais sprendimais, seno ir naujo derme bei inovatyviomis praktin\u0117mis\nid\u0117jomis.<\/p>\n\n\n\n<!--more-->\n\n\n\n<p>Iki tapdama dar vienu ry\u0161kiu kult\u016brinio\nsostin\u0117s gyvenimo ta\u0161ku, \u0161i vieta vilnie\u010diams buvo \u017einoma d\u0117l \u010dia veikusio\nrestorano \u201eTores\u201c, kur\u012f 2009 m. nuniokojo gaisras. Tuo metu \u010dia stov\u0117jo i\u0161\ngatv\u0117s ir \u0161iandien puikiai atpa\u017e\u012fstamas XIX&nbsp;a. gelton\u0173 plyt\u0173 didysis namas,\nkiek toliau sklypo gilumoje esantis ma\u017eesnis istorinis m\u016brinis pastatas ir kiti\nmenkaver\u010diai mediniai statiniai. D\u0117l statybai nepatogaus reljefo sklypas\napskritai buvo u\u017estatytas gana v\u0117lai, tik XIX&nbsp;a. pabaigoje. Iki m\u016bs\u0173 dien\u0173\ni\u0161lik\u0119s gatv\u0117s perimetr\u0105 formuojantis dviej\u0173 auk\u0161t\u0173 namas yra priskiriamas\nplyt\u0173 stiliui, turi neogotikos bruo\u017e\u0173. Vertikaliai fasad\u0105 skaido puo\u0161n\u016bs\npiliastrai, sien\u0173 plok\u0161tumas kar\u016bnuoja stilizuotas frizas ir karnizas, o\npagrindin\u012f \u012f\u0117jim\u0105 de\u0161in\u0117je pabr\u0117\u017eia gausiai dekoruotas rizalitas su arkos\nformos langu antrajame auk\u0161te. Kaip tipi\u0161kas to laikotarpio statinys,\natspindintis pra\u0117jusio am\u017eiaus prad\u017eios miestieti\u0161ko gyvenimo architekt\u016br\u0105, \u0161is\nU\u017eupio g. 40 stovintis pastatas yra \u012fra\u0161ytas \u012f kult\u016bros vertybi\u0173 registr\u0105 ir\nsaugomas valstyb\u0117s. O \u0161iandien vietoj neverting\u0173 medini\u0173 statini\u0173 kieme \u0161alia\nm\u016brini\u0173 pastat\u0173 i\u0161kilo nauji \u0161iuolaikin\u0117s architekt\u016bros t\u016briai, kuriuose\napsigyveno pats \u201eTartle\u201c kolekcininkas. Pa\u017einimo centras \u012fsik\u016br\u0119s pirmajame\nsenojo pastato auk\u0161te ir r\u016bsyje, o antrajame auk\u0161te&nbsp;\u2013 Tailando karalyst\u0117s\nkonsulatas. <\/p>\n\n\n\n<p>\u017di\u016brint nuo gatv\u0117s, sklypo architekt\u016bra\nprakti\u0161kai nepasikeit\u0117: gatv\u0117s perimetr\u0105 formuoja tas pats, tik nuvalytas ir\nparestauruotas XIX&nbsp;a. datuojamas paveldo objektas, yra ir ma\u017eesnis m\u016brinis\nnamas, o nauj\u0173j\u0173 korpus\u0173 prakti\u0161kai nesimato. Tai puikus naujos architekt\u016bros\nsenamiestyje pavyzdys, kai i\u0161saugoma vertinga gatv\u0117s i\u0161klotin\u0117, o tai, kas\nnauja, profesionaliai pasl\u0117pta, \u0161iuo atveju kiemo gilumoje. Pati nauj\u0173 priestat\u0173\narchitekt\u016brin\u0117 i\u0161rai\u0161ka&nbsp;\u2013 jau kita kalba. \u0160iuolaikiniai t\u016briai&nbsp;\u2013 vienaauk\u0161\u010diai,\nnego\u017eia senojo korpuso, ta\u010diau pasi\u017eymi nebejotinai modernia, kontrasto\nprincipu projektuota architekt\u016bra, atspindin\u010dia statybos laikotarp\u012f. Priestatai\nu\u017eima nema\u017e\u0105 kiemo gabal\u0105, ta\u010diau didesn\u0117 dalis neu\u017estatyta, \u010dia \u012fkurtas\nskulpt\u016br\u0173 parkelis, galima ap\u017ei\u016br\u0117ti atsiverian\u010dias panoramas \u012f senamiest\u012f,\npails\u0117ti ant \u0161laito link besileid\u017eian\u010di\u0173 laiptuk\u0173. <\/p>\n\n\n\n<p>Paklaustas d\u0117l architekt\u016brin\u0117s nauj\u0173\npriestat\u0173 id\u0117jos architektas A.&nbsp;Trominis nedvejoja: \u201eTai buvo daugiau nei\npaprasta.\u201c \u0160iuo atveju did\u017eiausia vertybe tapo atsiverianti unikali Vilniaus\nsenamies\u010dio panorama, \u012f kuri\u0105 ir nukreiptos did\u017ei\u0105j\u0105 dal\u012f fasado apiman\u010dios\nstiklin\u0117s plok\u0161tumos. Vidaus erdv\u0117, gyvenamasis kambarys suprojektuotas be\nkolon\u0173, taip dar labiau i\u0161gryninant ry\u0161\u012f tarp pastato vidaus ir i\u0161or\u0117s. Nor\u0117damas\nmaksimalaus efekto architektas ie\u0161kojo lang\u0173 profili\u0173, kelian\u010di\u0173 kuo ma\u017eesn\u0119\nvizualin\u0119 tar\u0161\u0105, \u017ei\u016brint i\u0161 lauko lang\u0173 r\u0117mai tesiekia 22&nbsp;mm. Taip pat\nlangai tur\u0117jo laisvai stumdytis \u012fmontuoti 15 laipsni\u0173 kampu, o tai tiek\nfinansi\u0161kai, tiek techni\u0161kai i\u0161\u0161\u016bki\u0173 kelian\u010dios ypatyb\u0117s. Architektas pasakoja,\nkad tai galb\u016bt vienintel\u0117 \u012fgyvendinta tokia lang\u0173 sistema Ryt\u0173 Europoje. Did\u017eiulius\nlangus r\u0117mina kiek siauresn\u0117mis nei metras metalin\u0117mis, laipt\u0173 \u012fsp\u016bd\u012f\nsudaran\u010diomis plok\u0161t\u0117mis dengta fasado konstrukcija.<\/p>\n\n\n\n<p>15 laipsni\u0173 pasvirimo kampas naujo priestato\nfasaduose, pasak A.&nbsp;Trimonio, buvo inspiruotas senojo pastato. Istoriniuose\nfasaduose plytomis formuoti puo\u0161ybos elementai kai kur sukurti pasitelkiant\ngilyn \u012f apa\u010di\u0105 judan\u010di\u0173 laipt\u0173 motyv\u0105, kuriuo i\u0161gaunamas tam tikras kampas tarp\npagrindin\u0117s sienos plok\u0161tumos ir atskir\u0173 element\u0173. \u0160\u012f motyv\u0105 architektas nor\u0117jo\nperne\u0161ti \u012f naujo pastato architekt\u016br\u0105, kurioje atsirado sudalijimas ir\nlaiptavimas, sujungiantis tai, kas sena ir modernu. \u201eTie elementai suteikia\nnaujai architekt\u016brai detal\u0117s poj\u016bt\u012f. Ne m\u0117gd\u017eiojan\u010dios detal\u0117s, o\ni\u0161plaukian\u010dios i\u0161 konteksto\u201c, \u2013 sako architektas. Senasis pastatas su nauju\npriestatu sujungtas stikline jungtimi, tod\u0117l b\u016bnant viduje ir pak\u0117lus galv\u0105 \u012f\nvir\u0161\u0173 galima ap\u017ei\u016br\u0117ti istorinius fasadus, taip kuriamas glaudus ir kartu\npagarbus ry\u0161ys tarp seno ir naujo.<\/p>\n\n\n\n<p>Istoristinis statinys iki rekonstrukcijos,\npasak A.&nbsp;Trimonio, buvo apgail\u0117tinos b\u016bkl\u0117s. \u0160iandien XIX a. menantys\ngelton\u0173 plyt\u0173 fasadai tokie \u0161var\u016bs, kad atrodo lyg neseniai sum\u016bryti, ta\u010diau\ntai ilgo restauratoriaus darbo rezultatas tvarkant pa\u017eeist\u0105 m\u016br\u0105 ir valant\nne\u0161varumus. Kai kur teko nupurk\u0161ti sm\u0117liu, ta\u010diau did\u017eioji dalis atlikta\nrankomis saugant verting\u0105 paveld\u0105. Architektas atkreipia d\u0117mes\u012f, kad palang\u0117s\nsuformuotos i\u0161 plyt\u0173 nenaudojant skardini\u0173 lankst\u0173. Taip i\u0161laikomas vizualinis fasado\n\u0161varumas. <\/p>\n\n\n\n<p>Pietin\u0117je dalyje vir\u0161 vienaauk\u0161t\u0117s senojo\npastato dalies \u012f akis krinta v\u0117lyvesnis antstatas. Architektas pasakoja, kad \u0161i\ndalis buvo ne itin kokybi\u0161kai padaryta, tod\u0117l j\u0105 teko nurinkti ir atstatyti\nt\u016br\u012f i\u0161 naujo. Norint dar labiau pabr\u0117\u017eti antstato naujum\u0105, jo fasaduose \u012fvestos\nplyt\u0173 m\u016brijimo modifikacijos, sukurtas reljefas, kuris tam tikru kampu \u0161vie\u010diant\nsaulei ir krintant \u0161e\u0161\u0117liams, tur\u0117t\u0173 sukelti intrig\u0105. Pana\u0161iu b\u016bdu perstatytas\nir ma\u017eesnis m\u016brinis namas kiek toliau nuo gatv\u0117s. Tik \u0161iuo atveju istorinis,\nta\u010diau labai prastos b\u016bkl\u0117s buv\u0119s pastatas atstatytas toks, koks buvo, \u0161iek\ntiek modifikuojant ir \u0161iuolaikiniams poreikiams pritaikant perdang\u0173 auk\u0161\u010dius. Ir\nantstatui, ir \u0161iam m\u016brinukui naudotos dani\u0161kos \u0161iuolaikin\u0117s plytos, kurios,\narchitekto teigimu, ir yra pagrindinis statybos laikotarpio indikatorius. <\/p>\n\n\n\n<p>Kaip visuomet, \u0161iandieniams poreikiams\npritaikant sen\u0105 pastat\u0105 tenka susidurti su tam tikrais sunkumais. Tur\u0117jo b\u016bti\ni\u0161saugotas vertingas vidaus suplanavimas. Taip pat d\u0117l \u0161ilumin\u0117s izoliacijos\nreikalavim\u0173 istorinis m\u016brinis namas buvo ap\u0161iltintas i\u0161 vidaus nuo r\u016bsio iki\npaskutinio auk\u0161to, taip i\u0161saugant nepaliest\u0105 verting\u0105 fasad\u0105. Tam buvo\npanaudota belgi\u0161ka \u0161ilumin\u0117 izoliacija i\u0161 skysto p\u016bsto stiklo. Kitas i\u0161\u0161\u016bkis\n\u012frengiant vidaus patalpas \u2013 ribotas kvadratini\u0173 metr\u0173 kiekis. A.&nbsp;Trimonis\npirmiausia \u012fvardija ilgas ir sud\u0117tingas stacionari\u0173 eksponat\u0173 viet\u0173 paie\u0161kas.\nKiekvienas \u0161iandien matomas paveikslas ar meno k\u016brinys yra gerai apgalvotoje lokacijoje,\nsu jam pritaikymu ap\u0161vietimu. O ir \u0161viesa \u0161io meno pa\u017einimo centro galerijose\nyra tikrai ne paskutin\u0117je vietoje. Unikalus architekto sprendimas \u2013\n\u0161vie\u010dian\u010dios langin\u0117s su \u012ftaisytais ledais, net ir ni\u016bri\u0105 \u017eiemos dien\u0105\nleid\u017eian\u010dios viduje jaustis jaukiai ir apsaugan\u010dios nuo nepageidaujam\u0173\n\u017evilgsni\u0173 i\u0161 gatv\u0117s. Visoje galerijoje sumontuotos modifikuojamo ap\u0161vietimo\nsistemos, specialiai parinktas ap\u0161vietimas ir istoristinio stiliaus karnizams,\nkurie rekonstrukcijos metu daugelyje patalp\u0173 buvo atkurti d\u0117l prasto sen\u0173j\u0173\ni\u0161likimo laipsnio. Meno k\u016brini\u0173 galerijoje, kurioje ekspozicija nuolat\nkei\u010diasi, pasirinktas neutralus pilk\u0161vas \u0161vies\u0105 sugeriantis sien\u0173 u\u017etrynimas,\nkuris, pasak architekto, gav\u0119s \u0161viesos pradeda gyventi ir ant jo eksponuojamos\nvertyb\u0117s \u012fgauna visai kit\u0105 pagrind\u0105. <\/p>\n\n\n\n<p>Galerija t\u0119siasi ir r\u016bsyje, kuriame galima\ni\u0161vysti i\u0161saugot\u0105 XIX&nbsp;a. akermano skliaut\u0105. Daug lankytoj\u0173 d\u0117mesio\nsulaukia vadinamoji betonin\u0117 sal\u0117. \u0160ios \u012fdomios id\u0117jos sumanytojas, kolekcininkas\nR.&nbsp;Vali\u016bnas s\u0117m\u0117si \u012fkv\u0117pimo i\u0161 Venecijoje matyt\u0173 galerij\u0173. Tik vienos\nsienos nepavyko i\u0161betonuoti d\u0117l konstruktyvini\u0173 sumetim\u0173. Tod\u0117l ji buvo dekoruota\n\u017eaismingais nub\u0117gim\u0173 motyvais, kurie lankytojams da\u017enai sukelia susir\u016bpinim\u0105\nd\u0117l dr\u0117gm\u0117s problem\u0173. Ta\u010diau architektas patvirtina, kad d\u0117l dr\u0117gm\u0117s viskas\ngerai ir tai yra s\u0105moningas estetinis pasirinkimas, suteikiantis sienai\ngyvybingumo ir padedantis prisitaikyti prie konteksto. <\/p>\n\n\n\n<p>A.&nbsp;Trimonis\npasakoja, kad nemenkas galvos\u016bkis buvo \u012frengti \u012fvairi\u0173 paskir\u010di\u0173 patalpas po\nvienu stogu. Juk vieni reikalavimai taikomi gyvenamosioms patalpoms, kiti&nbsp;\u2013\ngalerijai, o treti ir patys grie\u017e\u010diausi meno k\u016brini\u0173 saugyklai. \u012erengiant\nsaugykl\u0105 buvo stengtasi i\u0161naudoti funkcini\u0173 saugojimo element\u0173 ritmi\u0161kum\u0105 ir\ngro\u017e\u012f. Pasak architekto: \u201eTas skyd\u0173 ritmas yra tiesiog dovana, kuri\u0105 reikia\npriimti.\u201c Meno dirbini\u0173 saugykloje b\u016btinas ir atitinkamas mikroklimatas.\nApskritai visas objektas pasi\u017eymi pla\u010diu i\u0161mani\u0173j\u0173 technologij\u0173, padedan\u010di\u0173\nderinti skirtingas funkcijas, naudojimu: \u012frengta videokamer\u0173, \u012f\u0117jimai\natrakinami pir\u0161t\u0173 antspaud\u0173 skenavimu ir pana\u0161iai. I\u0161mani\u0105sias sistemas pastate\n\u012fmontavo \u201eThinkLight\u201c komanda. A.&nbsp;Trimonio nuomone, i\u0161manusis pri\u0117jimas\ntiesiog b\u016btinas tokiame objekte, \u017eenkliai suma\u017eina mygtuk\u0173 ir reikaling\u0173 rakt\u0173 skai\u010di\u0173\nnorint jud\u0117ti po pastat\u0105, palengvina sistem\u0173 valdym\u0105, o ir papildomai\nneapkrauna erdvi\u0173. <\/p>\n\n\n\n<p>Apibendrinant\ngalima teigti, kad U\u017eupio g. 40 neseniai \u012fsik\u016br\u0119s Lietuvos meno pa\u017einimo\ncentras yra puikus seno pastato pritaikymo naujam gyvenimui derinant su\nmodernia architekt\u016bra pavyzdys. Gal tik gali kilti noras gin\u010dytis d\u0117l nauj\u0173 t\u016bri\u0173,\nkontrasto principu \u012fkomponuot\u0173 jautriame senamies\u010dio audinyje. Ta\u010diau\nobjektyviai vertinant jie neu\u017ego\u017eia paveldo ir nemeluoja apie savo am\u017ei\u0173, kas\nyra itin svarbu projektuojant istorin\u0117je aplinkoje. Taip pat negali ne\u017eav\u0117ti\n\u012fvair\u016bs novatori\u0161ki technologiniai sprendimai, kuriantys objektui prid\u0117tin\u0119\nvert\u0119, bei kaip detaliai ir jautriai apgalvota kiekviena kokybi\u0161kos\narchitekt\u016bros ir jos naudojimo detal\u0117. Tod\u0117l norisi teigiamai \u012fvertinti ne tik\npaveldo restauracij\u0105, bet ir XXI a. priestatus, stiklin\u0117mis akimis pla\u010diai\n\u017evelgian\u010dius \u012f sostin\u0119. <\/p>\n\n\n\n<p>Inga\nVilkaityt\u0117<\/p>\n\n\n\n<ul class=\"wp-block-gallery columns-3 is-cropped wp-block-gallery-1 is-layout-flex wp-block-gallery-is-layout-flex\"><li class=\"blocks-gallery-item\"><figure><a href=\"http:\/\/archiforma.lt\/wp-content\/uploads\/2019\/10\/DSC_7899-1024x684.jpg\"><img loading=\"lazy\" decoding=\"async\" width=\"1024\" height=\"684\" src=\"http:\/\/archiforma.lt\/wp-content\/uploads\/2019\/10\/DSC_7899-1024x684.jpg\" alt=\"\" data-id=\"2840\" data-link=\"http:\/\/archiforma.lt\/?attachment_id=2840\" class=\"wp-image-2840\" srcset=\"https:\/\/archiforma.lt\/wp-content\/uploads\/2019\/10\/DSC_7899-1024x684.jpg 1024w, https:\/\/archiforma.lt\/wp-content\/uploads\/2019\/10\/DSC_7899-300x200.jpg 300w, https:\/\/archiforma.lt\/wp-content\/uploads\/2019\/10\/DSC_7899-768x513.jpg 768w\" sizes=\"(max-width: 1024px) 100vw, 1024px\" \/><\/a><\/figure><\/li><li class=\"blocks-gallery-item\"><figure><a href=\"http:\/\/archiforma.lt\/wp-content\/uploads\/2019\/10\/DSC_8138-Edit-1024x684.jpg\"><img loading=\"lazy\" decoding=\"async\" width=\"1024\" height=\"684\" src=\"http:\/\/archiforma.lt\/wp-content\/uploads\/2019\/10\/DSC_8138-Edit-1024x684.jpg\" alt=\"\" data-id=\"2841\" data-link=\"http:\/\/archiforma.lt\/?attachment_id=2841\" class=\"wp-image-2841\" srcset=\"https:\/\/archiforma.lt\/wp-content\/uploads\/2019\/10\/DSC_8138-Edit-1024x684.jpg 1024w, https:\/\/archiforma.lt\/wp-content\/uploads\/2019\/10\/DSC_8138-Edit-300x200.jpg 300w, https:\/\/archiforma.lt\/wp-content\/uploads\/2019\/10\/DSC_8138-Edit-768x513.jpg 768w\" sizes=\"(max-width: 1024px) 100vw, 1024px\" \/><\/a><\/figure><\/li><li class=\"blocks-gallery-item\"><figure><a href=\"http:\/\/archiforma.lt\/wp-content\/uploads\/2019\/10\/DSC_8145-Edit-684x1024.jpg\"><img loading=\"lazy\" decoding=\"async\" width=\"684\" height=\"1024\" src=\"http:\/\/archiforma.lt\/wp-content\/uploads\/2019\/10\/DSC_8145-Edit-684x1024.jpg\" alt=\"\" data-id=\"2842\" data-link=\"http:\/\/archiforma.lt\/?attachment_id=2842\" class=\"wp-image-2842\" srcset=\"https:\/\/archiforma.lt\/wp-content\/uploads\/2019\/10\/DSC_8145-Edit-684x1024.jpg 684w, https:\/\/archiforma.lt\/wp-content\/uploads\/2019\/10\/DSC_8145-Edit-200x300.jpg 200w, https:\/\/archiforma.lt\/wp-content\/uploads\/2019\/10\/DSC_8145-Edit-768x1150.jpg 768w\" sizes=\"(max-width: 684px) 100vw, 684px\" \/><\/a><\/figure><\/li><li class=\"blocks-gallery-item\"><figure><a href=\"http:\/\/archiforma.lt\/wp-content\/uploads\/2019\/10\/DSC_8150-Edit-1024x683.jpg\"><img loading=\"lazy\" decoding=\"async\" width=\"1024\" height=\"683\" src=\"http:\/\/archiforma.lt\/wp-content\/uploads\/2019\/10\/DSC_8150-Edit-1024x683.jpg\" alt=\"\" data-id=\"2843\" data-link=\"http:\/\/archiforma.lt\/?attachment_id=2843\" class=\"wp-image-2843\" srcset=\"https:\/\/archiforma.lt\/wp-content\/uploads\/2019\/10\/DSC_8150-Edit-1024x683.jpg 1024w, https:\/\/archiforma.lt\/wp-content\/uploads\/2019\/10\/DSC_8150-Edit-300x200.jpg 300w, https:\/\/archiforma.lt\/wp-content\/uploads\/2019\/10\/DSC_8150-Edit-768x513.jpg 768w\" sizes=\"(max-width: 1024px) 100vw, 1024px\" \/><\/a><\/figure><\/li><li class=\"blocks-gallery-item\"><figure><a href=\"http:\/\/archiforma.lt\/wp-content\/uploads\/2019\/10\/DSC_8172-1024x684.jpg\"><img loading=\"lazy\" decoding=\"async\" width=\"1024\" height=\"684\" src=\"http:\/\/archiforma.lt\/wp-content\/uploads\/2019\/10\/DSC_8172-1024x684.jpg\" alt=\"\" data-id=\"2844\" data-link=\"http:\/\/archiforma.lt\/?attachment_id=2844\" class=\"wp-image-2844\" srcset=\"https:\/\/archiforma.lt\/wp-content\/uploads\/2019\/10\/DSC_8172-1024x684.jpg 1024w, https:\/\/archiforma.lt\/wp-content\/uploads\/2019\/10\/DSC_8172-300x200.jpg 300w, https:\/\/archiforma.lt\/wp-content\/uploads\/2019\/10\/DSC_8172-768x513.jpg 768w\" sizes=\"(max-width: 1024px) 100vw, 1024px\" \/><\/a><\/figure><\/li><li class=\"blocks-gallery-item\"><figure><a href=\"http:\/\/archiforma.lt\/wp-content\/uploads\/2019\/10\/DSC_8179-1024x684.jpg\"><img loading=\"lazy\" decoding=\"async\" width=\"1024\" height=\"684\" src=\"http:\/\/archiforma.lt\/wp-content\/uploads\/2019\/10\/DSC_8179-1024x684.jpg\" alt=\"\" data-id=\"2845\" data-link=\"http:\/\/archiforma.lt\/?attachment_id=2845\" class=\"wp-image-2845\" srcset=\"https:\/\/archiforma.lt\/wp-content\/uploads\/2019\/10\/DSC_8179-1024x684.jpg 1024w, https:\/\/archiforma.lt\/wp-content\/uploads\/2019\/10\/DSC_8179-300x200.jpg 300w, https:\/\/archiforma.lt\/wp-content\/uploads\/2019\/10\/DSC_8179-768x513.jpg 768w\" sizes=\"(max-width: 1024px) 100vw, 1024px\" \/><\/a><\/figure><\/li><li class=\"blocks-gallery-item\"><figure><a href=\"http:\/\/archiforma.lt\/wp-content\/uploads\/2019\/10\/DSC_8181-1024x684.jpg\"><img loading=\"lazy\" decoding=\"async\" width=\"1024\" height=\"684\" src=\"http:\/\/archiforma.lt\/wp-content\/uploads\/2019\/10\/DSC_8181-1024x684.jpg\" alt=\"\" data-id=\"2846\" data-link=\"http:\/\/archiforma.lt\/?attachment_id=2846\" class=\"wp-image-2846\" srcset=\"https:\/\/archiforma.lt\/wp-content\/uploads\/2019\/10\/DSC_8181-1024x684.jpg 1024w, https:\/\/archiforma.lt\/wp-content\/uploads\/2019\/10\/DSC_8181-300x200.jpg 300w, https:\/\/archiforma.lt\/wp-content\/uploads\/2019\/10\/DSC_8181-768x513.jpg 768w\" sizes=\"(max-width: 1024px) 100vw, 1024px\" \/><\/a><\/figure><\/li><li class=\"blocks-gallery-item\"><figure><a href=\"http:\/\/archiforma.lt\/wp-content\/uploads\/2019\/10\/DSC_8184-1024x684.jpg\"><img loading=\"lazy\" decoding=\"async\" width=\"1024\" height=\"684\" src=\"http:\/\/archiforma.lt\/wp-content\/uploads\/2019\/10\/DSC_8184-1024x684.jpg\" alt=\"\" data-id=\"2847\" data-link=\"http:\/\/archiforma.lt\/?attachment_id=2847\" class=\"wp-image-2847\" srcset=\"https:\/\/archiforma.lt\/wp-content\/uploads\/2019\/10\/DSC_8184-1024x684.jpg 1024w, https:\/\/archiforma.lt\/wp-content\/uploads\/2019\/10\/DSC_8184-300x200.jpg 300w, https:\/\/archiforma.lt\/wp-content\/uploads\/2019\/10\/DSC_8184-768x513.jpg 768w\" sizes=\"(max-width: 1024px) 100vw, 1024px\" \/><\/a><\/figure><\/li><li class=\"blocks-gallery-item\"><figure><a href=\"http:\/\/archiforma.lt\/wp-content\/uploads\/2019\/10\/DSC_8185-1024x684.jpg\"><img loading=\"lazy\" decoding=\"async\" width=\"1024\" height=\"684\" src=\"http:\/\/archiforma.lt\/wp-content\/uploads\/2019\/10\/DSC_8185-1024x684.jpg\" alt=\"\" data-id=\"2848\" data-link=\"http:\/\/archiforma.lt\/?attachment_id=2848\" class=\"wp-image-2848\" srcset=\"https:\/\/archiforma.lt\/wp-content\/uploads\/2019\/10\/DSC_8185-1024x684.jpg 1024w, https:\/\/archiforma.lt\/wp-content\/uploads\/2019\/10\/DSC_8185-300x200.jpg 300w, https:\/\/archiforma.lt\/wp-content\/uploads\/2019\/10\/DSC_8185-768x513.jpg 768w\" sizes=\"(max-width: 1024px) 100vw, 1024px\" \/><\/a><\/figure><\/li><li class=\"blocks-gallery-item\"><figure><a href=\"http:\/\/archiforma.lt\/wp-content\/uploads\/2019\/10\/DSC_8191-1024x684.jpg\"><img loading=\"lazy\" decoding=\"async\" width=\"1024\" height=\"684\" src=\"http:\/\/archiforma.lt\/wp-content\/uploads\/2019\/10\/DSC_8191-1024x684.jpg\" alt=\"\" data-id=\"2849\" data-link=\"http:\/\/archiforma.lt\/?attachment_id=2849\" class=\"wp-image-2849\" srcset=\"https:\/\/archiforma.lt\/wp-content\/uploads\/2019\/10\/DSC_8191-1024x684.jpg 1024w, https:\/\/archiforma.lt\/wp-content\/uploads\/2019\/10\/DSC_8191-300x200.jpg 300w, https:\/\/archiforma.lt\/wp-content\/uploads\/2019\/10\/DSC_8191-768x513.jpg 768w\" sizes=\"(max-width: 1024px) 100vw, 1024px\" \/><\/a><\/figure><\/li><li class=\"blocks-gallery-item\"><figure><a href=\"http:\/\/archiforma.lt\/wp-content\/uploads\/2019\/10\/DSC_8193-Edit-1024x684.jpg\"><img loading=\"lazy\" decoding=\"async\" width=\"1024\" height=\"684\" src=\"http:\/\/archiforma.lt\/wp-content\/uploads\/2019\/10\/DSC_8193-Edit-1024x684.jpg\" alt=\"\" data-id=\"2850\" data-link=\"http:\/\/archiforma.lt\/?attachment_id=2850\" class=\"wp-image-2850\" srcset=\"https:\/\/archiforma.lt\/wp-content\/uploads\/2019\/10\/DSC_8193-Edit-1024x684.jpg 1024w, https:\/\/archiforma.lt\/wp-content\/uploads\/2019\/10\/DSC_8193-Edit-300x200.jpg 300w, https:\/\/archiforma.lt\/wp-content\/uploads\/2019\/10\/DSC_8193-Edit-768x513.jpg 768w\" sizes=\"(max-width: 1024px) 100vw, 1024px\" \/><\/a><\/figure><\/li><li class=\"blocks-gallery-item\"><figure><a href=\"http:\/\/archiforma.lt\/wp-content\/uploads\/2019\/10\/DSC_8213-Edit-1024x684.jpg\"><img loading=\"lazy\" decoding=\"async\" width=\"1024\" height=\"684\" src=\"http:\/\/archiforma.lt\/wp-content\/uploads\/2019\/10\/DSC_8213-Edit-1024x684.jpg\" alt=\"\" data-id=\"2851\" data-link=\"http:\/\/archiforma.lt\/?attachment_id=2851\" class=\"wp-image-2851\" srcset=\"https:\/\/archiforma.lt\/wp-content\/uploads\/2019\/10\/DSC_8213-Edit-1024x684.jpg 1024w, https:\/\/archiforma.lt\/wp-content\/uploads\/2019\/10\/DSC_8213-Edit-300x200.jpg 300w, https:\/\/archiforma.lt\/wp-content\/uploads\/2019\/10\/DSC_8213-Edit-768x513.jpg 768w\" sizes=\"(max-width: 1024px) 100vw, 1024px\" \/><\/a><\/figure><\/li><li class=\"blocks-gallery-item\"><figure><a href=\"http:\/\/archiforma.lt\/wp-content\/uploads\/2019\/10\/DSC_8215-1024x684.jpg\"><img loading=\"lazy\" decoding=\"async\" width=\"1024\" height=\"684\" src=\"http:\/\/archiforma.lt\/wp-content\/uploads\/2019\/10\/DSC_8215-1024x684.jpg\" alt=\"\" data-id=\"2852\" data-link=\"http:\/\/archiforma.lt\/?attachment_id=2852\" class=\"wp-image-2852\" srcset=\"https:\/\/archiforma.lt\/wp-content\/uploads\/2019\/10\/DSC_8215-1024x684.jpg 1024w, https:\/\/archiforma.lt\/wp-content\/uploads\/2019\/10\/DSC_8215-300x200.jpg 300w, https:\/\/archiforma.lt\/wp-content\/uploads\/2019\/10\/DSC_8215-768x513.jpg 768w\" sizes=\"(max-width: 1024px) 100vw, 1024px\" \/><\/a><\/figure><\/li><li class=\"blocks-gallery-item\"><figure><a href=\"http:\/\/archiforma.lt\/wp-content\/uploads\/2019\/10\/DSC_8227-1024x684.jpg\"><img loading=\"lazy\" decoding=\"async\" width=\"1024\" height=\"684\" src=\"http:\/\/archiforma.lt\/wp-content\/uploads\/2019\/10\/DSC_8227-1024x684.jpg\" alt=\"\" data-id=\"2853\" data-link=\"http:\/\/archiforma.lt\/?attachment_id=2853\" class=\"wp-image-2853\" srcset=\"https:\/\/archiforma.lt\/wp-content\/uploads\/2019\/10\/DSC_8227-1024x684.jpg 1024w, https:\/\/archiforma.lt\/wp-content\/uploads\/2019\/10\/DSC_8227-300x200.jpg 300w, https:\/\/archiforma.lt\/wp-content\/uploads\/2019\/10\/DSC_8227-768x513.jpg 768w\" sizes=\"(max-width: 1024px) 100vw, 1024px\" \/><\/a><\/figure><\/li><\/ul>\n","protected":false},"excerpt":{"rendered":"<p>Architektai: A. Trimonio architekt\u0173 biuras, projekto autorius Alfredas Trimonis, projekt\u0105 rengiant dalyvavo Rita Kundrotait\u0117, R\u016bta Trimonyt\u0117, Tumas Kavaliauskas Vieta: U\u017eupio g. 40, Vilnius Sklypo plotas: 0,1458 ha Bendras plotas: 1\u00a0540,56 kv. m.Metai: 2011\u20132018Fotografas: Ri\u010dardas \u010cerbul\u0117nas Vienas i\u0161 Vilniaus kult\u016bros \u017eidini\u0173&nbsp;\u2013 U\u017eupis ne tik nepaliauja stebinti savo unikalia dvasia, bet ir nuolatos augdamas ir keisdamasis apdovanoja [&hellip;]<\/p>\n","protected":false},"author":2,"featured_media":0,"comment_status":"open","ping_status":"open","sticky":false,"template":"","format":"standard","meta":{"footnotes":""},"categories":[115,45,23,49,11,32],"tags":[],"views":139,"_links":{"self":[{"href":"https:\/\/archiforma.lt\/index.php?rest_route=\/wp\/v2\/posts\/2838"}],"collection":[{"href":"https:\/\/archiforma.lt\/index.php?rest_route=\/wp\/v2\/posts"}],"about":[{"href":"https:\/\/archiforma.lt\/index.php?rest_route=\/wp\/v2\/types\/post"}],"author":[{"embeddable":true,"href":"https:\/\/archiforma.lt\/index.php?rest_route=\/wp\/v2\/users\/2"}],"replies":[{"embeddable":true,"href":"https:\/\/archiforma.lt\/index.php?rest_route=%2Fwp%2Fv2%2Fcomments&post=2838"}],"version-history":[{"count":1,"href":"https:\/\/archiforma.lt\/index.php?rest_route=\/wp\/v2\/posts\/2838\/revisions"}],"predecessor-version":[{"id":2854,"href":"https:\/\/archiforma.lt\/index.php?rest_route=\/wp\/v2\/posts\/2838\/revisions\/2854"}],"wp:attachment":[{"href":"https:\/\/archiforma.lt\/index.php?rest_route=%2Fwp%2Fv2%2Fmedia&parent=2838"}],"wp:term":[{"taxonomy":"category","embeddable":true,"href":"https:\/\/archiforma.lt\/index.php?rest_route=%2Fwp%2Fv2%2Fcategories&post=2838"},{"taxonomy":"post_tag","embeddable":true,"href":"https:\/\/archiforma.lt\/index.php?rest_route=%2Fwp%2Fv2%2Ftags&post=2838"}],"curies":[{"name":"wp","href":"https:\/\/api.w.org\/{rel}","templated":true}]}}