{"id":2782,"date":"2019-03-14T13:02:43","date_gmt":"2019-03-14T11:02:43","guid":{"rendered":"http:\/\/archiforma.lt\/?p=2782"},"modified":"2019-03-14T13:10:51","modified_gmt":"2019-03-14T11:10:51","slug":"geriausia-2018-metu-realizacija-kasmetis-zurnalo-archiforma-renginys","status":"publish","type":"post","link":"https:\/\/archiforma.lt\/?p=2782","title":{"rendered":"\u201eGeriausia 2018 met\u0173 realizacija\u201c. Kasmetis \u017eurnalo \u201eArchiforma\u201c renginys"},"content":{"rendered":"\n<figure class=\"wp-block-image\"><img loading=\"lazy\" decoding=\"async\" width=\"1024\" height=\"683\" src=\"http:\/\/archiforma.lt\/wp-content\/uploads\/2019\/03\/DSC_9675-1024x683.jpg\" alt=\"\" class=\"wp-image-2804\" srcset=\"https:\/\/archiforma.lt\/wp-content\/uploads\/2019\/03\/DSC_9675-1024x683.jpg 1024w, https:\/\/archiforma.lt\/wp-content\/uploads\/2019\/03\/DSC_9675-300x200.jpg 300w, https:\/\/archiforma.lt\/wp-content\/uploads\/2019\/03\/DSC_9675-768x513.jpg 768w\" sizes=\"(max-width: 1024px) 100vw, 1024px\" \/><\/figure>\n\n\n\n<p>\u0160i\u0173 met\u0173 vasario\n22 dien\u0105 \u012fvyko tradiciniai \u017eurnalo \u201eArchiforma\u201c organizuojami \u201eGeriausios 2018&nbsp;met\u0173\nrealizacijos\u201c apdovanojimai. \u0160is renginys vyksta nuo 1996&nbsp;met\u0173, t.&nbsp;y.\nnet 23-i\u0105j\u012f kart\u0105. Ir b\u016btent \u0161ie apdovanojimai turi i\u0161skirtin\u012f format\u0105:\nlaim\u0117toj\u0105 i\u0161renka pra\u0117jusi\u0173 met\u0173 laureatai. \u0160iemet nugal\u0117tojus rinko\n\u201eArchinovos\u201c kolektyvas, pra\u0117jusiais metais laim\u0117j\u0119s priz\u0105 u\u017e \u201eGreenHall2\u201c\nverslo centro realizacij\u0105.<\/p>\n\n\n\n<!--more-->\n\n\n\n<ul class=\"wp-block-gallery columns-3 is-cropped wp-block-gallery-1 is-layout-flex wp-block-gallery-is-layout-flex\"><li class=\"blocks-gallery-item\"><figure><img loading=\"lazy\" decoding=\"async\" width=\"1024\" height=\"1024\" src=\"http:\/\/archiforma.lt\/wp-content\/uploads\/2019\/03\/52541568_350815202429949_9222828487268630528_n-1-1-1024x1024.jpg\" alt=\"\" data-id=\"2793\" data-link=\"http:\/\/archiforma.lt\/?attachment_id=2793\" class=\"wp-image-2793\" srcset=\"https:\/\/archiforma.lt\/wp-content\/uploads\/2019\/03\/52541568_350815202429949_9222828487268630528_n-1-1-1024x1024.jpg 1024w, https:\/\/archiforma.lt\/wp-content\/uploads\/2019\/03\/52541568_350815202429949_9222828487268630528_n-1-1-150x150.jpg 150w, https:\/\/archiforma.lt\/wp-content\/uploads\/2019\/03\/52541568_350815202429949_9222828487268630528_n-1-1-300x300.jpg 300w, https:\/\/archiforma.lt\/wp-content\/uploads\/2019\/03\/52541568_350815202429949_9222828487268630528_n-1-1-768x768.jpg 768w\" sizes=\"(max-width: 1024px) 100vw, 1024px\" \/><\/figure><\/li><li class=\"blocks-gallery-item\"><figure><img loading=\"lazy\" decoding=\"async\" width=\"817\" height=\"545\" src=\"http:\/\/archiforma.lt\/wp-content\/uploads\/2019\/03\/duplex.jpg\" alt=\"\" data-id=\"2794\" data-link=\"http:\/\/archiforma.lt\/?attachment_id=2794\" class=\"wp-image-2794\" srcset=\"https:\/\/archiforma.lt\/wp-content\/uploads\/2019\/03\/duplex.jpg 817w, https:\/\/archiforma.lt\/wp-content\/uploads\/2019\/03\/duplex-300x200.jpg 300w, https:\/\/archiforma.lt\/wp-content\/uploads\/2019\/03\/duplex-768x512.jpg 768w\" sizes=\"(max-width: 817px) 100vw, 817px\" \/><\/figure><\/li><li class=\"blocks-gallery-item\"><figure><img loading=\"lazy\" decoding=\"async\" width=\"785\" height=\"523\" src=\"http:\/\/archiforma.lt\/wp-content\/uploads\/2019\/03\/Internamas.jpg\" alt=\"\" data-id=\"2795\" data-link=\"http:\/\/archiforma.lt\/?attachment_id=2795\" class=\"wp-image-2795\" srcset=\"https:\/\/archiforma.lt\/wp-content\/uploads\/2019\/03\/Internamas.jpg 785w, https:\/\/archiforma.lt\/wp-content\/uploads\/2019\/03\/Internamas-300x200.jpg 300w, https:\/\/archiforma.lt\/wp-content\/uploads\/2019\/03\/Internamas-768x512.jpg 768w\" sizes=\"(max-width: 785px) 100vw, 785px\" \/><\/figure><\/li><li class=\"blocks-gallery-item\"><figure><img loading=\"lazy\" decoding=\"async\" width=\"927\" height=\"487\" src=\"http:\/\/archiforma.lt\/wp-content\/uploads\/2019\/03\/mo.jpg\" alt=\"\" data-id=\"2796\" data-link=\"http:\/\/archiforma.lt\/?attachment_id=2796\" class=\"wp-image-2796\" srcset=\"https:\/\/archiforma.lt\/wp-content\/uploads\/2019\/03\/mo.jpg 927w, https:\/\/archiforma.lt\/wp-content\/uploads\/2019\/03\/mo-300x158.jpg 300w, https:\/\/archiforma.lt\/wp-content\/uploads\/2019\/03\/mo-768x403.jpg 768w\" sizes=\"(max-width: 927px) 100vw, 927px\" \/><\/figure><\/li><li class=\"blocks-gallery-item\"><figure><img loading=\"lazy\" decoding=\"async\" width=\"934\" height=\"559\" src=\"http:\/\/archiforma.lt\/wp-content\/uploads\/2019\/03\/Untitled-1.jpg\" alt=\"\" data-id=\"2797\" data-link=\"http:\/\/archiforma.lt\/?attachment_id=2797\" class=\"wp-image-2797\" srcset=\"https:\/\/archiforma.lt\/wp-content\/uploads\/2019\/03\/Untitled-1.jpg 934w, https:\/\/archiforma.lt\/wp-content\/uploads\/2019\/03\/Untitled-1-300x180.jpg 300w, https:\/\/archiforma.lt\/wp-content\/uploads\/2019\/03\/Untitled-1-768x460.jpg 768w\" sizes=\"(max-width: 934px) 100vw, 934px\" \/><\/figure><\/li><\/ul>\n\n\n\n<p>Architekt\u0173\nkomandai \u201eArchinova\u201c teko i\u0161ties nelengva u\u017eduotis. Redakcija, kaip ir kasmet,\npateik\u0117 penkis einamaisiais metais realizuotus ir \u017eurnale pristatytus objektus.\n\u012e \u0161\u012f s\u0105ra\u0161\u0105 pateko: vie\u0161butis \u201ePacai\u201c Vilniuje. Aut.: UAB \u201eForma\u201c (archit.\nSaulius Mik\u0161tas, Rapolas B\u0117\u010dius, Elvita \u0160limien\u0117, Gaudr\u0117 Mik\u0161tien\u0117, Tautvydas\n\u010caplikas, Andrius Zanevi\u010dius, \u0160ar\u016bnas Verbus); SEB bankas, Nemuno g. 3, Kaunas.\nAut.: UAB \u201eArchitekt\u0173 biuras G.&nbsp;Natkevi\u010dius ir partneriai\u201c (archit.\nGintautas Natkevi\u010dius, Adomas Rim\u0161elis, Ronaldas Pu\u010dka); MO muziejus Vilniuje.\nAut.: \u201eStudio Libeskind\u201c ir \u201eDo Architects\u201c (Andr\u0117 Baldi\u0161i\u016bt\u0117, Sabina\nDaug\u0117lien\u0117, Domantas Luk\u0161\u0117nas, Dovil\u0117 Skrupskelien\u0117, Norbert Tukaj, Aurimas\nBau\u017eys, Egl\u0117 Varapeckyt\u0117, D\u017eiugas Karalius, Egl\u0117 Skuodait\u0117, Kasparas \u017diliukas);\nInternamas. M.&nbsp;K.&nbsp;\u010ciurlionio men\u0173 mokyklos bendrabu\u010dio rekonstrukcija\nVilniuje. Aut.: UAB \u201eVilniaus architekt\u016bros studija\u201c (archit. Algimantas\nPliu\u010das, Ernesta Skukauskien\u0117, Aurimas Syrusas); du namai Turni\u0161k\u0117se, Vilniuje.\nAut.: Architekt\u016bros studija \u201ePlazma\u201c (archit. Rytis Mikulionis, Paulius\nPaska\u010dimas). \u0160ie objektai buvo i\u0161rinkti dar sausio m\u0117nes\u012f, tad \u201eArchinovos\u201c\nkomanda tur\u0117jo i\u0161 tikr\u0173j\u0173 pakankamai laiko i\u0161analizuoti kiekvien\u0105 i\u0161 nominuot\u0173\nrealizacij\u0173.<\/p>\n\n\n\n<p>\u012e rengin\u012f,\norganizuojam\u0105 Lietuvos architekt\u0173 s\u0105jungos r\u016bmuose, pasitinkant gyvos muzikos\ngarsams, penktadienio vakar\u0105 susirinko nema\u017eas b\u016brys koleg\u0173 architekt\u0173 ir\nbesidomin\u010di\u0173 architekt\u016bra \u017emoni\u0173. Rengin\u012f prad\u0117jo \u017eurnalo \u201eArchiforma\u201c\nvyriausioji redaktor\u0117 Greta Trapikien\u0117, v\u0117liau sveikinimo \u017eod\u017eius tar\u0117 renginio\nmecenatai \u201eTechnoNicol\u201c, atstovaujami direktoriaus Justo Razmo, bei generalinio\nr\u0117m\u0117jo \u201eJung\u201c atstovas Vaidotas Bij\u016bnas. <\/p>\n\n\n\n<p>\u017dinoma, visi\nlauk\u0117 ir \u201eArchinovos\u201c komandos nario Aleksandro Gvild\u017eio pristatymo. Kaip ir\nkasmet, kiekvienas objektas pristatytas atskirai, ap\u017evelgiant architekt\u016brines,\nkonstrukcines, funkcines charakteristikas. Ap\u017evelgiami objektai sulauk\u0117 ne tik\npagyr\u0173, bet ir pasi\u016blym\u0173, \u012f\u017evalg\u0173 d\u0117l tam tikr\u0173 sprendini\u0173. Po A.&nbsp;Gvild\u017eio\nap\u017evalgos, generalinio r\u0117m\u0117jo \u201eJung\u201c direktorius Raimundas Skurdenis,\npasveikin\u0119s visus nominantus ir sve\u010dius, \u012fsteig\u0117 bei \u012fteik\u0117 nominacijos\n\u201eI\u0161maniausio pastato\u201c priz\u0105 MO muziejaus architektams \u201eDo Architects\u201c.<\/p>\n\n\n\n<p>Paskelbti\nlaim\u0117tojus redaktor\u0117 G.&nbsp;Trapikien\u0117 \u012f scen\u0105 pakviet\u0117 Lietuvos architekt\u0173\ns\u0105jungos pirminink\u0119 R\u016bt\u0105 Leitanait\u0119 bei \u201eTechnoNicol\u201c vadov\u0105 Just\u0105 Razm\u0173.\n\u0160iemet geriausia realizacija buvo paskelbtas vie\u0161butis \u201ePacai\u201c Vilniuje. Aut.:\nUAB \u201eForma\u201c (archit. Saulius Mik\u0161tas, Rapolas B\u0117\u010dius, Elvita \u0160limien\u0117, Gaudr\u0117\nMik\u0161tien\u0117, Tautvydas \u010caplikas, Andrius Zanevi\u010dius, \u0160ar\u016bnas Verbus). \u201eFormos\u201c\nkomanda buvo apdovanota ir ilgame\u010di\u0173 \u201eArchiformos\u201c bendra\u017eygi\u0173 \u201eVadasiga\u201c prizu&nbsp;\u2013\ni\u0161skirtinio dizaino biuro k\u0117de.<\/p>\n\n\n\n<p>\u201eArchiformos\u201c\nvardu dar kart\u0105 d\u0117kojame m\u016bs\u0173 r\u0117m\u0117jams, kurie prisideda prie vienintelio\nLietuvoje kult\u016brinio architekt\u016bros \u017eurnalo! Trumpai apie juos:<\/p>\n\n\n\n<p><strong>Mecenatas \u201eTechnoNicol\u201c<\/strong>:\ntai viena did\u017eiausi\u0173 statybini\u0173 med\u017eiag\u0173 gamintoj\u0173 Europoje, \u012fkurta 1993&nbsp;metais.\n\u012emon\u0117 valdo 53 gamyklas 7-iose \u0161alyse, 18 mokymo ir 6 mokslinius centrus bei 22\natstovybes 18-koje pasaulio valstybi\u0173. Savo produkcij\u0105 \u201eTechnoNicol\u201c tiekia \u012f\ndaugiau nei 90 pasaulio valstybi\u0173.<\/p>\n\n\n\n<p>\u201eTechnoNicol\u201c\nasortiment\u0105 sudaro stogo dangos ir hidroizoliacin\u0117s bei termoizoliacin\u0117s\nmed\u017eiagos. Kompanijos misija&nbsp;\u2013 dirbti \u017emoni\u0173 gerovei, kad jiems b\u016bt\u0173 \u0161ilta\nir jauku gyventi savo namuose, bei prisid\u0117ti statant tokius namus ir pastatus,\nkuriuose \u017emon\u0117s b\u016bt\u0173 laimingi.<\/p>\n\n\n\n<p><strong>Generalinis r\u0117m\u0117jas \u201eJung\u201c<\/strong>:\nVokietijos bendrov\u0117 \u201eAlbrecht Jung GmbH &amp; Co\u201c&nbsp;\u2013 tai \u0161imtametes tradicijas\npuosel\u0117janti elektros instaliacijos gamini\u0173 ir i\u0161mani\u0173j\u0173 namo sistem\u0173\ngamintoja.&nbsp;<br>\nJUNG vardas bei prek\u0117s \u017eenklas populiarus ir pasaulyje\npripa\u017e\u012fstamas kaip vienas elektros instaliacijos gamini\u0173 rinkos lyderi\u0173.\nBendrov\u0117s produkt\u0173 palet\u0119 sudaro daugiau kaip 7&nbsp;000\n\u012fvairi\u0173 gamini\u0173. Jai b\u016bdinga dizaino \u012fvairov\u0117 ir technini\u0173 sprendim\u0173 gausa\nleid\u017eia patenkinti visus \u0161iuolaikin\u0117s elektros instaliacijos poreikius.<\/p>\n\n\n\n<p><strong>R\u0117m\u0117jas \u201eVadasiga\u201c<\/strong> : \u012fmon\u0117je,\n\u012fkurtoje 2004&nbsp;metais, suburtas profesional\u0173 kolektyvas, turintis ilgamet\u0117s\npatirties bald\u0173 versle. Darbuotoj\u0173 sukauptos \u017einios ir patirtis greitai\nu\u017esitarnavo pripa\u017einim\u0105 bei pasitik\u0117jim\u0105 tarp klient\u0173 ir architekt\u0173. Savo\nklientams si\u016blome tik auk\u0161tos kokyb\u0117s, i\u0161skirtinio dizaino baldus. Profesional\u0173\nkolektyvas pateiks Jums restorano, biuro, vie\u0161bu\u010dio ar sporto centro projekt\u0105 nuo\nkoncepcin\u0117s id\u0117jos iki konkre\u010di\u0173, tik Jums suprojektuot\u0173 bald\u0173 projekto.<\/p>\n\n\n\n<p><strong>R\u0117m\u0117jas \u201eSch\u00fcco\u201c<\/strong>: \u012fmon\u0117\nprojektuoja ir tiekia sisteminius lang\u0173, dur\u0173, fasad\u0173, slanki\u0173j\u0173 konstrukcij\u0173,\napsaugos technikos ir saul\u0117s kontrol\u0117s sprendimus. Greta \u0161i\u0173 pa\u017eangi\u0173 produkt\u0173,\nskirt\u0173 gyvenamiesiems ir administraciniams pastatams, pastato i\u0161orinio\napvalkalo specialistas teikia konsultacijas ir skaitmeninius sprendimus visais statybos\nprojekto etapais&nbsp;\u2013 nuo pradin\u0117s id\u0117jos, projektavimo ir gamybos iki montavimo.\n\u012emon\u0117s produkt\u0173 ir paslaug\u0173 asortiment\u0105 papildo gamybos \u012frengimai ir 360\u00b0\ntvaraus gyvavimo ciklas.<\/p>\n\n\n\n<p><strong>R\u0117m\u0117jas \u201eUnideco\u201c<\/strong>: specializuotas\nprekybos centras profesionaliems nam\u0173 k\u016br\u0117jams po vienu stogu, talpinantis net\n33 specializuotus apdailos bei interjero med\u017eiag\u0173 salonus. Architektai,\ninterjero dizaineriai bei namus \u012fsirengin\u0117jantys \u017emon\u0117s \u010dia randa ne tik kokybi\u0161k\u0173\napdailos bei interjero med\u017eiag\u0173, bet ir profesionali\u0173 specialist\u0173 konsultacij\u0173.\nPrekybos centras i\u0161siskiria kokybi\u0161ko asortimento u\u017e prieinam\u0105 kain\u0105 gausa.\nUnikalus, nes turi savit\u0105 format\u0105&nbsp;\u2013 atspindi prakti\u0161kum\u0105 ir profesional\u0173\npo\u017ei\u016br\u012f \u012f nam\u0173 \u012frengim\u0105.<\/p>\n\n\n\n<p><strong>R\u0117m\u0117jas \u201eDomus Lumina\u201c<\/strong>:\n\u012fmon\u0117, jau 11 met\u0173 prekiaujanti auk\u0161tos kokyb\u0117s i\u0161skirtinio dizaino lang\u0173\nu\u017edengimais. \u201eDomus Lumina\u201c gaminiai pasi\u017eymi auk\u0161ta kokybe, o klientus\naptarnauja kvalifikuoti specialistai. M\u016bs\u0173 darbuotojai nuolatos tobulina savo\n\u017einias, stebi rinkos tendencijas ir technologines bei dizaino naujienas\ndalyvaudami tiek Lietuvos, tiek tarptautin\u0117se statyb\u0173, interjero ir dizaino\nparodose. \u201eDomus Lumina\u201c yra \u017einoma kaip neribot\u0173 galimybi\u0173 \u012fmon\u0117, pirmaujanti\npagal itin plat\u0173 audini\u0173 ra\u0161t\u0173 ir spalv\u0173 asortiment\u0105, didel\u012f konstrukcij\u0173 ir\nmechanizm\u0173 pasirinkim\u0105, automatikos pritaikym\u0105 gaminamai produkcijai,\n\u012fgyvendinamus projektus. Gamyboje naudojame pa\u017eangiausias technologijas,\nkokybi\u0161kas med\u017eiagas ir vartotojui pateikiame \u0161iuolaikines interjero\ntendencijas atitinkan\u010dius gaminius.<\/p>\n\n\n\n<p><strong>R\u0117m\u0117jas \u201eBeola\u201c<\/strong>: \u012fkurta 1993\nmetais, savo veikl\u0105 prad\u0117jo garsiosios dan\u0173 kompanijos \u201eBang &amp; Olufsen\u201c atstovavimu\nLietuvoje. Suradusi rink\u0105 kokybi\u0161kai garso ir vaizdo technikai, \u201eBeola\u201c i\u0161pl\u0117t\u0117\nsavo veikl\u0105. \u0160iuo metu esamiems ir b\u016bsimiems klientams kompanija gali pasi\u016blyti\npasaulin\u012f pripa\u017einim\u0105 pelniusi\u0173 Vokietijos, Austrijos, Skandinavijos ir\nItalijos gamintoj\u0173 bald\u0173 ir interjer\u0173 aksesuar\u0173. Mes si\u016blome virtuv\u0117s,\nsvetain\u0117s, miegamojo, lauko, biuro bei kitus visuomenini\u0173 objekt\u0173 baldus, \u012fvairias\ninterjero detales.<\/p>\n\n\n\n<p><strong>R\u0117m\u0117jas \u201eInSpe\u201c<\/strong>: reklamos studija \u201eInSpe\u201c \u2013 did\u017eiausia ir pla\u010diausi\u0105 paslaug\u0173 spektr\u0105 teikianti reklamos agent\u016bra Lietuvoje. Dvide\u0161imtmet\u0117 \u201eInSpe\u201c sukaup\u0117 i\u0161skirtin\u0119 patirt\u012f dirbdama su \u012fvairiais reklamos projektais, yra vertinama ir kit\u0173 Europos \u0161ali\u0173 \u012fmoni\u0173.<\/p>\n\n\n\n<ul class=\"wp-block-gallery columns-3 is-cropped wp-block-gallery-2 is-layout-flex wp-block-gallery-is-layout-flex\"><li class=\"blocks-gallery-item\"><figure><img loading=\"lazy\" decoding=\"async\" width=\"1024\" height=\"576\" src=\"http:\/\/archiforma.lt\/wp-content\/uploads\/2019\/03\/53652952_2262450170634900_2928463969775517696_n-1024x576.jpg\" alt=\"\" data-id=\"2783\" data-link=\"http:\/\/archiforma.lt\/?attachment_id=2783\" class=\"wp-image-2783\" srcset=\"https:\/\/archiforma.lt\/wp-content\/uploads\/2019\/03\/53652952_2262450170634900_2928463969775517696_n-1024x576.jpg 1024w, https:\/\/archiforma.lt\/wp-content\/uploads\/2019\/03\/53652952_2262450170634900_2928463969775517696_n-300x169.jpg 300w, https:\/\/archiforma.lt\/wp-content\/uploads\/2019\/03\/53652952_2262450170634900_2928463969775517696_n-768x432.jpg 768w, https:\/\/archiforma.lt\/wp-content\/uploads\/2019\/03\/53652952_2262450170634900_2928463969775517696_n.jpg 1920w\" sizes=\"(max-width: 1024px) 100vw, 1024px\" \/><\/figure><\/li><li class=\"blocks-gallery-item\"><figure><img loading=\"lazy\" decoding=\"async\" width=\"1024\" height=\"684\" src=\"http:\/\/archiforma.lt\/wp-content\/uploads\/2019\/03\/DSC_6350-1024x684.jpg\" alt=\"\" data-id=\"2784\" data-link=\"http:\/\/archiforma.lt\/?attachment_id=2784\" class=\"wp-image-2784\" srcset=\"https:\/\/archiforma.lt\/wp-content\/uploads\/2019\/03\/DSC_6350-1024x684.jpg 1024w, https:\/\/archiforma.lt\/wp-content\/uploads\/2019\/03\/DSC_6350-300x200.jpg 300w, https:\/\/archiforma.lt\/wp-content\/uploads\/2019\/03\/DSC_6350-768x513.jpg 768w\" sizes=\"(max-width: 1024px) 100vw, 1024px\" \/><\/figure><\/li><li class=\"blocks-gallery-item\"><figure><img loading=\"lazy\" decoding=\"async\" width=\"1024\" height=\"684\" src=\"http:\/\/archiforma.lt\/wp-content\/uploads\/2019\/03\/DSC_6413-1024x684.jpg\" alt=\"\" data-id=\"2785\" data-link=\"http:\/\/archiforma.lt\/?attachment_id=2785\" class=\"wp-image-2785\" srcset=\"https:\/\/archiforma.lt\/wp-content\/uploads\/2019\/03\/DSC_6413-1024x684.jpg 1024w, https:\/\/archiforma.lt\/wp-content\/uploads\/2019\/03\/DSC_6413-300x200.jpg 300w, https:\/\/archiforma.lt\/wp-content\/uploads\/2019\/03\/DSC_6413-768x513.jpg 768w\" sizes=\"(max-width: 1024px) 100vw, 1024px\" \/><\/figure><\/li><li class=\"blocks-gallery-item\"><figure><img loading=\"lazy\" decoding=\"async\" width=\"1024\" height=\"684\" src=\"http:\/\/archiforma.lt\/wp-content\/uploads\/2019\/03\/DSC_6425-1024x684.jpg\" alt=\"\" data-id=\"2786\" data-link=\"http:\/\/archiforma.lt\/?attachment_id=2786\" class=\"wp-image-2786\" srcset=\"https:\/\/archiforma.lt\/wp-content\/uploads\/2019\/03\/DSC_6425-1024x684.jpg 1024w, https:\/\/archiforma.lt\/wp-content\/uploads\/2019\/03\/DSC_6425-300x200.jpg 300w, https:\/\/archiforma.lt\/wp-content\/uploads\/2019\/03\/DSC_6425-768x513.jpg 768w\" sizes=\"(max-width: 1024px) 100vw, 1024px\" \/><\/figure><\/li><li class=\"blocks-gallery-item\"><figure><img loading=\"lazy\" decoding=\"async\" width=\"1024\" height=\"683\" src=\"http:\/\/archiforma.lt\/wp-content\/uploads\/2019\/03\/DSC_6448-1024x683.jpg\" alt=\"\" data-id=\"2787\" data-link=\"http:\/\/archiforma.lt\/?attachment_id=2787\" class=\"wp-image-2787\" srcset=\"https:\/\/archiforma.lt\/wp-content\/uploads\/2019\/03\/DSC_6448-1024x683.jpg 1024w, https:\/\/archiforma.lt\/wp-content\/uploads\/2019\/03\/DSC_6448-300x200.jpg 300w, https:\/\/archiforma.lt\/wp-content\/uploads\/2019\/03\/DSC_6448-768x512.jpg 768w\" sizes=\"(max-width: 1024px) 100vw, 1024px\" \/><\/figure><\/li><li class=\"blocks-gallery-item\"><figure><img loading=\"lazy\" decoding=\"async\" width=\"684\" height=\"1024\" src=\"http:\/\/archiforma.lt\/wp-content\/uploads\/2019\/03\/DSC_6571-684x1024.jpg\" alt=\"\" data-id=\"2799\" data-link=\"http:\/\/archiforma.lt\/?attachment_id=2799\" class=\"wp-image-2799\" srcset=\"https:\/\/archiforma.lt\/wp-content\/uploads\/2019\/03\/DSC_6571-684x1024.jpg 684w, https:\/\/archiforma.lt\/wp-content\/uploads\/2019\/03\/DSC_6571-200x300.jpg 200w, https:\/\/archiforma.lt\/wp-content\/uploads\/2019\/03\/DSC_6571-768x1150.jpg 768w\" sizes=\"(max-width: 684px) 100vw, 684px\" \/><\/figure><\/li><li class=\"blocks-gallery-item\"><figure><img loading=\"lazy\" decoding=\"async\" width=\"1024\" height=\"684\" src=\"http:\/\/archiforma.lt\/wp-content\/uploads\/2019\/03\/DSC_6600-1024x684.jpg\" alt=\"\" data-id=\"2800\" data-link=\"http:\/\/archiforma.lt\/?attachment_id=2800\" class=\"wp-image-2800\" srcset=\"https:\/\/archiforma.lt\/wp-content\/uploads\/2019\/03\/DSC_6600-1024x684.jpg 1024w, https:\/\/archiforma.lt\/wp-content\/uploads\/2019\/03\/DSC_6600-300x200.jpg 300w, https:\/\/archiforma.lt\/wp-content\/uploads\/2019\/03\/DSC_6600-768x513.jpg 768w\" sizes=\"(max-width: 1024px) 100vw, 1024px\" \/><\/figure><\/li><li class=\"blocks-gallery-item\"><figure><img loading=\"lazy\" decoding=\"async\" width=\"1024\" height=\"731\" src=\"http:\/\/archiforma.lt\/wp-content\/uploads\/2019\/03\/DSC_6653-Edit-1024x731.jpg\" alt=\"\" data-id=\"2801\" data-link=\"http:\/\/archiforma.lt\/?attachment_id=2801\" class=\"wp-image-2801\" srcset=\"https:\/\/archiforma.lt\/wp-content\/uploads\/2019\/03\/DSC_6653-Edit-1024x731.jpg 1024w, https:\/\/archiforma.lt\/wp-content\/uploads\/2019\/03\/DSC_6653-Edit-300x214.jpg 300w, https:\/\/archiforma.lt\/wp-content\/uploads\/2019\/03\/DSC_6653-Edit-768x549.jpg 768w\" sizes=\"(max-width: 1024px) 100vw, 1024px\" \/><\/figure><\/li><li class=\"blocks-gallery-item\"><figure><img loading=\"lazy\" decoding=\"async\" width=\"1024\" height=\"684\" src=\"http:\/\/archiforma.lt\/wp-content\/uploads\/2019\/03\/DSC_6664-1024x684.jpg\" alt=\"\" data-id=\"2802\" data-link=\"http:\/\/archiforma.lt\/?attachment_id=2802\" class=\"wp-image-2802\" srcset=\"https:\/\/archiforma.lt\/wp-content\/uploads\/2019\/03\/DSC_6664-1024x684.jpg 1024w, https:\/\/archiforma.lt\/wp-content\/uploads\/2019\/03\/DSC_6664-300x200.jpg 300w, https:\/\/archiforma.lt\/wp-content\/uploads\/2019\/03\/DSC_6664-768x513.jpg 768w\" sizes=\"(max-width: 1024px) 100vw, 1024px\" \/><\/figure><\/li><\/ul>\n","protected":false},"excerpt":{"rendered":"<p>\u0160i\u0173 met\u0173 vasario 22 dien\u0105 \u012fvyko tradiciniai \u017eurnalo \u201eArchiforma\u201c organizuojami \u201eGeriausios 2018&nbsp;met\u0173 realizacijos\u201c apdovanojimai. \u0160is renginys vyksta nuo 1996&nbsp;met\u0173, t.&nbsp;y. net 23-i\u0105j\u012f kart\u0105. Ir b\u016btent \u0161ie apdovanojimai turi i\u0161skirtin\u012f format\u0105: laim\u0117toj\u0105 i\u0161renka pra\u0117jusi\u0173 met\u0173 laureatai. \u0160iemet nugal\u0117tojus rinko \u201eArchinovos\u201c kolektyvas, pra\u0117jusiais metais laim\u0117j\u0119s priz\u0105 u\u017e \u201eGreenHall2\u201c verslo centro realizacij\u0105.<\/p>\n","protected":false},"author":2,"featured_media":0,"comment_status":"open","ping_status":"open","sticky":true,"template":"","format":"standard","meta":{"footnotes":""},"categories":[45,9,23,32],"tags":[91,51,117,120,93,118,119],"views":35,"_links":{"self":[{"href":"https:\/\/archiforma.lt\/index.php?rest_route=\/wp\/v2\/posts\/2782"}],"collection":[{"href":"https:\/\/archiforma.lt\/index.php?rest_route=\/wp\/v2\/posts"}],"about":[{"href":"https:\/\/archiforma.lt\/index.php?rest_route=\/wp\/v2\/types\/post"}],"author":[{"embeddable":true,"href":"https:\/\/archiforma.lt\/index.php?rest_route=\/wp\/v2\/users\/2"}],"replies":[{"embeddable":true,"href":"https:\/\/archiforma.lt\/index.php?rest_route=%2Fwp%2Fv2%2Fcomments&post=2782"}],"version-history":[{"count":3,"href":"https:\/\/archiforma.lt\/index.php?rest_route=\/wp\/v2\/posts\/2782\/revisions"}],"predecessor-version":[{"id":2806,"href":"https:\/\/archiforma.lt\/index.php?rest_route=\/wp\/v2\/posts\/2782\/revisions\/2806"}],"wp:attachment":[{"href":"https:\/\/archiforma.lt\/index.php?rest_route=%2Fwp%2Fv2%2Fmedia&parent=2782"}],"wp:term":[{"taxonomy":"category","embeddable":true,"href":"https:\/\/archiforma.lt\/index.php?rest_route=%2Fwp%2Fv2%2Fcategories&post=2782"},{"taxonomy":"post_tag","embeddable":true,"href":"https:\/\/archiforma.lt\/index.php?rest_route=%2Fwp%2Fv2%2Ftags&post=2782"}],"curies":[{"name":"wp","href":"https:\/\/api.w.org\/{rel}","templated":true}]}}