{"id":2585,"date":"2018-10-16T19:45:52","date_gmt":"2018-10-16T17:45:52","guid":{"rendered":"http:\/\/archiforma.lt\/?p=2585"},"modified":"2018-11-07T12:42:08","modified_gmt":"2018-11-07T10:42:08","slug":"snipiskiu-perspektyvos","status":"publish","type":"post","link":"https:\/\/archiforma.lt\/?p=2585","title":{"rendered":"\u0160nipi\u0161ki\u0173 perspektyvos"},"content":{"rendered":"<p><img loading=\"lazy\" decoding=\"async\" class=\"alignnone\" src=\"http:\/\/archiforma.lt\/wp-content\/uploads\/photo-gallery\/2018\/%C5%A0nipi%C5%A1k%C4%97s\/Baltastiltas_04.jpg\" alt=\"\" width=\"508\" height=\"274\" \/><\/p>\n<p>Kalb\u0117ti apie miest\u0173 ateities vizijas ekonomikos pakilimo laikotarpiu yra lengva ir malonu visiems. Politikai gali girtis dar ne\u012fgyvendintais infrastrukt\u016bros projektais, nekilnojamojo turto vystytojai vie\u0161ai p\u016bsti savo projekt\u0173 investicin\u012f potencial\u0105, o architektai m\u0117gautis projektavimu pa\u017ead\u0117toje infrastrukt\u016broje. \u0160i\u0173 nuotaik\u0173 sunku nepasteb\u0117ti did\u017eiausiuose \u0161alies miestuose. Didel\u0119 projekt\u0173 dal\u012f \u012f priek\u012f stumia augan\u010dios ekonomikos banga, lydima ger\u0117jan\u010dio pragyvenimo lygio ir nema\u017e\u0117jan\u010dios parduodamo ploto paklausos. Investuodama \u012f toliau nuo miesto centro esan\u010dias teritorijas ar did\u017eiausi\u0105 paklaus\u0105 turin\u010di\u0173 funkcij\u0173 pastatus, dalis vystytoj\u0173 dr\u0105siai \u017eaid\u017eia va banque, kortas statydama ant stabilaus sektoriaus augimo. Prakti\u0161kai visiems \u0161iandien vystomiems projektams ir j\u0173 aplinkai rinkodaros specialistai pie\u0161ia \u0161viesios ateities scenarij\u0173. Nepaisant to, miestuose yra teritorij\u0173, kuri\u0173 raidos vizijos turi gerokai tvirtesn\u012f pamat\u0105: esam\u0105 socialin\u012f u\u017esakym\u0105, aktyvias bendruomenes ir oficiali\u0105 miesto planavimo politik\u0105 bei strategij\u0105. Tik\u0117tina, kad tokiose vietose susikoncentruot\u0173 statybos sektorius, jei nepa\u017eeisdamas cikli\u0161kumo taisykl\u0117s b\u016bt\u0173 priverstas ma\u017einti apsukas. B\u016btent tokia teritorija Vilniuje yra \u0160nipi\u0161k\u0117s. \u0160is rajonas, prasidedantis de\u0161iniajame Neries krante, besidriekiantis \u012f \u0161iaur\u0119 iki Ozo gatv\u0117s, vakaruose ribojamas Gele\u017einio Vilko, o rytuose \u2013 Kalvarij\u0173 ir Rinktin\u0117s gatvi\u0173, apima didel\u0119 nei\u0161vystyt\u0105 miesto centrin\u0117s dalies teritorij\u0105, pasi\u017eymin\u010di\u0105 i\u0161skirtiniais urbanistiniais kontrastais, mil\u017eini\u0161ku regeneracijos potencialu, aktyviai veikian\u010dia bendruomene ir unikalia gamtine aplinka. Yra u\u017etektinai prie\u017eas\u010di\u0173 \u012fd\u0117miau pa\u017evelgti \u012f esamus ir planuojamus poky\u010dius \u0161ioje Vilniaus miesto dalyje.<\/p>\n<p>&nbsp;<\/p>\n<p><!--more--><\/p>\n<p><strong>NAUJASIS MIESTO CENTRAS<\/strong><\/p>\n<p>&nbsp;<\/p>\n<p><img loading=\"lazy\" decoding=\"async\" class=\"alignnone\" src=\"http:\/\/archiforma.lt\/wp-content\/uploads\/photo-gallery\/2018\/%C5%A0nipi%C5%A1k%C4%97s\/IMG_2268.JPG\" alt=\"\" width=\"500\" height=\"1000\" \/><\/p>\n<p>\u0160iuo metu ry\u0161kiausi poky\u010diai matomi Konstitucijos prospekto ir Lvovo gatvi\u0173 aplinkoje, pakrik\u0161tytoje Naujuoju miesto centru. Vadovaujantis nustatytomis architekt\u016brin\u0117s kalvos ir Konstitucijos pr. perimetro projektavimo gair\u0117mis \u010dia baigiami realizuoti trys projektai. Pirmasis \u2013 tai vie\u0161bu\u010dio \u201eRadisson Blu Hotel Lietuva\u201c pl\u0117tros, naujo pastato projektas (UAB \u201eForma\u201c, autoriai S. Mik\u0161tas, \u0160. Verbus, A. Zanevi\u010dius, G. Mik\u0161tien\u0117, O. Tiuliakovas). Projekto autoriai sureagavo \u012f broli\u0173 Nasvy\u010di\u0173 padiktuot\u0105 ir architekto A. Ambraso u\u017efiksuot\u0105 kompozicin\u0119 a\u0161\u012f, prat\u0119s\u0117 Konstitucijos prospekto perimetrinio u\u017estatymo formavim\u0105. Projektas gavo kritikos d\u0117l u\u017edengt\u0173 up\u0117s panoram\u0173 ir abejotino santykio su esamu \u201eSwedbank\u201c pastatu, ta\u010diau apskritai naujas t\u016bris nesuk\u016br\u0117 erdvin\u0117s konkurencijos su esamais auk\u0161tybiniais pastatais, tod\u0117l ir sulauk\u0117 s\u0105lyginai nedaug visuomen\u0117s reakcijos. Kur kas labiau pastebimas vizualinis poslinkis reprezentacin\u0117je miesto panoramoje, tai \u201epaminklu krizei\u201c praminto projekto \u201eArfa\u201c (autoriai V. Treinys, a. a. D. Ruseckas) atgaivinimas. Pervadintas \u012f projekt\u0105 \u201eTower\u201c, \u0161is statinys po de\u0161imtme\u010dio pertraukos pasiek\u0117 savo projektin\u012f auk\u0161t\u012f ir reik\u0161mingai papild\u0117 Architekt\u016brin\u0117s kalvos siluet\u0105. \u0160iaurin\u012f kalvos \u0161lait\u0105 pabr\u0117\u017e\u0117 tre\u010diasis komplekso \u201eVilniaus verslo uostas\u201c korpusas (autoriai a. a. L. Merkinas, L. \u017di\u010dkis, P. \u010capko, S. Norkevi\u010dius, G. \u010cepokas). Visi \u0161ie projektai yra neabejotinai svarb\u016bs reprezentaciniam miesto centrui, ta\u010diau reik\u0161mingumu vargiai gali konkuruoti su vie\u0161bu\u010dio ir verslo centro komplekso projektu \u201eK18B\u201c.<br \/>\nBaltojo tilto a\u0161yje, populiariausios \u0161iuolaikinio Vilniaus panoramos centre, galimai atsirasiantis pastatas pretenduoja tapti vienu i\u0161 miesto simboli\u0173 net ir architekt\u016brin\u0117s nes\u0117km\u0117s atveju. A\u017eiota\u017e\u0105 visuomen\u0117je suk\u0117lusio konkurso b\u016bdu i\u0161rinktas \u201eStudio Libeskind\u201c projektas kelet\u0105 met\u0173 skend\u0117jo politinio neu\u017etikrintumo migloje. 2017 m. bir\u017eel\u012f Vilniaus miesto savivaldyb\u0117s tarybos sprendimu, atsietai nuo projekto architekt\u016bros, pripa\u017eino, jog pastato teritorijoje egzistuoja \u201eai\u0161kiai deklaruotas vie\u0161asis interesas, ypatinga urbanistin\u0117 situacija ir i\u0161skirtinis pagrindimas\u201c [1] ir pritar\u0117, kad teritorijoje b\u016bt\u0173 galima vir\u0161yti Vilniaus miesto savivaldyb\u0117s teritorijos bendrajame plane nustatytus auk\u0161\u010dio ir u\u017estatymo intensyvumo reglamentus. Tuo pa\u010diu sprendimu statytojas buvo \u012fpareigotas atlikti detaliojo plano koregavim\u0105. Viena pagrindini\u0173 pasipiktinimo projektu tem\u0173 \u2013 neigiama \u012ftaka Vilniaus senamies\u010diui. \u201eProjekto teritorija patenka \u012f nekilnojam\u0173j\u0173 kult\u016bros paveldo objekt\u0173 ir j\u0173 apsaugos zon\u0173 teritorijas\u201c, tod\u0117l pareik\u0161ti nuomon\u0119 apie projekt\u0105 buvo papra\u0161yta patariamosios UNESCO \/ ICOMOS misijos ekspert\u0173. \u0160ie Vilniuje lank\u0117si 2017 m. lapkri\u010dio 21\u201322 d. Ekspertai, i\u0161 esm\u0117s pritardami Architekt\u016brin\u0117s kalvos koncepcijai ir \u201eK18B\u201c projekto reik\u0161mingumui, i\u0161rei\u0161k\u0117 abejon\u0119 d\u0117l pastato vir\u0161aus silueto krypties, pabr\u0117\u017e\u0117, kad konkursiniame darbe nurodytas auk\u0161tis netur\u0117t\u0173 b\u016bti vir\u0161ijamas [2]. Tai buvo tam tikras atsakas \u012f projekto detalizavimo metu pateikt\u0105 si\u016blym\u0105 pakeisti pastato proporcijas \u2013 padidinti auk\u0161t\u0173 skai\u010di\u0173, bet projektuoti liaunesn\u012f t\u016br\u012f. Vis d\u0117lto atsi\u017evelgiant \u012f ICOMOS rekomendacijas detaliajame plane u\u017efiksuoti konkursinio projekto parametrai (85 metrai nuo \u017eem\u0117s pavir\u0161iaus, 22 auk\u0161tai). Pra\u0117jus kiek daugiau nei dvejiems metams, \u0161i\u0173 met\u0173 vasaros prad\u017eioje, projektas sulauk\u0117 oficialaus miesto vald\u017eios palaiminimo \u2013 buvo patvirtinta detaliojo plano korekt\u016bra.<br \/>\nKalbant apie \u0161io projekto svarb\u0105 vie\u0161ajam interesui ne ma\u017eiau nei auk\u0161tis ir siluetas svarbus klausimas yra pastato parteris ir jo prieigos. Detaliuoju planu nustatytas servitutas, nustatantis, kad \u201etarp pastato korpus\u0173 Baltojo tilto a\u0161ies t\u0119sinyje b\u016bt\u0173 suformuojama 24 val. per par\u0105 atvira vie\u0161oji erdv\u0117 \u2013 atriumas, pritaikyta vie\u0161iems renginiams. Projekto vystytojai miestui \u012fsipareigojo prisid\u0117ti prie vie\u0161osios infrastrukt\u016bros gerinimo ir u\u017e sklypo rib\u0173\u201c. \u010cia susidurta su ypatingo profesinio sud\u0117tingumo u\u017edaviniu, reikalaujan\u010diu \u012f darni\u0105 sistem\u0105 sujungti begal\u0119 skirtingomis kryptimis ir skirtinguose auk\u0161\u010diuose susikertan\u010di\u0173 p\u0117s\u010di\u0173j\u0173 ir dvira\u010di\u0173 sraut\u0173. Sprend\u017eiant i\u0161 naujausi\u0173 vie\u0161ojoje erdv\u0117je randam\u0173 \u201eK18B\u201c projekto br\u0117\u017eini\u0173 ir vizualizacij\u0173, pus\u0119 \u0161io u\u017edavinio projekto autoriai i\u0161sprend\u0117. Kitos pus\u0117s, esan\u010dios u\u017e projekto sklypo rib\u0173, vizij\u0105 pateik\u0117 S\u012e \u201eVilniaus plano\u201c architektai (autoriai V. Treinys, P. Jonys).<br \/>\nSuprojektuota Baltojo tilto dalies rekonstrukcija \u012frengiant nauj\u0105 tilto at\u0161ak\u0105 vir\u0161 Up\u0117s gatv\u0117s. Projektuojant tilto i\u0161ilgin\u012f nuolyd\u012f jungiamos vir\u0161utin\u0117 Neries krantin\u0117s terasa (\u0160nipi\u0161ki\u0173 gatv\u0117s promenados prieigos prie VCUP), vidurin\u0117 terasa (erdv\u0117 prie vie\u0161bu\u010dio) ir \u017eemutin\u0117 terasa (Baltojo tilto trasa). Architekt\u016briniai tilto ir aplinkos sprendiniai: trikamp\u0117s, ekspresyvios formos derinamos prie planuojamo D. Libeskindui b\u016bdingo stiliaus pastato. Ambicingi \u0161io architekt\u016brinio-urbanistinio mazgo ateities planai kelia dvejoni\u0173 d\u0117l \u012fgyvendinimo temp\u0173, bet akivaizdus poreikis sureguliuoti p\u0117s\u010di\u0173j\u0173 srautus ilgainiui tur\u0117t\u0173 \u012fgauti materiali\u0105 i\u0161rai\u0161k\u0105.<br \/>\nSu anks\u010diau apra\u0161yt\u0173 pastat\u0173 i\u0161kilimu, taip pat atidarius \u201eQuadrum\u201c ir \u201eK29\u201c verslo centrus, regimai pasikeit\u0117 miestie\u010di\u0173 po\u017ei\u016bris \u012f Nauj\u0105j\u012f miesto centr\u0105. Prie\u0161 ger\u0105 penkmet\u012f rank\u0173 pir\u0161tais buvo skai\u010diuojami nauji pastatai, o dabar \u2013 lik\u0119 laisvi plotai. Du i\u0161 j\u0173 aptverti tvoromis: pavasar\u012f prad\u0117tos naujos SEB banko b\u016bstin\u0117s statybos (UAB \u201eAKG\u201c, archit. R. Bimba), o paslaug\u0173 paskirties pastatas sklype \u0161alia miesto savivaldyb\u0117s (autoriai R. \u017didonis, I. Martinonyt\u0117) laukia \u201e\u017ealios \u0161viesos\u201c. Apie atgaivintus pl\u0117tros planus paskelb\u0117 ir prekybos centras VCUP, tarptautin\u0117je Nekilnojamojo turto parodoje \u201eMIPIM 2018\u201c Kanuose prista\u010diusi 26 000 m\u00b2 administracinio priestato projekto vizij\u0105 (autoriai S. Pamerneckis, V. Pliadis). \u017dvelgiant \u012f galiojan\u010dius teritorij\u0173 planavimo dokumentus, matyti, kad, be i\u0161vardyt\u0173 projekt\u0173, Konstitucijos prospekte naujai statybai lieka vos 5\u20136 suformuoti sklypai, kelios rekonstrukcijos galimyb\u0117s ir kelios galimyb\u0117s formuoti sklypus valstybin\u0117je \u017eem\u0117je. Tai rodo, kad per artimiausi\u0105 de\u0161imtmet\u012f galime pamatyti galutinai suformuot\u0105 naujojo miesto centro reprezentacin\u0117s dalies urbanistin\u0119 strukt\u016br\u0105.<\/p>\n<p>&nbsp;<\/p>\n<p><strong>ISTORINIS \u0160NIPI\u0160KI\u0172 PRIEMIESTIS<\/strong><\/p>\n<p>&nbsp;<\/p>\n<p><img loading=\"lazy\" decoding=\"async\" class=\"alignnone\" src=\"http:\/\/archiforma.lt\/wp-content\/uploads\/photo-gallery\/2018\/%C5%A0nipi%C5%A1k%C4%97s\/giedraiciu%20sc%202%20viz.jpg\" alt=\"\" width=\"500\" height=\"271\" \/><\/p>\n<p><img loading=\"lazy\" decoding=\"async\" class=\"alignnone\" src=\"http:\/\/archiforma.lt\/wp-content\/uploads\/photo-gallery\/2018\/%C5%A0nipi%C5%A1k%C4%97s\/kintu%20aikte%202%20VIZ.jpg\" alt=\"\" width=\"500\" height=\"500\" \/><\/p>\n<p>Apleista medin\u0117 architekt\u016bra, lauko vandentiekis, akmen\u0173 grindinio gatvel\u0117s, asociali aplinka. Vaizdinys da\u017eniausiai tapatinamas su \u0160nipi\u0161ki\u0173 pavadinimu. \u0160iauriau naujojo miesto centro esanti rajono dalis, vadinama Skansenu, \u2013 istorinio \u0160nipi\u0161ki\u0173 priemies\u010dio fragmentas, \u012fra\u0161ytas \u012f kult\u016bros vertybi\u0173 registr\u0105. \u0160i teritorija taip pat pastebimai kei\u010dia savo charakter\u012f bandydama nusiklijuoti vengtinos miesto zonos etiket\u0119.<br \/>\nRajone tuo pat metu suaktyv\u0117jusi nekilnojamojo turto pl\u0117totoj\u0173 ir visuomeninink\u0173 veikla sudar\u0117 prielaid\u0173 stipr\u0117ti vietos bendruomenei, kuri vos per kelet\u0105 met\u0173, sekdama U\u017eupio, \u017dv\u0117ryno, Balsi\u0173 pavyzd\u017eiu, tapo viena aktyviausiai veikian\u010di\u0173 ir poky\u010dius skatinan\u010di\u0173 bendruomeni\u0173 Vilniuje. Nat\u016bralu, kad tai ateityje gali tur\u0117ti tiek teigiam\u0173, tiek neigiam\u0173 pasekmi\u0173 miesto raidos at\u017evilgiu.<br \/>\nMedin\u0117 Skanseno architekt\u016bra, siekianti XX a. prad\u017ei\u0105, neturi i\u0161skirtinai \u0161iai vietai b\u016bding\u0173 bruo\u017e\u0173, nepasi\u017eymi dideliu puo\u0161numu, tod\u0117l pati savaime n\u0117ra itin vertinga (i\u0161skyrus vos kelis s\u0117kmingai autenti\u0161kum\u0105 i\u0161laikiusius statinius). \u0160nipi\u0161ki\u0173 senojoje dalyje kult\u016brin\u0117 ir istorin\u0117 vert\u0117 randasi i\u0161 nesudarkytos urbanistin\u0117s strukt\u016bros: i\u0161likusio gatvi\u0173 tinklo ir sodybinio u\u017estatymo fragment\u0173, taip pat gyvenimo b\u016bdo, galin\u010di\u0173 daug papasakoti apie Vilniaus miesto istorij\u0105. Ta\u010diau ir \u0161ie elementai n\u0117ra unikal\u016bs, tod\u0117l reikia garsiai pripa\u017einti, kad vietos \u017eaves\u012f ir turistin\u012f patrauklum\u0105 \u010dia kuria netik\u0117tas ir ry\u0161kus urbanistinis kontrastas. Kaip gotikinio m\u016bro fragmentas naujumu tviskan\u010diame Senamies\u010dio interjere. 23 auk\u0161t\u0173 dangorai\u017eio statybos pietiniame Skanseno pakra\u0161tyje ir 9 auk\u0161t\u0173 \u2013 daugiabu\u010dio \u0161iauriniame suk\u0117l\u0117 daug vietos gyventoj\u0173 nepasitenkinimo. Ta\u010diau b\u016btent \u0161ie projektai, savo dideliais t\u016briais iki maksimalios ribos u\u017ea\u0161trin\u0119 kontrasto \u012fsp\u016bd\u012f, vizualiai \u012fr\u0117mino saugom\u0105 teritorij\u0105 ir i\u0161ry\u0161kino kaimo mieste \u012fvaizd\u012f, taip tik dar labiau sustiprindami vietos identitet\u0105, traukiant\u012f \u010dia u\u017esienio turistus. Kiek smulkesnio mastelio \u012fr\u0117minim\u0105 rytin\u0117je ir vakarin\u0117je Skanseno pus\u0117je bandoma programuoti ir naujame bendrajame plane, kuriam derinti su visuomene pateikti sprendiniai, remiantis 2005 m. miesto savivaldyb\u0117s patvirtinta \u0161ios \u0160nipi\u0161ki\u0173 dalies raidos programa, konversijai skirtose teritorijose numato galimyb\u0119 statyti pastatus iki 9 auk\u0161t\u0173. Kovingai nusiteikusi bendruomen\u0117, skatinama keli\u0173 aktyvi\u0173 visuomeninink\u0173, bando tam prie\u0161intis, reikalaudami ma\u017einti leid\u017eiam\u0105 pastat\u0173 auk\u0161t\u012f, idant vietoje urbanistinio kontrasto b\u016bt\u0173 kuriama tolygiai did\u0117jan\u010di\u0173 altitud\u017ei\u0173 buferin\u0117 zona. Tokia vizija ne tik prie\u0161tarauja kompakti\u0161ko ir gyvybingo miesto centro id\u0117jai, bet ir blankina paties Skanseno rinkodarin\u012f paveiksl\u0105. Turint omenyje tai, kad d\u0117l saugomos Skanseno teritorijos vertingumo ir rib\u0173 jau yra visuotinai sutarta, silpnai argumentuoti disputai su miesto savivaldybe yra vienas i\u0161 daugelio li\u016bdn\u0173 pavyzd\u017ei\u0173, kai prisidengiant bendruomen\u0117s ir kult\u016bros paveldo s\u0105vokomis yra ginami asmeniniai pavieni\u0173 sklyp\u0173 savinink\u0173 interesai. Bendruomen\u0117s spaudimas ir ai\u0161kaus politinio-urbanistinio sureguliavimo tr\u016bkumas centrin\u0117je \u0160nipi\u0161ki\u0173 rajono dalyje generuoja neigiamas pasekmes. Projektuojami \u201eauk\u0161\u010dio bijantys\u201c pastatai, kurie auk\u0161t\u0173 tr\u016bkum\u0105 bando kompensuoti iki bra\u0161k\u0117jimo spausdami leistinus u\u017estatymo tankumo ir intensyvumo rodiklius. Nat\u016bralu, kad tokie projektai turi ma\u017eai k\u0105 bendro su architekt\u016bros ir aplinkos kokybe. Pasirinkta ai\u0161ki pl\u0117tros kryptis \u0161iai teritorijai tarp Kint\u0173, Kernav\u0117s ir Linkmen\u0173 gatvi\u0173 yra gyvybi\u0161kai svarbi, kad b\u016bt\u0173 i\u0161vengta urbanistinio chaoso ir potencialiai patrauklios miesto dalies su\u017elugdymo. Naujo bendrojo plano sprendiniai, deja, nebus pakankamai detal\u016bs \u0161iems klausimams suvaldyti, tod\u0117l atsakomyb\u0119 v\u0117l tur\u0117s dalytis architektai ir miesto pl\u0117tros departamentas.<br \/>\nDarniai centrin\u0117s \u0160nipi\u0161ki\u0173 dalies pl\u0117trai reik\u0161mingi numatyti infrastrukt\u016bros projektai. Tarp prioritetini\u0173 miesto gatvi\u0173 tinklo pl\u0117tros darb\u0173 yra Skanseno teritorij\u0105 kertan\u010dios Giedrai\u010di\u0173 gatv\u0117s rekonstravimas. \u0160io projekto \u012fgyvendinimas reik\u0161mingas siekiant i\u0161ry\u0161kinti savit\u0105 kult\u016bros paveldo teritorijos istorin\u012f charakter\u012f. Gatv\u0117je numatomas vienpusis eismas miesto link, \u012frengiant platesn\u012f \u0161aligatv\u012f ir magistralin\u012f dvira\u010di\u0173 tak\u0105 \u0160nipi\u0161k\u0117s\u2013Baltasis tiltas. \u012e projekto apimt\u012f \u012feina orini\u0173 elektros linij\u0173 kabeliavimas, naujo ap\u0161vietimo \u012frengimas, esam\u0173 med\u017ei\u0173 ir kr\u016bm\u0173 tvarkymas saugant sodybinio ap\u017eeldinimo charakter\u012f. Kad b\u016bt\u0173 i\u0161saugoti esamas gatv\u0117s \u012fvaizdis, mastelis ir erdv\u0117s proporcijos, projektuojamos naujos dekoratyvios tvoros. Plotus iki tvor\u0173 ar gyvatvori\u0173 (esan\u010dius valstybin\u0117je \u017eem\u0117je) si\u016bloma leisti naudoti gyventojams.<br \/>\nPrie\u0161ingos krypties automobili\u0173 srautus ketinama perkelti \u012f lygiagre\u010di\u0105 Kernav\u0117s gatv\u0119, kur ilgamet\u012f duob\u0117t\u0105 \u017evyrkel\u012f ruo\u0161iamasi pakeisti \u0161iuolaikinius miesto poreikius tenkinan\u010dia gatve, sujungsian\u010dia \u017dalgirio gatv\u0119 ir Konstitucijos prospekt\u0105. \u0160is infrastrukt\u016bros projektas bus reik\u0161mingas miesto gatvi\u0173 tinklo papildymas, o bendrajame plane numatytas gerokai didesnis nei dabar esamas u\u017estatymo intensyvumas, tik\u0117tina, pad\u0117s sukurti centro charakter\u012f atitinkan\u010di\u0105 nuotaik\u0105. Tas pat pasakytina ir apie Kalvarij\u0173 gatv\u0119, kur jau dabar matoma atsigavimo \u017eenkl\u0173. Rekonstruotas Kalvarij\u0173 turgus (autoriai \u2013 UAB \u201eUnitectus\u201c) stipriai pakeit\u0117 savo \u012fvaizd\u012f, greta jo \u2013 buv\u0119s policijos komisariatas virto vie\u0161bu\u010diu (autoriai K. A. Valentas, V. Knei\u017eien\u0117). O visuomen\u0117 supa\u017eindinama su vis naujais projektiniais pasi\u016blymais, vaizduojan\u010diais auk\u0161tesnius nei esama pastatus. Taigi apibendrinus galima sp\u0117ti, kad netolimoje ateityje urbanistiniai kontrastai, kuriais gars\u0117ja \u0160nipi\u0161k\u0117s, bus dar labiau i\u0161ry\u0161kinti, o aplinkos kokyb\u0117 ir gyventoj\u0173 socialin\u0117 sud\u0117tis spar\u010diai keisis \u012f gera.<\/p>\n<p>&nbsp;<\/p>\n<p><strong>\u0160NIPI\u0160KI\u0172 PILKOJI ZONA<\/strong><\/p>\n<p>&nbsp;<\/p>\n<p>\u0160nipi\u0161ki\u0173 rajono dalis, esanti \u0161iauriau \u017dalgirio gatv\u0117s, u\u017e senamies\u010dio apsaugos zonos rib\u0173, \u012f turistinius mar\u0161rutus nepatenka. Net daugeliui miestie\u010di\u0173 retai prireikia atsirasti \u0161ioje miesto dalyje. Pilna akligatvi\u0173, vos i\u0161va\u017eiuojam\u0173 keli\u0173, auk\u0161t\u0173 tinklini\u0173 tvor\u0173, metalini\u0173 gara\u017e\u0173 ir paslapting\u0173 pramon\u0117s pastat\u0173 liku\u010di\u0173, kuriuose prieglobst\u012f rado beveik vien automobili\u0173 servis\u0173 \u012fmon\u0117s, i\u0161 vis\u0173 keturi\u0173 pusi\u0173 ribojama intensyvaus eismo gatvi\u0173 \u0161i didel\u0117 u\u017emir\u0161ta dykra ilgam laikui buvo tapusi pilk\u0105ja miesto zona. Dabar ji atgimsta kaip viena i\u0161 spar\u010diausiai besikei\u010dian\u010di\u0173 Vilniaus dali\u0173. Vienas svarbiausi\u0173 Vilniaus miesto urbanistin\u0117s strukt\u016bros tobulinimo tiksl\u0173 \u2013 \u201esiekti, kad urbanizuotos teritorijos \u012fgaut\u0173 kuo didesnio kompakti\u0161kumo ten, kur tai yra priimtina istoriniu bei gamtiniu aspektais\u201c. [3] Puikiai \u0161\u012f tiksl\u0105 atitinkantys dideli pramonini\u0173, komunalini\u0173 teritorij\u0173 sklypai patrauklioje miesto vietoje patrauk\u0117 stambiausi\u0173 nekilnojamojo turto vystytoj\u0173 d\u0117mes\u012f. Tur\u0117dami u\u017etektinai apyvartinio kapitalo dideliems sklypams \u012fgyti, jie vienas po kito \u0117m\u0117 vystyti didel\u0117s apimties projektus. Vienas pirm\u0173j\u0173 pastebim\u0173 poky\u010di\u0173 buvo bendrov\u0117s \u201eEIKA\u201c \u012fgyvendintas verslo centro su gyvenam\u0173j\u0173 nam\u0173 kompleksu projektas \u201e135\u201c (autoriai S. Pamerneckis, M. Trapikas). Pastatas pakeit\u0117 nugriaut\u0105 greitosios medicinos pagalbos stot\u012f, stipriai priart\u0117jo prie gatv\u0117s savo t\u016briu pabr\u0117\u017edamas Linkmen\u0173 ir \u017dalgirio gatvi\u0173 sankirtos kamp\u0105 ir suteik\u0117 \u0161iai vietai nauj\u0105, labiau miesto centrui tinkant\u012f charakter\u012f. Kiek giliau kvartalo viduje bendrov\u0117 \u201eRealco\u201c vysto \u201eLinkmen\u0173 e\u017eer\u0173\u201c gyvenviet\u0117s projekt\u0105 (autoriai V. Bogdanovien\u0117, S. Glinskis, M. Orlova, M. Stribys), pirmaisiais dviem statyb\u0173 etapais jau pastatyti penki penkiaauk\u0161\u010diai gyvenamieji korpusai, o savo eil\u0117s laukia dar keturi (autoriai E. Mikelevi\u010dius, L. Pasiaura, A. Grikinis). Visai \u0161alia pagal parengt\u0105 detal\u0173j\u012f plan\u0105 bendrov\u0117 \u201eHanner\u201c ruo\u0161iasi statyti penki\u0173 korpus\u0173, 5\u20137 auk\u0161t\u0173 gyvenam\u0173j\u0173 nam\u0173 kompleks\u0105. Tokiame kontekste seniai \u0161ias teritorijas u\u017e\u0117musios statybos \u012franki\u0173 nuomos ir automobili\u0173 serviso paslaugas teikian\u010dios \u012fmon\u0117s ima atrodyti keistai ir laikinai. Naujame bendrajame plane numatytas patrauklus 1,2 u\u017estatymo intensyvumas ir teritorijos naudojimo tipas rodo, kad tik laiko klausimas, kada jas pakeis nauji gyvenamieji kompleksai. Yra didel\u0117 tikimyb\u0117, kad prasid\u0117j\u0119 teigiami poky\u010diai bei galimyb\u0117 patogiai pasiekti miesto centr\u0105 p\u0117s\u010diomis ar dvira\u010diu netolimoje ateityje pavers \u0161iaurin\u0119 \u0160nipi\u0161ki\u0173 dal\u012f m\u0117gstamiausiu naujakuri\u0173, norin\u010di\u0173 gyventi miesto centre, rajonu.<\/p>\n<p>&nbsp;<\/p>\n<p><strong>UNIKALI GAMTIN\u0116 APLINKA<\/strong><\/p>\n<p>&nbsp;<\/p>\n<p><img loading=\"lazy\" decoding=\"async\" class=\"alignnone\" src=\"http:\/\/archiforma.lt\/wp-content\/uploads\/photo-gallery\/2018\/%C5%A0nipi%C5%A1k%C4%97s\/IMG_2272.JPG\" alt=\"\" width=\"552\" height=\"194\" \/><\/p>\n<p><img loading=\"lazy\" decoding=\"async\" class=\"alignnone\" src=\"http:\/\/archiforma.lt\/wp-content\/uploads\/photo-gallery\/2018\/%C5%A0nipi%C5%A1k%C4%97s\/SLAITU%20VIZ.jpg\" alt=\"\" width=\"545\" height=\"287\" \/><\/p>\n<p>D\u0117mesys vie\u0161osioms erdv\u0117ms i\u0161skiria \u0160nipi\u0161ki\u0173 rajon\u0105 i\u0161 kit\u0173 miesto dali\u0173, kuriose taip pat intensyviai vykdomi naujos statybos, rekonstrukcijos ir renovacijos projektai. \u0160nipi\u0161k\u0117se, panaudojant miesto, Europos fond\u0173 ir priva\u010di\u0173 investuotoj\u0173 l\u0117\u0161as, planuojami arba jau baigti projektuoti bent 5 dideli vie\u0161\u0173j\u0173 erdvi\u0173 \u012frengimo ar atgaivinimo projektai. T\u0119siami 2015 m. prad\u0117ti Neries krantini\u0173 atnaujinimo darbai, kuriais numatyta i\u0161 pagrind\u0173 atnaujinti teritorij\u0105 prie Baltojo tilto, \u012frengti daugiau ir kokybi\u0161kesni\u0173 sporto aik\u0161tyn\u0173 ir poilsio zon\u0173, sutvarkyti infrastrukt\u016br\u0105 ne\u012fgaliesiems, \u012frengti kavini\u0173.<br \/>\nSenoji \u0160nipi\u0161ki\u0173 dalis kol kas neturi patraukli\u0173 vie\u0161\u0173j\u0173 erdvi\u0173. Vienintel\u0117 neu\u017estatyta pieva, esanti ties Giedrai\u010di\u0173 ir Krokuvos gatvi\u0173 sankry\u017ea, gyventoj\u0173 iniciatyva buvo pritaikyta bendruomen\u0117s reikm\u0117ms. \u0160iuo metu ji tarnauja kaip vienintel\u0117 vieta, kurioje yra galimyb\u0117 organizuoti bendras k\u016brybines veiklas, \u0161ventes ir renginius; \u010dia \u012frengta vaik\u0173 \u017eaidim\u0173, poilsio aik\u0161teli\u0173, rajono skelbim\u0173 lenta. Praminta Drakono pieva, \u0161i vieta urbanistiniu po\u017ei\u016briu yra visi\u0161kai netinkama tokiai funkcijai. Ta\u010diau triuk\u0161minga, tar\u0161i ir nesaugi gatvi\u0173 sankirtos erdv\u0117, daugiaauk\u0161\u010dio gara\u017eo kaimynyst\u0117, ry\u0161i\u0173 su rajono erdv\u0117mis tr\u016bkumas nesutrukd\u0117 \u0160nipi\u0161ki\u0173 bendruomenei \u012fforminti Drakono piev\u0105 kaip oficiali\u0105 miesto vie\u0161\u0105j\u0105 erdv\u0119. O S\u012e \u201eVilniaus plano\u201c architektai, bendradarbiaudami su gyventojais, jau pareng\u0117 projektini\u0173 pasi\u016blym\u0173 pievai sutvarkyti. Teritorij\u0105 si\u016bloma skaidyti zonomis. \u0160iaurin\u0117je dalyje, atokiau nuo gatv\u0117s, bus suformuota aktyvi zona su vaik\u0173 \u017eaidim\u0173, krep\u0161inio ir treniruokli\u0173 aik\u0161tel\u0117mis. Pietin\u0117 dalis skirta \u012f\u0117jimams \u012f skver\u0105 ir nedidelei pievai. Rytin\u0117 dalis po senomis liepomis taps rami\u0105ja skvero dalimi su suoliukais ir sena vandens pompa kaip charakteringu vietos elementu.<br \/>\nNepaisant s\u0117kmingos Drakono pievos istorijos, miesto planuotojams pavyko rasti ir alternatyvi\u0105, kur kas patrauklesn\u0119, saugesn\u0119 ir labiau vie\u0161ajai funkcijai tinkan\u010di\u0105 erdv\u0119 senosios rajono dalies centre. Kelis de\u0161imtme\u010dius valstybin\u0117je \u017eem\u0117je be nuomos sutar\u010di\u0173 stov\u0117j\u0119 metaliniai gara\u017eai buvo i\u0161keldinti, o j\u0173 vietoje, ma\u017edaug 80 ar\u0173 erdv\u0117je tarp Giedrai\u010di\u0173 ir Kint\u0173 gatvi\u0173, planuojama \u012frengti aik\u0161t\u0119 su 18 metr\u0173 auk\u0161\u010dio ap\u017evalgos bok\u0161tu-laikrod\u017eiu. Bok\u0161to, kuris leist\u0173 i\u0161 vir\u0161aus ap\u017evelgti valstyb\u0117s saugom\u0105 Skanseno teritorij\u0105, id\u0117j\u0105 pasi\u016bl\u0117 bendruomen\u0117s atstovai. Aik\u0161t\u0117je taip pat planuojama \u012frengti prekybai skirt\u0173 paviljon\u0173, treniruokli\u0173, vaik\u0173 \u017eaidim\u0173 aik\u0161tel\u0119. Parengti projektiniai pasi\u016blymai pristatyti visuomenei, o projekt\u0105 tikimasi \u012fgyvendinti iki 2021 m.<br \/>\nTies Lvovo ir Gele\u017einio Vilko gatvi\u0173 sankirta \u0160nipi\u0161k\u0117se esanti 5 hektar\u0173 nenaudojama teritorija jau \u0161iais metais tur\u0117t\u0173 prad\u0117ti virsti \u012f Japoni\u0161ko stiliaus sod\u0105. Projektas \u012fdomus tuo, kad jo koncepcij\u0105 pareng\u0117 gars\u016bs Japonijos kra\u0161tovaizd\u017eio architektai t\u0117vas ir s\u016bnus Shiro Nakane ir Yukihiro Nakane. Japonai teigiamai \u012fvertino vietos atitikim\u0105 klasikinio Japoni\u0161ko sodo dvasiai ne tik d\u0117l esan\u010dio ramaus vandens telkinio, bet ir d\u0117l fone matom\u0173 Ozo geomorfologinio draustinio \u0161lait\u0173, kurie Lietuvos s\u0105lygomis atstoja japoni\u0161k\u0105 kaln\u0105. Japon\u0173 koncepcijos adaptavimu ir techninio projekto rengimu r\u016bpinasi lietuvi\u0173 architekt\u0117 R. Sanderson ir projekto vadovas T. Karosas. J\u0173 pastangomis sodas bus \u012frengtas pagal visus tradicinio Japoni\u0161ko sodo reikalavimus su visais jam b\u016bdingais atributais. Bus suformuotas reljefas, sutvarkyti tvenkinio krantai, \u012frengtos po\u017eemin\u0117s komunikacijos, takai, poilsio ir ap\u017evalgos aik\u0161tel\u0117s, pasodinti augalai. Taip pat \u0161iame sode bus sukurta vidin\u0117 infrastrukt\u016bra: tilteliai, vandens krioklys, pav\u0117sin\u0117s, skulpt\u016bros, vaik\u0173 \u017eaidim\u0173 aik\u0161tel\u0117. Sodo \u012fk\u016brim\u0105 i\u0161 dalies finansuos ES strukt\u016briniai fondai ir valstyb\u0117s biud\u017eetas. Miesto savivaldyb\u0117 i\u0161k\u0117l\u0117 s\u0105lyg\u0105 sodui i\u0161silaikyti pa\u010diam, tod\u0117l jo lankymas bus mokamas, o papildomos l\u0117\u0161os renkamos i\u0161 \u012fvairi\u0173 organizuojam\u0173 rengini\u0173.<br \/>\nNors tiesiogiai nesijungia (dalina \u017dalgirio gatv\u0117), Japoni\u0161kas sodas bus gerokai didesn\u0117s miesto vie\u0161\u0173j\u0173 erdvi\u0173 strukt\u016bros dalis. Reliktini\u0173 glaciokarstini\u0173 e\u017eer\u0117li\u0173 virtin\u0117, i\u0161sid\u0117s\u010diusi i\u0161ilgai Gele\u017einio Vilko gatv\u0117s, formuoja \u0160nipi\u0161ki\u0173 \u017eeldyn\u0173 sistem\u0105 urbanizuotoje Neries senvag\u0117s dalyje. \u0160i ledynme\u010dio suformuota gamtin\u0117 strukt\u016bra d\u0117l istori\u0161kai susiklos\u010diusio miesto funkcinio zonavimo, apsupta pramon\u0117s teritorij\u0173, ilg\u0105 laik\u0105 buvo apmaud\u017eiai palikta u\u017emar\u0161tyje. Tai, kad pavyko \u201eatrasti\u201c \u0161i\u0105 viet\u0105, yra reik\u0161mingas \u017eingsnis miesto tapatumui stiprinti. Sen\u0105j\u0105 Neries up\u0117s vag\u0105 menantys e\u017eer\u0117liai, eksponuojami ir suprantami kaip bendros strukt\u016bros elementai (kartu su Japoni\u0161ko sodo ir Ozo parko tvenkiniais), taps neatskiriama gamtos paminklo \u2013 \u0160e\u0161kin\u0117s ozo dalimi, bylojan\u010dia 16\u201318 t\u016bkstan\u010di\u0173 met\u0173 senumo Vilniaus prie\u0161istor\u0119. Tad, \u017evelgiant i\u0161 ilgalaik\u0117s perspektyvos, kartu su Japoni\u0161ku sodu tai yra bene pats \u012fdomiausias vie\u0161\u0173j\u0173 erdvi\u0173 projektas Vilniaus mieste. Tvarkomas teritorijos plotas \u2013 beveik 10 hektar\u0173. Pagrindinis Neries senvag\u0117s e\u017eer\u0117li\u0173 parko tikslas \u2013 pritaikyti Neries senvag\u0117s sl\u0117n\u012f rekreacijai ir aktyviam poilsiui, didinti vietov\u0117s patrauklum\u0105 verslo pl\u0117trai bei nauj\u0173 darbo viet\u0173 k\u016brimui, ma\u017einti vietos gyventoj\u0173 socialin\u0119 atskirt\u012f. Projekto \u012fgyvendinimo metu bus suformuotas reljefas ir sutvarkyti \u017eeldiniai, \u012frengta p\u0117s\u010di\u0173j\u0173 ir dvira\u010di\u0173 tak\u0173, suremontuota gatv\u0117s atkarpa, \u012frengti laiptai ir medin\u0117s terasos ant vandens telkini\u0173, aktyvaus laisvalaikio zonos, vaik\u0173 \u017eaidimo aik\u0161tel\u0117s. \u012erengus Neries senvag\u0117s rekreacin\u0119 infrastrukt\u016br\u0105, atsiras erdv\u0117 aktyviam gyventoj\u0173 laisvalaikiui. Dvira\u010di\u0173 takas sujungs Neries piev\u0105, Lietuvos vaik\u0173 ir jaunimo centr\u0105, Japoni\u0161k\u0105 sod\u0105, senvag\u0117s e\u017eer\u0117lius ir Ozo park\u0105. Tokia gausa savivaldyb\u0117s inicijuojam\u0173 vie\u0161osios infrastrukt\u016bros atnaujinimo projekt\u0173 stipriai pakels \u0160nipi\u0161ki\u0173 rajono patrauklum\u0105, tikimasi, kad tai dar labiau suaktyvins \u0161ios miesto dalies pl\u0117tr\u0105.<\/p>\n<p>&nbsp;<\/p>\n<p><strong>APIBENDRINIMAS<\/strong><\/p>\n<p>&nbsp;<\/p>\n<p>D\u0117l tokio plataus prognozuojam\u0173 poky\u010di\u0173 ir besikertan\u010di\u0173 interes\u0173 spektro bus \u012fdomu steb\u0117ti, kaip pl\u0117tojamas \u0160nipi\u0161ki\u0173 rajonas. Dabartiniai pl\u0117tros tempai, racionaliai nepanaudot\u0173 teritorij\u0173 potencialas, naujame bendrajame plane \u012ftvirtinami tikslai ir galimyb\u0117s, d\u0117mesys vie\u0161osioms erdv\u0117ms ir nedidelis atstumas iki istorinio miesto centro leid\u017eia manyti, kad \u0160nipi\u0161k\u0117s netrukus taps daugiausia poky\u010di\u0173 patirsian\u010diu Vilniaus miesto rajonu. Jei bus s\u0117kmingai \u012fgyvendinti, \u0161ie poky\u010diai tur\u0117t\u0173 i\u0161 esm\u0117s pakeisti Vilniaus miesto centro rib\u0173 suvokim\u0105.<\/p>\n<p>&nbsp;<\/p>\n<p><strong>INFORMACIJOS \u0160ALTINIAI:<\/strong><\/p>\n<p>&nbsp;<\/p>\n<p>[1] Vilniaus miesto savivaldyb\u0117s tarybos sprendimas 2017 m. bir\u017eelio 28 d. Nr. 1- 1032 http:\/\/www.vilnius.lt\/vaktai2011\/default.aspx?Id=3&amp;DocId=30295466&amp;KlasId=9<br \/>\n[2] http:\/\/www.vsaa.lt\/naujas\/wp-content\/uploads\/2018\/02\/misionieriai_misija_santrauka_lietuviuk1.pdf<br \/>\n[3] Bendrojo plano esama b\u016bkl\u0117, Miesto vidaus strukt\u016bra, VP 16-23, p. 3;<\/p>\n<p>&nbsp;<\/p>\n<p><i>[Tekstas publikuotas \u017eurnale Archifoma 2018 \/ 1-2 (68-69)]<\/i><\/p>\n<p><i>[Naudota Vilniaus miesto savivaldyb\u0117s bei S\u012e \u201eVilniaus planas\u201c parengta grafin\u0117 med\u017eiaga]<\/i><\/p>\n<p>&nbsp;<\/p>\n<style id=\"bwg-style-0\">    #bwg_container1_0 #bwg_container2_0 .bwg-container-0.bwg-standard-thumbnails {      width: 544px;              justify-content: center;        margin:0 auto !important;              background-color: rgba(255, 255, 255, 0.00);            padding-left: 4px;      padding-top: 4px;      max-width: 100%;            }        #bwg_container1_0 #bwg_container2_0 .bwg-container-0.bwg-standard-thumbnails .bwg-item {      justify-content: flex-start;      max-width: 180px;            width: 180px !important;          }    #bwg_container1_0 #bwg_container2_0 .bwg-container-0.bwg-standard-thumbnails .bwg-item > a {       margin-right: 4px;       margin-bottom: 4px;    }    #bwg_container1_0 #bwg_container2_0 .bwg-container-0.bwg-standard-thumbnails .bwg-item0 {      padding: 0px;            background-color:rgba(255,255,255, 0.30);      border: 0px none #CCCCCC;      opacity: 1.00;      border-radius: 0;      box-shadow: 0px 0px 0px #888888;    }    #bwg_container1_0 #bwg_container2_0 .bwg-container-0.bwg-standard-thumbnails .bwg-item1 img {      max-height: none;      max-width: none;      padding: 0 !important;    }        @media only screen and (min-width: 480px) {      #bwg_container1_0 #bwg_container2_0 .bwg-container-0.bwg-standard-thumbnails .bwg-item0 {        transition: all 0.3s ease 0s;-webkit-transition: all 0.3s ease 0s;      }      #bwg_container1_0 #bwg_container2_0 .bwg-container-0.bwg-standard-thumbnails .bwg-item0:hover {        -ms-transform: scale(1.1);        -webkit-transform: scale(1.1);        transform: scale(1.1);      }    }          #bwg_container1_0 #bwg_container2_0 .bwg-container-0.bwg-standard-thumbnails .bwg-item1 {      padding-top: 50%;    }        #bwg_container1_0 #bwg_container2_0 .bwg-container-0.bwg-standard-thumbnails .bwg-title2,    #bwg_container1_0 #bwg_container2_0 .bwg-container-0.bwg-standard-thumbnails .bwg-ecommerce2 {      color: #CCCCCC;      font-family: segoe ui;      font-size: 16px;      font-weight: bold;      padding: 2px;      text-shadow: 0px 0px 0px #888888;      max-height: 100%;    }    #bwg_container1_0 #bwg_container2_0 .bwg-container-0.bwg-standard-thumbnails .bwg-thumb-description span {    color: #323A45;    font-family: Ubuntu;    font-size: 12px;    max-height: 100%;    word-wrap: break-word;    }    #bwg_container1_0 #bwg_container2_0 .bwg-container-0.bwg-standard-thumbnails .bwg-play-icon2 {      font-size: 32px;    }    #bwg_container1_0 #bwg_container2_0 .bwg-container-0.bwg-standard-thumbnails .bwg-ecommerce2 {      font-size: 19.2px;      color: #CCCCCC;    }    <\/style>    <div id=\"bwg_container1_0\"         class=\"bwg_container bwg_thumbnail bwg_thumbnails\"         data-right-click-protection=\"1\"         data-bwg=\"0\"         data-current-url=\"https:\/\/archiforma.lt\/index.php?rest_route=%2Fwp%2Fv2%2Fposts%2F2585\"         data-lightbox-url=\"https:\/\/archiforma.lt\/wp-admin\/admin-ajax.php?action=GalleryBox&current_view=0&gallery_id=71&tag=0&theme_id=1&shortcode_id=74&sort_by=order&order_by=asc&current_url=https%3A%2F%2Farchiforma.lt%2Findex.php%3Frest_route%3D%252Fwp%252Fv2%252Fposts%252F2585\"         data-gallery-id=\"71\"         data-popup-width=\"800\"         data-popup-height=\"500\"         data-buttons-position=\"bottom\">      <div id=\"bwg_container2_0\">             <div id=\"ajax_loading_0\" class=\"bwg_loading_div_1\">      <div class=\"bwg_loading_div_2\">        <div class=\"bwg_loading_div_3\">          <div id=\"loading_div_0\" class=\"bwg_spider_ajax_loading\">          <\/div>        <\/div>      <\/div>    <\/div>            <form id=\"gal_front_form_0\"              class=\"bwg-hidden\"              method=\"post\"              action=\"#\"              data-current=\"0\"              data-shortcode-id=\"74\"              data-gallery-type=\"thumbnails\"              data-gallery-id=\"71\"              data-tag=\"0\"              data-album-id=\"0\"              data-theme-id=\"1\"              data-ajax-url=\"https:\/\/archiforma.lt\/wp-admin\/admin-ajax.php?action=bwg_frontend_data\">          <div id=\"bwg_container3_0\" class=\"bwg-background bwg-background-0\">                <div data-max-count=\"3\"         data-thumbnail-width=\"180\"         data-bwg=\"0\"         data-gallery-id=\"71\"         data-lightbox-url=\"https:\/\/archiforma.lt\/wp-admin\/admin-ajax.php?action=GalleryBox&current_view=0&gallery_id=71&tag=0&theme_id=1&shortcode_id=74&sort_by=order&order_by=asc&current_url=https%3A%2F%2Farchiforma.lt%2Findex.php%3Frest_route%3D%252Fwp%252Fv2%252Fposts%252F2585\"         id=\"bwg_thumbnails_0\"         class=\"bwg-container-0 bwg-thumbnails bwg-standard-thumbnails bwg-container bwg-border-box\">            <div class=\"bwg-item\">        <a class=\"bwg-a bwg_lightbox\"  data-image-id=\"1036\" href=\"https:\/\/archiforma.lt\/wp-content\/uploads\/photo-gallery\/2018\/\u0160nipi\u0161k\u0117s\/Baltastiltas_01.jpg?bwg=1548092079\">                <div class=\"bwg-item0 \">          <div class=\"bwg-item1 \">            <div class=\"bwg-item2\">              <img decoding=\"async\" class=\"skip-lazy bwg_standart_thumb_img_0 \"                   data-id=\"1036\"                   data-width=\"\"                   data-height=\"\"                   data-original=\"https:\/\/archiforma.lt\/wp-content\/uploads\/photo-gallery\/2018\/\u0160nipi\u0161k\u0117s\/thumb\/Baltastiltas_01.jpg?bwg=1548092079\"                   src=\"https:\/\/archiforma.lt\/wp-content\/uploads\/photo-gallery\/2018\/\u0160nipi\u0161k\u0117s\/thumb\/Baltastiltas_01.jpg?bwg=1548092079\"                   alt=\"Baltastiltas_01   \" \/>            <\/div>            <div class=\"\">                                                      <\/div>          <\/div>        <\/div>                                <\/a>      <\/div>            <div class=\"bwg-item\">        <a class=\"bwg-a bwg_lightbox\"  data-image-id=\"1037\" href=\"https:\/\/archiforma.lt\/wp-content\/uploads\/photo-gallery\/2018\/\u0160nipi\u0161k\u0117s\/Baltastiltas_04.jpg?bwg=1548092079\">                <div class=\"bwg-item0 \">          <div class=\"bwg-item1 \">            <div class=\"bwg-item2\">              <img decoding=\"async\" class=\"skip-lazy bwg_standart_thumb_img_0 \"                   data-id=\"1037\"                   data-width=\"\"                   data-height=\"\"                   data-original=\"https:\/\/archiforma.lt\/wp-content\/uploads\/photo-gallery\/2018\/\u0160nipi\u0161k\u0117s\/thumb\/Baltastiltas_04.jpg?bwg=1548092079\"                   src=\"https:\/\/archiforma.lt\/wp-content\/uploads\/photo-gallery\/2018\/\u0160nipi\u0161k\u0117s\/thumb\/Baltastiltas_04.jpg?bwg=1548092079\"                   alt=\"Baltastiltas_04   \" \/>            <\/div>            <div class=\"\">                                                      <\/div>          <\/div>        <\/div>                                <\/a>      <\/div>            <div class=\"bwg-item\">        <a class=\"bwg-a bwg_lightbox\"  data-image-id=\"1038\" href=\"https:\/\/archiforma.lt\/wp-content\/uploads\/photo-gallery\/2018\/\u0160nipi\u0161k\u0117s\/Baltastiltas_82_05.jpg?bwg=1548092079\">                <div class=\"bwg-item0 \">          <div class=\"bwg-item1 \">            <div class=\"bwg-item2\">              <img decoding=\"async\" class=\"skip-lazy bwg_standart_thumb_img_0 \"                   data-id=\"1038\"                   data-width=\"\"                   data-height=\"\"                   data-original=\"https:\/\/archiforma.lt\/wp-content\/uploads\/photo-gallery\/2018\/\u0160nipi\u0161k\u0117s\/thumb\/Baltastiltas_82_05.jpg?bwg=1548092079\"                   src=\"https:\/\/archiforma.lt\/wp-content\/uploads\/photo-gallery\/2018\/\u0160nipi\u0161k\u0117s\/thumb\/Baltastiltas_82_05.jpg?bwg=1548092079\"                   alt=\"Baltastiltas_82_05   \" \/>            <\/div>            <div class=\"\">                                                      <\/div>          <\/div>        <\/div>                                <\/a>      <\/div>            <div class=\"bwg-item\">        <a class=\"bwg-a bwg_lightbox\"  data-image-id=\"1043\" href=\"https:\/\/archiforma.lt\/wp-content\/uploads\/photo-gallery\/2018\/\u0160nipi\u0161k\u0117s\/IMG_2268.JPG?bwg=1548092079\">                <div class=\"bwg-item0 \">          <div class=\"bwg-item1 \">            <div class=\"bwg-item2\">              <img decoding=\"async\" class=\"skip-lazy bwg_standart_thumb_img_0 \"                   data-id=\"1043\"                   data-width=\"\"                   data-height=\"\"                   data-original=\"https:\/\/archiforma.lt\/wp-content\/uploads\/photo-gallery\/2018\/\u0160nipi\u0161k\u0117s\/thumb\/IMG_2268.JPG?bwg=1548092079\"                   src=\"https:\/\/archiforma.lt\/wp-content\/uploads\/photo-gallery\/2018\/\u0160nipi\u0161k\u0117s\/thumb\/IMG_2268.JPG?bwg=1548092079\"                   alt=\"IMG_2268   \" \/>            <\/div>            <div class=\"\">                                                      <\/div>          <\/div>        <\/div>                                <\/a>      <\/div>            <div class=\"bwg-item\">        <a class=\"bwg-a bwg_lightbox\"  data-image-id=\"1049\" href=\"https:\/\/archiforma.lt\/wp-content\/uploads\/photo-gallery\/2018\/\u0160nipi\u0161k\u0117s\/PESCIUJU TILTO SCHEMOS-09.jpg?bwg=1548092079\">                <div class=\"bwg-item0 \">          <div class=\"bwg-item1 \">            <div class=\"bwg-item2\">              <img decoding=\"async\" class=\"skip-lazy bwg_standart_thumb_img_0 \"                   data-id=\"1049\"                   data-width=\"\"                   data-height=\"\"                   data-original=\"https:\/\/archiforma.lt\/wp-content\/uploads\/photo-gallery\/2018\/\u0160nipi\u0161k\u0117s\/thumb\/PESCIUJU TILTO SCHEMOS-09.jpg?bwg=1548092079\"                   src=\"https:\/\/archiforma.lt\/wp-content\/uploads\/photo-gallery\/2018\/\u0160nipi\u0161k\u0117s\/thumb\/PESCIUJU TILTO SCHEMOS-09.jpg?bwg=1548092079\"                   alt=\"PESCIUJU TILTO SCHEMOS-09   \" \/>            <\/div>            <div class=\"\">                                                      <\/div>          <\/div>        <\/div>                                <\/a>      <\/div>            <div class=\"bwg-item\">        <a class=\"bwg-a bwg_lightbox\"  data-image-id=\"1051\" href=\"https:\/\/archiforma.lt\/wp-content\/uploads\/photo-gallery\/2018\/\u0160nipi\u0161k\u0117s\/Snipiskiu skverai 2017_10_16-DARKON\u0172 PIEVA PLANAS copy.jpg?bwg=1548092079\">                <div class=\"bwg-item0 \">          <div class=\"bwg-item1 \">            <div class=\"bwg-item2\">              <img decoding=\"async\" class=\"skip-lazy bwg_standart_thumb_img_0 \"                   data-id=\"1051\"                   data-width=\"\"                   data-height=\"\"                   data-original=\"https:\/\/archiforma.lt\/wp-content\/uploads\/photo-gallery\/2018\/\u0160nipi\u0161k\u0117s\/thumb\/Snipiskiu skverai 2017_10_16-DARKON\u0172 PIEVA PLANAS copy.jpg?bwg=1548092079\"                   src=\"https:\/\/archiforma.lt\/wp-content\/uploads\/photo-gallery\/2018\/\u0160nipi\u0161k\u0117s\/thumb\/Snipiskiu skverai 2017_10_16-DARKON\u0172 PIEVA PLANAS copy.jpg?bwg=1548092079\"                   alt=\"Snipiskiu skverai 2017_10_16-DARKON\u0172 PIEVA PLANAS copy   \" \/>            <\/div>            <div class=\"\">                                                      <\/div>          <\/div>        <\/div>                                <\/a>      <\/div>            <div class=\"bwg-item\">        <a class=\"bwg-a bwg_lightbox\"  data-image-id=\"1039\" href=\"https:\/\/archiforma.lt\/wp-content\/uploads\/photo-gallery\/2018\/\u0160nipi\u0161k\u0117s\/drakonu pieva 2 VIZ.jpg?bwg=1548092079\">                <div class=\"bwg-item0 \">          <div class=\"bwg-item1 \">            <div class=\"bwg-item2\">              <img decoding=\"async\" class=\"skip-lazy bwg_standart_thumb_img_0 \"                   data-id=\"1039\"                   data-width=\"\"                   data-height=\"\"                   data-original=\"https:\/\/archiforma.lt\/wp-content\/uploads\/photo-gallery\/2018\/\u0160nipi\u0161k\u0117s\/thumb\/drakonu pieva 2 VIZ.jpg?bwg=1548092079\"                   src=\"https:\/\/archiforma.lt\/wp-content\/uploads\/photo-gallery\/2018\/\u0160nipi\u0161k\u0117s\/thumb\/drakonu pieva 2 VIZ.jpg?bwg=1548092079\"                   alt=\"drakonu pieva 2 VIZ   \" \/>            <\/div>            <div class=\"\">                                                      <\/div>          <\/div>        <\/div>                                <\/a>      <\/div>            <div class=\"bwg-item\">        <a class=\"bwg-a bwg_lightbox\"  data-image-id=\"1048\" href=\"https:\/\/archiforma.lt\/wp-content\/uploads\/photo-gallery\/2018\/\u0160nipi\u0161k\u0117s\/kintu aikte 3 VIZ.jpg?bwg=1548092079\">                <div class=\"bwg-item0 \">          <div class=\"bwg-item1 \">            <div class=\"bwg-item2\">              <img decoding=\"async\" class=\"skip-lazy bwg_standart_thumb_img_0 \"                   data-id=\"1048\"                   data-width=\"\"                   data-height=\"\"                   data-original=\"https:\/\/archiforma.lt\/wp-content\/uploads\/photo-gallery\/2018\/\u0160nipi\u0161k\u0117s\/thumb\/kintu aikte 3 VIZ.jpg?bwg=1548092079\"                   src=\"https:\/\/archiforma.lt\/wp-content\/uploads\/photo-gallery\/2018\/\u0160nipi\u0161k\u0117s\/thumb\/kintu aikte 3 VIZ.jpg?bwg=1548092079\"                   alt=\"kintu aikte 3 VIZ   \" \/>            <\/div>            <div class=\"\">                                                      <\/div>          <\/div>        <\/div>                                <\/a>      <\/div>            <div class=\"bwg-item\">        <a class=\"bwg-a bwg_lightbox\"  data-image-id=\"1047\" href=\"https:\/\/archiforma.lt\/wp-content\/uploads\/photo-gallery\/2018\/\u0160nipi\u0161k\u0117s\/kintu aikte 2 VIZ.jpg?bwg=1548092079\">                <div class=\"bwg-item0 \">          <div class=\"bwg-item1 \">            <div class=\"bwg-item2\">              <img decoding=\"async\" class=\"skip-lazy bwg_standart_thumb_img_0 \"                   data-id=\"1047\"                   data-width=\"\"                   data-height=\"\"                   data-original=\"https:\/\/archiforma.lt\/wp-content\/uploads\/photo-gallery\/2018\/\u0160nipi\u0161k\u0117s\/thumb\/kintu aikte 2 VIZ.jpg?bwg=1548092079\"                   src=\"https:\/\/archiforma.lt\/wp-content\/uploads\/photo-gallery\/2018\/\u0160nipi\u0161k\u0117s\/thumb\/kintu aikte 2 VIZ.jpg?bwg=1548092079\"                   alt=\"kintu aikte 2 VIZ   \" \/>            <\/div>            <div class=\"\">                                                      <\/div>          <\/div>        <\/div>                                <\/a>      <\/div>            <div class=\"bwg-item\">        <a class=\"bwg-a bwg_lightbox\"  data-image-id=\"1052\" href=\"https:\/\/archiforma.lt\/wp-content\/uploads\/photo-gallery\/2018\/\u0160nipi\u0161k\u0117s\/Snipiskiu skverai 2017_10_16-KINTU AIKST\u0116 PLANAS copy.jpg?bwg=1548092079\">                <div class=\"bwg-item0 \">          <div class=\"bwg-item1 \">            <div class=\"bwg-item2\">              <img decoding=\"async\" class=\"skip-lazy bwg_standart_thumb_img_0 \"                   data-id=\"1052\"                   data-width=\"\"                   data-height=\"\"                   data-original=\"https:\/\/archiforma.lt\/wp-content\/uploads\/photo-gallery\/2018\/\u0160nipi\u0161k\u0117s\/thumb\/Snipiskiu skverai 2017_10_16-KINTU AIKST\u0116 PLANAS copy.jpg?bwg=1548092079\"                   src=\"https:\/\/archiforma.lt\/wp-content\/uploads\/photo-gallery\/2018\/\u0160nipi\u0161k\u0117s\/thumb\/Snipiskiu skverai 2017_10_16-KINTU AIKST\u0116 PLANAS copy.jpg?bwg=1548092079\"                   alt=\"Snipiskiu skverai 2017_10_16-KINTU AIKST\u0116 PLANAS copy   \" \/>            <\/div>            <div class=\"\">                                                      <\/div>          <\/div>        <\/div>                                <\/a>      <\/div>            <div class=\"bwg-item\">        <a class=\"bwg-a bwg_lightbox\"  data-image-id=\"1040\" href=\"https:\/\/archiforma.lt\/wp-content\/uploads\/photo-gallery\/2018\/\u0160nipi\u0161k\u0117s\/giedraiciu sc 2 viz.jpg?bwg=1548092079\">                <div class=\"bwg-item0 \">          <div class=\"bwg-item1 \">            <div class=\"bwg-item2\">              <img decoding=\"async\" class=\"skip-lazy bwg_standart_thumb_img_0 \"                   data-id=\"1040\"                   data-width=\"\"                   data-height=\"\"                   data-original=\"https:\/\/archiforma.lt\/wp-content\/uploads\/photo-gallery\/2018\/\u0160nipi\u0161k\u0117s\/thumb\/giedraiciu sc 2 viz.jpg?bwg=1548092079\"                   src=\"https:\/\/archiforma.lt\/wp-content\/uploads\/photo-gallery\/2018\/\u0160nipi\u0161k\u0117s\/thumb\/giedraiciu sc 2 viz.jpg?bwg=1548092079\"                   alt=\"giedraiciu sc 2 viz   \" \/>            <\/div>            <div class=\"\">                                                      <\/div>          <\/div>        <\/div>                                <\/a>      <\/div>            <div class=\"bwg-item\">        <a class=\"bwg-a bwg_lightbox\"  data-image-id=\"1041\" href=\"https:\/\/archiforma.lt\/wp-content\/uploads\/photo-gallery\/2018\/\u0160nipi\u0161k\u0117s\/Giedraiciu schemos-esama.jpg?bwg=1548092079\">                <div class=\"bwg-item0 \">          <div class=\"bwg-item1 \">            <div class=\"bwg-item2\">              <img decoding=\"async\" class=\"skip-lazy bwg_standart_thumb_img_0 \"                   data-id=\"1041\"                   data-width=\"\"                   data-height=\"\"                   data-original=\"https:\/\/archiforma.lt\/wp-content\/uploads\/photo-gallery\/2018\/\u0160nipi\u0161k\u0117s\/thumb\/Giedraiciu schemos-esama.jpg?bwg=1548092079\"                   src=\"https:\/\/archiforma.lt\/wp-content\/uploads\/photo-gallery\/2018\/\u0160nipi\u0161k\u0117s\/thumb\/Giedraiciu schemos-esama.jpg?bwg=1548092079\"                   alt=\"Giedraiciu schemos-esama   \" \/>            <\/div>            <div class=\"\">                                                      <\/div>          <\/div>        <\/div>                                <\/a>      <\/div>            <div class=\"bwg-item\">        <a class=\"bwg-a bwg_lightbox\"  data-image-id=\"1042\" href=\"https:\/\/archiforma.lt\/wp-content\/uploads\/photo-gallery\/2018\/\u0160nipi\u0161k\u0117s\/Giedraiciu schemos-sprendiniai.jpg?bwg=1548092079\">                <div class=\"bwg-item0 \">          <div class=\"bwg-item1 \">            <div class=\"bwg-item2\">              <img decoding=\"async\" class=\"skip-lazy bwg_standart_thumb_img_0 \"                   data-id=\"1042\"                   data-width=\"\"                   data-height=\"\"                   data-original=\"https:\/\/archiforma.lt\/wp-content\/uploads\/photo-gallery\/2018\/\u0160nipi\u0161k\u0117s\/thumb\/Giedraiciu schemos-sprendiniai.jpg?bwg=1548092079\"                   src=\"https:\/\/archiforma.lt\/wp-content\/uploads\/photo-gallery\/2018\/\u0160nipi\u0161k\u0117s\/thumb\/Giedraiciu schemos-sprendiniai.jpg?bwg=1548092079\"                   alt=\"Giedraiciu schemos-sprendiniai   \" \/>            <\/div>            <div class=\"\">                                                      <\/div>          <\/div>        <\/div>                                <\/a>      <\/div>            <div class=\"bwg-item\">        <a class=\"bwg-a bwg_lightbox\"  data-image-id=\"1044\" href=\"https:\/\/archiforma.lt\/wp-content\/uploads\/photo-gallery\/2018\/\u0160nipi\u0161k\u0117s\/IMG_2272.JPG?bwg=1548092079\">                <div class=\"bwg-item0 \">          <div class=\"bwg-item1 \">            <div class=\"bwg-item2\">              <img decoding=\"async\" class=\"skip-lazy bwg_standart_thumb_img_0 \"                   data-id=\"1044\"                   data-width=\"\"                   data-height=\"\"                   data-original=\"https:\/\/archiforma.lt\/wp-content\/uploads\/photo-gallery\/2018\/\u0160nipi\u0161k\u0117s\/thumb\/IMG_2272.JPG?bwg=1548092079\"                   src=\"https:\/\/archiforma.lt\/wp-content\/uploads\/photo-gallery\/2018\/\u0160nipi\u0161k\u0117s\/thumb\/IMG_2272.JPG?bwg=1548092079\"                   alt=\"IMG_2272   \" \/>            <\/div>            <div class=\"\">                                                      <\/div>          <\/div>        <\/div>                                <\/a>      <\/div>            <div class=\"bwg-item\">        <a class=\"bwg-a bwg_lightbox\"  data-image-id=\"1045\" href=\"https:\/\/archiforma.lt\/wp-content\/uploads\/photo-gallery\/2018\/\u0160nipi\u0161k\u0117s\/is paukscio VIZ.jpg?bwg=1548092079\">                <div class=\"bwg-item0 \">          <div class=\"bwg-item1 \">            <div class=\"bwg-item2\">              <img decoding=\"async\" class=\"skip-lazy bwg_standart_thumb_img_0 \"                   data-id=\"1045\"                   data-width=\"\"                   data-height=\"\"                   data-original=\"https:\/\/archiforma.lt\/wp-content\/uploads\/photo-gallery\/2018\/\u0160nipi\u0161k\u0117s\/thumb\/is paukscio VIZ.jpg?bwg=1548092079\"                   src=\"https:\/\/archiforma.lt\/wp-content\/uploads\/photo-gallery\/2018\/\u0160nipi\u0161k\u0117s\/thumb\/is paukscio VIZ.jpg?bwg=1548092079\"                   alt=\"is paukscio VIZ   \" \/>            <\/div>            <div class=\"\">                                                      <\/div>          <\/div>        <\/div>                                <\/a>      <\/div>            <div class=\"bwg-item\">        <a class=\"bwg-a bwg_lightbox\"  data-image-id=\"1050\" href=\"https:\/\/archiforma.lt\/wp-content\/uploads\/photo-gallery\/2018\/\u0160nipi\u0161k\u0117s\/SLAITU VIZ.jpg?bwg=1548092079\">                <div class=\"bwg-item0 \">          <div class=\"bwg-item1 \">            <div class=\"bwg-item2\">              <img decoding=\"async\" class=\"skip-lazy bwg_standart_thumb_img_0 \"                   data-id=\"1050\"                   data-width=\"\"                   data-height=\"\"                   data-original=\"https:\/\/archiforma.lt\/wp-content\/uploads\/photo-gallery\/2018\/\u0160nipi\u0161k\u0117s\/thumb\/SLAITU VIZ.jpg?bwg=1548092079\"                   src=\"https:\/\/archiforma.lt\/wp-content\/uploads\/photo-gallery\/2018\/\u0160nipi\u0161k\u0117s\/thumb\/SLAITU VIZ.jpg?bwg=1548092079\"                   alt=\"SLAITU VIZ   \" \/>            <\/div>            <div class=\"\">                                                      <\/div>          <\/div>        <\/div>                                <\/a>      <\/div>          <\/div>    <style>      \/*pagination styles*\/      #bwg_container1_0 #bwg_container2_0 .tablenav-pages_0 {      text-align: center;      font-size: 12px;      font-family: segoe ui;      font-weight: bold;      color: #666666;      margin: 6px 0 4px;      display: block;      height: 30px;      line-height: 30px;      }      @media only screen and (max-width : 320px) {      #bwg_container1_0 #bwg_container2_0 .displaying-num_0 {      display: none;      }      }      #bwg_container1_0 #bwg_container2_0 .displaying-num_0 {      font-size: 12px;      font-family: segoe ui;      font-weight: bold;      color: #666666;      margin-right: 10px;      vertical-align: middle;      }      #bwg_container1_0 #bwg_container2_0 .paging-input_0 {      font-size: 12px;      font-family: segoe ui;      font-weight: bold;      color: #666666;      vertical-align: middle;      }      #bwg_container1_0 #bwg_container2_0 .tablenav-pages_0 a.disabled,      #bwg_container1_0 #bwg_container2_0 .tablenav-pages_0 a.disabled:hover,      #bwg_container1_0 #bwg_container2_0 .tablenav-pages_0 a.disabled:focus {      cursor: default;      color: rgba(102, 102, 102, 0.5);      }      #bwg_container1_0 #bwg_container2_0 .tablenav-pages_0 a {      cursor: pointer;      font-size: 12px;      font-family: segoe ui;      font-weight: bold;      color: #666666;      text-decoration: none;      padding: 3px 6px;      margin: 0;      border-radius: 0;      border-style: solid;      border-width: 1px;      border-color: #E3E3E3;      background-color: #FFFFFF;      opacity: 1.00;      box-shadow: 0;      transition: all 0.3s ease 0s;-webkit-transition: all 0.3s ease 0s;      }      <\/style>      <span class=\"bwg_nav_cont_0\">              <div class=\"tablenav-pages_0\">                  <\/div>                <input type=\"hidden\" id=\"page_number_0\" name=\"page_number_0\" value=\"1\" \/>      <script type=\"text\/javascript\">        function spider_page_0(cur, x, y, load_more) {          if (typeof load_more == \"undefined\") {            var load_more = false;          }          if (jQuery(cur).hasClass('disabled')) {            return false;          }          var items_county_0 = 1;          switch (y) {            case 1:              if (x >= items_county_0) {                document.getElementById('page_number_0').value = items_county_0;              }              else {                document.getElementById('page_number_0').value = x + 1;              }              break;            case 2:              document.getElementById('page_number_0').value = items_county_0;              break;            case -1:              if (x == 1) {                document.getElementById('page_number_0').value = 1;              }              else {                document.getElementById('page_number_0').value = x - 1;              }              break;            case -2:              document.getElementById('page_number_0').value = 1;              break;            default:              document.getElementById('page_number_0').value = 1;          }          bwg_ajax('gal_front_form_0', '0', 'bwg_thumbnails_0', '0', '', '', 0, '', '', load_more, '', 1);        }                    jQuery('.first-page-0').on('click', function () {              spider_page_0(this, 1, -2, 'numeric');              return false;            });            jQuery('.prev-page-0').on('click', function () {              spider_page_0(this, 1, -1, 'numeric');              return false;            });            jQuery('.next-page-0').on('click', function () {              spider_page_0(this, 1, 1, 'numeric');              return false;            });            jQuery('.last-page-0').on('click', function () {              spider_page_0(this, 1, 2, 'numeric');              return false;            });                jQuery('.bwg_load_btn_0').on('click', function () {            spider_page_0(this, 1, 1, true);            return false;        });      <\/script>      <\/span>                <\/div>        <\/form>          <style>          #bwg_container1_0 #bwg_container2_0 #spider_popup_overlay_0 {          background-color: #000000;          opacity: 0.70;          }          <\/style>        <div id=\"bwg_spider_popup_loading_0\" class=\"bwg_spider_popup_loading\"><\/div>        <div id=\"spider_popup_overlay_0\" class=\"spider_popup_overlay\" onclick=\"spider_destroypopup(1000)\"><\/div>        <input type=\"hidden\" id=\"bwg_random_seed_0\" value=\"1582246260\">                <\/div>    <\/div>    <script>      jQuery(function() {        bwg_main_ready();      });    <\/script>    \n","protected":false},"excerpt":{"rendered":"<p>Kalb\u0117ti apie miest\u0173 ateities vizijas ekonomikos pakilimo laikotarpiu yra lengva ir malonu visiems. Politikai gali girtis dar ne\u012fgyvendintais infrastrukt\u016bros projektais, nekilnojamojo turto vystytojai vie\u0161ai p\u016bsti savo projekt\u0173 investicin\u012f potencial\u0105, o architektai m\u0117gautis projektavimu pa\u017ead\u0117toje infrastrukt\u016broje. \u0160i\u0173 nuotaik\u0173 sunku nepasteb\u0117ti did\u017eiausiuose \u0161alies miestuose. Didel\u0119 projekt\u0173 dal\u012f \u012f priek\u012f stumia augan\u010dios ekonomikos banga, lydima ger\u0117jan\u010dio pragyvenimo lygio [&hellip;]<\/p>\n","protected":false},"author":2,"featured_media":0,"comment_status":"open","ping_status":"open","sticky":false,"template":"","format":"standard","meta":{"footnotes":""},"categories":[115,9,23,11],"tags":[],"views":80,"_links":{"self":[{"href":"https:\/\/archiforma.lt\/index.php?rest_route=\/wp\/v2\/posts\/2585"}],"collection":[{"href":"https:\/\/archiforma.lt\/index.php?rest_route=\/wp\/v2\/posts"}],"about":[{"href":"https:\/\/archiforma.lt\/index.php?rest_route=\/wp\/v2\/types\/post"}],"author":[{"embeddable":true,"href":"https:\/\/archiforma.lt\/index.php?rest_route=\/wp\/v2\/users\/2"}],"replies":[{"embeddable":true,"href":"https:\/\/archiforma.lt\/index.php?rest_route=%2Fwp%2Fv2%2Fcomments&post=2585"}],"version-history":[{"count":8,"href":"https:\/\/archiforma.lt\/index.php?rest_route=\/wp\/v2\/posts\/2585\/revisions"}],"predecessor-version":[{"id":2598,"href":"https:\/\/archiforma.lt\/index.php?rest_route=\/wp\/v2\/posts\/2585\/revisions\/2598"}],"wp:attachment":[{"href":"https:\/\/archiforma.lt\/index.php?rest_route=%2Fwp%2Fv2%2Fmedia&parent=2585"}],"wp:term":[{"taxonomy":"category","embeddable":true,"href":"https:\/\/archiforma.lt\/index.php?rest_route=%2Fwp%2Fv2%2Fcategories&post=2585"},{"taxonomy":"post_tag","embeddable":true,"href":"https:\/\/archiforma.lt\/index.php?rest_route=%2Fwp%2Fv2%2Ftags&post=2585"}],"curies":[{"name":"wp","href":"https:\/\/api.w.org\/{rel}","templated":true}]}}