{"id":2338,"date":"2017-11-30T13:17:16","date_gmt":"2017-11-30T11:17:16","guid":{"rendered":"http:\/\/archiforma.lt\/?p=2338"},"modified":"2017-12-09T20:32:07","modified_gmt":"2017-12-09T18:32:07","slug":"2017-metu-dvigubas-archiformos-numeris-jau-prekyboje","status":"publish","type":"post","link":"https:\/\/archiforma.lt\/?p=2338","title":{"rendered":"2017 met\u0173 dvigubas \u201eArchiformos\u201c numeris"},"content":{"rendered":"<p><img loading=\"lazy\" decoding=\"async\" class=\" aligncenter\" src=\"http:\/\/archiforma.lt\/wp-content\/uploads\/photo-gallery\/Vir%C5%A1eliai\/56.jpg\" alt=\"\" width=\"392\" height=\"555\" \/><\/p>\n<p>&nbsp;<\/p>\n<p>Naujausiame \u201cArchiformos\u201d \u017eurnale i\u0161skiriamos dvi pagrindin\u0117s temos: \u201eLietuvos Nepriklausomyb\u0117s architekt\u0173 karta\u201c bei \u201eLietuvos didmies\u010di\u0173 medin\u0117s architekt\u016bros palikimas\u201c.<\/p>\n<p><!--more--><\/p>\n<p>2017-ieji atne\u0161\u0117 nema\u017eai ger\u0173, laukt\u0173 projekt\u0173 bei iniciatyv\u0173. Pagaliau sulauk\u0117me architekt\u016brinio judesio Panev\u0117\u017eyje. Belieka tik\u0117tis, kad nepritr\u016bks j\u0117g\u0173 realizuoti u\u017esibr\u0117\u017etus tikslus. Vienas i\u0161skirtinesni\u0173 Lietuvoje organizuot\u0173 architekt\u016brini\u0173 konkurs\u0173\u00a0\u2013 M.\u00a0K.\u00a0\u010ciurlionio koncert\u0173 centras \u2013 pritrauk\u0117 nema\u017eai pasaulinio d\u0117mesio, o tai, kad laim\u0117jo Lietuvos architekt\u0173 biuras, \u012frodo, jog pasaulin\u0117je rinkoje tikrai galime var\u017eytis.<\/p>\n<p>Ap\u017evalgoje pristatome nema\u017eai verslo centr\u0173 bei visuomenin\u0117s tipologijos pastat\u0173. \u0160iemet daug d\u0117mesio skyr\u0117me Kaunui, ta\u010diau pelnytai. Rekonstruota Kauno autobus\u0173 stotis, multifunkcis kvartalas \u201eJuozapavi\u010diaus 13\u201c bei daugelis kit\u0173 puiki\u0173 realizacij\u0173 ver\u010dia \u012f Kaun\u0105 \u017ei\u016br\u0117ti kitomis akimis.<\/p>\n<p>\u0160i\u0173 met\u0173 \u201eArchiformos\u201c temos dvi: \u201eMedin\u0117 Lietuvos didmies\u010di\u0173 architekt\u016bros retrospektyva\u201c ir \u201eLietuvos nepriklausomyb\u0117s kartos architektai\u201c. Kardinaliai skirtingos temos, ta\u010diau papildan\u010dios \u017eurnal\u0105 \u012fvairi\u0173 laikotarpi\u0173 architekt\u016bra. Pirm\u0105ja tema nor\u0117jome ne tik atkreipti d\u0117mes\u012f \u012f medin\u0119 didmies\u010di\u0173 architekt\u016br\u0105, bet ir paanalizuoti bei u\u017efiksuoti dabartin\u0119 situacij\u0105. Visi straipsniai parengti skirting\u0173 kart\u0173 architekt\u0173, ta\u010diau juos vienija dom\u0117jimasis ir noras i\u0161saugoti medin\u0119 architekt\u016br\u0105 Lietuvoje. Pirmajame straipsnyje ap\u017evelgiama \u0160nipi\u0161ki\u0173 situacija, kuri yra gana kriti\u0161ka, nes n\u0117ra konkre\u010dios saugojimo strategijos, mikrorajone \u012fsiviravo chaosas, o \u0161alia medini\u0173 vieno auk\u0161to su mansarda pastat\u0117li\u0173 dygsta nauji, \u012fstatymus apeinantys trij\u0173 auk\u0161t\u0173 su mansarda ir cokoliu daugiabu\u010diai namai. \u0160nipi\u0161k\u0117se j\u0173 tur\u0117t\u0173 atsirasti, ta\u010diau koncentruotai, ma\u017eiausi\u0105 vert\u0119 turin\u010dioje teritorijoje. Daugiau apie paveldo saugojimo ir \u012fstatymin\u0119 baz\u0119 kalba architekt\u0117 J\u016brat\u0117 Jurevi\u010dien\u0117. Be Vilniaus, ap\u017evelgiama pad\u0117tis Kaune ir Klaip\u0117doje.<\/p>\n<p>Antroji tema pristato Lietuvos architektus, kurie baig\u0117 studijas ir prad\u0117jo dirbti jau nepriklausomoje Lietuvoje. Siekiama, kad \u0161is projektas tapt\u0173 t\u0119stinis ir b\u016bt\u0173 pristatoma daugiau jaun\u0173 architekt\u0173 biur\u0173, j\u0173 veiklos modeli\u0173 bei pa\u010di\u0173 architekt\u0173 filosofija. \u0160iame numeryje kalbinami du biurai \u2013 \u201eYCL\u201c ir \u201eKubinis metras\u201c. Gana neilgai egzistuojantys biurai yra realizav\u0119 nema\u017eai objekt\u0173 bei padar\u0119 \u012ftak\u0105 skirtingose architekt\u016brin\u0117se ni\u0161ose. Taip pat prie \u0161ios temos pristatome ir \u012fvairius realizuotus \u0161ios kartos architekt\u0173 darbus\u00a0\u2013 tiek objektus, tiek socialines iniciatyvas.<\/p>\n<p>Dar viena nauja tema \u0161iame numeryje\u00a0\u2013 architekt\u016bros fotografija. Pasirinkta teksto interviu forma band\u0117me atskleisti skirtumus tarp menin\u0117s ir dokumentin\u0117s architekt\u016bros fotografijos bei su kokiais sunkumais da\u017eniausiai susiduria architekt\u016bros fotografai. Kalbiname du fotografus\u00a0\u2013 Norbert Tukaj bei Gedimin\u0105 Karbausk\u012f.<\/p>\n<p>\u017durnal\u0105 galite prenumeruoti, \u012fsigyti m\u016bs\u0173 redakcijoje Kalvarij\u0173 g. 1 bei knygynuose \u201cHumanitas\u201d bei\u00a0Vagos knygynuose Pilies g. bei Gedimino pr.<\/p>\n<p>&nbsp;<\/p>\n<p><span style=\"color: #666699;\"><a style=\"color: #666699;\" href=\"http:\/\/archiforma.lt\/wp-content\/uploads\/2017\/12\/Archiforma-2017-1-2_Leidinio-turinys.pdf\">Atsisi\u0173sti \u017eurnalo \u201eArchiforma 2017 (1-2)\u201c turin\u012f<\/a><\/span><\/p>\n<p>&nbsp;<\/p>\n","protected":false},"excerpt":{"rendered":"<p>&nbsp; Naujausiame \u201cArchiformos\u201d \u017eurnale i\u0161skiriamos dvi pagrindin\u0117s temos: \u201eLietuvos Nepriklausomyb\u0117s architekt\u0173 karta\u201c bei \u201eLietuvos didmies\u010di\u0173 medin\u0117s architekt\u016bros palikimas\u201c.<\/p>\n","protected":false},"author":2,"featured_media":0,"comment_status":"open","ping_status":"open","sticky":false,"template":"","format":"standard","meta":{"footnotes":""},"categories":[5,9,23],"tags":[],"views":16,"_links":{"self":[{"href":"https:\/\/archiforma.lt\/index.php?rest_route=\/wp\/v2\/posts\/2338"}],"collection":[{"href":"https:\/\/archiforma.lt\/index.php?rest_route=\/wp\/v2\/posts"}],"about":[{"href":"https:\/\/archiforma.lt\/index.php?rest_route=\/wp\/v2\/types\/post"}],"author":[{"embeddable":true,"href":"https:\/\/archiforma.lt\/index.php?rest_route=\/wp\/v2\/users\/2"}],"replies":[{"embeddable":true,"href":"https:\/\/archiforma.lt\/index.php?rest_route=%2Fwp%2Fv2%2Fcomments&post=2338"}],"version-history":[{"count":13,"href":"https:\/\/archiforma.lt\/index.php?rest_route=\/wp\/v2\/posts\/2338\/revisions"}],"predecessor-version":[{"id":2363,"href":"https:\/\/archiforma.lt\/index.php?rest_route=\/wp\/v2\/posts\/2338\/revisions\/2363"}],"wp:attachment":[{"href":"https:\/\/archiforma.lt\/index.php?rest_route=%2Fwp%2Fv2%2Fmedia&parent=2338"}],"wp:term":[{"taxonomy":"category","embeddable":true,"href":"https:\/\/archiforma.lt\/index.php?rest_route=%2Fwp%2Fv2%2Fcategories&post=2338"},{"taxonomy":"post_tag","embeddable":true,"href":"https:\/\/archiforma.lt\/index.php?rest_route=%2Fwp%2Fv2%2Ftags&post=2338"}],"curies":[{"name":"wp","href":"https:\/\/api.w.org\/{rel}","templated":true}]}}