{"id":2304,"date":"2017-06-07T19:28:13","date_gmt":"2017-06-07T17:28:13","guid":{"rendered":"http:\/\/archiforma.lt\/?p=2304"},"modified":"2017-06-07T19:41:22","modified_gmt":"2017-06-07T17:41:22","slug":"p-armino-ir-gelezinkelio-gatviu-sankryzos-rekonstrukcija-marijampoleje","status":"publish","type":"post","link":"https:\/\/archiforma.lt\/?p=2304","title":{"rendered":"P. Armino ir Gele\u017einkelio gatvi\u0173 sankry\u017eos rekonstrukcija Marijampol\u0117je"},"content":{"rendered":"<p><img loading=\"lazy\" decoding=\"async\" class=\"alignnone\" src=\"http:\/\/archiforma.lt\/wp-content\/uploads\/photo-gallery\/2017\/Gatvi%C5%B3%20sankry%C5%BEos%20rekonstrukcija%20Marijampol%C4%97je\/Armino_g_Marijampole_%20(16)_m.jpg\" alt=\"\" width=\"557\" height=\"371\" \/><\/p>\n<p>&nbsp;<\/p>\n<p><strong>Architektas:<\/strong><span style=\"font-weight: 400;\">\u00a0Mantas Mickevi\u010dius;<\/span><\/p>\n<p><strong>Projektuotojas:<\/strong><span style=\"font-weight: 400;\">\u00a0UAB &#8220;Kelprojektas&#8221;;<\/span><\/p>\n<p><strong>Konstruktorius:<\/strong><span style=\"font-weight: 400;\">\u00a0Vygantas \u0160adauskas;<\/span><\/p>\n<p><strong>U\u017esakovas:<\/strong>\u00a0Marijampol\u0117s savivaldyb\u0117;<\/p>\n<p><strong>Realizacija:\u00a0<\/strong><span style=\"font-weight: 400;\">2017;<\/span><\/p>\n<p><strong>Vieta:<\/strong>\u00a0P.Armino ir Gele\u017einkelio gatvi\u0173 sankry\u017ea, Marijampol\u0117<span style=\"font-weight: 400;\">;<\/span><\/p>\n<p><strong>Fotografas: <\/strong><span style=\"font-weight: 400;\">Tomas Ragina;<\/span><\/p>\n<p><!--more--><\/p>\n<p>&nbsp;<\/p>\n<p>\u201e\u0160i\u0173 met\u0173 gegu\u017e\u0117s m\u0117nes\u012f Marijampol\u0117je atidaryta jau tre\u010dia modernizuota dviej\u0173 lygi\u0173 sankry\u017ea. Kadangi per \u0161\u012f miest\u0105 tiesiama \u201eRail Baltica\u201c gele\u017einkelio linija, nei\u0161vengiamai reik\u0117jo atnaujinti esamus transporto, p\u0117s\u010di\u0173j\u0173 ir b\u0117gi\u0173 sankirtos mazgus. Dvejos i\u0161 \u0161i\u0173 sankry\u017e\u0173 suprojektuotos to paties architekto Manto Mickevi\u010diaus. B\u016btent d\u0117l \u0161ios prie\u017easties jau\u010diamas vientisumas viaduk\u0173 architekt\u016broje. Architekto ranka jau\u010diama ne tik genplano sprendiniuose, bet ir p\u0117s\u010di\u0173j\u0173 viaduko architekt\u016brin\u0117je i\u0161rai\u0161koje. T raid\u0117s formos plano, santvarin\u0117s konstrukcijos statinys dengtas pasvirais mediniais elementais, kuri\u0173 d\u0117ka p\u0117stieji \u0161iek tiek atribojami nuo \u017eemiau esan\u010dios intensyvaus eismo gatv\u0117s. Taip pat \u0161iam mazgui vientisumo suteikia ir pana\u0161ios stilistikos r\u016bdinto plieno tur\u0117klai, sukurti b\u016btent \u0161iam projektui.\u201c<br \/>\n<span style=\"color: #808080;\"><em>Vis\u0105 straipsn\u012f kvie\u010diame skaityti \u017eurnalo \u201eArchiforma\u201c 2017 m. rudens numeryje.<\/em><\/span><\/p>\n<p>&nbsp;<\/p>\n<style id=\"bwg-style-0\">    #bwg_container1_0 #bwg_container2_0 .bwg-container-0.bwg-standard-thumbnails {      width: 544px;              justify-content: center;        margin:0 auto !important;              background-color: rgba(255, 255, 255, 0.00);            padding-left: 4px;      padding-top: 4px;      max-width: 100%;            }        #bwg_container1_0 #bwg_container2_0 .bwg-container-0.bwg-standard-thumbnails .bwg-item {      justify-content: flex-start;      max-width: 180px;            width: 180px !important;          }    #bwg_container1_0 #bwg_container2_0 .bwg-container-0.bwg-standard-thumbnails .bwg-item > a {       margin-right: 4px;       margin-bottom: 4px;    }    #bwg_container1_0 #bwg_container2_0 .bwg-container-0.bwg-standard-thumbnails .bwg-item0 {      padding: 0px;            background-color:rgba(255,255,255, 0.30);      border: 0px none #CCCCCC;      opacity: 1.00;      border-radius: 0;      box-shadow: 0px 0px 0px #888888;    }    #bwg_container1_0 #bwg_container2_0 .bwg-container-0.bwg-standard-thumbnails .bwg-item1 img {      max-height: none;      max-width: none;      padding: 0 !important;    }        @media only screen and (min-width: 480px) {      #bwg_container1_0 #bwg_container2_0 .bwg-container-0.bwg-standard-thumbnails .bwg-item0 {        transition: all 0.3s ease 0s;-webkit-transition: all 0.3s ease 0s;      }      #bwg_container1_0 #bwg_container2_0 .bwg-container-0.bwg-standard-thumbnails .bwg-item0:hover {        -ms-transform: scale(1.1);        -webkit-transform: scale(1.1);        transform: scale(1.1);      }    }          #bwg_container1_0 #bwg_container2_0 .bwg-container-0.bwg-standard-thumbnails .bwg-item1 {      padding-top: 50%;    }        #bwg_container1_0 #bwg_container2_0 .bwg-container-0.bwg-standard-thumbnails .bwg-title2,    #bwg_container1_0 #bwg_container2_0 .bwg-container-0.bwg-standard-thumbnails .bwg-ecommerce2 {      color: #CCCCCC;      font-family: segoe ui;      font-size: 16px;      font-weight: bold;      padding: 2px;      text-shadow: 0px 0px 0px #888888;      max-height: 100%;    }    #bwg_container1_0 #bwg_container2_0 .bwg-container-0.bwg-standard-thumbnails .bwg-thumb-description span {    color: #323A45;    font-family: Ubuntu;    font-size: 12px;    max-height: 100%;    word-wrap: break-word;    }    #bwg_container1_0 #bwg_container2_0 .bwg-container-0.bwg-standard-thumbnails .bwg-play-icon2 {      font-size: 32px;    }    #bwg_container1_0 #bwg_container2_0 .bwg-container-0.bwg-standard-thumbnails .bwg-ecommerce2 {      font-size: 19.2px;      color: #CCCCCC;    }    <\/style>    <div id=\"bwg_container1_0\"         class=\"bwg_container bwg_thumbnail bwg_thumbnails\"         data-right-click-protection=\"1\"         data-bwg=\"0\"         data-current-url=\"https:\/\/archiforma.lt\/index.php?rest_route=%2Fwp%2Fv2%2Fposts%2F2304\"         data-lightbox-url=\"https:\/\/archiforma.lt\/wp-admin\/admin-ajax.php?action=GalleryBox&current_view=0&gallery_id=44&tag=0&theme_id=1&shortcode_id=50&sort_by=order&order_by=asc&current_url=https%3A%2F%2Farchiforma.lt%2Findex.php%3Frest_route%3D%252Fwp%252Fv2%252Fposts%252F2304\"         data-gallery-id=\"44\"         data-popup-width=\"800\"         data-popup-height=\"500\"         data-buttons-position=\"bottom\">      <div id=\"bwg_container2_0\">             <div id=\"ajax_loading_0\" class=\"bwg_loading_div_1\">      <div class=\"bwg_loading_div_2\">        <div class=\"bwg_loading_div_3\">          <div id=\"loading_div_0\" class=\"bwg_spider_ajax_loading\">          <\/div>        <\/div>      <\/div>    <\/div>            <form id=\"gal_front_form_0\"              class=\"bwg-hidden\"              method=\"post\"              action=\"#\"              data-current=\"0\"              data-shortcode-id=\"50\"              data-gallery-type=\"thumbnails\"              data-gallery-id=\"44\"              data-tag=\"0\"              data-album-id=\"0\"              data-theme-id=\"1\"              data-ajax-url=\"https:\/\/archiforma.lt\/wp-admin\/admin-ajax.php?action=bwg_frontend_data\">          <div id=\"bwg_container3_0\" class=\"bwg-background bwg-background-0\">                <div data-max-count=\"3\"         data-thumbnail-width=\"180\"         data-bwg=\"0\"         data-gallery-id=\"44\"         data-lightbox-url=\"https:\/\/archiforma.lt\/wp-admin\/admin-ajax.php?action=GalleryBox&current_view=0&gallery_id=44&tag=0&theme_id=1&shortcode_id=50&sort_by=order&order_by=asc&current_url=https%3A%2F%2Farchiforma.lt%2Findex.php%3Frest_route%3D%252Fwp%252Fv2%252Fposts%252F2304\"         id=\"bwg_thumbnails_0\"         class=\"bwg-container-0 bwg-thumbnails bwg-standard-thumbnails bwg-container bwg-border-box\">            <div class=\"bwg-item\">        <a class=\"bwg-a bwg_lightbox\"  data-image-id=\"681\" href=\"https:\/\/archiforma.lt\/wp-content\/uploads\/photo-gallery\/2017\/Gatvi\u0173 sankry\u017eos rekonstrukcija Marijampol\u0117je\/Armino_g_Marijampole_ (16)_m.jpg?bwg=1548092079\">                <div class=\"bwg-item0 \">          <div class=\"bwg-item1 \">            <div class=\"bwg-item2\">              <img decoding=\"async\" class=\"skip-lazy bwg_standart_thumb_img_0 \"                   data-id=\"681\"                   data-width=\"\"                   data-height=\"\"                   data-original=\"https:\/\/archiforma.lt\/wp-content\/uploads\/photo-gallery\/2017\/Gatvi\u0173 sankry\u017eos rekonstrukcija Marijampol\u0117je\/thumb\/Armino_g_Marijampole_ (16)_m.jpg?bwg=1548092079\"                   src=\"https:\/\/archiforma.lt\/wp-content\/uploads\/photo-gallery\/2017\/Gatvi\u0173 sankry\u017eos rekonstrukcija Marijampol\u0117je\/thumb\/Armino_g_Marijampole_ (16)_m.jpg?bwg=1548092079\"                   alt=\"Armino_g_Marijampole_ (16)_m  \" \/>            <\/div>            <div class=\"\">                                                      <\/div>          <\/div>        <\/div>                                <\/a>      <\/div>            <div class=\"bwg-item\">        <a class=\"bwg-a bwg_lightbox\"  data-image-id=\"680\" href=\"https:\/\/archiforma.lt\/wp-content\/uploads\/photo-gallery\/2017\/Gatvi\u0173 sankry\u017eos rekonstrukcija Marijampol\u0117je\/Armino_g_Marijampole_ (15)_m.jpg?bwg=1548092079\">                <div class=\"bwg-item0 \">          <div class=\"bwg-item1 \">            <div class=\"bwg-item2\">              <img decoding=\"async\" class=\"skip-lazy bwg_standart_thumb_img_0 \"                   data-id=\"680\"                   data-width=\"\"                   data-height=\"\"                   data-original=\"https:\/\/archiforma.lt\/wp-content\/uploads\/photo-gallery\/2017\/Gatvi\u0173 sankry\u017eos rekonstrukcija Marijampol\u0117je\/thumb\/Armino_g_Marijampole_ (15)_m.jpg?bwg=1548092079\"                   src=\"https:\/\/archiforma.lt\/wp-content\/uploads\/photo-gallery\/2017\/Gatvi\u0173 sankry\u017eos rekonstrukcija Marijampol\u0117je\/thumb\/Armino_g_Marijampole_ (15)_m.jpg?bwg=1548092079\"                   alt=\"Armino_g_Marijampole_ (15)_m  \" \/>            <\/div>            <div class=\"\">                                                      <\/div>          <\/div>        <\/div>                                <\/a>      <\/div>            <div class=\"bwg-item\">        <a class=\"bwg-a bwg_lightbox\"  data-image-id=\"679\" href=\"https:\/\/archiforma.lt\/wp-content\/uploads\/photo-gallery\/2017\/Gatvi\u0173 sankry\u017eos rekonstrukcija Marijampol\u0117je\/Armino_g_Marijampole_ (14)_m.jpg?bwg=1548092079\">                <div class=\"bwg-item0 \">          <div class=\"bwg-item1 \">            <div class=\"bwg-item2\">              <img decoding=\"async\" class=\"skip-lazy bwg_standart_thumb_img_0 \"                   data-id=\"679\"                   data-width=\"\"                   data-height=\"\"                   data-original=\"https:\/\/archiforma.lt\/wp-content\/uploads\/photo-gallery\/2017\/Gatvi\u0173 sankry\u017eos rekonstrukcija Marijampol\u0117je\/thumb\/Armino_g_Marijampole_ (14)_m.jpg?bwg=1548092079\"                   src=\"https:\/\/archiforma.lt\/wp-content\/uploads\/photo-gallery\/2017\/Gatvi\u0173 sankry\u017eos rekonstrukcija Marijampol\u0117je\/thumb\/Armino_g_Marijampole_ (14)_m.jpg?bwg=1548092079\"                   alt=\"Armino_g_Marijampole_ (14)_m  \" \/>            <\/div>            <div class=\"\">                                                      <\/div>          <\/div>        <\/div>                                <\/a>      <\/div>            <div class=\"bwg-item\">        <a class=\"bwg-a bwg_lightbox\"  data-image-id=\"678\" href=\"https:\/\/archiforma.lt\/wp-content\/uploads\/photo-gallery\/2017\/Gatvi\u0173 sankry\u017eos rekonstrukcija Marijampol\u0117je\/Armino_g_Marijampole_ (13)_m.jpg?bwg=1548092079\">                <div class=\"bwg-item0 \">          <div class=\"bwg-item1 \">            <div class=\"bwg-item2\">              <img decoding=\"async\" class=\"skip-lazy bwg_standart_thumb_img_0 \"                   data-id=\"678\"                   data-width=\"\"                   data-height=\"\"                   data-original=\"https:\/\/archiforma.lt\/wp-content\/uploads\/photo-gallery\/2017\/Gatvi\u0173 sankry\u017eos rekonstrukcija Marijampol\u0117je\/thumb\/Armino_g_Marijampole_ (13)_m.jpg?bwg=1548092079\"                   src=\"https:\/\/archiforma.lt\/wp-content\/uploads\/photo-gallery\/2017\/Gatvi\u0173 sankry\u017eos rekonstrukcija Marijampol\u0117je\/thumb\/Armino_g_Marijampole_ (13)_m.jpg?bwg=1548092079\"                   alt=\"Armino_g_Marijampole_ (13)_m  \" \/>            <\/div>            <div class=\"\">                                                      <\/div>          <\/div>        <\/div>                                <\/a>      <\/div>            <div class=\"bwg-item\">        <a class=\"bwg-a bwg_lightbox\"  data-image-id=\"677\" href=\"https:\/\/archiforma.lt\/wp-content\/uploads\/photo-gallery\/2017\/Gatvi\u0173 sankry\u017eos rekonstrukcija Marijampol\u0117je\/Armino_g_Marijampole_ (12)_m.jpg?bwg=1548092079\">                <div class=\"bwg-item0 \">          <div class=\"bwg-item1 \">            <div class=\"bwg-item2\">              <img decoding=\"async\" class=\"skip-lazy bwg_standart_thumb_img_0 \"                   data-id=\"677\"                   data-width=\"\"                   data-height=\"\"                   data-original=\"https:\/\/archiforma.lt\/wp-content\/uploads\/photo-gallery\/2017\/Gatvi\u0173 sankry\u017eos rekonstrukcija Marijampol\u0117je\/thumb\/Armino_g_Marijampole_ (12)_m.jpg?bwg=1548092079\"                   src=\"https:\/\/archiforma.lt\/wp-content\/uploads\/photo-gallery\/2017\/Gatvi\u0173 sankry\u017eos rekonstrukcija Marijampol\u0117je\/thumb\/Armino_g_Marijampole_ (12)_m.jpg?bwg=1548092079\"                   alt=\"Armino_g_Marijampole_ (12)_m  \" \/>            <\/div>            <div class=\"\">                                                      <\/div>          <\/div>        <\/div>                                <\/a>      <\/div>            <div class=\"bwg-item\">        <a class=\"bwg-a bwg_lightbox\"  data-image-id=\"676\" href=\"https:\/\/archiforma.lt\/wp-content\/uploads\/photo-gallery\/2017\/Gatvi\u0173 sankry\u017eos rekonstrukcija Marijampol\u0117je\/Armino_g_Marijampole_ (11)_m.jpg?bwg=1548092079\">                <div class=\"bwg-item0 \">          <div class=\"bwg-item1 \">            <div class=\"bwg-item2\">              <img decoding=\"async\" class=\"skip-lazy bwg_standart_thumb_img_0 \"                   data-id=\"676\"                   data-width=\"\"                   data-height=\"\"                   data-original=\"https:\/\/archiforma.lt\/wp-content\/uploads\/photo-gallery\/2017\/Gatvi\u0173 sankry\u017eos rekonstrukcija Marijampol\u0117je\/thumb\/Armino_g_Marijampole_ (11)_m.jpg?bwg=1548092079\"                   src=\"https:\/\/archiforma.lt\/wp-content\/uploads\/photo-gallery\/2017\/Gatvi\u0173 sankry\u017eos rekonstrukcija Marijampol\u0117je\/thumb\/Armino_g_Marijampole_ (11)_m.jpg?bwg=1548092079\"                   alt=\"Armino_g_Marijampole_ (11)_m  \" \/>            <\/div>            <div class=\"\">                                                      <\/div>          <\/div>        <\/div>                                <\/a>      <\/div>            <div class=\"bwg-item\">        <a class=\"bwg-a bwg_lightbox\"  data-image-id=\"675\" href=\"https:\/\/archiforma.lt\/wp-content\/uploads\/photo-gallery\/2017\/Gatvi\u0173 sankry\u017eos rekonstrukcija Marijampol\u0117je\/Armino_g_Marijampole_ (9)_m.jpg?bwg=1548092079\">                <div class=\"bwg-item0 \">          <div class=\"bwg-item1 \">            <div class=\"bwg-item2\">              <img decoding=\"async\" class=\"skip-lazy bwg_standart_thumb_img_0 \"                   data-id=\"675\"                   data-width=\"\"                   data-height=\"\"                   data-original=\"https:\/\/archiforma.lt\/wp-content\/uploads\/photo-gallery\/2017\/Gatvi\u0173 sankry\u017eos rekonstrukcija Marijampol\u0117je\/thumb\/Armino_g_Marijampole_ (9)_m.jpg?bwg=1548092079\"                   src=\"https:\/\/archiforma.lt\/wp-content\/uploads\/photo-gallery\/2017\/Gatvi\u0173 sankry\u017eos rekonstrukcija Marijampol\u0117je\/thumb\/Armino_g_Marijampole_ (9)_m.jpg?bwg=1548092079\"                   alt=\"Armino_g_Marijampole_ (9)_m  \" \/>            <\/div>            <div class=\"\">                                                      <\/div>          <\/div>        <\/div>                                <\/a>      <\/div>            <div class=\"bwg-item\">        <a class=\"bwg-a bwg_lightbox\"  data-image-id=\"674\" href=\"https:\/\/archiforma.lt\/wp-content\/uploads\/photo-gallery\/2017\/Gatvi\u0173 sankry\u017eos rekonstrukcija Marijampol\u0117je\/Armino_g_Marijampole_ (8)_m.jpg?bwg=1548092079\">                <div class=\"bwg-item0 \">          <div class=\"bwg-item1 \">            <div class=\"bwg-item2\">              <img decoding=\"async\" class=\"skip-lazy bwg_standart_thumb_img_0 \"                   data-id=\"674\"                   data-width=\"\"                   data-height=\"\"                   data-original=\"https:\/\/archiforma.lt\/wp-content\/uploads\/photo-gallery\/2017\/Gatvi\u0173 sankry\u017eos rekonstrukcija Marijampol\u0117je\/thumb\/Armino_g_Marijampole_ (8)_m.jpg?bwg=1548092079\"                   src=\"https:\/\/archiforma.lt\/wp-content\/uploads\/photo-gallery\/2017\/Gatvi\u0173 sankry\u017eos rekonstrukcija Marijampol\u0117je\/thumb\/Armino_g_Marijampole_ (8)_m.jpg?bwg=1548092079\"                   alt=\"Armino_g_Marijampole_ (8)_m  \" \/>            <\/div>            <div class=\"\">                                                      <\/div>          <\/div>        <\/div>                                <\/a>      <\/div>            <div class=\"bwg-item\">        <a class=\"bwg-a bwg_lightbox\"  data-image-id=\"673\" href=\"https:\/\/archiforma.lt\/wp-content\/uploads\/photo-gallery\/2017\/Gatvi\u0173 sankry\u017eos rekonstrukcija Marijampol\u0117je\/Armino_g_Marijampole_ (7)_m.jpg?bwg=1548092079\">                <div class=\"bwg-item0 \">          <div class=\"bwg-item1 \">            <div class=\"bwg-item2\">              <img decoding=\"async\" class=\"skip-lazy bwg_standart_thumb_img_0 \"                   data-id=\"673\"                   data-width=\"\"                   data-height=\"\"                   data-original=\"https:\/\/archiforma.lt\/wp-content\/uploads\/photo-gallery\/2017\/Gatvi\u0173 sankry\u017eos rekonstrukcija Marijampol\u0117je\/thumb\/Armino_g_Marijampole_ (7)_m.jpg?bwg=1548092079\"                   src=\"https:\/\/archiforma.lt\/wp-content\/uploads\/photo-gallery\/2017\/Gatvi\u0173 sankry\u017eos rekonstrukcija Marijampol\u0117je\/thumb\/Armino_g_Marijampole_ (7)_m.jpg?bwg=1548092079\"                   alt=\"Armino_g_Marijampole_ (7)_m  \" \/>            <\/div>            <div class=\"\">                                                      <\/div>          <\/div>        <\/div>                                <\/a>      <\/div>            <div class=\"bwg-item\">        <a class=\"bwg-a bwg_lightbox\"  data-image-id=\"672\" href=\"https:\/\/archiforma.lt\/wp-content\/uploads\/photo-gallery\/2017\/Gatvi\u0173 sankry\u017eos rekonstrukcija Marijampol\u0117je\/Armino_g_Marijampole_ (6)_m.jpg?bwg=1548092079\">                <div class=\"bwg-item0 \">          <div class=\"bwg-item1 \">            <div class=\"bwg-item2\">              <img decoding=\"async\" class=\"skip-lazy bwg_standart_thumb_img_0 \"                   data-id=\"672\"                   data-width=\"\"                   data-height=\"\"                   data-original=\"https:\/\/archiforma.lt\/wp-content\/uploads\/photo-gallery\/2017\/Gatvi\u0173 sankry\u017eos rekonstrukcija Marijampol\u0117je\/thumb\/Armino_g_Marijampole_ (6)_m.jpg?bwg=1548092079\"                   src=\"https:\/\/archiforma.lt\/wp-content\/uploads\/photo-gallery\/2017\/Gatvi\u0173 sankry\u017eos rekonstrukcija Marijampol\u0117je\/thumb\/Armino_g_Marijampole_ (6)_m.jpg?bwg=1548092079\"                   alt=\"Armino_g_Marijampole_ (6)_m  \" \/>            <\/div>            <div class=\"\">                                                      <\/div>          <\/div>        <\/div>                                <\/a>      <\/div>            <div class=\"bwg-item\">        <a class=\"bwg-a bwg_lightbox\"  data-image-id=\"671\" href=\"https:\/\/archiforma.lt\/wp-content\/uploads\/photo-gallery\/2017\/Gatvi\u0173 sankry\u017eos rekonstrukcija Marijampol\u0117je\/Armino_g_Marijampole_ (4)_m.jpg?bwg=1548092079\">                <div class=\"bwg-item0 \">          <div class=\"bwg-item1 \">            <div class=\"bwg-item2\">              <img decoding=\"async\" class=\"skip-lazy bwg_standart_thumb_img_0 \"                   data-id=\"671\"                   data-width=\"\"                   data-height=\"\"                   data-original=\"https:\/\/archiforma.lt\/wp-content\/uploads\/photo-gallery\/2017\/Gatvi\u0173 sankry\u017eos rekonstrukcija Marijampol\u0117je\/thumb\/Armino_g_Marijampole_ (4)_m.jpg?bwg=1548092079\"                   src=\"https:\/\/archiforma.lt\/wp-content\/uploads\/photo-gallery\/2017\/Gatvi\u0173 sankry\u017eos rekonstrukcija Marijampol\u0117je\/thumb\/Armino_g_Marijampole_ (4)_m.jpg?bwg=1548092079\"                   alt=\"Armino_g_Marijampole_ (4)_m  \" \/>            <\/div>            <div class=\"\">                                                      <\/div>          <\/div>        <\/div>                                <\/a>      <\/div>            <div class=\"bwg-item\">        <a class=\"bwg-a bwg_lightbox\"  data-image-id=\"670\" href=\"https:\/\/archiforma.lt\/wp-content\/uploads\/photo-gallery\/2017\/Gatvi\u0173 sankry\u017eos rekonstrukcija Marijampol\u0117je\/Armino_g_Marijampole_ (3)_m.jpg?bwg=1548092079\">                <div class=\"bwg-item0 \">          <div class=\"bwg-item1 \">            <div class=\"bwg-item2\">              <img decoding=\"async\" class=\"skip-lazy bwg_standart_thumb_img_0 \"                   data-id=\"670\"                   data-width=\"\"                   data-height=\"\"                   data-original=\"https:\/\/archiforma.lt\/wp-content\/uploads\/photo-gallery\/2017\/Gatvi\u0173 sankry\u017eos rekonstrukcija Marijampol\u0117je\/thumb\/Armino_g_Marijampole_ (3)_m.jpg?bwg=1548092079\"                   src=\"https:\/\/archiforma.lt\/wp-content\/uploads\/photo-gallery\/2017\/Gatvi\u0173 sankry\u017eos rekonstrukcija Marijampol\u0117je\/thumb\/Armino_g_Marijampole_ (3)_m.jpg?bwg=1548092079\"                   alt=\"Armino_g_Marijampole_ (3)_m  \" \/>            <\/div>            <div class=\"\">                                                      <\/div>          <\/div>        <\/div>                                <\/a>      <\/div>            <div class=\"bwg-item\">        <a class=\"bwg-a bwg_lightbox\"  data-image-id=\"669\" href=\"https:\/\/archiforma.lt\/wp-content\/uploads\/photo-gallery\/2017\/Gatvi\u0173 sankry\u017eos rekonstrukcija Marijampol\u0117je\/Armino_g_Marijampole_ (2)_m.jpg?bwg=1548092079\">                <div class=\"bwg-item0 \">          <div class=\"bwg-item1 \">            <div class=\"bwg-item2\">              <img decoding=\"async\" class=\"skip-lazy bwg_standart_thumb_img_0 \"                   data-id=\"669\"                   data-width=\"\"                   data-height=\"\"                   data-original=\"https:\/\/archiforma.lt\/wp-content\/uploads\/photo-gallery\/2017\/Gatvi\u0173 sankry\u017eos rekonstrukcija Marijampol\u0117je\/thumb\/Armino_g_Marijampole_ (2)_m.jpg?bwg=1548092079\"                   src=\"https:\/\/archiforma.lt\/wp-content\/uploads\/photo-gallery\/2017\/Gatvi\u0173 sankry\u017eos rekonstrukcija Marijampol\u0117je\/thumb\/Armino_g_Marijampole_ (2)_m.jpg?bwg=1548092079\"                   alt=\"Armino_g_Marijampole_ (2)_m  \" \/>            <\/div>            <div class=\"\">                                                      <\/div>          <\/div>        <\/div>                                <\/a>      <\/div>            <div class=\"bwg-item\">        <a class=\"bwg-a bwg_lightbox\"  data-image-id=\"668\" href=\"https:\/\/archiforma.lt\/wp-content\/uploads\/photo-gallery\/2017\/Gatvi\u0173 sankry\u017eos rekonstrukcija Marijampol\u0117je\/Armino_g_Marijampole_ (1)_m.jpg?bwg=1548092079\">                <div class=\"bwg-item0 \">          <div class=\"bwg-item1 \">            <div class=\"bwg-item2\">              <img decoding=\"async\" class=\"skip-lazy bwg_standart_thumb_img_0 \"                   data-id=\"668\"                   data-width=\"\"                   data-height=\"\"                   data-original=\"https:\/\/archiforma.lt\/wp-content\/uploads\/photo-gallery\/2017\/Gatvi\u0173 sankry\u017eos rekonstrukcija Marijampol\u0117je\/thumb\/Armino_g_Marijampole_ (1)_m.jpg?bwg=1548092079\"                   src=\"https:\/\/archiforma.lt\/wp-content\/uploads\/photo-gallery\/2017\/Gatvi\u0173 sankry\u017eos rekonstrukcija Marijampol\u0117je\/thumb\/Armino_g_Marijampole_ (1)_m.jpg?bwg=1548092079\"                   alt=\"Armino_g_Marijampole_ (1)_m  \" \/>            <\/div>            <div class=\"\">                                                      <\/div>          <\/div>        <\/div>                                <\/a>      <\/div>            <div class=\"bwg-item\">        <a class=\"bwg-a bwg_lightbox\"  data-image-id=\"682\" href=\"https:\/\/archiforma.lt\/wp-content\/uploads\/photo-gallery\/2017\/Gatvi\u0173 sankry\u017eos rekonstrukcija Marijampol\u0117je\/brezinys_m.jpg?bwg=1548092079\">                <div class=\"bwg-item0 \">          <div class=\"bwg-item1 \">            <div class=\"bwg-item2\">              <img decoding=\"async\" class=\"skip-lazy bwg_standart_thumb_img_0 \"                   data-id=\"682\"                   data-width=\"\"                   data-height=\"\"                   data-original=\"https:\/\/archiforma.lt\/wp-content\/uploads\/photo-gallery\/2017\/Gatvi\u0173 sankry\u017eos rekonstrukcija Marijampol\u0117je\/thumb\/brezinys_m.jpg?bwg=1548092079\"                   src=\"https:\/\/archiforma.lt\/wp-content\/uploads\/photo-gallery\/2017\/Gatvi\u0173 sankry\u017eos rekonstrukcija Marijampol\u0117je\/thumb\/brezinys_m.jpg?bwg=1548092079\"                   alt=\"brezinys_m  \" \/>            <\/div>            <div class=\"\">                                                      <\/div>          <\/div>        <\/div>                                <\/a>      <\/div>          <\/div>    <style>      \/*pagination styles*\/      #bwg_container1_0 #bwg_container2_0 .tablenav-pages_0 {      text-align: center;      font-size: 12px;      font-family: segoe ui;      font-weight: bold;      color: #666666;      margin: 6px 0 4px;      display: block;      height: 30px;      line-height: 30px;      }      @media only screen and (max-width : 320px) {      #bwg_container1_0 #bwg_container2_0 .displaying-num_0 {      display: none;      }      }      #bwg_container1_0 #bwg_container2_0 .displaying-num_0 {      font-size: 12px;      font-family: segoe ui;      font-weight: bold;      color: #666666;      margin-right: 10px;      vertical-align: middle;      }      #bwg_container1_0 #bwg_container2_0 .paging-input_0 {      font-size: 12px;      font-family: segoe ui;      font-weight: bold;      color: #666666;      vertical-align: middle;      }      #bwg_container1_0 #bwg_container2_0 .tablenav-pages_0 a.disabled,      #bwg_container1_0 #bwg_container2_0 .tablenav-pages_0 a.disabled:hover,      #bwg_container1_0 #bwg_container2_0 .tablenav-pages_0 a.disabled:focus {      cursor: default;      color: rgba(102, 102, 102, 0.5);      }      #bwg_container1_0 #bwg_container2_0 .tablenav-pages_0 a {      cursor: pointer;      font-size: 12px;      font-family: segoe ui;      font-weight: bold;      color: #666666;      text-decoration: none;      padding: 3px 6px;      margin: 0;      border-radius: 0;      border-style: solid;      border-width: 1px;      border-color: #E3E3E3;      background-color: #FFFFFF;      opacity: 1.00;      box-shadow: 0;      transition: all 0.3s ease 0s;-webkit-transition: all 0.3s ease 0s;      }      <\/style>      <span class=\"bwg_nav_cont_0\">              <div class=\"tablenav-pages_0\">                  <\/div>                <input type=\"hidden\" id=\"page_number_0\" name=\"page_number_0\" value=\"1\" \/>      <script type=\"text\/javascript\">        function spider_page_0(cur, x, y, load_more) {          if (typeof load_more == \"undefined\") {            var load_more = false;          }          if (jQuery(cur).hasClass('disabled')) {            return false;          }          var items_county_0 = 1;          switch (y) {            case 1:              if (x >= items_county_0) {                document.getElementById('page_number_0').value = items_county_0;              }              else {                document.getElementById('page_number_0').value = x + 1;              }              break;            case 2:              document.getElementById('page_number_0').value = items_county_0;              break;            case -1:              if (x == 1) {                document.getElementById('page_number_0').value = 1;              }              else {                document.getElementById('page_number_0').value = x - 1;              }              break;            case -2:              document.getElementById('page_number_0').value = 1;              break;            default:              document.getElementById('page_number_0').value = 1;          }          bwg_ajax('gal_front_form_0', '0', 'bwg_thumbnails_0', '0', '', '', 0, '', '', load_more, '', 1);        }                    jQuery('.first-page-0').on('click', function () {              spider_page_0(this, 1, -2, 'numeric');              return false;            });            jQuery('.prev-page-0').on('click', function () {              spider_page_0(this, 1, -1, 'numeric');              return false;            });            jQuery('.next-page-0').on('click', function () {              spider_page_0(this, 1, 1, 'numeric');              return false;            });            jQuery('.last-page-0').on('click', function () {              spider_page_0(this, 1, 2, 'numeric');              return false;            });                jQuery('.bwg_load_btn_0').on('click', function () {            spider_page_0(this, 1, 1, true);            return false;        });      <\/script>      <\/span>                <\/div>        <\/form>          <style>          #bwg_container1_0 #bwg_container2_0 #spider_popup_overlay_0 {          background-color: #000000;          opacity: 0.70;          }          <\/style>        <div id=\"bwg_spider_popup_loading_0\" class=\"bwg_spider_popup_loading\"><\/div>        <div id=\"spider_popup_overlay_0\" class=\"spider_popup_overlay\" onclick=\"spider_destroypopup(1000)\"><\/div>        <input type=\"hidden\" id=\"bwg_random_seed_0\" value=\"1500498140\">                <\/div>    <\/div>    <script>      jQuery(function() {        bwg_main_ready();      });    <\/script>    \n","protected":false},"excerpt":{"rendered":"<p>&nbsp; Architektas:\u00a0Mantas Mickevi\u010dius; Projektuotojas:\u00a0UAB &#8220;Kelprojektas&#8221;; Konstruktorius:\u00a0Vygantas \u0160adauskas; U\u017esakovas:\u00a0Marijampol\u0117s savivaldyb\u0117; Realizacija:\u00a02017; Vieta:\u00a0P.Armino ir Gele\u017einkelio gatvi\u0173 sankry\u017ea, Marijampol\u0117; Fotografas: Tomas Ragina;<\/p>\n","protected":false},"author":2,"featured_media":0,"comment_status":"open","ping_status":"open","sticky":false,"template":"","format":"standard","meta":{"footnotes":""},"categories":[111,9,23],"tags":[],"views":46,"_links":{"self":[{"href":"https:\/\/archiforma.lt\/index.php?rest_route=\/wp\/v2\/posts\/2304"}],"collection":[{"href":"https:\/\/archiforma.lt\/index.php?rest_route=\/wp\/v2\/posts"}],"about":[{"href":"https:\/\/archiforma.lt\/index.php?rest_route=\/wp\/v2\/types\/post"}],"author":[{"embeddable":true,"href":"https:\/\/archiforma.lt\/index.php?rest_route=\/wp\/v2\/users\/2"}],"replies":[{"embeddable":true,"href":"https:\/\/archiforma.lt\/index.php?rest_route=%2Fwp%2Fv2%2Fcomments&post=2304"}],"version-history":[{"count":6,"href":"https:\/\/archiforma.lt\/index.php?rest_route=\/wp\/v2\/posts\/2304\/revisions"}],"predecessor-version":[{"id":2310,"href":"https:\/\/archiforma.lt\/index.php?rest_route=\/wp\/v2\/posts\/2304\/revisions\/2310"}],"wp:attachment":[{"href":"https:\/\/archiforma.lt\/index.php?rest_route=%2Fwp%2Fv2%2Fmedia&parent=2304"}],"wp:term":[{"taxonomy":"category","embeddable":true,"href":"https:\/\/archiforma.lt\/index.php?rest_route=%2Fwp%2Fv2%2Fcategories&post=2304"},{"taxonomy":"post_tag","embeddable":true,"href":"https:\/\/archiforma.lt\/index.php?rest_route=%2Fwp%2Fv2%2Ftags&post=2304"}],"curies":[{"name":"wp","href":"https:\/\/api.w.org\/{rel}","templated":true}]}}