{"id":2161,"date":"2017-02-21T20:00:26","date_gmt":"2017-02-21T18:00:26","guid":{"rendered":"http:\/\/archiforma.lt\/?p=2161"},"modified":"2017-04-19T20:41:38","modified_gmt":"2017-04-19T18:41:38","slug":"draft2","status":"publish","type":"post","link":"https:\/\/archiforma.lt\/?p=2161","title":{"rendered":"VGTU mokslo ir administracijos centras"},"content":{"rendered":"<p><img loading=\"lazy\" decoding=\"async\" class=\"alignnone\" src=\"http:\/\/archiforma.lt\/wp-content\/uploads\/photo-gallery\/2015\/VGTU\/IMGP8864.jpg\" alt=\"\" width=\"452\" height=\"394\" \/><\/p>\n<p><strong>Architektai<\/strong><span style=\"font-weight: 400;\"><strong>:<\/strong> &#8220;A.S.A. Sigito Kuncevi\u010diaus projektavimo firma &#8221; (<\/span>Sigitas Kuncevi\u010dius, Loreta Kuncevi\u010dien\u0117, Martynas Dagys, \u017dygimantas Gudelis, Vilt\u0117 Jurgaitien\u0117, Aist\u0117 Kuncevi\u010di\u016bt\u0117-Gudelien\u0117);<\/p>\n<p><strong>U\u017esakovas<\/strong><strong>:<\/strong>\u00a0Vilniaus Gedimino technikos universitetas<\/p>\n<p><strong>Pastato plotas<\/strong><span style=\"font-weight: 400;\"><strong>:<\/strong>\u00a07600 kv.m.;\u00a0<\/span><\/p>\n<p><strong>Realizacija<\/strong><span style=\"font-weight: 400;\"><strong>:<\/strong>\u00a02016;<\/span><\/p>\n<p><span style=\"font-weight: 400;\"><strong>Vieta:<\/strong>\u00a0Saul\u0117tekio al. 11, Vilnius;<\/span><\/p>\n<p><!--more--><\/p>\n<p align=\"JUSTIFY\"><span style=\"color: #000000;\"><span style=\"font-family: 'Times New Roman', serif;\"><span style=\"font-size: medium;\"><span lang=\"lt-LT\">Vis da\u017eniau architekt\u0173 bei architekt\u016bra besidomin\u010di\u0173 \u017emoni\u0173 \u017evilgsniai krypsta Saul\u0117tekio sl\u0117nio pus\u0117n, kur pastaraisiais metais daug\u0117ja naujos kokybi\u0161kos architekt\u016bros objekt\u0173. \u0160\u012fkart d\u0117mesys tenka VGTU mokslo ir administracijos centrui \u2013 naujai Saul\u0117tekio al\u0117jos dominantei. Malonus sutapimas, jog dar prie\u0161 de\u0161imtmet\u012f projektuotas pastatas savo duris atveria 25-aisiais Universiteto vardo gavimo metais, o projekto autorius \u2013 anuomet buvusio VISI (Vilniaus in\u017einerinio statybos instituto) absolventas \u2013 S. Kuncevi\u010dius su komanda. Atrodo, jog Lietuvoje ger\u0117ja mokslo \u012fstaig\u0173 pastat\u0173 architekt\u016brin\u0117s baz\u0117s kokyb\u0117.<\/span><\/span><\/span><\/span><\/p>\n<p align=\"JUSTIFY\"><span style=\"color: #000000;\"><span style=\"font-family: 'Times New Roman', serif;\"><span style=\"font-size: medium;\"><span lang=\"lt-LT\">Kaip jau min\u0117ta, objektas prad\u0117tas projektuoti dar 2005 metais, ta\u010diau savo i\u0161rai\u0161ka nenusileid\u017eia ir \u0161i\u0173 dien\u0173 projektams. Grie\u017etos formos, stiklas, metalas atitinka technikos universiteto formuojam\u0105 \u012fvaizd\u012f. Anot autori\u0173, 7600 m<\/span><\/span><\/span><\/span><span style=\"color: #000000;\"><sup><span style=\"font-family: 'Times New Roman', serif;\"><span style=\"font-size: xx-small;\"><span lang=\"lt-LT\">2<\/span><\/span><\/span><\/sup><\/span><span style=\"color: #000000;\"><span style=\"font-family: 'Times New Roman', serif;\"><span style=\"font-size: medium;\"><span lang=\"lt-LT\"> ploto VGTU mokslo ir administracijos centro architekt\u016brinis sprendimas paremtas siekiu sukurti dominuojan\u010dio, centrinio pastato \u012fvaizd\u012f esamame VGTU studij\u0173 komplekso kontekste. Pastato t\u016bris susideda i\u0161 trij\u0173 pagrindini\u0173 element\u0173: 1\u00a0000 viet\u0173 transformuojamos konferencinio tipo sal\u0117s bei vir\u0161 cokolinio auk\u0161to stilobato \u012frengt\u0173 dviej\u0173, tarpusavio at\u017evilgiu prasukt\u0173 administracin\u0117s dalies korpus\u0173. I\u0161rai\u0161kingiausia ir konstrukcij\u0173 at\u017evilgiu sud\u0117tingiausia pastato dalis \u2013 15 m plo\u010dio bei 22 m auk\u0161\u010dio arka, \u201e\u012fr\u0117minanti\u201c pagrindin\u012f konferencij\u0173 sal\u0117s \u012f\u0117jim\u0105.<\/span><\/span><\/span><\/span><\/p>\n<p align=\"JUSTIFY\"><span style=\"color: #000000;\"><span style=\"font-family: 'Times New Roman', serif;\"><span style=\"font-size: medium;\"><span lang=\"lt-LT\">VGTU mokslo ir administracijos centro architekt\u016brin\u0117 i\u0161rai\u0161ka i\u0161siskiria i\u0161 aplinkini\u0173 universiteto korpus\u0173. Techni\u0161kos, pa\u017eangios mokslo institucijos \u012fvaizd\u012f formuoja ne tik t\u016brin\u0117 i\u0161rai\u0161ka, bet ir fasad\u0173 med\u017eiagi\u0161kumas: stiklas, metalas, kompozicin\u0117s plok\u0161t\u0117s. Pastato ir aplinkos santykis glaudus: pats pastatas yra tiesiogiai sujungtas tuneliu su senaisiais VGTU korpusais, \u0161alia stovi Saul\u0117tekio sl\u0117nio Mokslo ir technologij\u0173 parko administracijos pastatas, netoliese gamtinis karkasas \u2013 pu\u0161ynas. Kontekstas yra svarbus, ta\u010diau pasirinkta j\u012f nustelbti, tapti dominante tiek prie\u0161 senuosius universiteto korpusus, tiek prie\u0161 lakoni\u0161kus naujos architekt\u016bros objektus. Pagrindinis fasadas lygiagre\u010diai orientuotas \u012f pagrindin\u0119 universitetinio miestelio arterij\u0105 \u2013 Saul\u0117tekio takui ir b\u016bsimai Saul\u0117tekio aik\u0161tei, kuri taps visas komplekso dalis organi\u0161kai jungian\u010dia terpe bei pagrindini\u0173 \u012f\u0117jim\u0173 \u012f centrinius pastatus vieta. Aik\u0161t\u0119 numatyta naudoti renginiams, o po ja bus \u012frengta automobili\u0173 stov\u0117jimo aik\u0161tel\u0117. <\/span><\/span><\/span><\/span><\/p>\n<p align=\"JUSTIFY\"><span style=\"color: #000000;\"><span style=\"font-family: 'Times New Roman', serif;\"><span style=\"font-size: medium;\"><span lang=\"lt-LT\">VGTU Mokslo ir administracijos centro statybos darbai suskirstyti \u012f tris etapus. Per 1-\u0105j\u012f etap\u0105 turi b\u016bti \u012frengta pastato dalis nuo r\u016bsio iki 6 auk\u0161to su po\u017eemine automobili\u0173 stov\u0117jimo saugykla bei per\u0117jimo galerija \u2013 tunelis tarp naujojo pastato ir esamo VGTU korpuso, u\u017esandarinti visi pastato fasadai iki pat 12 auk\u0161to, pakloti visi lauko in\u017eineriniai tinklai, sutvarkyta dalis aplinkos. Per antr\u0105j\u012f statybos etap\u0105 numatyta u\u017ebaigti visas in\u017einerines sistemas, atlikti apdail\u0105 7\u201312 auk\u0161tuose ir evakuacin\u0117s laiptin\u0117s dalyse, baigti tvarkyti aplink\u0105 lauke. 3-iasis etapas bus skirtas konferencij\u0173 salei \u012frengti. Konferencij\u0173 sal\u0119 bus galima transformuojamomis pertvaromis suskaidyti \u012f tris ma\u017eesnes \u2013 500 ir dvi po 250 viet\u0173 sales. Pasibaigus trims etapams bus formuojama \u0161alia numatoma Saul\u0117tekio aik\u0161t\u0117. <\/span><\/span><\/span><\/span><\/p>\n<p align=\"JUSTIFY\"><span style=\"color: #000000;\"><span style=\"font-family: 'Times New Roman', serif;\"><span style=\"font-size: medium;\"><span lang=\"lt-LT\">\u0160iuo metu atlikti pirmojo etapo darbai, tod\u0117l dar n\u0117ra \u012frengta visa jungianti Saul\u0117tekio aik\u0161t\u0117 \u2013 visuminio, u\u017epildyto pastato santykio su aplinka pamatyti negalima, \u012fmanoma nujausti, vizualizacijomis pamatyti preliminar\u0173 vaizd\u0105. Taigi, planuojama aik\u0161t\u0117 dar labiau pary\u0161kins \u012fsp\u016bding\u0105 pastato t\u016br\u012f, o po ja b\u016bsianti po\u017eemin\u0117 aik\u0161tel\u0117 i\u0161spr\u0119s dabar esan\u010di\u0105 automobili\u0173 stov\u0117jimo vietos problem\u0105. Tiesa, automobili\u0173 statymo klausimas i\u0161spr\u0119stas ir pirm\u0105jame statyb\u0173 etape \u2013 cokoliniame auk\u0161te ties konferencij\u0173 sale jau \u012frengta aik\u0161tel\u0117. Sklype numatoma ir ant\u017eemin\u0117s aik\u0161tel\u0117s viet\u0173 galiniame pastato kieme. Nuo aik\u0161t\u0117s pus\u0117s kylantis sklypo reljefas sprend\u017eiamas betonini\u0173 atramini\u0173 sienu\u010di\u0173 ir laipt\u0173 deriniu su \u017ealiuojan\u010dia veja. Sklype jau \u012frengti prie bendros pastato i\u0161rai\u0161kos ir fasad\u0173 derantys \u0161viesaus metalo lauko \u0161viestuvai, nors ir grie\u017et\u0173 form\u0173, pagyvina objekto visum\u0105 savo nesta\u010di\u0173 kamp\u0173 geometrija.<\/span><\/span><\/span><\/span><\/p>\n<p align=\"JUSTIFY\"><span style=\"color: #000000;\"><span style=\"font-family: 'Times New Roman', serif;\"><span style=\"font-size: medium;\"><span lang=\"lt-LT\">Pastato eksterjero med\u017eiagi\u0161kumas sukurtas nepamir\u0161tant vis dar dominuojan\u010dio \u0161iuolaikin\u0117s architekt\u016bros palydovo \u2013 stiklo fasad\u0173, ta\u010diau \u0161\u012f kart\u0105 jie harmonizuojami tekst\u016brinio stiklo neper\u0161vie\u010diamais tamsiai pilkais intarpais, sudaran\u010diais netaisyklingus \u0161achmati\u0161kus ritmus. Taip pat fasaduose metalo profiliais ai\u0161kiai atskirti auk\u0161tai. \u0160is fasad\u0173 horizontalus ir vertikalus ra\u0161tas pastatui suteikia \u017emogaus m\u0105stel\u012f, padeda suvokti pastato dyd\u012f. Tokiu principu apdailinti du pagrindiniai pastato korpusai. Pietin\u0117 vir\u0161utinio korpuso pus\u0117 nuo saul\u0117s apsaugota didesniu neper\u0161vie\u010diam\u0173 plok\u0161tum\u0173 kiekiu bei ties liftais suformuotomis horizontaliomis fasado \u017ealiuz\u0117mis. Antra dominuojanti fasado med\u017eiaga \u2013 metalas \u2013 cinko skardos apdaila, apgaubianti laiptines kair\u0117je centrinio \u012f\u0117jimo pus\u0117je. \u0160ia med\u017eiaga apdailinama ir konferencij\u0173 sal\u0117. Cinko skardos vertikalus ra\u0161tas ties laiptin\u0117mis ir \u0161alia esantis horizontalus ra\u0161tas ties konferencij\u0173 sale dar labiau i\u0161ry\u0161kina \u0161i\u0173 dviej\u0173 pastato dali\u0173 geometrij\u0105: laiptini\u0173 auk\u0161t\u012f ir konferencij\u0173 sal\u0117s plot\u012f. \u012e\u0117jim\u0173 \u012f pastat\u0105 auk\u0161tai paliekami skaidri\u0173 stiklo plok\u0161tum\u0173. Sen\u0105j\u012f VGTU korpus\u0105 ir naujaj\u012f pastat\u0105 jungianti galerija yra apdailinta ir metalo apdaila, ir stiklo su \u017ealiuz\u0117mis junginiu.<\/span><\/span><\/span><\/span><\/p>\n<p align=\"JUSTIFY\"><span style=\"color: #000000;\"><span style=\"font-family: 'Times New Roman', serif;\"><span style=\"font-size: medium;\"><span lang=\"lt-LT\">Kalbant apie pagrindini\u0173 objekto korpus\u0173 planin\u0119 strukt\u016br\u0105, galima teigti, jog ji yra itin ai\u0161ki: palei vien\u0105 \u0161viesios galerijos-koridoriaus pus\u0119 i\u0161sid\u0117lioja kabinetai, patalpos. Kabinetai \u012frengiami tik \u0161iaur\u0117s ir vakar\u0173 pus\u0117se. Ties korpus\u0173 galais \u012frengiamos laiptin\u0117s vertikaliai jud\u0117ti. Ma\u017edaug ties abiej\u0173 korpus\u0173 susikirtimo vieta \u012frengta lift\u0173. Konferencij\u0173 sal\u0117s strukt\u016bra taip pat pakankamai ai\u0161ki: \u012f\u0117jus pro pagrindin\u012f arkos \u012f\u0117jim\u0105, atsiduriama erdviame hole, korpuso centre driekiasi transformuojama konferencij\u0173 sal\u0117, kuri\u0105 juosia koridorius evakuacini\u0173 i\u0161\u0117jim\u0173 link. Po koferencij\u0173 sal\u0117s kylan\u010diomis trib\u016bnomis \u2013 pagalbin\u0117s patalpos.<\/span><\/span><\/span><\/span><\/p>\n<p align=\"JUSTIFY\"><span style=\"color: #000000;\"><span style=\"font-family: 'Times New Roman', serif;\"><span style=\"font-size: medium;\"><span lang=\"lt-LT\">Pastato interjere matoma id\u0117ja, jog darbo aplinka turi b\u016bti neutrali ir solidi, o fasad\u0173 sprendiniai neabejotinai formuoja ir interjer\u0105. Ties neper\u0161vie\u010diamomis stikl\u0173 plok\u0161tumomis interjeruose atsiranda \u0161viesaus med\u017eio plok\u0161tumos. Apskritai dominuojanti spalv\u0173 palet\u0117 yra neutrali, pilk\u0173 bei balinto med\u017eio atspalvi\u0173, tod\u0117l nesukelia vizualin\u0117s \u012ftampos, nebla\u0161ko. Interjere dominuoja skaidrios stiklo pertvaros, tamsiai pilki vitrinini\u0173 lang\u0173 r\u0117mai, balinto med\u017eio intarpai ar akcentai, tamsiai pilkos ir vidutinio tamsumo grindys, baltos sienos bei lubos, palikta nat\u016brali betonini\u0173 kolon\u0173 tekst\u016bra. Specialiai \u0161iam interjerui sukurti ir darbo baldai, j\u0173 geometrija neu\u017ego\u017eia lengvo ir neutralaus pastato interjero, sukuria lengvumo \u012fsp\u016bd\u012f.<\/span><\/span><\/span><\/span><\/p>\n<p align=\"JUSTIFY\"><span style=\"color: #000000;\"><span style=\"font-family: 'Times New Roman', serif;\"><span style=\"font-size: medium;\"><span lang=\"lt-LT\">VGTU vizitine kortele tapsiantis pastatas neabejotinai gali b\u016bti ir Lietuvos mokslo architekt\u016bros etalonu. Grie\u017eta fasad\u0173 geometrija u\u017e sav\u0119s slepia nuosaik\u0173 interjer\u0105. Solidus projekto realizacijos vientisumas sujungia tiek eksterjer\u0105, tiek interjero elementus. \u0160io projekto realizacija auk\u0161tai pak\u0117l\u0117 kartel\u0119, tod\u0117l belieka palink\u0117ti, kad mokslo paskirties pastatai Lietuvoje ir toliau siekt\u0173 architekt\u016brin\u0117s kokyb\u0117s.<\/span><\/span><\/span><\/span><\/p>\n<style id=\"bwg-style-0\">    #bwg_container1_0 #bwg_container2_0 .bwg-container-0.bwg-standard-thumbnails {      width: 544px;              justify-content: center;        margin:0 auto !important;              background-color: rgba(255, 255, 255, 0.00);            padding-left: 4px;      padding-top: 4px;      max-width: 100%;            }        #bwg_container1_0 #bwg_container2_0 .bwg-container-0.bwg-standard-thumbnails .bwg-item {      justify-content: flex-start;      max-width: 180px;            width: 180px !important;          }    #bwg_container1_0 #bwg_container2_0 .bwg-container-0.bwg-standard-thumbnails .bwg-item > a {       margin-right: 4px;       margin-bottom: 4px;    }    #bwg_container1_0 #bwg_container2_0 .bwg-container-0.bwg-standard-thumbnails .bwg-item0 {      padding: 0px;            background-color:rgba(255,255,255, 0.30);      border: 0px none #CCCCCC;      opacity: 1.00;      border-radius: 0;      box-shadow: 0px 0px 0px #888888;    }    #bwg_container1_0 #bwg_container2_0 .bwg-container-0.bwg-standard-thumbnails .bwg-item1 img {      max-height: none;      max-width: none;      padding: 0 !important;    }        @media only screen and (min-width: 480px) {      #bwg_container1_0 #bwg_container2_0 .bwg-container-0.bwg-standard-thumbnails .bwg-item0 {        transition: all 0.3s ease 0s;-webkit-transition: all 0.3s ease 0s;      }      #bwg_container1_0 #bwg_container2_0 .bwg-container-0.bwg-standard-thumbnails .bwg-item0:hover {        -ms-transform: scale(1.1);        -webkit-transform: scale(1.1);        transform: scale(1.1);      }    }          #bwg_container1_0 #bwg_container2_0 .bwg-container-0.bwg-standard-thumbnails .bwg-item1 {      padding-top: 50%;    }        #bwg_container1_0 #bwg_container2_0 .bwg-container-0.bwg-standard-thumbnails .bwg-title2,    #bwg_container1_0 #bwg_container2_0 .bwg-container-0.bwg-standard-thumbnails .bwg-ecommerce2 {      color: #CCCCCC;      font-family: segoe ui;      font-size: 16px;      font-weight: bold;      padding: 2px;      text-shadow: 0px 0px 0px #888888;      max-height: 100%;    }    #bwg_container1_0 #bwg_container2_0 .bwg-container-0.bwg-standard-thumbnails .bwg-thumb-description span {    color: #323A45;    font-family: Ubuntu;    font-size: 12px;    max-height: 100%;    word-wrap: break-word;    }    #bwg_container1_0 #bwg_container2_0 .bwg-container-0.bwg-standard-thumbnails .bwg-play-icon2 {      font-size: 32px;    }    #bwg_container1_0 #bwg_container2_0 .bwg-container-0.bwg-standard-thumbnails .bwg-ecommerce2 {      font-size: 19.2px;      color: #CCCCCC;    }    <\/style>    <div id=\"bwg_container1_0\"         class=\"bwg_container bwg_thumbnail bwg_thumbnails\"         data-right-click-protection=\"1\"         data-bwg=\"0\"         data-current-url=\"https:\/\/archiforma.lt\/index.php?rest_route=%2Fwp%2Fv2%2Fposts%2F2161\"         data-lightbox-url=\"https:\/\/archiforma.lt\/wp-admin\/admin-ajax.php?action=GalleryBox&current_view=0&gallery_id=37&tag=0&theme_id=1&shortcode_id=39&sort_by=order&order_by=asc&current_url=https%3A%2F%2Farchiforma.lt%2Findex.php%3Frest_route%3D%252Fwp%252Fv2%252Fposts%252F2161\"         data-gallery-id=\"37\"         data-popup-width=\"800\"         data-popup-height=\"500\"         data-buttons-position=\"bottom\">      <div id=\"bwg_container2_0\">             <div id=\"ajax_loading_0\" class=\"bwg_loading_div_1\">      <div class=\"bwg_loading_div_2\">        <div class=\"bwg_loading_div_3\">          <div id=\"loading_div_0\" class=\"bwg_spider_ajax_loading\">          <\/div>        <\/div>      <\/div>    <\/div>            <form id=\"gal_front_form_0\"              class=\"bwg-hidden\"              method=\"post\"              action=\"#\"              data-current=\"0\"              data-shortcode-id=\"39\"              data-gallery-type=\"thumbnails\"              data-gallery-id=\"37\"              data-tag=\"0\"              data-album-id=\"0\"              data-theme-id=\"1\"              data-ajax-url=\"https:\/\/archiforma.lt\/wp-admin\/admin-ajax.php?action=bwg_frontend_data\">          <div id=\"bwg_container3_0\" class=\"bwg-background bwg-background-0\">                <div data-max-count=\"3\"         data-thumbnail-width=\"180\"         data-bwg=\"0\"         data-gallery-id=\"37\"         data-lightbox-url=\"https:\/\/archiforma.lt\/wp-admin\/admin-ajax.php?action=GalleryBox&current_view=0&gallery_id=37&tag=0&theme_id=1&shortcode_id=39&sort_by=order&order_by=asc&current_url=https%3A%2F%2Farchiforma.lt%2Findex.php%3Frest_route%3D%252Fwp%252Fv2%252Fposts%252F2161\"         id=\"bwg_thumbnails_0\"         class=\"bwg-container-0 bwg-thumbnails bwg-standard-thumbnails bwg-container bwg-border-box\">            <div class=\"bwg-item\">        <a class=\"bwg-a bwg_lightbox\"  data-image-id=\"566\" href=\"https:\/\/archiforma.lt\/wp-content\/uploads\/photo-gallery\/2015\/VGTU\/Situacijos planas.jpg?bwg=1548092079\">                <div class=\"bwg-item0 \">          <div class=\"bwg-item1 \">            <div class=\"bwg-item2\">              <img decoding=\"async\" class=\"skip-lazy bwg_standart_thumb_img_0 \"                   data-id=\"566\"                   data-width=\"\"                   data-height=\"\"                   data-original=\"https:\/\/archiforma.lt\/wp-content\/uploads\/photo-gallery\/2015\/VGTU\/thumb\/Situacijos planas.jpg?bwg=1548092079\"                   src=\"https:\/\/archiforma.lt\/wp-content\/uploads\/photo-gallery\/2015\/VGTU\/thumb\/Situacijos planas.jpg?bwg=1548092079\"                   alt=\"Situacijos planas\" \/>            <\/div>            <div class=\"\">                                                      <\/div>          <\/div>        <\/div>                                <\/a>      <\/div>            <div class=\"bwg-item\">        <a class=\"bwg-a bwg_lightbox\"  data-image-id=\"565\" href=\"https:\/\/archiforma.lt\/wp-content\/uploads\/photo-gallery\/2015\/VGTU\/Pjuvis.jpg?bwg=1548092079\">                <div class=\"bwg-item0 \">          <div class=\"bwg-item1 \">            <div class=\"bwg-item2\">              <img decoding=\"async\" class=\"skip-lazy bwg_standart_thumb_img_0 \"                   data-id=\"565\"                   data-width=\"\"                   data-height=\"\"                   data-original=\"https:\/\/archiforma.lt\/wp-content\/uploads\/photo-gallery\/2015\/VGTU\/thumb\/Pjuvis.jpg?bwg=1548092079\"                   src=\"https:\/\/archiforma.lt\/wp-content\/uploads\/photo-gallery\/2015\/VGTU\/thumb\/Pjuvis.jpg?bwg=1548092079\"                   alt=\"Pjuvis\" \/>            <\/div>            <div class=\"\">                                                      <\/div>          <\/div>        <\/div>                                <\/a>      <\/div>            <div class=\"bwg-item\">        <a class=\"bwg-a bwg_lightbox\"  data-image-id=\"564\" href=\"https:\/\/archiforma.lt\/wp-content\/uploads\/photo-gallery\/2015\/VGTU\/IMGP8864.jpg?bwg=1548092079\">                <div class=\"bwg-item0 \">          <div class=\"bwg-item1 \">            <div class=\"bwg-item2\">              <img decoding=\"async\" class=\"skip-lazy bwg_standart_thumb_img_0 \"                   data-id=\"564\"                   data-width=\"\"                   data-height=\"\"                   data-original=\"https:\/\/archiforma.lt\/wp-content\/uploads\/photo-gallery\/2015\/VGTU\/thumb\/IMGP8864.jpg?bwg=1548092079\"                   src=\"https:\/\/archiforma.lt\/wp-content\/uploads\/photo-gallery\/2015\/VGTU\/thumb\/IMGP8864.jpg?bwg=1548092079\"                   alt=\"Eksterjeras\" \/>            <\/div>            <div class=\"\">                                                      <\/div>          <\/div>        <\/div>                                <\/a>      <\/div>            <div class=\"bwg-item\">        <a class=\"bwg-a bwg_lightbox\"  data-image-id=\"563\" href=\"https:\/\/archiforma.lt\/wp-content\/uploads\/photo-gallery\/2015\/VGTU\/IMGP8809.jpg?bwg=1548092079\">                <div class=\"bwg-item0 \">          <div class=\"bwg-item1 \">            <div class=\"bwg-item2\">              <img decoding=\"async\" class=\"skip-lazy bwg_standart_thumb_img_0 \"                   data-id=\"563\"                   data-width=\"\"                   data-height=\"\"                   data-original=\"https:\/\/archiforma.lt\/wp-content\/uploads\/photo-gallery\/2015\/VGTU\/thumb\/IMGP8809.jpg?bwg=1548092079\"                   src=\"https:\/\/archiforma.lt\/wp-content\/uploads\/photo-gallery\/2015\/VGTU\/thumb\/IMGP8809.jpg?bwg=1548092079\"                   alt=\"Interjeras\" \/>            <\/div>            <div class=\"\">                                                      <\/div>          <\/div>        <\/div>                                <\/a>      <\/div>            <div class=\"bwg-item\">        <a class=\"bwg-a bwg_lightbox\"  data-image-id=\"562\" href=\"https:\/\/archiforma.lt\/wp-content\/uploads\/photo-gallery\/2015\/VGTU\/IMGP8697.jpg?bwg=1548092079\">                <div class=\"bwg-item0 \">          <div class=\"bwg-item1 \">            <div class=\"bwg-item2\">              <img decoding=\"async\" class=\"skip-lazy bwg_standart_thumb_img_0 \"                   data-id=\"562\"                   data-width=\"\"                   data-height=\"\"                   data-original=\"https:\/\/archiforma.lt\/wp-content\/uploads\/photo-gallery\/2015\/VGTU\/thumb\/IMGP8697.jpg?bwg=1548092079\"                   src=\"https:\/\/archiforma.lt\/wp-content\/uploads\/photo-gallery\/2015\/VGTU\/thumb\/IMGP8697.jpg?bwg=1548092079\"                   alt=\"Eksterjeras\" \/>            <\/div>            <div class=\"\">                                                      <\/div>          <\/div>        <\/div>                                <\/a>      <\/div>            <div class=\"bwg-item\">        <a class=\"bwg-a bwg_lightbox\"  data-image-id=\"561\" href=\"https:\/\/archiforma.lt\/wp-content\/uploads\/photo-gallery\/2015\/VGTU\/3 auksto planas.jpg?bwg=1548092079\">                <div class=\"bwg-item0 \">          <div class=\"bwg-item1 \">            <div class=\"bwg-item2\">              <img decoding=\"async\" class=\"skip-lazy bwg_standart_thumb_img_0 \"                   data-id=\"561\"                   data-width=\"\"                   data-height=\"\"                   data-original=\"https:\/\/archiforma.lt\/wp-content\/uploads\/photo-gallery\/2015\/VGTU\/thumb\/3 auksto planas.jpg?bwg=1548092079\"                   src=\"https:\/\/archiforma.lt\/wp-content\/uploads\/photo-gallery\/2015\/VGTU\/thumb\/3 auksto planas.jpg?bwg=1548092079\"                   alt=\"3 auksto planas\" \/>            <\/div>            <div class=\"\">                                                      <\/div>          <\/div>        <\/div>                                <\/a>      <\/div>          <\/div>    <style>      \/*pagination styles*\/      #bwg_container1_0 #bwg_container2_0 .tablenav-pages_0 {      text-align: center;      font-size: 12px;      font-family: segoe ui;      font-weight: bold;      color: #666666;      margin: 6px 0 4px;      display: block;      height: 30px;      line-height: 30px;      }      @media only screen and (max-width : 320px) {      #bwg_container1_0 #bwg_container2_0 .displaying-num_0 {      display: none;      }      }      #bwg_container1_0 #bwg_container2_0 .displaying-num_0 {      font-size: 12px;      font-family: segoe ui;      font-weight: bold;      color: #666666;      margin-right: 10px;      vertical-align: middle;      }      #bwg_container1_0 #bwg_container2_0 .paging-input_0 {      font-size: 12px;      font-family: segoe ui;      font-weight: bold;      color: #666666;      vertical-align: middle;      }      #bwg_container1_0 #bwg_container2_0 .tablenav-pages_0 a.disabled,      #bwg_container1_0 #bwg_container2_0 .tablenav-pages_0 a.disabled:hover,      #bwg_container1_0 #bwg_container2_0 .tablenav-pages_0 a.disabled:focus {      cursor: default;      color: rgba(102, 102, 102, 0.5);      }      #bwg_container1_0 #bwg_container2_0 .tablenav-pages_0 a {      cursor: pointer;      font-size: 12px;      font-family: segoe ui;      font-weight: bold;      color: #666666;      text-decoration: none;      padding: 3px 6px;      margin: 0;      border-radius: 0;      border-style: solid;      border-width: 1px;      border-color: #E3E3E3;      background-color: #FFFFFF;      opacity: 1.00;      box-shadow: 0;      transition: all 0.3s ease 0s;-webkit-transition: all 0.3s ease 0s;      }      <\/style>      <span class=\"bwg_nav_cont_0\">              <div class=\"tablenav-pages_0\">                  <\/div>                <input type=\"hidden\" id=\"page_number_0\" name=\"page_number_0\" value=\"1\" \/>      <script type=\"text\/javascript\">        function spider_page_0(cur, x, y, load_more) {          if (typeof load_more == \"undefined\") {            var load_more = false;          }          if (jQuery(cur).hasClass('disabled')) {            return false;          }          var items_county_0 = 1;          switch (y) {            case 1:              if (x >= items_county_0) {                document.getElementById('page_number_0').value = items_county_0;              }              else {                document.getElementById('page_number_0').value = x + 1;              }              break;            case 2:              document.getElementById('page_number_0').value = items_county_0;              break;            case -1:              if (x == 1) {                document.getElementById('page_number_0').value = 1;              }              else {                document.getElementById('page_number_0').value = x - 1;              }              break;            case -2:              document.getElementById('page_number_0').value = 1;              break;            default:              document.getElementById('page_number_0').value = 1;          }          bwg_ajax('gal_front_form_0', '0', 'bwg_thumbnails_0', '0', '', '', 0, '', '', load_more, '', 1);        }                    jQuery('.first-page-0').on('click', function () {              spider_page_0(this, 1, -2, 'numeric');              return false;            });            jQuery('.prev-page-0').on('click', function () {              spider_page_0(this, 1, -1, 'numeric');              return false;            });            jQuery('.next-page-0').on('click', function () {              spider_page_0(this, 1, 1, 'numeric');              return false;            });            jQuery('.last-page-0').on('click', function () {              spider_page_0(this, 1, 2, 'numeric');              return false;            });                jQuery('.bwg_load_btn_0').on('click', function () {            spider_page_0(this, 1, 1, true);            return false;        });      <\/script>      <\/span>                <\/div>        <\/form>          <style>          #bwg_container1_0 #bwg_container2_0 #spider_popup_overlay_0 {          background-color: #000000;          opacity: 0.70;          }          <\/style>        <div id=\"bwg_spider_popup_loading_0\" class=\"bwg_spider_popup_loading\"><\/div>        <div id=\"spider_popup_overlay_0\" class=\"spider_popup_overlay\" onclick=\"spider_destroypopup(1000)\"><\/div>        <input type=\"hidden\" id=\"bwg_random_seed_0\" value=\"782708392\">                <\/div>    <\/div>    <script>      jQuery(function() {        bwg_main_ready();      });    <\/script>    \n","protected":false},"excerpt":{"rendered":"<p>Architektai: &#8220;A.S.A. Sigito Kuncevi\u010diaus projektavimo firma &#8221; (Sigitas Kuncevi\u010dius, Loreta Kuncevi\u010dien\u0117, Martynas Dagys, \u017dygimantas Gudelis, Vilt\u0117 Jurgaitien\u0117, Aist\u0117 Kuncevi\u010di\u016bt\u0117-Gudelien\u0117); U\u017esakovas:\u00a0Vilniaus Gedimino technikos universitetas Pastato plotas:\u00a07600 kv.m.;\u00a0 Realizacija:\u00a02016; Vieta:\u00a0Saul\u0117tekio al. 11, Vilnius;<\/p>\n","protected":false},"author":2,"featured_media":0,"comment_status":"open","ping_status":"open","sticky":false,"template":"","format":"standard","meta":{"footnotes":""},"categories":[112,11],"tags":[],"views":66,"_links":{"self":[{"href":"https:\/\/archiforma.lt\/index.php?rest_route=\/wp\/v2\/posts\/2161"}],"collection":[{"href":"https:\/\/archiforma.lt\/index.php?rest_route=\/wp\/v2\/posts"}],"about":[{"href":"https:\/\/archiforma.lt\/index.php?rest_route=\/wp\/v2\/types\/post"}],"author":[{"embeddable":true,"href":"https:\/\/archiforma.lt\/index.php?rest_route=\/wp\/v2\/users\/2"}],"replies":[{"embeddable":true,"href":"https:\/\/archiforma.lt\/index.php?rest_route=%2Fwp%2Fv2%2Fcomments&post=2161"}],"version-history":[{"count":5,"href":"https:\/\/archiforma.lt\/index.php?rest_route=\/wp\/v2\/posts\/2161\/revisions"}],"predecessor-version":[{"id":2164,"href":"https:\/\/archiforma.lt\/index.php?rest_route=\/wp\/v2\/posts\/2161\/revisions\/2164"}],"wp:attachment":[{"href":"https:\/\/archiforma.lt\/index.php?rest_route=%2Fwp%2Fv2%2Fmedia&parent=2161"}],"wp:term":[{"taxonomy":"category","embeddable":true,"href":"https:\/\/archiforma.lt\/index.php?rest_route=%2Fwp%2Fv2%2Fcategories&post=2161"},{"taxonomy":"post_tag","embeddable":true,"href":"https:\/\/archiforma.lt\/index.php?rest_route=%2Fwp%2Fv2%2Ftags&post=2161"}],"curies":[{"name":"wp","href":"https:\/\/api.w.org\/{rel}","templated":true}]}}