{"id":1837,"date":"2017-01-24T11:09:20","date_gmt":"2017-01-24T09:09:20","guid":{"rendered":"http:\/\/archiforma.lt\/?p=1837"},"modified":"2017-02-01T15:26:28","modified_gmt":"2017-02-01T13:26:28","slug":"prisimenant-archiformos-ikureja-rimanta-buivyda","status":"publish","type":"post","link":"https:\/\/archiforma.lt\/?p=1837","title":{"rendered":"Prisimenant Archiformos \u012fk\u016br\u0117j\u0105 Rimant\u0105 Buivyd\u0105"},"content":{"rendered":"<p><img loading=\"lazy\" decoding=\"async\" class=\" size-medium wp-image-1838 alignleft\" src=\"http:\/\/archiforma.lt\/wp-content\/uploads\/2017\/01\/buivydas-250x300.jpg\" alt=\"r.buivydas\" width=\"250\" height=\"300\" srcset=\"https:\/\/archiforma.lt\/wp-content\/uploads\/2017\/01\/buivydas-250x300.jpg 250w, https:\/\/archiforma.lt\/wp-content\/uploads\/2017\/01\/buivydas.jpg 698w\" sizes=\"(max-width: 250px) 100vw, 250px\" \/><\/p>\n<p>&nbsp;<br \/>\n<strong>Redaktoriaus \u017eodis<\/strong><br \/>\n<strong> 1996\/1 Archiforma<\/strong><br \/>\n<strong> Rimantas Buivydas<\/strong><br \/>\n<br \/>\nNe visada koks nors b\u016btinas atlikti darbas yra originalios id\u0117jos, nauj\u0173 impuls\u0173 ar aktualij\u0173 inspiruotas dalykas. Juk kiek \u012fvairiausio pob\u016bd\u017eio nor\u0173, kalb\u0173 ir pa\u017ead\u0173 apie reprezentacin\u012f leidin\u012f architektams teko mano kartos ir vyresniems kolegoms gird\u0117ti praeityje. Nema\u017eai j\u0173 i\u0161\u0117jo Anapilin taip ir nesulauk\u0119 \u0161ios dienos, o likusiai daugumai \u0161iandien tai grei\u010diau asocijuojasi su \u012fkyriu mira\u017eu. Ta\u010diau m\u016bs\u0173 atvejis dar kart\u0105 patvirtina, kad ir labai senos svajon\u0117s gal\u0173 gale gali b\u016bti \u012fgyvendintos.<br \/>\n<!--more--><br \/>\nTik likimas l\u0117m\u0117, kad \u017eurnalas \u201eArchiforma\u201c pasirodo b\u016btent \u0161iuo metu. Jau tod\u0117l pats faktas n\u0117ra nei geras, nei blogas. Vis d\u0117lto viena i\u0161 bendriausi\u0173 m\u016bs\u0173 \u017eurnalo atsiradimo prie\u017eas\u010di\u0173, kad \u0161iandien kartu su m\u016bs\u0173 architekt\u016bra gyvename tikrai \u012fdomiu ir komplikuotu laiku, kuriam, gerai tai ar ne, vis vien nei\u0161vengiamai lemta keistis. Kur link ir kaip? I\u0161gyvename totalini\u0173 pasikeitim\u0173 period\u0105, architekt\u016broje lemiant\u012f naujos situacijos, nauj\u0173 orientyr\u0173, nauj\u0173 u\u017esakov\u0173, nauj\u0173 galimybi\u0173 ir dar daugelio kit\u0173 naujum\u0173 b\u016bt\u012f. Nevienareik\u0161mi\u0161ki jausmai apima galvojant ir apie tai, kad n\u0117ra ai\u0161ki m\u016bs\u0173 architekt\u016bros vieta platesniame kontekste, nelabai suvokiama ir jos tikroji \u201esveikatos\u201c b\u016bkl\u0117, stinga laikotarpiui dvasi\u0105 atitinkan\u010di\u0173 k\u016brybini\u0173 koncepcij\u0173. Be to, distrofija vis dar kamuoja bendr\u0105j\u0105 architekt\u016brin\u0119 mint\u012f, daugum\u0105 m\u016bs\u0173 koleg\u0173 skaud\u017eiai \u017eeid\u017eia vis didesni materialiniai r\u016bpes\u010diai, nerim\u0105 kelia tarpusavio santykius vis da\u017eniau kaustantis \u0161altukas. Tai tik dalis t\u0173 problem\u0173 bei tem\u0173, kurias aptarti ir yra viena i\u0161 \u201eArchiformos\u201c autori\u0173 priedermi\u0173.<br \/>\nDaugelis jau\u010diam\u0117s tarsi po stipri\u0173 pagiri\u0173 atsid\u016br\u0119 savoti\u0161koje kry\u017ekel\u0117je. Deja, pasirodo, kad keli\u0173 \u010dia esti gerokai daugiau nei keturi. O gal mums tik dvejinasi ar trejinasi akyse? Tiek to, nes svarbiausia \u010dia b\u016btinyb\u0117 jud\u0117ti pirmyn. O kur gi kryptis yra \u201epirmyn\u201c? Gal tikroji pa\u017ead\u0117toji ir geriausia yra ta, kuria jau senokai traukia did\u017eioji minia? Bet ar nebus tai chrestomatin\u0117s istorijos apie aklojo vedam\u0105 akl\u0105j\u012f architekt\u016brinis variantas? Gal taip, o gal ir ne. Besidairant, besirenkant, besibaiminant d\u0117l to, kurio i\u0161 architekt\u016brin\u0117s kry\u017ekel\u0117s keli\u0173 mums eiti toliau, galimi ir u\u017emar\u0161umo recidyvai, nesusivokiant, i\u0161 kur \u012f \u0161i\u0105 viet\u0105 buvo ateita. Ir \u0161ia prasme did\u017eiausias \u201eArchiformos\u201c prasmingumo pasirei\u0161kimas b\u016bt\u0173 pozityvus dalyvavimas konsoliduojant m\u016bs\u0173 vis\u0173 profesin\u0119 ir bendra\u017emogi\u0161k\u0105j\u0105 s\u0105mon\u0119, vali\u0105 bei k\u016brybingum\u0105, \u012fveikiant dabartin\u0119 situacij\u0105 ir tiesiant nauj\u0105 lietuvi\u0161kos architekt\u016bros KELI\u0104.<br \/>\nEsame \u012fsis\u0105monin\u0119, kaip mums visiems, dalyvaujantiems architekt\u016bros ir statybos procese, gyvybi\u0161kai svarbu architekt\u016bros problematik\u0105 nuolatos pla\u010diai, populiariai ir kartu \u012ftaigiai pateikti m\u016bs\u0173 darbo vaisi\u0173 naudotojams, m\u016bs\u0173 u\u017esakovams. Bet kad b\u016btume verti pasitik\u0117jimo, pagarbos ir teis\u0117s b\u016bti viso proceso vedliais, turime patys kur kas aktyviau, intelektualiau veikti save, savo profesijos \u201evid\u0173\u201c. Tod\u0117l tikiu, kad dabar, kai Lietuvoje neliko did\u017ei\u0173j\u0173 architekt\u0173 \u201ekaupykl\u0173\u201c \u2013 projektavimo institut\u0173 bei dideli\u0173 biur\u0173, kai juntamas tam tikras diskomfortas d\u0117l dar vis ne\u012fprasto i\u0161siskirstymo \u012f architekt\u016brinius \u201evienkiemius\u201c &#8211; priva\u010dius biurus, pana\u0161i\u0173 speciali\u0173 leidini\u0173 m\u016bs\u0173 \u201ecechui\u201c itin reikia.<br \/>\nStengdamiesi nepervertinti savo svarbos ir vietos, viliam\u0117s suprant\u0105, kad Lietuvos architekt\u016brin\u0117 praktika yra svarbiausias mus siejantis ir \u012fpareigojantis OBJEKTAS. Ta\u010diau ir \u0160ventajame Ra\u0161te daugel kart\u0173 pabr\u0117\u017eta b\u016btinyb\u0117 kiekvien\u0105 DARB\u0104 gr\u012fsti MINTIMI, kuri privalo tur\u0117ti s\u0105saj\u0105 su b\u016bties visuma. \u017dinoma, kad viena i\u0161 minties i\u0161rai\u0161kos priemoni\u0173 yra \u017dODIS, o j\u012f kaip savoti\u0161k\u0105 bendraties virsm\u0105 mes \u012fprasminame \u017eurnalu \u201eArchiforma\u201c. M\u016bs\u0173 tikslas, kad jis tapt\u0173 tikrai reikalinga ir patikima Lietuvos architekt\u016bros NAMO statybos med\u017eiaga.<\/p>\n<p><strong>RIMANTAS BUIVYDAS<\/strong><br \/>\n\u017durnalo Archiforma koncepcijos autorius (g. 1945, Vilniuje). \u017durnale dirbo nuo 1996 met\u0173. Profesorius, menotyros moksl\u0173 daktaras, buv\u0119s VGTU Architekt\u016bros fakulteto dekanas, Architekt\u016bros pagrind\u0173 ir teorijos katedros ved\u0117jas, VGTU Senato ir kolegijos narys, Lietuvos Architekt\u0173 s\u0105jungos narys, mokslo \u017eurnalo \u201eUrbanistika ir architekt\u016bra\u201c vyr. redaktoriaus pavaduotojas, KVAD mokslo ir architekt\u016bros ekspert\u0173 taryb\u0173 narys.<br \/>\nVilniaus kurort\u0173 projektavimo institute \u2013 vyresnysis architektas (1969 \u2013 1971); VDI \u2013 vyresnysis d\u0117stytojas (1971-1985); VDI \u2013 docentas (1985-1989); VDI \u2013 mokslo prorektorius (1986-1988); VGTU \u2013 docentas (1989-2000); VGTU \u2013 profesorius (nuo 2000). \u201eJo buv\u0119 studentai iki \u0161iol laiko j\u012f neeiliniu, i\u0161skirtiniu pedagogu, davusiu did\u017eiul\u0119 naud\u0105 ne tik b\u016bsimai profesinei veiklai, bet ir \u017eenkliai \u012ftakojusiu j\u0173 etin\u0119 ir estetin\u0119 pasaul\u0117\u017ei\u016br\u0105, pagarb\u0105 architekt\u016bros tradicijai, ankstesni\u0173j\u0173 epoch\u0173 kult\u016bros paveldui bei gil\u0173 dom\u0117jim\u0105si Vilniaus miesto istorija ir kult\u016briniu savitumu\u201c.<br \/>\nMokslin\u0117 veikla: Paskelb\u0117 81 straipsn\u012f Lietuvos ir u\u017esienio leidiniuose; skait\u0117 prane\u0161imus 29 mokslin\u0117se konferencijose; para\u0161\u0117 ir i\u0161leido 3 knygas \u2013 \u201eArchitektas Gediminas Baravykas. K\u016brybos pulsas\u201c (2000); \u201eArchitektas Algimantas Zavi\u0161a. Gyvenimo aidai\u201c (2002); \u201eEzoterinis simboli\u0173 \u017eodynas\u201c (1995); sudar\u0117 3 mokslini\u0173 straipsni\u0173 rinkinius; sta\u017eavosi Maskvoje (1975); Helsinkyje (1982); u\u017e straipsnius gautos Lietuvos Architekt\u0173 s\u0105jungos ir Lietuvos Kult\u016bros ministerijos premijos. Rimanto Buivydo \u201earchitekt\u016bros ir dail\u0117s s\u0105veikos tema iki \u0161iol teb\u0117ra vertingas mokslo darbas, o tyrin\u0117ta tematika sulauk\u0117 jaunesni\u0173 koleg\u0173 d\u0117mesio\u201c.<br \/>\nYra 35 projekt\u0173 architekt\u016brin\u0117s dalies autorius arba bendraautoris; laim\u0117j\u0119s 8 premijas Lietuvos ir u\u017esienio konkursuose. Architekto talentas ypatingai ry\u0161kus dekoratyvini\u0173 paminkl\u0173 ir monument\u0173 projektuose.<br \/>\nSvarbesni darbai: 250 viet\u0173 poilsio namai \u201eGuboja\u201c \u0160ventojoje (1976); 2 gyvenamieji namai Mol\u0117tuose (1978); ba\u017eny\u010dia Poci\u016bn\u0173 kaime (nerealizuota, projektas &#8211; 1995); daugiabutis gyvenamasis namas Vilniuje (1997); aik\u0161t\u0117 ir skulpt\u016bra \u201eNeringa\u201c Klaip\u0117doje (kartu su skulptore D. Matulaite, 1984); paminklas kalbininkui Stanislovui Rapalioniui \u0160al\u010dinink\u0173 raj. (kartu architektu J. Balkevi\u010diumi ir skulptoriumi K. Bogdanu, 1985); skveras ir paminklas pedagogui Kaziui Klimavi\u010diui Alytuje (kartu su skulptoriumi L. Pivori\u016bnu, 1990); paminklas Lietuvos pareig\u016bnams, nu\u017eudytiems Medinink\u0173 pasienio poste 1991 metais (kartu su A. \u0160arausku, 1993); paminklas ra\u0161ytojai Lazdyn\u0173 Pel\u0117dai Vilniuje (kartu su skulptore D. Matulaite ir architektu J. Balkevi\u010diumi, 1995); paminklas ra\u0161ytojui Vladui Ra\u0161\u010diauskui Panev\u0117\u017eyje (kartu su skulptoriumi V. Bubelevi\u010diumi, 1997); aik\u0161t\u0117 ir paminklas \u201eAu\u0161ra\u201d \u0160iauliuose (kartu su skulptore D. Matulaite ir arch. J. Balkevi\u010diumi, 2003); paminklas Lietuvos kariams \u017euvusiems kovoje su lenk\u0173 legionieriams 1920 m. Berznikuose, Lenkija (kartu su skulptore D. Matulaite ir archit. J. Balkevi\u010diumi, 2005).<\/p>\n","protected":false},"excerpt":{"rendered":"<p>&nbsp; Redaktoriaus \u017eodis 1996\/1 Archiforma Rimantas Buivydas Ne visada koks nors b\u016btinas atlikti darbas yra originalios id\u0117jos, nauj\u0173 impuls\u0173 ar aktualij\u0173 inspiruotas dalykas. Juk kiek \u012fvairiausio pob\u016bd\u017eio nor\u0173, kalb\u0173 ir pa\u017ead\u0173 apie reprezentacin\u012f leidin\u012f architektams teko mano kartos ir vyresniems kolegoms gird\u0117ti praeityje. Nema\u017eai j\u0173 i\u0161\u0117jo Anapilin taip ir nesulauk\u0119 \u0161ios dienos, o likusiai daugumai [&hellip;]<\/p>\n","protected":false},"author":2,"featured_media":0,"comment_status":"open","ping_status":"open","sticky":false,"template":"","format":"standard","meta":{"footnotes":""},"categories":[9,23,49],"tags":[],"views":7,"_links":{"self":[{"href":"https:\/\/archiforma.lt\/index.php?rest_route=\/wp\/v2\/posts\/1837"}],"collection":[{"href":"https:\/\/archiforma.lt\/index.php?rest_route=\/wp\/v2\/posts"}],"about":[{"href":"https:\/\/archiforma.lt\/index.php?rest_route=\/wp\/v2\/types\/post"}],"author":[{"embeddable":true,"href":"https:\/\/archiforma.lt\/index.php?rest_route=\/wp\/v2\/users\/2"}],"replies":[{"embeddable":true,"href":"https:\/\/archiforma.lt\/index.php?rest_route=%2Fwp%2Fv2%2Fcomments&post=1837"}],"version-history":[{"count":7,"href":"https:\/\/archiforma.lt\/index.php?rest_route=\/wp\/v2\/posts\/1837\/revisions"}],"predecessor-version":[{"id":1897,"href":"https:\/\/archiforma.lt\/index.php?rest_route=\/wp\/v2\/posts\/1837\/revisions\/1897"}],"wp:attachment":[{"href":"https:\/\/archiforma.lt\/index.php?rest_route=%2Fwp%2Fv2%2Fmedia&parent=1837"}],"wp:term":[{"taxonomy":"category","embeddable":true,"href":"https:\/\/archiforma.lt\/index.php?rest_route=%2Fwp%2Fv2%2Fcategories&post=1837"},{"taxonomy":"post_tag","embeddable":true,"href":"https:\/\/archiforma.lt\/index.php?rest_route=%2Fwp%2Fv2%2Ftags&post=1837"}],"curies":[{"name":"wp","href":"https:\/\/api.w.org\/{rel}","templated":true}]}}