{"id":1637,"date":"2017-01-09T07:40:12","date_gmt":"2017-01-09T07:40:12","guid":{"rendered":"http:\/\/archiforma.lt\/?p=1637"},"modified":"2017-02-01T15:27:41","modified_gmt":"2017-02-01T13:27:41","slug":"naujas-2016-34-archiformos-numeris-jau-prekyboje","status":"publish","type":"post","link":"https:\/\/archiforma.lt\/?p=1637","title":{"rendered":"2016 3\/4 \u201eArchiformos\u201c numeris jau prekyboje"},"content":{"rendered":"<p><img loading=\"lazy\" decoding=\"async\" class=\"aligncenter  wp-image-1643\" src=\"http:\/\/archiforma.lt\/wp-content\/uploads\/2017\/01\/el_virselis-2-724x1024.jpg\" alt=\"Vir\u0161elis\" width=\"395\" height=\"559\" srcset=\"https:\/\/archiforma.lt\/wp-content\/uploads\/2017\/01\/el_virselis-2.jpg 724w, https:\/\/archiforma.lt\/wp-content\/uploads\/2017\/01\/el_virselis-2-212x300.jpg 212w\" sizes=\"(max-width: 395px) 100vw, 395px\" \/><\/p>\n<p>Naujausiame \u201cArchiformos\u201d \u017eurnale i\u0161skiriamos dvi pagrindin\u0117s temos: \u201cArchitekt\u016bra saugomame kra\u0161tovaizdyje\u201d bei \u201cEdukacin\u0117 architekt\u016bra Lietuvoje 1918 \u2013 2018\u2033.<\/p>\n<p>Kaip visada pristatomi i\u0161 nauji i\u0161skirtiniai Lietuvos architekt\u0173 projektai:<br \/>\n<!--more--><br \/>\nNagavitos prekybos salonas Kaune<br \/>\nVDU daugiafunkcis mokslo ir studij\u0173 centras Kaune<br \/>\nVila kopos\u0117 Pap\u0117, Latvija<br \/>\nPoilsio ir vandens sporto centras Zarasuose<br \/>\nPediatrijos konsultacijos centras &#8220;Pagalba ma\u017eyliui&#8221; Vilniaus raj.<br \/>\nVerslo centras &#8220;Quadrum&#8221; Vilniuje<br \/>\nDaugiabu\u010diai Mickevi\u010diaus g. \u017dv\u0117ryne, Vilniuje<br \/>\nKair\u0117n\u0173 &#8220;pastatas augalas&#8221;<br \/>\nSl\u0117nio vila Vilnije<\/p>\n<p>Architekt\u016bros laboratorijoje pristatomi dar nerealizuoti projektai, konkursai:<br \/>\nAdministracinio pastato &#8220;S7&#8221; Saltoni\u0161ki\u0173 g., Vilniuje, projektas<br \/>\nVentspilio Mokslo ir inovacij\u0173 centras<br \/>\nProjektas &#8220;Aik\u0161tel\u0117&#8221;<br \/>\nSvencel\u0117s bendruomen\u0117s namai &#8220;S22&#8221;<br \/>\nChemijos fakulteto pastatas Vilniuje<\/p>\n<p>Sopuli\u0173 skiltyje \u2013 kriti\u0161kas, ta\u010diau puikiai pastar\u0173j\u0173 met\u0173 paveldo problematik\u0105 pristatantis\u00a0L. Vai\u010dio straispnis \u201cProfesionalo misija\u201d.<\/p>\n<p>Ap\u017evelgiamas ir Kauno mokslo salos konkursas.<\/p>\n<p>Architekt\u016bros riterio skyriuje pristatomas Leonardo Raimundo Vai\u010dio\u00a0gyvenimas bei k\u016bryba.<\/p>\n<p>\u012evykiuose pristatoma &#8220;Oslo architekt\u016bros trienal\u0117&#8221;, &#8220;Venecijos architekt\u016bros bienal\u0117&#8221;, festivalis &#8220;KAFE&#8221;, &#8220;\u017dvilgsnis \u012f save&#8221;, &#8220;K\u016brybin\u0117s dirbtuv\u0117s &#8220;1:1&#8243;.<\/p>\n<p>Taip pat \u201cArchiformoje\u201d atsirado nauja skiltis \u2013 Menas, kurioje apra\u0161omi ne tik kuriantys architektai, bet ir kiti, su architekt\u016bra susij\u0119 meno srities atstovai. Naujausiame numeryje galite rasti eseistin\u012f J. Ar\u010dikausko\u00a0straipsn\u012f analizuojant\u012f architekt\u016bros &#8211; keramikos s\u0105sajas.<\/p>\n<p>Leidini\u0173 skiltyje rasite \u201cLietuvos miest\u0173, miesteli\u0173 ir kaim\u0173 erdvin\u0117s strukt\u016bros savitumo nustatymas ir jo i\u0161saugojimas&#8221; knygos recenzij\u0105.<\/p>\n<p>\u017durnal\u0105 galite prenumeruoti, \u012fsigyti m\u016bs\u0173 redakcijoje Kalvarij\u0173 g. 1 bei knygynuose \u201cHumanitas\u201d bei\u00a0Vagos knygynuose Pilies g. bei Gedimino pr.<\/p>\n<p><img loading=\"lazy\" decoding=\"async\" class=\" size-medium wp-image-1638 aligncenter\" src=\"http:\/\/archiforma.lt\/wp-content\/uploads\/2017\/01\/IMG_20170109_093501-300x271.jpg\" alt=\"img_20170109_093501\" width=\"531\" height=\"479\" srcset=\"https:\/\/archiforma.lt\/wp-content\/uploads\/2017\/01\/IMG_20170109_093501-300x271.jpg 300w, https:\/\/archiforma.lt\/wp-content\/uploads\/2017\/01\/IMG_20170109_093501.jpg 1024w\" sizes=\"(max-width: 531px) 100vw, 531px\" \/><\/p>\n<p>&nbsp;<\/p>\n","protected":false},"excerpt":{"rendered":"<p>Naujausiame \u201cArchiformos\u201d \u017eurnale i\u0161skiriamos dvi pagrindin\u0117s temos: \u201cArchitekt\u016bra saugomame kra\u0161tovaizdyje\u201d bei \u201cEdukacin\u0117 architekt\u016bra Lietuvoje 1918 \u2013 2018\u2033. Kaip visada pristatomi i\u0161 nauji i\u0161skirtiniai Lietuvos architekt\u0173 projektai:<\/p>\n","protected":false},"author":2,"featured_media":0,"comment_status":"open","ping_status":"open","sticky":false,"template":"","format":"standard","meta":{"footnotes":""},"categories":[5,9,23,3],"tags":[51,106,109,108,105,107],"views":10,"_links":{"self":[{"href":"https:\/\/archiforma.lt\/index.php?rest_route=\/wp\/v2\/posts\/1637"}],"collection":[{"href":"https:\/\/archiforma.lt\/index.php?rest_route=\/wp\/v2\/posts"}],"about":[{"href":"https:\/\/archiforma.lt\/index.php?rest_route=\/wp\/v2\/types\/post"}],"author":[{"embeddable":true,"href":"https:\/\/archiforma.lt\/index.php?rest_route=\/wp\/v2\/users\/2"}],"replies":[{"embeddable":true,"href":"https:\/\/archiforma.lt\/index.php?rest_route=%2Fwp%2Fv2%2Fcomments&post=1637"}],"version-history":[{"count":12,"href":"https:\/\/archiforma.lt\/index.php?rest_route=\/wp\/v2\/posts\/1637\/revisions"}],"predecessor-version":[{"id":2337,"href":"https:\/\/archiforma.lt\/index.php?rest_route=\/wp\/v2\/posts\/1637\/revisions\/2337"}],"wp:attachment":[{"href":"https:\/\/archiforma.lt\/index.php?rest_route=%2Fwp%2Fv2%2Fmedia&parent=1637"}],"wp:term":[{"taxonomy":"category","embeddable":true,"href":"https:\/\/archiforma.lt\/index.php?rest_route=%2Fwp%2Fv2%2Fcategories&post=1637"},{"taxonomy":"post_tag","embeddable":true,"href":"https:\/\/archiforma.lt\/index.php?rest_route=%2Fwp%2Fv2%2Ftags&post=1637"}],"curies":[{"name":"wp","href":"https:\/\/api.w.org\/{rel}","templated":true}]}}