{"id":1597,"date":"2016-10-19T12:05:31","date_gmt":"2016-10-19T12:05:31","guid":{"rendered":"http:\/\/archiforma.lt\/?p=1597"},"modified":"2017-01-14T22:19:49","modified_gmt":"2017-01-14T20:19:49","slug":"prisimenant-architekta-algimanta-kanca","status":"publish","type":"post","link":"https:\/\/archiforma.lt\/?p=1597","title":{"rendered":"Prisimenant architekt\u0105 Algimant\u0105 Kan\u010d\u0105"},"content":{"rendered":"<p><strong>Algimantas Kan\u010das: vieta nulemia k\u016brinio pob\u016bd\u012f<\/strong><br \/>\n<img loading=\"lazy\" decoding=\"async\" class=\"aligncenter  wp-image-1602\" src=\"http:\/\/archiforma.lt\/wp-content\/uploads\/2016\/10\/a_kancas.jpg\" alt=\"a_kancas\" width=\"531\" height=\"589\" srcset=\"https:\/\/archiforma.lt\/wp-content\/uploads\/2016\/10\/a_kancas.jpg 645w, https:\/\/archiforma.lt\/wp-content\/uploads\/2016\/10\/a_kancas-270x300.jpg 270w\" sizes=\"(max-width: 531px) 100vw, 531px\" \/><\/p>\n<p>Kol k\u016brybinio darbo \u017emogus nesulaukia bent pirmojo apvalesnio jubiliejaus, pie\u0161ti jo detal\u0173 portret\u0105 &#8220;visu \u016bgiu&#8221; lyg ir ankstoka. Bet kai palaipsniui susikaupia nema\u017ea kr\u016bva autoriaus darb\u0173, jie tarytum patys savaime pradeda tapyti k\u016br\u0117jo atvaizd\u0105. Tegu ir nei\u0161baigt\u0105, eskizin\u012f, bet jau turint\u012f pakankamai suvokiamus portreto kont\u016brus, darbo charakterio bruo\u017eus. Kaip tiktai tok\u012f savo adekva\u010diam vaizdui reikaling\u0105 k\u016brybin\u012f krait\u012f, nuolat papildydamas naujais darbais, kraunasi kaunietis architektas Algimantas Kan\u010das.<br \/>\n<!--more--><\/p>\n<p>A\u0161tuntojo de\u0161imtme\u010dio antroje pus\u0117je \u012f Miest\u0173 statybos projektavimo instituto Kauno filial\u0105 pl\u016bstel\u0117jo nauja VISI absolvent\u0173 banga. Savo jaunu entuziazmu ji gerokai sujudino iki tol nusistov\u0117jus\u012f, aprimus\u012f, prisitaikius\u012f prie tipinio normatyvinio projektavimo architekt\u0173 gyvenim\u0105. Vedami nauj\u0173, tuo metu pasaulyje spar\u010diai plintan\u010di\u0173 k\u016brybini\u0173 id\u0117j\u0173, kurios, ties\u0105 sakant, tuometin\u0117je Sovietijoje ir, \u017einoma, Lietuvoje oficiali\u0173j\u0173 sluoksni\u0173 buvo sunkiai suvokiamos ir dar sunkiau taikomos, jaunieji architektai vis d\u0117lto sugeb\u0117jo i\u0161pl\u0117sti k\u016brybos horizont\u0105 ir pasiekti ap\u010diuopiam\u0173 rezultat\u0173.<br \/>\nKaip tik \u0161iuo savoti\u0161ko pakilimo laikotarpiu Kaune ir prad\u0117jo savo architekt\u016brin\u012f keli\u0105 Algimantas Kan\u010das. Greta patyrusi\u0173 koleg\u0173 ir jaun\u0173 bendradarbi\u0173 jis atsid\u016br\u0117 1978 metais, baig\u0119s Vilniaus in\u017einerinio statybos instituto Architekt\u016bros fakultet\u0105.<\/p>\n<p>Gr\u012f\u017e\u0119s \u012f gimt\u0105j\u012f miest\u0105, dirbo architektu Miest\u0173 statybos projektavimo instituto Kauno filiale. Ten ir nu\u0117jo netrump\u0105 profesinio brendimo keli\u0105 iki sektoriaus vir\u0161ininko ir projekt\u0173 vyriausiojo architekto pareig\u0173. Atk\u016brus Lietuvos Nepriklausomyb\u0119, i\u0161 esm\u0117s kintant darbo s\u0105lygoms ir kryp\u010diai, 1991 metais tapo individualios projektavimo studijos vadovu. Prasid\u0117jo naujas savaranki\u0161kos k\u016brybos etapas, kur b\u016bta ir nei\u0161vengiam\u0173 abejoni\u0173, ie\u0161kojim\u0173, ir pagaliau &#8211; konkre\u010di\u0173 rezultat\u0173.<\/p>\n<p>Pirmieji projektai padaryti MSPI Kauno filiale. Suprojektuotas pirmasis individualus gyvenamasis namas \u017demaitijos miestelyje Plateliuose, savo nestandarti\u0161kai naujovi\u0161ka i\u0161vaizda atkreip\u0119s specialist\u0173 ir platesn\u0117s visuomen\u0117s d\u0117mes\u012f. Buvo \u012fvairi\u0173, nevienareik\u0161mi\u0173 vertinim\u0173, nes tas pastatas gana ry\u0161kiai demonstravo paie\u0161kas tuo metu Vakar\u0173 pasaulyje madingos postmodernizmo krypties form\u0173, nuspalvint\u0173 modernizmui ne\u012fprastais erdvi\u0173 ir element\u0173 deriniais, kurie anaiptol ne visus \u012ftikino. Ta\u010diau ant kalno stovintis Plateli\u0173 namas nebuvo kokia nors tiesiogin\u0117 u\u017esienio \u017eurnalini\u0173 pavyzd\u017ei\u0173 kopija. Jau tuomet jaunas projekto autorius, suvokdamas vietos konteksto reik\u0161m\u0119, siek\u0117 rasti lokalini\u0173 statybos tradicij\u0173 atramas ir j\u0173 optimal\u0173, nors ir nelengvai pasiekiam\u0105, santyk\u012f su naujov\u0117mis, kurios sovietin\u0117s tikrov\u0117s s\u0105lygomis tur\u0117jo didesn\u0119 nei vien profesin\u0119 architekt\u016brin\u0119 reik\u0161m\u0119. Vienas i\u0161 ry\u0161kiausi\u0173 to namo kompozicijos bruo\u017e\u0173 buvo sien\u0173 akmens apdaila. ji atsirado neatsitiktinai ir tur\u0117jo savo prasm\u0119 &#8211; siekta i\u0161reik\u0161ti senojo vietos dvaro akmenini\u0173 pastat\u0173 vizual\u0173 ir emocin\u012f ry\u0161\u012f su liaudi\u0161kosios statyb\u0173 tradicijos neatsisakan\u010dia dabartimi.<\/p>\n<p><a href=\"http:\/\/archiforma.lt\/wp-content\/uploads\/2016\/10\/1_archv.jpg\"><img loading=\"lazy\" decoding=\"async\" class=\"aligncenter size-medium wp-image-1603\" src=\"http:\/\/archiforma.lt\/wp-content\/uploads\/2016\/10\/1_archv-270x300.jpg\" alt=\"1_archv\" width=\"270\" height=\"300\" srcset=\"https:\/\/archiforma.lt\/wp-content\/uploads\/2016\/10\/1_archv-270x300.jpg 270w, https:\/\/archiforma.lt\/wp-content\/uploads\/2016\/10\/1_archv.jpg 645w\" sizes=\"(max-width: 270px) 100vw, 270px\" \/><\/a><\/p>\n<p>Namas Plateliuose. 1979 m. Pirmasis projektas. 1984 m. s\u0105jungin\u0117je ap\u017ei\u016broje Maskvoje apdovanotas bronzos medaliu.<br \/>\n<a href=\"http:\/\/archiforma.lt\/wp-content\/uploads\/2016\/10\/2_archv.jpg\"><img loading=\"lazy\" decoding=\"async\" class=\"aligncenter  wp-image-1604\" src=\"http:\/\/archiforma.lt\/wp-content\/uploads\/2016\/10\/2_archv.jpg\" alt=\"2_archv\" width=\"401\" height=\"213\" srcset=\"https:\/\/archiforma.lt\/wp-content\/uploads\/2016\/10\/2_archv.jpg 1024w, https:\/\/archiforma.lt\/wp-content\/uploads\/2016\/10\/2_archv-300x159.jpg 300w\" sizes=\"(max-width: 401px) 100vw, 401px\" \/><\/a><\/p>\n<p>Kauno dramos teatro konkursinis projektas. Maketas<br \/>\n<a href=\"http:\/\/archiforma.lt\/wp-content\/uploads\/2016\/10\/menogalerija.jpg\"><img loading=\"lazy\" decoding=\"async\" class=\"aligncenter  wp-image-1605\" src=\"http:\/\/archiforma.lt\/wp-content\/uploads\/2016\/10\/menogalerija.jpg\" alt=\"menogalerija\" width=\"630\" height=\"211\" srcset=\"https:\/\/archiforma.lt\/wp-content\/uploads\/2016\/10\/menogalerija.jpg 1024w, https:\/\/archiforma.lt\/wp-content\/uploads\/2016\/10\/menogalerija-300x101.jpg 300w\" sizes=\"(max-width: 630px) 100vw, 630px\" \/><\/a><\/p>\n<p>Po to buvo kitas reik\u0161mingas, net, galima sakyti, etapinis autoriaus darbas &#8211; seneli\u0173 namai Panemun\u0117je, Kaune (dabar globojami Maltos ordino). Ramus u\u017emies\u010dio rajonas, vir\u0161utin\u0117 Nemuno terasa, mi\u0161kas, neu\u017estatyta vieta si\u016blyte si\u016bl\u0117 sukurti kiek \u012fmanoma ma\u017eiau priklausom\u0105 nuo koki\u0173 formali\u0173 ribojim\u0173, senatv\u0117s poilsiui optimaliausiai tinkant\u012f statin\u012f. Architektas, atsi\u017evelg\u0119s \u012f s\u0105lygas, pasirinko tok\u012f sprendim\u0105, kuris leido susieti gamtin\u0119 aplink\u0105 su statinio plano strukt\u016bra, kartu i\u0161laikyti paskir\u010diai reikaling\u0105 u\u017edarum\u0105, jauki\u0105 vidin\u0119 izoliacij\u0105. Raudon\u0173 plyt\u0173 triauk\u0161tis pastatas yra lenkto pasagos formos plano, kurio vienas galas ties \u012fva\u017eiavimu j kiem\u0105 akcentuojamas vertikaliu t\u016briu &#8211; keturkampiu laiptin\u0117s bok\u0161tu. Vienos ir dviej\u0173 viet\u0173 kambariai su balkonais \u012f ap\u017eeldinto vidinio kiemo pus\u0119, \u017eiedin\u0117 patalp\u0173 jungtis, visa sant\u016bri\u0173, kartu proporcing\u0173 ir funkcionali\u0173 form\u0173 pastato architekt\u016bra sudar\u0117 darni\u0105 vienov\u0119 su aplinkiniu peiza\u017eu. Buvo jautriai atsi\u017evelgta \u012f gamt\u0105, nebuvo nukirstas n\u0117 vienas medis. \u0160is statinys &#8211; vienas i\u0161 tuomet ret\u0173 pagal individual\u0173 projekt\u0105 realizuot\u0173 objekt\u0173, savo originalumu nusipeln\u0119s ne tik Lietuvos architekt\u0173, bet ir tuometin\u0117s S\u0105jungos specialist\u0173 d\u0117mesio. Maskvos Architekt\u0173 s\u0105jungos namuose \u012fvykusioje 1987 met\u0173 ap\u017ei\u016broje jis buvo apdovanotas diplomu, taip drauge keldamas Lietuvos naujosios architekt\u016brin\u0117s kult\u016bros presti\u017e\u0105.<\/p>\n<p><a href=\"http:\/\/archiforma.lt\/wp-content\/uploads\/2016\/10\/3_archv.jpg\"><img loading=\"lazy\" decoding=\"async\" class=\"aligncenter size-medium wp-image-1607\" src=\"http:\/\/archiforma.lt\/wp-content\/uploads\/2016\/10\/3_archv-270x300.jpg\" alt=\"3_archv\" width=\"270\" height=\"300\" srcset=\"https:\/\/archiforma.lt\/wp-content\/uploads\/2016\/10\/3_archv-270x300.jpg 270w, https:\/\/archiforma.lt\/wp-content\/uploads\/2016\/10\/3_archv.jpg 644w\" sizes=\"(max-width: 270px) 100vw, 270px\" \/><\/a><\/p>\n<p>Dailininko A. \u0160ato galerija Savanori\u0173 pr. Kaune<br \/>\n<a href=\"http:\/\/archiforma.lt\/wp-content\/uploads\/2016\/10\/maltos_ord.jpg\"><img loading=\"lazy\" decoding=\"async\" class=\"aligncenter size-medium wp-image-1609\" src=\"http:\/\/archiforma.lt\/wp-content\/uploads\/2016\/10\/maltos_ord-287x300.jpg\" alt=\"maltos_ord\" width=\"287\" height=\"300\" srcset=\"https:\/\/archiforma.lt\/wp-content\/uploads\/2016\/10\/maltos_ord-287x300.jpg 287w, https:\/\/archiforma.lt\/wp-content\/uploads\/2016\/10\/maltos_ord.jpg 954w\" sizes=\"(max-width: 287px) 100vw, 287px\" \/><\/a><\/p>\n<p><a href=\"http:\/\/archiforma.lt\/wp-content\/uploads\/2016\/10\/4_archv.jpg\"><img loading=\"lazy\" decoding=\"async\" class=\"aligncenter size-medium wp-image-1608\" src=\"http:\/\/archiforma.lt\/wp-content\/uploads\/2016\/10\/4_archv-269x300.jpg\" alt=\"4_archv\" width=\"269\" height=\"300\" srcset=\"https:\/\/archiforma.lt\/wp-content\/uploads\/2016\/10\/4_archv-269x300.jpg 269w, https:\/\/archiforma.lt\/wp-content\/uploads\/2016\/10\/4_archv.jpg 918w\" sizes=\"(max-width: 269px) 100vw, 269px\" \/><\/a><\/p>\n<p>Maltos ordino seneli\u0173 globos namai Panemun\u0117s \u0161ile, Kaune. 1985 m. 1987 m. apdovanoti aukso medaliu s\u0105jungin\u0117je ap\u017ei\u016broje Maskvoje.<\/p>\n<p>Pagarba gamtai, aplinkai, urbanistiniam kontekstui &#8211; visa b\u016bdinga Algimanto Kan\u010do k\u016brybai iki \u0161iol. To jis mok\u0117si i\u0161 did\u017ei\u0173j\u0173 \u0161iuolaikin\u0117s pasaulin\u0117s architekt\u016bros meistr\u0173, dom\u0117damasis profesine literat\u016bra ir, kai atsiv\u0117r\u0117 galimyb\u0117s, lankydamasis kitose \u0161alyse. &#8220;Vieta nulemia architekt\u016br\u0105. Urbanistin\u0117 situacija, jeigu tik j j\u0105 \u012fsigilini, pati pasako, kokia toje vietoje gal\u0117t\u0173 tikti architekt\u016bra&#8221;, &#8211; sako architektas. Jam iki \u0161iol imponuoja garsiojo \u0160iaur\u0117s \u0161ali\u0173 meistro Aivaro Aalto darbai, kurie turi ypating\u0105 dvasin\u0119 dimensij\u0105, nu\u0161vie\u010dian\u010di\u0105 vis\u0105 materiali\u0105j\u0105 architekt\u016bros plotm\u0119. Sant\u016bri\u0173, bet neba<br \/>\nnali\u0173 form\u0173, vidin\u0117s \u0161ilumos \u017emogui ir pagarbos gamtai kupinos architekt\u016bros samprata at\u0117jo daugiausia per Aivar\u0105 Aalto&#8217;\u0105 visai Lietuvos architekt\u0173 kartai. Algimantui Kan\u010dui taip pat artimas JAV architektas L. Kahnas, kurio stipriai strukt\u016bri\u0161kai sur\u0119stos formos ir erdv\u0117s organi\u0161kai, savitai siejasi su am\u017einomis dievi\u0161kosios geometrijos tiesomis, keldamos netik\u0117tas jausmines reakcijas. Galima tik apgailestauti, kad dabartin\u0117 JAV architekt\u016bra, lyginant su kai kuri\u0173 Europos valstybi\u0173, ypa\u010d Skandinavijos architekt\u0173 darbais, praranda buvusias pozicijas ir teigiamas savybes. Ger\u0105 \u012fsp\u016bd\u012f jam daro Ispanijos architekt\u016bra, kuriai b\u016bdingas k\u016brybi\u0161kas gyvybingumas, saikas ir auk\u0161ti estetiniai standartai. O postmodernistiniai eksperimentai, kuriais kai kas ir pas mus \u017eav\u0117josi, nustojo savo patrauklumo, tiesiog i\u0161sigim\u0117 ir, anot A. Kan\u010do, tapo nebe\u012fdom\u016bs ir nebeaktual\u016bs.<\/p>\n<p>Apsuk\u0119 rat\u0105 v\u0117l sugr\u012f\u017eta turb\u016bt ir nebuv\u0119 pamir\u0161ti modernizmo principai, kurie, pasipild\u0119 vietos konteksto kodais, \u012fgyja nauj\u0173 bruo\u017e\u0173. J\u0173 poveikis architekt\u0173 s\u0105monei ne visuomet rei\u0161kiasi tiesmukai, bet toki\u0105 \u012ftak\u0105 galima pasteb\u0117ti ir A. Kan\u010do projektuose, kurie i\u0161eina u\u017e lietuvi\u0161ko kult\u016brinio vietos identiteto rib\u0173 ir deklaruoja nauj\u0105 gyvenimo ir architekt\u016bros kokyb\u0119. M\u016bs\u0173 kasdienos sunkioje dabartyje tai gali atrodyti kaip atskil\u0119 nuo kontinento salos, kaip i\u0161\u0161\u016bkis dorai s\u0105\u017einei, bet \u010dia kalbama apie milijonus kainuojan\u010dias statybas, paliekant nuo\u0161aliai moralin\u012f architekt\u016bros aspekt\u0105.<\/p>\n<p><a href=\"http:\/\/archiforma.lt\/wp-content\/uploads\/2016\/10\/5_archv.jpg\"><img loading=\"lazy\" decoding=\"async\" class=\"aligncenter size-medium wp-image-1611\" src=\"http:\/\/archiforma.lt\/wp-content\/uploads\/2016\/10\/5_archv-217x300.jpg\" alt=\"5_archv\" width=\"217\" height=\"300\" srcset=\"https:\/\/archiforma.lt\/wp-content\/uploads\/2016\/10\/5_archv-217x300.jpg 217w, https:\/\/archiforma.lt\/wp-content\/uploads\/2016\/10\/5_archv.jpg 740w\" sizes=\"(max-width: 217px) 100vw, 217px\" \/><\/a><\/p>\n<p>&#8220;Credit reform&#8221; bendrov\u0117s pastatas Leipcige. 1994 m. Konkursas. Interjeras. Bendraautoriai A. Haberbeckas ir V. \u010caplikas<\/p>\n<p><a href=\"http:\/\/archiforma.lt\/wp-content\/uploads\/2016\/10\/6_archv.jpg\"><img loading=\"lazy\" decoding=\"async\" class=\"aligncenter size-medium wp-image-1612\" src=\"http:\/\/archiforma.lt\/wp-content\/uploads\/2016\/10\/6_archv-268x300.jpg\" alt=\"6_archv\" width=\"268\" height=\"300\" srcset=\"https:\/\/archiforma.lt\/wp-content\/uploads\/2016\/10\/6_archv-268x300.jpg 268w, https:\/\/archiforma.lt\/wp-content\/uploads\/2016\/10\/6_archv.jpg 640w\" sizes=\"(max-width: 268px) 100vw, 268px\" \/><\/a><\/p>\n<p>Namas Vi\u010di\u016bnuose. 1997 m. Vaizdas nuo Nemuno<\/p>\n<p><a href=\"http:\/\/archiforma.lt\/wp-content\/uploads\/2016\/10\/7_archv.jpg\"><img loading=\"lazy\" decoding=\"async\" class=\"aligncenter size-medium wp-image-1613\" src=\"http:\/\/archiforma.lt\/wp-content\/uploads\/2016\/10\/7_archv-300x233.jpg\" alt=\"7_archv\" width=\"300\" height=\"233\" srcset=\"https:\/\/archiforma.lt\/wp-content\/uploads\/2016\/10\/7_archv-300x233.jpg 300w, https:\/\/archiforma.lt\/wp-content\/uploads\/2016\/10\/7_archv.jpg 648w\" sizes=\"(max-width: 300px) 100vw, 300px\" \/><\/a><\/p>\n<p>Namas Vi\u010di\u016bnuose. Interjero fragmentas. (\u0160viestuvo dizaineris E. Stackas)<\/p>\n<p><a href=\"http:\/\/archiforma.lt\/wp-content\/uploads\/2016\/10\/1031.jpg\"><img loading=\"lazy\" decoding=\"async\" class=\"aligncenter  wp-image-1614\" src=\"http:\/\/archiforma.lt\/wp-content\/uploads\/2016\/10\/1031-209x300.jpg\" alt=\"1031\" width=\"322\" height=\"463\" srcset=\"https:\/\/archiforma.lt\/wp-content\/uploads\/2016\/10\/1031-209x300.jpg 209w, https:\/\/archiforma.lt\/wp-content\/uploads\/2016\/10\/1031.jpg 712w\" sizes=\"(max-width: 322px) 100vw, 322px\" \/><\/a><\/p>\n<p>\u0160v. Kazimiero ba\u017eny\u010dia Aleksote. Statyta 1992-1997 m.<br \/>\n\u0160v. Kazimiero ba\u017eny\u010dia Aleksote. Vidaus erdv\u0117s fragmentas. Konstruktorius S. Byla<\/p>\n<p>Projektuojant kai kuriuos individualius gyvenamuosius namus, aplinkyb\u0117s buvo tiek palankios, kad architektui skersai kelio nestojo jokios \u012fprastin\u0117s kli\u016btys &#8211; nevar\u017e\u0117 nei \u0161eiminink\u0173 finansin\u0117s galimyb\u0117s, nei j\u0173 valia, nei kokia kietai susiformavusi miesto aplinka. Architekto rankos buvo laisvos i\u0161reik\u0161ti savo po\u017ei\u016br\u012f, \u017einoma, kartu su atsakomybe. Du toki\u0173 galimybi\u0173 rezultatai kaimyniniai namai stovi Panemun\u0117je, Vi\u010di\u016bnuose, ant nuolaidaus Nemuno kranto, pu\u0161yno pakra\u0161tyje. Plat\u016bs, sutvarkyti kaip parteriai, \u017eemais \u0161viestuvais ap\u0161viesti sklypai juos skiria vien\u0105 nuo kito. Jie erdv\u016bs, bet visai neatrodo dideli. Namai turi sta\u010diakampi\u0173 strukt\u016br\u0173, bet labai grie\u017etai j\u0173 ner\u0117minami &#8211; \u010dia yra ir sta\u010diakampi\u0173, ir trapecini\u0173 vidaus erdvi\u0173, perstumt\u0173 vienas kito at\u017evilgiu t\u016bri\u0173. Jie s\u0105moningai glaud\u017eiami prie \u017eem\u0117s, stogai &#8211; ne \u012fprasti dvi\u0161lai\u010diai, o \u012fstri\u017eais kampais i\u0161d\u0117stytos pla\u010dios ir savitai lenktos plok\u0161tumos, padengtos tamsios spalvos metalin\u0117mis \u010derp\u0117mis. Viename i\u0161 t\u0173 nam\u0173 gausiai \u012fkomponuotos medini\u0173 sienoj\u0173 sienos, sujungtos su plyt\u0173 m\u016bru.<\/p>\n<p>Ne tik \u0161i\u0173, bet ir kit\u0173 A. Kan\u010do suprojektuot\u0173 individuali\u0173 gyvenam\u0173j\u0173 nam\u0173 strukt\u016broje galima \u012f\u017evelgti daug bendrybi\u0173: daug d\u0117mesio aplinkai, laisvumas, pagrindini\u0173 patalp\u0173 &#8211; vestibiuli\u0173, bendr\u0173j\u0173 kambari\u0173, sporto sali\u0173, plaukymo basein\u0173 (kurie opti\u0161kai siejami su i\u0161orine \u017ealuma) &#8211; erdves organizuoja pagrindin\u0117 plano a\u0161is &#8211; vestibiulis arba i\u0161pl\u0117stas koridorius, pereinantis \u012f bendr\u0105j\u012f kambar\u012f. \u0160i a\u0161is paprastai skiria patalpas \u012f dvi nesimetri\u0161kas dalis, kurios antrojo auk\u0161to lygyje jungiamos tilteliu, arba lenktais galiniais laiptais, tampan\u010diais ne tik funkciniu, bet ir estetiniu erdv\u0117s akcentu, dar sustiprinamu dail\u0117s k\u016briniais. Blizgantys metaliniai pavir\u0161iai demonstruoja ir atvir\u0105 technin\u012f estetizm\u0105. Vidaus erdv\u0117se vyrauja \u0161viesios, ramios, vienur kitur pa\u012fvairintos kontrastais spalvos, nat\u016bralios med\u017eiagos &#8211; betonas su lent\u0173 atspaudais, med\u017eio parketas, keramika, lengva veik nepastebima ap\u0161vietimo armat\u016bra. Naudojami lietuvi\u0161ki auk\u0161tos kokyb\u0117s, ypa\u010d Kauno &#8220;Litvaistos&#8221; individualios gamybos baldai. Visur interjerus stengiamasi kuo glaud\u017eiau susieti su i\u0161or\u0117s aplinka, atverti vaizdus \u012f \u017eeldinius.<\/p>\n<p>Ypa\u010d didelis efektas pasiektas naujame parapijos nam\u0173 name \u0104\u017euol\u0173 kalne. Prie sud\u0117tingo reljefo priderintas keli\u0173 lygi\u0173 pastato t\u016bris, i\u0161or\u0117s kompozicijoje &#8211; savoti\u0161kas raudon\u0173 plyt\u0173 m\u016bro ir neda\u017eyt\u0173 med\u017eio r\u0105st\u0173 derinys, plat\u016bs lang\u0173 ekranai, terasos ir balkonai. Pereinan\u010dias viena \u012f kit\u0105 vidaus erdves puo\u0161ia \u0161iuolaikin\u0117s lietuvi\u0173 dail\u0117s k\u016briniai, tarp j\u0173 &#8211; A. Vaitk\u016bno abstrakt\u016bs paveikslai, R. Antinio bronziniai laipt\u0173 tur\u0117klai, dekoratyvios skulpt\u016bros. Visas pastatas kartu su sklypo aplinka &#8211; nuo medin\u0117mis lentomis dailiai perpintos tvoros iki akmenini\u0173 atramini\u0173 sieneli\u0173 ir ap\u0161viest\u0173 tak\u0173 &#8211; kalba apie siek\u012f tarnauti vienam pagrindiniam tikslui &#8211; gro\u017eiui, jaukumui, teigiamoms emocijoms kelti.<\/p>\n<p>Naujausias, dar tebesantis ant projektavimo stalo, bet i\u0161 esm\u0117s jau aprobuotas k\u016brinys yra Gerojo Ganytojo ba\u017eny\u010dia Kauno Dainavos parapijoje, prie Taikos prospekto (kartu su architektais M. Preisu ir L. Kazakevi\u010di\u016bte). Jos form\u0105 ir siluet\u0105 taip pat daugiausia nul\u0117m\u0117 urbanistin\u0117 pad\u0117tis, sklypo vieta, nors sakralin\u0117s paskirties statiniams taikomi ne vien fizi\u0161kai matuojami materialiniai parametrai, bet ir kur kas subtilesni metafizinio lygmens kriterijai. Ba\u017eny\u010dia ties Taikos prospekto pos\u016bkiu u\u017edaro gatv\u0117s perspektyv\u0105, tod\u0117l labai svarbi jos forma. Autorius pasirinko asimetri\u0161ko dvilypio t\u016brio plano ir erdv\u0117s strukt\u016br\u0105, skiriam\u0105 vidurin\u0117s rekreacin\u0117s dalies. Didesni\u0105j\u0105 statinio dal\u012f sudarys ba\u017eny\u010dios erdv\u0117, o prie\u0161ais esan\u010di\u0105 &#8211; parapijos sal\u0117 ir jaunimo kult\u016bros klubo patalpos. Ba\u017eny\u010dios t\u016bris pana\u0161us \u012f netaisykling\u0105 piramid\u0119, kurios smail\u0117 &#8211; 25 m auk\u0161\u010dio varpin\u0117. Prie jos priderintas klubo patalp\u0173 blokas nuolaid\u017eiais \u0161onais. Visa \u0161io komplekso architekt\u016bra grind\u017eiama monumentalaus i\u0161kilmingumo siekiu, kuriam nereikalinga smulkmen\u0173. Tai b\u016bdinga neomodernizmui. Apsiribojama lakoni\u0161komis stiklo ir raudon\u0173 plyt\u0173 m\u016bro plok\u0161tumomis, galin\u010diomis tur\u0117ti \u012ftaig\u0173 ir toli skleid\u017eiam\u0105 emocin\u012f poveik\u012f.<br \/>\nLaikas \u012fveikiamas darbu. Architektas Algimantas Kan\u010das gerbia laik\u0105. Vien per kelerius pastaruosius metus dalyvavo &#8220;Credit Reform&#8221; bendrov\u0117s pastato Leipcige konkurse, kur su grupe laim\u0117jo antr\u0105j\u0105 premij\u0105; rekonstruoja ra\u0161ytojo Nobelio premijos laureato Czes\u0142avo Mi\u0142oszo gimtosios sodybos \u0160ateiniuose, K\u0117daini\u0173 rajone, kompleks\u0105; Laisv\u0117s al\u0117joje Kaune suprojektavo (kartu su M. Preisu) restoran\u0105 &#8220;Miesto sodas&#8221; su naktiniu klubu &#8220;Siena&#8221;, \u0161alia j\u0173 \u012frengiant modern\u0173 miesto tualet\u0105; rengia pirminius projekto si\u016blymus did\u017eiuliam kompleksui &#8220;Kauno audini\u0173&#8221; fabriko vietoje prie Karmelit\u0173 ba\u017eny\u010dios; neatsisako perduoti savo patirt\u012f ir Kauno dail\u0117s instituto architekt\u016bros specialyb\u0117s studentams. Dirbti ir kurti Kaune &#8211; garbinga, bet ir itin atsakinga. Juk aplinkui &#8211; chrestomatiniai architekt\u016bros pavyzd\u017eiai, kurie \u0161iais kult\u016brinio etinio regreso laikais egzaminuoja naujausi\u0105j\u0105 architekt\u016br\u0105. Ta\u010diau kaip ir i\u0161 A. Kan\u010do darb\u0173, nuo istorijos pamok\u0173 neb\u0117gama.<\/p>\n<p><a href=\"http:\/\/archiforma.lt\/wp-content\/uploads\/2016\/10\/10_archv.jpg\"><img loading=\"lazy\" decoding=\"async\" class=\"aligncenter size-medium wp-image-1616\" src=\"http:\/\/archiforma.lt\/wp-content\/uploads\/2016\/10\/10_archv-300x159.jpg\" alt=\"10_archv\" width=\"300\" height=\"159\" srcset=\"https:\/\/archiforma.lt\/wp-content\/uploads\/2016\/10\/10_archv-300x159.jpg 300w, https:\/\/archiforma.lt\/wp-content\/uploads\/2016\/10\/10_archv.jpg 1024w\" sizes=\"(max-width: 300px) 100vw, 300px\" \/><\/a><\/p>\n<p>Visuomeninio prekybos centro &#8220;Kauno audiniai&#8221; projektas. Maketas. Bendraautoriai K. Karlsson (\u0160vedija) ir R. Labutis. 1999 m.<\/p>\n<p><a href=\"http:\/\/archiforma.lt\/wp-content\/uploads\/2016\/10\/11_archv.jpg\"><img loading=\"lazy\" decoding=\"async\" class=\"aligncenter size-medium wp-image-1617\" src=\"http:\/\/archiforma.lt\/wp-content\/uploads\/2016\/10\/11_archv-300x191.jpg\" alt=\"11_archv\" width=\"300\" height=\"191\" srcset=\"https:\/\/archiforma.lt\/wp-content\/uploads\/2016\/10\/11_archv-300x191.jpg 300w, https:\/\/archiforma.lt\/wp-content\/uploads\/2016\/10\/11_archv.jpg 1024w\" sizes=\"(max-width: 300px) 100vw, 300px\" \/><\/a><\/p>\n<p>&#8220;Kauno audini\u0173&#8221; centro perspektyva<\/p>\n<p><a href=\"http:\/\/archiforma.lt\/wp-content\/uploads\/2016\/10\/12_archv.jpg\"><img loading=\"lazy\" decoding=\"async\" class=\"aligncenter size-medium wp-image-1618\" src=\"http:\/\/archiforma.lt\/wp-content\/uploads\/2016\/10\/12_archv-300x244.jpg\" alt=\"12_archv\" width=\"300\" height=\"244\" srcset=\"https:\/\/archiforma.lt\/wp-content\/uploads\/2016\/10\/12_archv-300x244.jpg 300w, https:\/\/archiforma.lt\/wp-content\/uploads\/2016\/10\/12_archv.jpg 646w\" sizes=\"(max-width: 300px) 100vw, 300px\" \/><\/a><\/p>\n<p>Namas \u0104\u017euol\u0173 kalne. 1998 m.<\/p>\n<p><a href=\"http:\/\/archiforma.lt\/wp-content\/uploads\/2016\/10\/1033.jpg\"><img loading=\"lazy\" decoding=\"async\" class=\"aligncenter  wp-image-1619\" src=\"http:\/\/archiforma.lt\/wp-content\/uploads\/2016\/10\/1033-209x300.jpg\" alt=\"1033\" width=\"326\" height=\"468\" srcset=\"https:\/\/archiforma.lt\/wp-content\/uploads\/2016\/10\/1033-209x300.jpg 209w, https:\/\/archiforma.lt\/wp-content\/uploads\/2016\/10\/1033.jpg 713w\" sizes=\"(max-width: 326px) 100vw, 326px\" \/><\/a><\/p>\n<p>&nbsp;<\/p>\n<p><strong>Svarbiausieji projektai ir realizuoti darbai<\/strong><\/p>\n<p>Individual\u016bs gyvenamieji namai: Plateli\u0173 gyvenviet\u0117je, Plung\u0117je, Jurbarke, Klaip\u0117doje, Vilniuje; Kaune &#8211; Radvil\u0117n\u0173 plente, Vi\u010di\u016bnuose, Pane\u00acmun\u0117je, \u0104\u017euol\u0173 kalne.<br \/>\nPoilsio namai \u0160ventojoje.<br \/>\nSportininku vie\u0161butis prie Kauno mari\u0173.<br \/>\nDailininko V.K. Jonyno studija &#8211; galerija Druskininkuose.<br \/>\nA. \u0160ato galerija Savanori\u0173 pr., Kaune.<br \/>\nMaltos ordino seneli\u0173 namai Panemun\u0117s \u0161ile, Kaune.<br \/>\nVaik\u0173 globos namai &#8220;At\u017ealynas&#8221; Partizan\u0173 g., Kaune.<br \/>\nUAB &#8220;Korys&#8221; administracijos pastatas A. Juozapavi\u010diaus pr., Kaune. Rekonstrukcija.<br \/>\n\u0160v. Kazimiero ba\u017eny\u010dia Aleksote, Kaune.<br \/>\nGerojo Ganytojo ba\u017eny\u010dia Kaune (kartu su M. Preisu ir L. Kazakevi\u010di\u016bte). Projektas.<br \/>\nRa\u0161ytojo Czes\u0142avo Mi\u0142oszo sodyba \u0160ateiniuose, K\u0117daini\u0173 r. Rekonstrukcijos projektas; realizuojama.<br \/>\nRestoranas &#8220;Siena&#8221; Kaune (kartu su M. Preisu ir L. Ka-zakevi\u010di\u016bte). Interjeras; realizuojama.<br \/>\nVisuomeninis prekybos centras &#8220;Kauno audiniai&#8221;.<br \/>\nProjektas (kartu su K. Karlsson (\u0160vedija) ir R. Labu\u010diu).<\/p>\n<p><strong>Svarbesnieji konkursiniai projektai<\/strong><\/p>\n<p>Kult\u016bros namai, Vitebskas, Rusija (kartu su A. Kau\u0161p\u0117du).<br \/>\nPetro Vilei\u0161io aik\u0161t\u0117s detalusis planas, Kaunas (kartu su V. Juozai\u010diu).<br \/>\nMykolo \u017dilinsko dail\u0117s galerija, Kaunas (kartu su A. Kau\u0161-p\u0117du).<br \/>\nDramos teatras, Kaunas.<br \/>\nNacionalin\u0117 galerija, Vilnius (kartu su E. Mili\u016bnu).<br \/>\nCentro detalusis planas, Rus\u0117, Bulgarija (kartu su V.Treiniu, R. Steponai\u010diu, A. \u017daliu).<br \/>\nTete Defaus kult\u016bros ir visuomeninis centras, Pary\u017eius, Pranc\u016bzija (kartu su E. Mili\u016bnu, S. Ju\u0161kiu, A. Kau\u0161p\u0117du).<br \/>\nModerniojo meno muziejus, Helsinkis, Suomija (kartu su V. Vaksmanu).<br \/>\n\u0160iuolaikinio meno galerija, Leipcigas, Vokietija (kartu su A. Haberbeck ir V. \u010capliku).<br \/>\n&#8220;Credit Reform&#8221; bendrov\u0117, Leipcigas, Vokietija (kartu su A. Haberbeck ir V. \u010capliku).<\/p>\n<p><a href=\"http:\/\/archiforma.lt\/wp-content\/uploads\/2016\/10\/namas_vic.jpg\"><img loading=\"lazy\" decoding=\"async\" class=\"aligncenter size-medium wp-image-1622\" src=\"http:\/\/archiforma.lt\/wp-content\/uploads\/2016\/10\/namas_vic-300x159.jpg\" alt=\"namas_vic\" width=\"300\" height=\"159\" srcset=\"https:\/\/archiforma.lt\/wp-content\/uploads\/2016\/10\/namas_vic-300x159.jpg 300w, https:\/\/archiforma.lt\/wp-content\/uploads\/2016\/10\/namas_vic.jpg 1024w\" sizes=\"(max-width: 300px) 100vw, 300px\" \/><\/a><\/p>\n<p><a href=\"http:\/\/archiforma.lt\/wp-content\/uploads\/2016\/10\/16_archv.jpg\"><img loading=\"lazy\" decoding=\"async\" class=\"aligncenter size-medium wp-image-1620\" src=\"http:\/\/archiforma.lt\/wp-content\/uploads\/2016\/10\/16_archv-300x158.jpg\" alt=\"16_archv\" width=\"300\" height=\"158\" srcset=\"https:\/\/archiforma.lt\/wp-content\/uploads\/2016\/10\/16_archv-300x158.jpg 300w, https:\/\/archiforma.lt\/wp-content\/uploads\/2016\/10\/16_archv.jpg 1024w\" sizes=\"(max-width: 300px) 100vw, 300px\" \/><\/a><\/p>\n<p>Namas Vi\u010di\u016bnuose 1997 m. Pagrindinis fasadas<\/p>\n<p><a href=\"http:\/\/archiforma.lt\/wp-content\/uploads\/2016\/10\/17_archv.jpg\"><img loading=\"lazy\" decoding=\"async\" class=\"aligncenter size-medium wp-image-1621\" src=\"http:\/\/archiforma.lt\/wp-content\/uploads\/2016\/10\/17_archv-269x300.jpg\" alt=\"17_archv\" width=\"269\" height=\"300\" srcset=\"https:\/\/archiforma.lt\/wp-content\/uploads\/2016\/10\/17_archv-269x300.jpg 269w, https:\/\/archiforma.lt\/wp-content\/uploads\/2016\/10\/17_archv.jpg 645w\" sizes=\"(max-width: 269px) 100vw, 269px\" \/><\/a><\/p>\n<p>Namas Vi\u010di\u016bnuose. Interjero fragmentas<\/p>\n<p>&nbsp;<\/p>\n<p>&nbsp;<\/p>\n<p><strong>1998 m. A. Kan\u010das buvo pripa\u017eintas geriausiu Kauno kra\u0161to met\u0173 architektu.<\/strong><\/p>\n<p>Jonas Minkevi\u010dius<\/p>\n<p>______________________________________________________________________________________<\/p>\n<p>The article presents creative biography of architect A. Kan\u010das starting with the graduation from Vilnius Engineering Construction Institute in 1978 up to nowadays. The architect works in Kaunas. While developing projects he especially takes into account the urban situation of the place, natural environment and according to him that situation predetermines the character of the project. Original residential houses in Plateliai settlement, the studio &#8211; gallery of V.K. Jonynas in Druskininkai, old people-asylum of the Maltese Order in Panemun\u0117, St. Kazimieras Church in Aleksotas and many others are the most famous projects of the architect. At present such projects as the Church of Pastor the Kind in Kaunas, and reconstruction of Cz. Miloszas home farmstead in \u0160ateiniai, K\u0117dainiai region are under the implementation.<br \/>\nTranslated by G.L.<\/p>\n","protected":false},"excerpt":{"rendered":"<p>Algimantas Kan\u010das: vieta nulemia k\u016brinio pob\u016bd\u012f Kol k\u016brybinio darbo \u017emogus nesulaukia bent pirmojo apvalesnio jubiliejaus, pie\u0161ti jo detal\u0173 portret\u0105 &#8220;visu \u016bgiu&#8221; lyg ir ankstoka. Bet kai palaipsniui susikaupia nema\u017ea kr\u016bva autoriaus darb\u0173, jie tarytum patys savaime pradeda tapyti k\u016br\u0117jo atvaizd\u0105. Tegu ir nei\u0161baigt\u0105, eskizin\u012f, bet jau turint\u012f pakankamai suvokiamus portreto kont\u016brus, darbo charakterio bruo\u017eus. Kaip [&hellip;]<\/p>\n","protected":false},"author":1,"featured_media":0,"comment_status":"open","ping_status":"open","sticky":false,"template":"","format":"standard","meta":{"footnotes":""},"categories":[23],"tags":[],"views":80,"_links":{"self":[{"href":"https:\/\/archiforma.lt\/index.php?rest_route=\/wp\/v2\/posts\/1597"}],"collection":[{"href":"https:\/\/archiforma.lt\/index.php?rest_route=\/wp\/v2\/posts"}],"about":[{"href":"https:\/\/archiforma.lt\/index.php?rest_route=\/wp\/v2\/types\/post"}],"author":[{"embeddable":true,"href":"https:\/\/archiforma.lt\/index.php?rest_route=\/wp\/v2\/users\/1"}],"replies":[{"embeddable":true,"href":"https:\/\/archiforma.lt\/index.php?rest_route=%2Fwp%2Fv2%2Fcomments&post=1597"}],"version-history":[{"count":15,"href":"https:\/\/archiforma.lt\/index.php?rest_route=\/wp\/v2\/posts\/1597\/revisions"}],"predecessor-version":[{"id":1701,"href":"https:\/\/archiforma.lt\/index.php?rest_route=\/wp\/v2\/posts\/1597\/revisions\/1701"}],"wp:attachment":[{"href":"https:\/\/archiforma.lt\/index.php?rest_route=%2Fwp%2Fv2%2Fmedia&parent=1597"}],"wp:term":[{"taxonomy":"category","embeddable":true,"href":"https:\/\/archiforma.lt\/index.php?rest_route=%2Fwp%2Fv2%2Fcategories&post=1597"},{"taxonomy":"post_tag","embeddable":true,"href":"https:\/\/archiforma.lt\/index.php?rest_route=%2Fwp%2Fv2%2Ftags&post=1597"}],"curies":[{"name":"wp","href":"https:\/\/api.w.org\/{rel}","templated":true}]}}