{"id":1546,"date":"2016-09-22T13:35:23","date_gmt":"2016-09-22T13:35:23","guid":{"rendered":"http:\/\/archiforma.lt\/?p=1546"},"modified":"2017-01-17T19:41:33","modified_gmt":"2017-01-17T17:41:33","slug":"2016-12-archiformos-numeris-jau-prekyboje","status":"publish","type":"post","link":"https:\/\/archiforma.lt\/?p=1546","title":{"rendered":"2016 1\/2 \u201eArchiformos\u201c numeris"},"content":{"rendered":"<p><img loading=\"lazy\" decoding=\"async\" class=\"  wp-image-1580 aligncenter\" src=\"http:\/\/archiforma.lt\/wp-content\/uploads\/2016\/09\/virselis2016_1-2.jpg\" alt=\"virselis2016_1-2\" width=\"395\" height=\"559\" \/><br \/>\nNaujausiame &#8220;Archiformos&#8221; \u017eurnale i\u0161skiriamos dvi pagrindin\u0117s temos: &#8220;Architekt\u016bra saugomame kra\u0161tovaizdyje&#8221; bei &#8220;Edukacin\u0117 architekt\u016bra Lietuvoje 1918 &#8211; 2018&#8221;. Galite rasti interviu su Aplinkos ministerijos Saugom\u0173 teritorij\u0173 ir kra\u0161tovaizd\u017eio departamento direktoriaus V. Bezaro interviu, ap\u017evalgos bok\u0161t\u0173 ap\u017evalg\u0105 bei tiriam\u0105j\u012f D. Tra\u0161kinait\u0117s straipsn\u012f &#8220;Tarp \u012fstatym\u0173, etnin\u0117s ir \u0161iuolaikin\u0117s architekt\u016bros s\u0105vok\u0173&#8221;.<\/p>\n<p><!--more--><br \/>\nKaip visada pristatomi i\u0161 nauji i\u0161skirtiniai Lietuvos architekt\u0173 projektai:<br \/>\nKauno J\u0117zuit\u0173 gimnazijos etapai<br \/>\n\u0160vent\u0173 Jon\u0173 ba\u017eny\u010dios koply\u010dia Vilniuje<br \/>\nValstyb\u0117s pa\u017einimo centras Vilniuje<br \/>\nRas\u0173 namai Vilniuje<br \/>\nNacionalinis fizini\u0173 ir technologini\u0173 moksl\u0173 centras Vilniuje<br \/>\n&#8220;R44&#8221; verslo centras Panev\u0117\u017eyje<br \/>\nNacionalinio Latvijos meno muziejaus i\u0161pl\u0117timas ir rekonstrukcija Rygoje<br \/>\nDaugiabutis &#8220;Kra\u017ei\u0173 namai&#8221; Vilniuje<br \/>\nLSMU LVA Visuomen\u0117s sveikatos fakultetas Kaune<\/p>\n<p>Architekt\u016bros laboratorijoje pristatomi dar nerealizuoti projektai, konkursai:<br \/>\nKavin\u0117 ant Mas\u010dio e\u017eero Tel\u0161iuose<br \/>\nVilniaus \u0160v. Juozapo ba\u017eny\u010dia<br \/>\nKaralien\u0117s Mortos mokykla Kaune<br \/>\nVie\u0161bu\u010dio konkursas buvusioje \u017dalgirio stadiono teritorijoje<br \/>\nPark Town biur\u0173 pastatas<\/p>\n<p>Sopuli\u0173 skiltyje &#8211; kriti\u0161kas, ta\u010diau puikiai pastar\u0173j\u0173 met\u0173 konkurs\u0173 patirt\u012f ap\u017evelgiantis L. Vai\u010dio straispnis &#8220;Konkurs\u0173 nelaim\u0117s&#8221;.<\/p>\n<p>Architekt\u016bros riterio skyriuje pristatomas A. P. Steponavi\u010diaus gyvenimas bei k\u016bryba.<\/p>\n<p>Taip pat &#8220;Archiformoje&#8221; atsirado nauja skiltis &#8211; Menas, kurioje apra\u0161omi ne tik kuriantys architektai, bet ir kiti, su architekt\u016bra susij\u0119 meno srities atstovai. Naujausiame numeryje galite rasti eseistini R. Ku\u010dinsko straipsn\u012f apie visiems gerai \u017einom\u0105 architekt\u0105 &#8211; fotograf\u0105 S. Slavinsk\u0105.<\/p>\n<p>Leidini\u0173 skiltyje rasite &#8220;Patogus ir nepatogus paveldas&#8221;, &#8220;Progreso meteoras&#8221;, &#8220;Klaip\u0117dos urbanistin\u0117 raida 1945-1990&#8221;, &#8220;100 istorini\u0173 Vilniaus relikt\u0173&#8221; knyg\u0173 recenzijas.<\/p>\n<p>\u017durnal\u0105 galite prenumeruoti, \u012fsigyti m\u016bs\u0173 redakcijoje Kalvarij\u0173 g. 1 bei knygynuose &#8220;Humanitas&#8221; ir &#8220;Technika&#8221;. Nuo kitos savait\u0117s m\u016bs\u0173 leidini\u0173 ie\u0161kokite ir Vagos knygynuose Pilies g. bei Gedimino pr.<\/p>\n<p><img loading=\"lazy\" decoding=\"async\" class=\"aligncenter size-medium wp-image-1549\" src=\"http:\/\/archiforma.lt\/wp-content\/uploads\/2016\/09\/IMG_20160920_123617-1-300x277.jpg\" alt=\"img_20160920_123617-1\" width=\"300\" height=\"277\" srcset=\"https:\/\/archiforma.lt\/wp-content\/uploads\/2016\/09\/IMG_20160920_123617-1-300x277.jpg 300w, https:\/\/archiforma.lt\/wp-content\/uploads\/2016\/09\/IMG_20160920_123617-1.jpg 1024w\" sizes=\"(max-width: 300px) 100vw, 300px\" \/><\/p>\n","protected":false},"excerpt":{"rendered":"<p>Naujausiame &#8220;Archiformos&#8221; \u017eurnale i\u0161skiriamos dvi pagrindin\u0117s temos: &#8220;Architekt\u016bra saugomame kra\u0161tovaizdyje&#8221; bei &#8220;Edukacin\u0117 architekt\u016bra Lietuvoje 1918 &#8211; 2018&#8221;. Galite rasti interviu su Aplinkos ministerijos Saugom\u0173 teritorij\u0173 ir kra\u0161tovaizd\u017eio departamento direktoriaus V. Bezaro interviu, ap\u017evalgos bok\u0161t\u0173 ap\u017evalg\u0105 bei tiriam\u0105j\u012f D. Tra\u0161kinait\u0117s straipsn\u012f &#8220;Tarp \u012fstatym\u0173, etnin\u0117s ir \u0161iuolaikin\u0117s architekt\u016bros s\u0105vok\u0173&#8221;.<\/p>\n","protected":false},"author":1,"featured_media":0,"comment_status":"open","ping_status":"open","sticky":false,"template":"","format":"standard","meta":{"footnotes":""},"categories":[5,9,23],"tags":[51,52,54],"views":12,"_links":{"self":[{"href":"https:\/\/archiforma.lt\/index.php?rest_route=\/wp\/v2\/posts\/1546"}],"collection":[{"href":"https:\/\/archiforma.lt\/index.php?rest_route=\/wp\/v2\/posts"}],"about":[{"href":"https:\/\/archiforma.lt\/index.php?rest_route=\/wp\/v2\/types\/post"}],"author":[{"embeddable":true,"href":"https:\/\/archiforma.lt\/index.php?rest_route=\/wp\/v2\/users\/1"}],"replies":[{"embeddable":true,"href":"https:\/\/archiforma.lt\/index.php?rest_route=%2Fwp%2Fv2%2Fcomments&post=1546"}],"version-history":[{"count":12,"href":"https:\/\/archiforma.lt\/index.php?rest_route=\/wp\/v2\/posts\/1546\/revisions"}],"predecessor-version":[{"id":1682,"href":"https:\/\/archiforma.lt\/index.php?rest_route=\/wp\/v2\/posts\/1546\/revisions\/1682"}],"wp:attachment":[{"href":"https:\/\/archiforma.lt\/index.php?rest_route=%2Fwp%2Fv2%2Fmedia&parent=1546"}],"wp:term":[{"taxonomy":"category","embeddable":true,"href":"https:\/\/archiforma.lt\/index.php?rest_route=%2Fwp%2Fv2%2Fcategories&post=1546"},{"taxonomy":"post_tag","embeddable":true,"href":"https:\/\/archiforma.lt\/index.php?rest_route=%2Fwp%2Fv2%2Ftags&post=1546"}],"curies":[{"name":"wp","href":"https:\/\/api.w.org\/{rel}","templated":true}]}}