{"id":1539,"date":"2016-08-23T09:14:08","date_gmt":"2016-08-23T09:14:08","guid":{"rendered":"http:\/\/archiforma.lt\/?p=1539"},"modified":"2017-01-17T19:41:44","modified_gmt":"2017-01-17T17:41:44","slug":"atvira-diskusija-built-unbuilt","status":"publish","type":"post","link":"https:\/\/archiforma.lt\/?p=1539","title":{"rendered":"Atvira diskusija \u2018Built | Unbuilt\u2018"},"content":{"rendered":"<p><img loading=\"lazy\" decoding=\"async\" class=\"aligncenter size-medium wp-image-1540\" src=\"http:\/\/archiforma.lt\/wp-content\/uploads\/2016\/08\/Unbuilt-300x212.jpg\" alt=\"Unbuilt\" width=\"300\" height=\"212\" srcset=\"https:\/\/archiforma.lt\/wp-content\/uploads\/2016\/08\/Unbuilt-300x212.jpg 300w, https:\/\/archiforma.lt\/wp-content\/uploads\/2016\/08\/Unbuilt.jpg 1024w\" sizes=\"(max-width: 300px) 100vw, 300px\" \/><br \/>\nRupert kvie\u010dia jus \u012f atvir\u0105 diskusij\u0105 \u2018Built | Unbuilt\u2018 (liet. \u201ePastatyta | Nepastatyta\u201d) apie k\u016brybos nerealizuotum\u0105 ir nepabaigtum\u0105 keturi\u0173 tarpdisciplinini\u0173 meninink\u0173 projekto \u2018Unbuilt\u2019 kontekste, kur\u012f bandant \u012fgyvendinti susiduriama su meninio bendradarbiavimo sunkumais. \u0160ie sunkumai tuo pa\u010diu tampa paties projekto tyrimo lauku. Renginys vyks rugpj\u016b\u010dio 26 dien\u0105, penktadien\u012f, nuo 18 val., \u0160iuolaikinio meno centro skaitykloje (Vokie\u010di\u0173 g. 2, Vilnius). Dalyvavimas renginyje nemokamas, taip pat vai\u0161insime g\u0117rimais ir u\u017ekand\u017eiais!<br \/>\n<!--more--><\/p>\n<p>\u2018Unbuilt\u2019 (liet. \u201eNepastatyta\u201c) \u2013 nesusistemintas k\u016brybinis procesas tarp keturi\u0173 skirting\u0173 meno disciplin\u0173 k\u016br\u0117j\u0173: architekto Thomo Tsango, menininko Larso Laumanno, kompozitor\u0117s Cecilios Lopez ir poet\u0117s Natalie Diaz. Sunkiai ie\u0161kodam\u0173 bendr\u0173 menini\u0173 s\u0105ly\u010dio ta\u0161k\u0173, bet tuo pat metu palaikydami vienas kito krypt\u012f, jie ap\u017evelgia ir analizuoja nerealizuot\u0173 architekt\u016brini\u0173 strukt\u016br\u0173 gro\u017e\u012f \u2013 vaizduot\u0117s ir ambicij\u0173 prigimt\u012f \u2013 ne\u012fgyvendintuose planuose. \u0160ie k\u016brybiniai santykiai suformuos ateities archeologin\u012f artefakt\u0105, nes jis dokumentuoja k\u016brybos proces\u0105, kuris niekada netaps i\u0161baigtas.<\/p>\n<p>Viena i\u0161 \u2018Unbuilt\u2019 projekto dali\u0173 \u2013 prezentacij\u0173 ir diskusij\u0173 serija, vyksianti Vilniuje (LT), Rygoje (LV) ir Narvoje (EST). Pirmoji prezentacija \u012fvyks rugpj\u016b\u010dio 26 d., \u0160iuolaikinio meno centre, Vilniuje. Pirmoje renginio dalyje pavadinimu \u2019Built\u2019 menininkai pristatys savo individualius u\u017ebaigtus darbus \u2018Unbuilt\u2019 projekto kontekste. Po \u0161ios, vyks antroji \u2018Unbuilt\u2019 projekto dalis \u2013 atvira diskusija, vedama Rupert direktor\u0117s Just\u0117s Jonutyt\u0117s, publikos ir kviestini\u0173 sve\u010di\u0173, kurie kvie\u010diami \u012fsitraukti \u012f dialog\u0105 skirtingomis perspektyvomis viena tema \u2013 apie projektus, kurie buvo ar yra prad\u0117ti, bet nepabaigti.<\/p>\n<p>Po prezentacij\u0173 ir diskusij\u0173 dalies, vyks paroda trijuose Baltijos \u0161ali\u0173 miestuose \u2013 rugs\u0117j\u012f Rygoje, lapkrit\u012f Narvoje ir gruod\u012f Vilniuje. Taip pat bus paskelbta publikacija apie \u2018Unbuilt\u2019 projekt\u0105, kurioje bus pateikiami vietini\u0173 architekt\u0173, dizaineri\u0173 ir meninink\u0173 perspektyva projekto tema.<\/p>\n<p>Renginys organizuojamas edukacijos, rezidencij\u0173 ir parod\u0173 centro Rupert.<\/p>\n<p>Renginio partneriai:<\/p>\n<p>The Nordic \u2013 Baltic Mobility programme for Culture<\/p>\n<p>Meno rezidencija (darbiniu pavadinimu) vilnius.nyc<\/p>\n<p>\u0160iuolaikinis Meno Centras<\/p>\n","protected":false},"excerpt":{"rendered":"<p>Rupert kvie\u010dia jus \u012f atvir\u0105 diskusij\u0105 \u2018Built | Unbuilt\u2018 (liet. \u201ePastatyta | Nepastatyta\u201d) apie k\u016brybos nerealizuotum\u0105 ir nepabaigtum\u0105 keturi\u0173 tarpdisciplinini\u0173 meninink\u0173 projekto \u2018Unbuilt\u2019 kontekste, kur\u012f bandant \u012fgyvendinti susiduriama su meninio bendradarbiavimo sunkumais. \u0160ie sunkumai tuo pa\u010diu tampa paties projekto tyrimo lauku. Renginys vyks rugpj\u016b\u010dio 26 dien\u0105, penktadien\u012f, nuo 18 val., \u0160iuolaikinio meno centro skaitykloje (Vokie\u010di\u0173 [&hellip;]<\/p>\n","protected":false},"author":1,"featured_media":0,"comment_status":"open","ping_status":"open","sticky":false,"template":"","format":"standard","meta":{"footnotes":""},"categories":[23],"tags":[51,104],"views":13,"_links":{"self":[{"href":"https:\/\/archiforma.lt\/index.php?rest_route=\/wp\/v2\/posts\/1539"}],"collection":[{"href":"https:\/\/archiforma.lt\/index.php?rest_route=\/wp\/v2\/posts"}],"about":[{"href":"https:\/\/archiforma.lt\/index.php?rest_route=\/wp\/v2\/types\/post"}],"author":[{"embeddable":true,"href":"https:\/\/archiforma.lt\/index.php?rest_route=\/wp\/v2\/users\/1"}],"replies":[{"embeddable":true,"href":"https:\/\/archiforma.lt\/index.php?rest_route=%2Fwp%2Fv2%2Fcomments&post=1539"}],"version-history":[{"count":3,"href":"https:\/\/archiforma.lt\/index.php?rest_route=\/wp\/v2\/posts\/1539\/revisions"}],"predecessor-version":[{"id":1710,"href":"https:\/\/archiforma.lt\/index.php?rest_route=\/wp\/v2\/posts\/1539\/revisions\/1710"}],"wp:attachment":[{"href":"https:\/\/archiforma.lt\/index.php?rest_route=%2Fwp%2Fv2%2Fmedia&parent=1539"}],"wp:term":[{"taxonomy":"category","embeddable":true,"href":"https:\/\/archiforma.lt\/index.php?rest_route=%2Fwp%2Fv2%2Fcategories&post=1539"},{"taxonomy":"post_tag","embeddable":true,"href":"https:\/\/archiforma.lt\/index.php?rest_route=%2Fwp%2Fv2%2Ftags&post=1539"}],"curies":[{"name":"wp","href":"https:\/\/api.w.org\/{rel}","templated":true}]}}