{"id":1507,"date":"2021-04-14T09:00:07","date_gmt":"2021-04-14T07:00:07","guid":{"rendered":"http:\/\/archiforma.lt\/?p=1507"},"modified":"2021-04-15T08:18:36","modified_gmt":"2021-04-15T06:18:36","slug":"skirkite-2-nuo-jusu-pajamu-mokescio-vsi-archiformai","status":"publish","type":"post","link":"https:\/\/archiforma.lt\/?p=1507","title":{"rendered":"Skirkite 1,2 % nuo J\u016bs\u0173 pajam\u0173 mokes\u010dio V\u0160\u012e &#8220;Archiformai&#8221;"},"content":{"rendered":"<p>Gerbiami kolegos,<\/p>\n<p>Vieninteliam reprezentatyviam, jau dvide\u0161imt vienerius metus leid\u017eiamam architekt\u016briniam \u017eurnalui iki gegu\u017e\u0117s 3 d. galite skirti 1,2 % savo metini\u0173 pajam\u0173 mokes\u010dio.<\/p>\n<p>\u017durnalas \u201eArchiforma\u201c,\u00a0tai vienintelis\u00a0elitin\u0117s lietuvi\u0161kos architekt\u016bros ap\u017evalgos \u017eurnalas, skirtas architektams ir visai\u00a0 intelektualiai visuomenei, besidomin\u010diai \u0161iuolaikine Lietuvos architekt\u016bra, moksliniais architekt\u016bros ir urbanistikos tyrin\u0117jimais, kitomis aktualijomis, taip pat dalyvaujan\u010diai Respublikos architekt\u016brin\u0117je raidoje \u2013 jos pl\u0117troje, planavime, statyboje.<\/p>\n<p>Gautos paramos d\u0117ka, gal\u0117sime patalpinti naujausi\u0105 skaitmenin\u012f \u017eurnalo numer\u012f \u012f naujai sukurt\u0105 \u201eArchiformos archyv\u0105&#8221;.<\/p>\n<p><!--more--><\/p>\n<p>Grei\u010diausiai ir patogiausiai pra\u0161ym\u0105 FR0512 galite pateikti elektroniniu b\u016bdu per\u00a0<a href=\"https:\/\/deklaravimas.vmi.lt\/lt\/Pradinis_Prisijungimo_puslapis\/Prisijungimasperisorinessistemas.aspx\" target=\"_blank\" rel=\"noopener\">Elektroninio deklaravimo sistem\u0105 (EDS)<\/a>.<\/p>\n<p>Pra\u0161ym\u0105 taip pat galite atsi\u0173sti pa\u0161tu (i\u0161skyrus elektronin\u012f pa\u0161t\u0105) \u012f VMI prie FM Mokestini\u0173 prievoli\u0173 departamento Dokument\u0173 tvarkymo ir archyvavimo skyri\u0173 adresu: Nerav\u0173 g. 8, 66257 Druskininkai.<\/p>\n<p><b>Svarbu<\/b>: Pra\u0161ymus galite pateikti tik asmeni\u0161kai (\u012fskaitant siun\u010diamus pa\u0161tu) arba \u012fstatym\u0173 nustatyta tvarka per atstov\u0105. Tod\u0117l pluo\u0161tais atsi\u0173sti pa\u0161tu ar teikiami tiesiogiai VMI darbuotojui Pra\u0161ymai nenagrin\u0117jami<b>,\u00a0<\/b>jeigu kartu neprid\u0117ti atstovavim\u0105 kiekvienam gyventojui, kurio Pra\u0161ymas teikiamas, patvirtinantys dokumentai (\u012fstatym\u0173 nustatyta tvarka patvirtinti \u012fgaliojimai).<\/p>\n<ul>\n<li><strong>5 laukelis\u00a0<\/strong>(mokestinis laikotarpis)\u00a0<strong>nurodykite paskutinius metus<\/strong><\/li>\n<li><strong>6S laukelis\u00a0<\/strong>(pa\u017eym\u0117kite, kad sutinkate skirti param\u0105) u\u017ed\u0117ti varnel\u0119 ir taip pat u\u017ed\u0117ti varnel\u0119 prie\u00a0<strong>7S<\/strong>\u00a0arba\u00a0<strong>7A<\/strong>\u00a0laukelio<\/li>\n<li><strong>E1 laukelis\u00a0<\/strong>(Gav\u0117jo\u00a0tipas):\u00a0<strong>2<\/strong><\/li>\n<li><strong>E2 laukelis\u00a0<\/strong>(Paramos gav\u0117jo identifikacinis numeris, kodas):\u00a0<strong>123938010<\/strong><\/li>\n<li><strong>E4 laukelis\u00a0<\/strong>(Pra\u0161oma pervesti pajam\u0173 mokes\u010dio dalis)<strong>: 1,20%<\/strong><\/li>\n<li><strong>E5 laukelis\u00a0<\/strong>(Mokes\u010dio dal\u012f skiriu iki mokestinio laikotarpio):\u00a0<strong>nurodykite iki kuri\u0173 met\u0173 skiriate param\u0105<\/strong>\u00a0(galite nurodyti laikotarp\u012f iki 5 met\u0173, tuomet nereik\u0117s pateikti deklaracijos kasmet)<\/li>\n<\/ul>\n<p>&nbsp;<\/p>\n<p>Pagarbiai,<\/p>\n<p>\u017durnalo \u201eArchiforma\u201c redakcija<\/p>\n<p>&nbsp;<\/p>\n","protected":false},"excerpt":{"rendered":"<p>Gerbiami kolegos, Vieninteliam reprezentatyviam, jau dvide\u0161imt vienerius metus leid\u017eiamam architekt\u016briniam \u017eurnalui iki gegu\u017e\u0117s 3 d. galite skirti 1,2 % savo metini\u0173 pajam\u0173 mokes\u010dio. \u017durnalas \u201eArchiforma\u201c,\u00a0tai vienintelis\u00a0elitin\u0117s lietuvi\u0161kos architekt\u016bros ap\u017evalgos \u017eurnalas, skirtas architektams ir visai\u00a0 intelektualiai visuomenei, besidomin\u010diai \u0161iuolaikine Lietuvos architekt\u016bra, moksliniais architekt\u016bros ir urbanistikos tyrin\u0117jimais, kitomis aktualijomis, taip pat dalyvaujan\u010diai Respublikos architekt\u016brin\u0117je raidoje \u2013 jos [&hellip;]<\/p>\n","protected":false},"author":1,"featured_media":0,"comment_status":"open","ping_status":"open","sticky":false,"template":"","format":"standard","meta":{"footnotes":""},"categories":[9,23],"tags":[],"views":14,"_links":{"self":[{"href":"https:\/\/archiforma.lt\/index.php?rest_route=\/wp\/v2\/posts\/1507"}],"collection":[{"href":"https:\/\/archiforma.lt\/index.php?rest_route=\/wp\/v2\/posts"}],"about":[{"href":"https:\/\/archiforma.lt\/index.php?rest_route=\/wp\/v2\/types\/post"}],"author":[{"embeddable":true,"href":"https:\/\/archiforma.lt\/index.php?rest_route=\/wp\/v2\/users\/1"}],"replies":[{"embeddable":true,"href":"https:\/\/archiforma.lt\/index.php?rest_route=%2Fwp%2Fv2%2Fcomments&post=1507"}],"version-history":[{"count":10,"href":"https:\/\/archiforma.lt\/index.php?rest_route=\/wp\/v2\/posts\/1507\/revisions"}],"predecessor-version":[{"id":3024,"href":"https:\/\/archiforma.lt\/index.php?rest_route=\/wp\/v2\/posts\/1507\/revisions\/3024"}],"wp:attachment":[{"href":"https:\/\/archiforma.lt\/index.php?rest_route=%2Fwp%2Fv2%2Fmedia&parent=1507"}],"wp:term":[{"taxonomy":"category","embeddable":true,"href":"https:\/\/archiforma.lt\/index.php?rest_route=%2Fwp%2Fv2%2Fcategories&post=1507"},{"taxonomy":"post_tag","embeddable":true,"href":"https:\/\/archiforma.lt\/index.php?rest_route=%2Fwp%2Fv2%2Ftags&post=1507"}],"curies":[{"name":"wp","href":"https:\/\/api.w.org\/{rel}","templated":true}]}}