{"id":1487,"date":"2016-02-10T16:00:17","date_gmt":"2016-02-10T16:00:17","guid":{"rendered":"http:\/\/archiforma.lt\/?p=1487"},"modified":"2017-01-17T19:45:32","modified_gmt":"2017-01-17T17:45:32","slug":"mikroklimato-svarba-darniems-ir-energetiskai-efektyviems-pastatams","status":"publish","type":"post","link":"https:\/\/archiforma.lt\/?p=1487","title":{"rendered":"\u201eMikroklimato svarba darniems ir energeti\u0161kai efektyviems pastatams\u201c"},"content":{"rendered":"<p><img decoding=\"async\" src=\"http:\/\/archiforma.lt\/wp-content\/uploads\/2016\/020\/invitationheader.jpg\" alt=\"Kvietimas\" \/><br \/>\nNorime Jus pakviesti \u012f konferencij\u0105 \u201eMikroklimato svarba darniems ir energeti\u0161kai efektyviems pastatams\u201c, kuri vyks vasario 25d. (ketvirtadien\u012f).<br \/>\nPrad\u017eia 13:30.<br \/>\nVieta: Nacionalin\u0117je dail\u0117s galerijoje, Vilniuje<br \/>\n<!--more--><br \/>\nKonferencijos tikslas pa\u017evelgti \u012f dabartinius srities i\u0161\u0161\u016bkius, analizuoti, dalintis ger\u0105ja patirtimi bei kartu rasti geriausius sprendimus. Renginys skirtas pastat\u0173 projektuotojams, architektams, vystytojams, besidomintiems moderniausiomis patalp\u0173 mikroklimato tendencijomis, energij\u0105 tausojan\u010diais sprendimais. (Dalis prane\u0161im\u0173 vyks angl\u0173 kalba.)<\/p>\n<p>Rengin\u012f organizuoja organizuoja UAB \u201eUponor\u201c<br \/>\nDaugiau informacijos apie rengin\u012f ir prane\u0161im\u0173 temas tinklapyje <a href=\"www.uponor.lt\/konferencija\">www.uponor.lt\/konferencija<\/a><\/p>\n<p>Konferencijos auditorijos viet\u0173 skai\u010dius ribotas, tad apsisprendus dalyvauti, kvie\u010diame registruotis min\u0117tame tinklapyje.<br \/>\n<img decoding=\"async\" src=\"http:\/\/archiforma.lt\/wp-content\/uploads\/2016\/020\/kvietimas_konferencija_2016.jpg\" alt=\"Kvietimas\" \/><\/p>\n","protected":false},"excerpt":{"rendered":"<p>Norime Jus pakviesti \u012f konferencij\u0105 \u201eMikroklimato svarba darniems ir energeti\u0161kai efektyviems pastatams\u201c, kuri vyks vasario 25d. (ketvirtadien\u012f). Prad\u017eia 13:30. Vieta: Nacionalin\u0117je dail\u0117s galerijoje, Vilniuje<\/p>\n","protected":false},"author":1,"featured_media":0,"comment_status":"open","ping_status":"open","sticky":false,"template":"","format":"standard","meta":{"footnotes":""},"categories":[9],"tags":[51,103,94],"views":9,"_links":{"self":[{"href":"https:\/\/archiforma.lt\/index.php?rest_route=\/wp\/v2\/posts\/1487"}],"collection":[{"href":"https:\/\/archiforma.lt\/index.php?rest_route=\/wp\/v2\/posts"}],"about":[{"href":"https:\/\/archiforma.lt\/index.php?rest_route=\/wp\/v2\/types\/post"}],"author":[{"embeddable":true,"href":"https:\/\/archiforma.lt\/index.php?rest_route=\/wp\/v2\/users\/1"}],"replies":[{"embeddable":true,"href":"https:\/\/archiforma.lt\/index.php?rest_route=%2Fwp%2Fv2%2Fcomments&post=1487"}],"version-history":[{"count":5,"href":"https:\/\/archiforma.lt\/index.php?rest_route=\/wp\/v2\/posts\/1487\/revisions"}],"predecessor-version":[{"id":1719,"href":"https:\/\/archiforma.lt\/index.php?rest_route=\/wp\/v2\/posts\/1487\/revisions\/1719"}],"wp:attachment":[{"href":"https:\/\/archiforma.lt\/index.php?rest_route=%2Fwp%2Fv2%2Fmedia&parent=1487"}],"wp:term":[{"taxonomy":"category","embeddable":true,"href":"https:\/\/archiforma.lt\/index.php?rest_route=%2Fwp%2Fv2%2Fcategories&post=1487"},{"taxonomy":"post_tag","embeddable":true,"href":"https:\/\/archiforma.lt\/index.php?rest_route=%2Fwp%2Fv2%2Ftags&post=1487"}],"curies":[{"name":"wp","href":"https:\/\/api.w.org\/{rel}","templated":true}]}}