{"id":134,"date":"2017-02-02T16:51:57","date_gmt":"2017-02-02T14:51:57","guid":{"rendered":"http:\/\/archiforma.lt\/?p=134"},"modified":"2017-04-19T20:25:53","modified_gmt":"2017-04-19T18:25:53","slug":"oginskiu-dvarvietes-arklidziu-su-karietine-renovacija-rietave","status":"publish","type":"post","link":"https:\/\/archiforma.lt\/?p=134","title":{"rendered":"Oginski\u0173 dvarviet\u0117s arklid\u017ei\u0173 su karietine renovacija Rietave"},"content":{"rendered":"<p><img loading=\"lazy\" decoding=\"async\" class=\"alignnone  wp-image-144\" src=\"http:\/\/archiforma.lt\/wp-content\/uploads\/2014\/07\/A016_18-1024x765.jpg\" alt=\"A016_18\" width=\"580\" height=\"433\" srcset=\"https:\/\/archiforma.lt\/wp-content\/uploads\/2014\/07\/A016_18-1024x765.jpg 1024w, https:\/\/archiforma.lt\/wp-content\/uploads\/2014\/07\/A016_18-300x224.jpg 300w\" sizes=\"(max-width: 580px) 100vw, 580px\" \/><\/p>\n<p><strong>Architektai<\/strong><span style=\"font-weight: 400;\"><strong>: <\/strong>Lukas Rekevi\u010dius, Milda Rekevi\u010dien\u0117, Alda Tilvikait\u0117;<\/span><\/p>\n<p><strong>Pastato plotas<\/strong><span style=\"font-weight: 400;\"><strong>:<\/strong>\u00a01800 kv.m;\u00a0<\/span><\/p>\n<p><strong>Realizacija<\/strong><span style=\"font-weight: 400;\"><strong>:<\/strong>\u00a02013 m;<\/span><\/p>\n<p><strong>Vieta<\/strong><span style=\"font-weight: 400;\"><strong>:<\/strong>\u00a0Rietavo dvaro sodyba;<\/span><\/p>\n<p><strong>Fotografas:\u00a0<\/strong>Norbert Tukaj<\/p>\n<p><!--more--><\/p>\n<p><strong><span style=\"font-weight: 400;\">&#8220;<\/span><\/strong>Ir didesniuose Lietuvos miestuose n\u0117ra daug kokybi\u0161kos \u0161iuolaikin\u0117s architekt\u016brin\u0117s renovacijos pavyzd\u017ei\u0173, o ma\u017euosius miestelius kokybi\u0161ka renovacija da\u017eniausiai apskritai aplenkia. Bet \u0161tai Rietave \u2013 ma\u017eame, vos 4000 gyventoj\u0173 miestelyje \u2013 architekt\u016bros studija \u201eAketuri Architektai\u201c neabejotinai paneig\u0117 \u0161i\u0105 \u201etaisykl\u0119\u201c\u00a0 \u2013 buvusi\u0105 Oginski\u0173 dvaro arklid\u0119 su karietine jie prik\u0117l\u0117 naujam miestelio kult\u016bros centro gyvenimui.<\/p>\n<p>Renovuotasis pastatas \u2013 kult\u016bros paveldo vertyb\u0117, menanti dar 19 a. antr\u0105j\u0105 pus\u0119. I\u0161likusi per Pirm\u0105j\u012f ir Antr\u0105j\u012f pasaulin\u012f kar\u0105 karietin\u0117 sovietme\u010diu neteko autenti\u0161kumo: buvo pristatyti betoniniai frontonai, \u012fd\u0117ti t\u016briniai stoglangiai. Pastaruosius de\u0161imtme\u010dius pastate, nors ir apleistame, buvo mokyklos sporto sal\u0117, o mokykl\u0105 u\u017edarius pastatas tapo nebenaudojamas. Renovacijos projektas buvo prad\u0117tas 2009 metais, realizuotas 2013-aisiais, ir dabar karietin\u0117 pritaikyta vie\u0161ojo turizmo ir bendruomen\u0117s poreikiams: \u012frengtos koncert\u0173 sal\u0117s, \u012fsik\u016br\u0117 turizmo informacijos centras, vietin\u0117 verslo skatinimo agent\u016bra.<\/p>\n<p>Judant prie renovuoto pastato i\u0161 Oginski\u0173 gatv\u0117s pus\u0117s i\u0161gr\u012fstais takais \u012f vid\u0173 kvie\u010dia du lygiaver\u010diai \u012f\u0117jimai \u2013 tai pagrindinis pastato fasadas. Kita pastato pus\u0117 orientuota \u012f neseniai atnaujint\u0105 Oginski\u0173 dvaro park\u0105 ir tvenkin\u012f. \u010cia suformuotas kiemas \u2013 \u0161iuolaiki\u0161ka rekreacin\u0117 erdv\u0117, pritaikyta estetiniams poreikiams ir bendravimui. Teritorijoje naudojamos vos kelios med\u017eiagos: takams \u2013 betono trinkel\u0117s, o harmoningai sukomponuotoms ir amfiteatriniu principu i\u0161d\u0117stytoms s\u0117dimoms vietom kieme\u00a0\u2013 monolitiniai betoniniai kubai. Likusi teritorijos dalis u\u017es\u0117ta veja.<\/p>\n<p>Pastatas traukia savo minimalistiniu t\u016briu, deran\u010diu prie autenti\u0161kos fasad\u0173 kompozicijos. Lengva asimetrija ilguosiuose fasaduose sukuria \u017eavaus atsitiktinumo \u012fsp\u016bd\u012f, kuris puikiai atitinka dabartines kompozicijos tendencijas. Autenti\u0161ka pastato dalis \u2013 raudon\u0173 plyt\u0173 fasad\u0173 m\u016bras \u2013 aptinkuota. Langai, durys \u2013 stiklo plok\u0161tumos. Kai kurie langai pa\u017eeminti, tap\u0119 \u012f\u0117jimais \u2013 tai suteikia pastatui naujos kokyb\u0117s. \u0160laitiniame stoge i\u0161kirsti dideli\u0173 plot\u0173 stoglangiai nat\u016bralios \u0161viesos srautui patalpose u\u017etikrinti. Visame pastato t\u016bryje naudojama monochromin\u0117 spalv\u0173 palet\u0117 \u2013 nuo balt\u0173 fasado plok\u0161tum\u0173 iki grafito spalvos lang\u0173 r\u0117m\u0173 ir stogo dangos. Visa tai pastato t\u016bryje sudaro tvarkos ir harmonijos \u012fsp\u016bd\u012f.<\/p>\n<p>Pastato planin\u0117 strukt\u016bra racionaliai padalyta \u012f tris segmentus. Pagrindinis elementas \u2013 viena vir\u0161 kitos \u012frengtos dvi amfiteatrin\u0117s sal\u0117s: 320 viet\u0173 pagrindin\u0117 su profesionalia garso ir \u0161viesos \u012franga scenai bei 100 viet\u0173 repeticij\u0173 sal\u0117, tinkama ir kameriniams renginiams. Sali\u0173 t\u016bris apima visus tris auk\u0161tus \u2013 vien\u0105 po\u017eemin\u012f ir du ant\u017eeminius \u2013 ir yra pastato centrin\u0117je dalyje. I\u0161 abiej\u0173 \u0161on\u0173 ant\u017eeminiuose auk\u0161tuose sales supa \u012fvairios auditorijos ir kabinetai, o po\u017eeminiame auk\u0161te i\u0161sid\u0117st\u0119 sanitariniai mazgai bei kitos pagalbin\u0117s patalpos. Viso pastato plotas siekia 1800 kvadratini\u0173 metr\u0173.<\/p>\n<p>Renovuotas pastatas \u017eavi savo interjeru. Viduje maloniai nustebina erdvios ir \u0161viesios patalpos, \u0161iek tiek netik\u0117tos istoriniam pastatui. Kaip ir eksterjere, \u010dia vyrauja minimalizmas, lietuvi\u0161kas sant\u016brumas: naudotos paprastos patvarios med\u017eiagos \u2013 betonas, nat\u016bralus medis, fanera, metalas. Koloritas taip pat ramus, pastelinis: balt\u0173 sien\u0173 fone i\u0161ry\u0161k\u0117ja tik \u0161viesaus med\u017eio grindys bei medin\u0117s stogo konstrukcijos. Lang\u0173 r\u0117mai i\u0161 vidin\u0117s pus\u0117s taip pat med\u017eio spalvos, o stiklo pertvar\u0173 r\u0117mai \u2013 nat\u016bralios metalo spalvos. Puikiai parinkti \u0161viestuvai \u2013 aliuzija \u012f karietin\u0117s gyvavimo laikus. Pagrindin\u0117 sal\u0117 \u012fsilieja \u012f bendr\u0105 interjero stilistik\u0105 \u2013 \u0161viesi\u0105 auk\u0161t\u0105 erdv\u0119 dengia med\u017eio konstrukcijos, o \u017ei\u016brov\u0173 k\u0117d\u0117s \u2013 ry\u0161kiausi viso interjero elementai \u2013 subtilios \u017eem\u0117s spalvos. Interjere dera \u0161iuolaiki\u0161ka funkcija ir istoriniai akcentai. Modern\u016bs elementai \u2013 durys, langai, konstrukcijos \u2013 ai\u0161kiai atsiskiria nuo istorini\u0173 m\u016br\u0173. Interjero sprendiniai yra harmoningi, artimi lietuvi\u0161kam estetikos poj\u016b\u010diui ir neabejotinai profesional\u016bs \u2013 tai svarbiausi naujos pastato kokyb\u0117s formantai.<\/p>\n<p>Rietavo Oginski\u0173 dvaro karietin\u0117s renovacija yra neabejotinai pavyzdin\u0117 architekt\u016brin\u0117s renovacijos projekto realizacija. Sprendiniai puikiai atskleid\u017eia pagrindin\u0119 pastato architekt\u016bros id\u0117j\u0105 \u2013 pademonstruoti pagarb\u0105 istoriniam t\u016briui ir kartu nustebinti \u012f vid\u0173 patekus\u012f lankytoj\u0105 netik\u0117tai erdviomis patalpomis, nat\u016bralia \u0161viesa, racionaliu i\u0161planavimu.<\/p>\n<p>Objektas ne tik pagerino Rietavo gyventoj\u0173 kult\u016brin\u012f gyvenim\u0105, bet ir suteik\u0117 ma\u017eam miesteliui naujos estetikos suvokimo. Siektina, kad tokia architekt\u016brin\u0117s renovacijos kokyb\u0117 b\u016bt\u0173 \u012fgyvendinta ir kituose kult\u016bros paveldo objektuose derinant \u0161i\u0173 laik\u0173 estetik\u0105 su istoriniais elementais.<\/p>\n<h1>Laimut\u0117 Bur\u017einskait\u0117<\/h1>\n<div class=\"albumbottom\">\n<p><img loading=\"lazy\" decoding=\"async\" class=\"alignnone size-thumbnail wp-image-135\" src=\"http:\/\/archiforma.lt\/wp-content\/uploads\/2014\/07\/A016_01-150x150.jpg\" alt=\"A016_01\" width=\"150\" height=\"150\" \/><img loading=\"lazy\" decoding=\"async\" class=\"alignnone size-thumbnail wp-image-136\" src=\"http:\/\/archiforma.lt\/wp-content\/uploads\/2014\/07\/A016_04-150x150.jpg\" alt=\"A016_04\" width=\"150\" height=\"150\" \/><img loading=\"lazy\" decoding=\"async\" class=\"alignnone size-thumbnail wp-image-137\" src=\"http:\/\/archiforma.lt\/wp-content\/uploads\/2014\/07\/A016_05-150x150.jpg\" alt=\"A016_05\" width=\"150\" height=\"150\" \/><img loading=\"lazy\" decoding=\"async\" class=\"alignnone size-thumbnail wp-image-138\" src=\"http:\/\/archiforma.lt\/wp-content\/uploads\/2014\/07\/A016_06-150x150.jpg\" alt=\"A016_06\" width=\"150\" height=\"150\" \/><img loading=\"lazy\" decoding=\"async\" class=\"alignnone size-thumbnail wp-image-139\" src=\"http:\/\/archiforma.lt\/wp-content\/uploads\/2014\/07\/A016_09-150x150.jpg\" alt=\"A016_09\" width=\"150\" height=\"150\" \/><img loading=\"lazy\" decoding=\"async\" class=\"alignnone size-thumbnail wp-image-140\" src=\"http:\/\/archiforma.lt\/wp-content\/uploads\/2014\/07\/A016_11-150x150.jpg\" alt=\"A016_11\" width=\"150\" height=\"150\" \/><img loading=\"lazy\" decoding=\"async\" class=\"alignnone size-thumbnail wp-image-141\" src=\"http:\/\/archiforma.lt\/wp-content\/uploads\/2014\/07\/A016_13-150x150.jpg\" alt=\"A016_13\" width=\"150\" height=\"150\" \/><img loading=\"lazy\" decoding=\"async\" class=\"alignnone size-thumbnail wp-image-142\" src=\"http:\/\/archiforma.lt\/wp-content\/uploads\/2014\/07\/A016_16-150x150.jpg\" alt=\"A016_16\" width=\"150\" height=\"150\" \/><\/p>\n<p><img loading=\"lazy\" decoding=\"async\" class=\"alignnone size-thumbnail wp-image-143\" src=\"http:\/\/archiforma.lt\/wp-content\/uploads\/2014\/07\/A016_17-150x150.jpg\" alt=\"A016_17\" width=\"150\" height=\"150\" \/><\/p>\n<p><img loading=\"lazy\" decoding=\"async\" class=\"alignnone size-thumbnail wp-image-144\" src=\"http:\/\/archiforma.lt\/wp-content\/uploads\/2014\/07\/A016_18-150x150.jpg\" alt=\"A016_18\" width=\"150\" height=\"150\" \/><\/p>\n<p><img loading=\"lazy\" decoding=\"async\" class=\"alignnone size-thumbnail wp-image-145\" src=\"http:\/\/archiforma.lt\/wp-content\/uploads\/2014\/07\/A016_19-150x150.jpg\" alt=\"A016_19\" width=\"150\" height=\"150\" \/><\/p>\n<p><img loading=\"lazy\" decoding=\"async\" class=\"alignnone size-thumbnail wp-image-146\" src=\"http:\/\/archiforma.lt\/wp-content\/uploads\/2014\/07\/A016_20_-1-150x150.jpg\" alt=\"\\172.66.1.10AKETURI_openA4_00_OFISASA4_O_internetinis puslap\" width=\"150\" height=\"150\" \/><\/p>\n<p><img loading=\"lazy\" decoding=\"async\" class=\"alignnone size-thumbnail wp-image-147\" src=\"http:\/\/archiforma.lt\/wp-content\/uploads\/2014\/07\/A016_21_1-150x150.jpg\" alt=\"\\172.66.1.10AKETURI_openA4_00_OFISASA4_O_internetinis puslap\" width=\"150\" height=\"150\" \/><\/p>\n<p><img loading=\"lazy\" decoding=\"async\" class=\"alignnone size-thumbnail wp-image-148\" src=\"http:\/\/archiforma.lt\/wp-content\/uploads\/2014\/07\/A016_23-150x150.jpg\" alt=\"\\172.66.1.10AKETURI_openA4_00_OFISASA4_O_internetinis puslap\" width=\"150\" height=\"150\" \/><\/p>\n<\/div>\n","protected":false},"excerpt":{"rendered":"<p>Architektai: Lukas Rekevi\u010dius, Milda Rekevi\u010dien\u0117, Alda Tilvikait\u0117; Pastato plotas:\u00a01800 kv.m;\u00a0 Realizacija:\u00a02013 m; Vieta:\u00a0Rietavo dvaro sodyba; Fotografas:\u00a0Norbert Tukaj<\/p>\n","protected":false},"author":1,"featured_media":0,"comment_status":"open","ping_status":"open","sticky":false,"template":"","format":"standard","meta":{"footnotes":""},"categories":[11],"tags":[],"views":24,"_links":{"self":[{"href":"https:\/\/archiforma.lt\/index.php?rest_route=\/wp\/v2\/posts\/134"}],"collection":[{"href":"https:\/\/archiforma.lt\/index.php?rest_route=\/wp\/v2\/posts"}],"about":[{"href":"https:\/\/archiforma.lt\/index.php?rest_route=\/wp\/v2\/types\/post"}],"author":[{"embeddable":true,"href":"https:\/\/archiforma.lt\/index.php?rest_route=\/wp\/v2\/users\/1"}],"replies":[{"embeddable":true,"href":"https:\/\/archiforma.lt\/index.php?rest_route=%2Fwp%2Fv2%2Fcomments&post=134"}],"version-history":[{"count":9,"href":"https:\/\/archiforma.lt\/index.php?rest_route=\/wp\/v2\/posts\/134\/revisions"}],"predecessor-version":[{"id":1815,"href":"https:\/\/archiforma.lt\/index.php?rest_route=\/wp\/v2\/posts\/134\/revisions\/1815"}],"wp:attachment":[{"href":"https:\/\/archiforma.lt\/index.php?rest_route=%2Fwp%2Fv2%2Fmedia&parent=134"}],"wp:term":[{"taxonomy":"category","embeddable":true,"href":"https:\/\/archiforma.lt\/index.php?rest_route=%2Fwp%2Fv2%2Fcategories&post=134"},{"taxonomy":"post_tag","embeddable":true,"href":"https:\/\/archiforma.lt\/index.php?rest_route=%2Fwp%2Fv2%2Ftags&post=134"}],"curies":[{"name":"wp","href":"https:\/\/api.w.org\/{rel}","templated":true}]}}