{"id":1313,"date":"2016-01-18T08:09:25","date_gmt":"2016-01-18T08:09:25","guid":{"rendered":"http:\/\/archiforma.lt\/?p=1313"},"modified":"2017-01-17T19:46:35","modified_gmt":"2017-01-17T17:46:35","slug":"siuolaikines-architekturos-apraiskos","status":"publish","type":"post","link":"https:\/\/archiforma.lt\/?p=1313","title":{"rendered":"\u0160iuolaikin\u0117s architekt\u016bros aprai\u0161kos"},"content":{"rendered":"<p><img decoding=\"async\" class=\"alignleft wp-image-1056\" src=\"http:\/\/archiforma.lt\/wp-content\/uploads\/2016\/01\/Upe_015.jpg\" alt=\"architekt\u016bros aprai\u0161kos\" \/><br \/>\nPrie\u0161 kelet\u0105 met\u0173 vienoje diskusijoje su kolegomis band\u0117me priremti prie sienos Sim\u0105 Mili\u016bn\u0105: \u201eKod\u0117l Tu, b\u016bdamas toks m\u0105slus ir i\u0161kalbingas, nera\u0161ai architekt\u016brin\u0117mis temomis?\u201c Atsakymas buvo trumpas, bet toli gra\u017eu nevienareik\u0161mis ir skamb\u0117jo daugma\u017e taip: \u201eKai nustosiu projektuoti, gal\u0117siu ra\u0161yti&#8230;\u201c<br \/>\n<!--more--><br \/>\n\u0160io atsakymo prasmi\u0173atrandu iki \u0161iol. Prie\u0161 trejet\u0105 met\u0173 pasitrauk\u0119s i\u0161 u\u017eburto rato \u2013 u\u017esakovas, projektas, statyba \u2013ir \u0117m\u0119sis administratoriaus darbo auk\u0161tojoje mokykloje imu vis ry\u0161kiau pasteb\u0117ti kitas, anks\u010diau atrod\u017eiusias nereik\u0161mingomis \u0161iuolaikines architekt\u016bros aprai\u0161kas. Nesu tikras, ar jos taps reik\u0161mingomis tendencijomis, ar \u012fgaus bent kiek tvirtesn\u012f pagrind\u0105.Galb\u016bt jos ir liks tik alternatyvomis, \u012fkyriai zyzian\u010diomis pagrindiniams architekt\u016bros procesams apie ausis.<\/p>\n<p>\u0160i\u0173 alternatyv\u0173 kont\u016brai \u0117m\u0117 ry\u0161k\u0117tii\u0161kilus vienam, rodos, paprastamorganizaciniam klausimui \u2013 prie ko mes gal\u0117tume \u0161lietis, kuo tur\u0117tume sekti? Ar turime dalyvauti bendruose renginiuose su baltarusiais ar azerbaid\u017eanie\u010diais, nuolat zujan\u010diais aplink m\u016bs\u0173 auk\u0161t\u0105j\u0105, ar pasinaudoti pasi\u016blymu dalyvauti \u0160iaur\u0117s \u0161ali\u0173 organizacijose? Juk savo politine ir kult\u016brine patirtimi esame Ryt\u0173 Europos \u0161alis, o savo naujai susiformavusiais ekonominiais ry\u0161iais ir \u012ftakaesame Baltijos regiono \u0161alis. Daugelyje sri\u010di\u0173 siekiame dar glaudesn\u0117s integracijos su Skandinavijos ir \u0160iaur\u0117s \u0161alimis. \u0160iam siekiui \u012fvardyti politikoje net yra sukonstruotas trumpinys \u2013 N8. Tod\u0117l teigiamas atsakymas \u012f \u0161\u012f trumpin\u012fdiskusijoje apie \u0161iandienos architekt\u016bros aprai\u0161kas atmeta perd\u0117m abstrak\u010dios architekt\u016bros tauti\u0161kumo\/globalumo s\u0105vokas, apeina ir miesto\/kaimo kult\u016bros prie\u0161prie\u0161\u0105.\u012evardijus tokius siekius, kur kasai\u0161kesni tampa ir sektinos architekt\u016bros praktikos pavyzd\u017eiai. S\u0105vok\u0173 lygmeniu svarbiausiatampa pilieti\u0161kumo s\u0105voka.<\/p>\n<p>Akivaizdu, kad Skandinavijos \u0161alys did\u017eiuojasi senomis savo valstyb\u0117mis (Danijos Karalyst\u0117 \u012fkurta XI a.), nuolat pabr\u0117\u017eia savo regionin\u012f identitet\u0105, skandinavi\u0161k\u0105 dizain\u0105 ir pana\u0161iai. Kartu mus nuolat pasiekia \u012f gerov\u0117s visuomen\u0119orientuotos valstyb\u0117s \u012fvaizdis, kaskart vis pabr\u0117\u017eiant pilietin\u0117s visuomen\u0117s vir\u0161enyb\u0119 prie\u0161 individ\u0105, nedidel\u0119 ekonomin\u0119 atskirt\u012f, progresinius mokes\u010dius ir pan. K\u0105 gi visa tai rei\u0161kia architekt\u016brai, \u0161iandienei lietuvi\u0161kos architekt\u016bros praktikai? Ogi visi\u0161kai prie\u0161ing\u0105, saky\u010diau, alternatyv\u0173 m\u0105stym\u0105 ir praktik\u0105, n\u0117 kiek nepana\u0161i\u0105 \u012f nekilnojamojo turto vystytoj\u0173 naudojamas verslo schemas.<\/p>\n<p>Kaip veikia \u0161iandienos lietuvi\u0161kas vystytojas?Jis architekt\u016broje naudoja gana paprast\u0105, bet efekting\u0105 ekonomine prasme veiksm\u0173 schem\u0105 \u2013perka potencialiai perspektyv\u0173, bet nepakankamai \u012fvertint\u0105 (suprask \u2013 pig\u0173) sklyp\u0105, rengia projekt\u0105 \u012fmanomai trumpiausiais terminais (geriausias architektas vis dar yra grei\u010diausias architektas), kuria projekto legend\u0105 (\u201ekunigaik\u0161\u010di\u0173 kalvos\u201c, \u201epresti\u017ein\u0117 vieta\u201c ar pan.), per\u0161a\/formuojapirk\u0117josvajon\u0119 ir gal\u0173gale j\u0105 parduoda su maksimaliais antkainiais.<\/p>\n<p>Tuo tarpu pilieti\u0161kos visuomen\u0117s architekt\u016bra, jos k\u016brimo dalyviai veikia visi\u0161kai prie\u0161ingai \u2013 projekto iniciatorius (aktyvistas, architektas, savivalda ar bendrija) siekia identifikuoti esamus poreikius, pa\u017einti reali\u0105 susiklos\u010diusi\u0105 situacij\u0105 ir \u012fgyvendinti tokius sprendimus, kurie i\u0161 ties\u0173 reikalingi, o ne \u012fpir\u0161ti, suformuoti ir parduoti. Esminis skirtumas tarp \u0161i\u0173 prieig\u0173 yra skirtingosraktin\u0117s s\u0105vokos \u2013 dalyvauti, o ne steb\u0117ti; b\u016bti aktyviam, o ne pasyviam; kurti, o ne vartoti.<\/p>\n<p>Akivaizdu, kad \u0161is trumpas palyginimas n\u0117ra visi\u0161kai korekti\u0161kas ar tikslus \u2013 pilietinis aktyvumas negali b\u016bti taikomasvisais atvejais. B\u016bt\u0173naivu \u012fsivaizduoti, kad sprendimus d\u0117l vidinionuosavo namo planavimopriimt\u0173 kaimyn\u0173 bendrija. Tai tikriausiai b\u016bt\u0173 tragi\u0161ka, jeigu netapt\u0173 komedij\u0105 primenan\u010diu epizodu i\u0161 kino filmo \u201e\u0160uns \u0161irdis\u201c. Lygiai taip pat manau, kad vystytoj\u0173 naudojama schema, tinkama komerciniams objektams, negali b\u016bti naudojama vie\u0161\u0173j\u0173 viet\u0173\/erdvi\u0173 statybai. Ta\u010diau tai daroma nuolat ir nekelia nei abejoni\u0173, nei \u0161ypsni\u0173.<\/p>\n<p>Visi\u0161kai \u0161vie\u017eiastokios praktikos pavyzdys, mano galva, yra Vilniaus miesto savivaldyb\u0117s pristatytas Neries up\u0117s krantini\u0173 sutvarkymo projektas. \u017dmogui, aktyviai nesidomin\u010diam Vilniuje vykstan\u010diais projektavimo procesais,jis tur\u0117jo kristi \u012f akis reklamini\u0173 stend\u0173 pavidalu. Stenduose pristatomi \u0161venti\u0161ka rengini\u0173 nuotaika spinduliuojantys krantini\u0173 vaizdai, o u\u017era\u0161as projekto vir\u0161uje \u017ead\u0117jo, kad \u012fvykd\u017eius projekt\u0105 Vilnius taps viena gra\u017eiausi\u0173sostini\u0173.Atpa\u017e\u012fstate svajoni\u0173 pardav\u0117j\u0173 brai\u017e\u0105? Atsitiktinis sutapimas ar ne, bet reklaminiai stendai su \u0161iais pa\u017eadais atkreip\u0117 \u012f save d\u0117mes\u012f rinkim\u0173 \u012f Vilniaus savivaldyb\u0119 i\u0161vakar\u0117se. Politikoje taip pat veikia svajoni\u0173 pardav\u0117jai?!<\/p>\n<p>\u017dvelgiant \u012f projekt\u0105 \u012fd\u0117miau matyti, kad projekto reng\u0117jai pateik\u0117 nuosekliai argumentuotus techninius sprendimus, ta\u010diau paklausus sav\u0119s, kam skirti visi \u0161ie sprendimai, kokie \u017emon\u0117s \u010dia lankysis, k\u0105 jie veiks, argumentai darosi nebe tokie tvirti. \u012e pavir\u0161i\u0173 v\u0117l ima l\u012fsti per\u0161amas pasyvus vartotoji\u0161kas po\u017ei\u016bris: steb\u0117ti renginius, gro\u017e\u0117tis vaizdais, vaik\u0161tin\u0117ti, va\u017ein\u0117ti dvira\u010diu, plaukioti laivu. V\u0117l kas nors kitas (kaip ironi\u0161ka, bet tai ir v\u0117l privatus verslas): rengini\u0173 organizatoriai, privat\u016bs ve\u017e\u0117jai, maitinimo bendrov\u0117s nuspr\u0119s u\u017e pavienius \u017eioplin\u0117jan\u010dius miestel\u0117nus, k\u0105 jie tur\u0117t\u0173 veikti prie up\u0117s. Ir v\u0117l miesto gyventojams leid\u017eiama prie up\u0117s tik ils\u0117tis ir pramogauti. \u012esivaizduojant, kad \u010dia tiesiog negali b\u016bti joki\u0173 kitoki\u0173 veikl\u0173, interes\u0173 ar iniciatyv\u0173?!<\/p>\n<p>\u0160is mano susidom\u0117jimas Neries projektu ir asmeninis pilietini\u0173 architekt\u016bros aprai\u0161k\u0173 \u201eatradimas\u201c i\u0161 ties\u0173 n\u0117ra jokia naujiena. Daugelis j\u016bs\u0173 tikriausiai prisimena ar net dalyvavo 2008\u20132010 m.Vilniuje aktyviai veikusios \u201eKultflux\u201c platformos renginiuose. Tai projektas,suvienij\u0119s neformalius architekt\u016bros entuziastus, pa\u010diu netik\u0117\u010diausiu b\u016bdu sujung\u0119s labai skirtingus interesus: neformali\u0105 architekt\u016brin\u0119 veikl\u0105, savoti\u0161k\u0105 pilieti\u0161kumo poreik\u012f ir nor\u0105 visais \u012fmanomais b\u016bdais keisti pad\u0117t\u012f Neries krantin\u0117se Vilniaus centre, gaivinti laivyb\u0105 ir dar daugel\u012f visoki\u0173 ai\u0161kiai ne\u012fvardijam\u0173 sieki\u0173. Po keleri\u0173 met\u0173 tai dar kart\u0105 prasiver\u017e\u0117 \u201eEuropos kult\u016bros sostin\u0117s 2012\u201c objektais ir neduoda ramyb\u0117s vilnie\u010diams iki \u0161iol.<\/p>\n<p>Kita, prie apra\u0161omos alternatyvos besi\u0161liejanti veikla yra 2013 m. vyk\u0119s Archfondo projektas \u201eK-lab\u201c ir nuo 2014 met\u0173 internetine beipopierine forma gyvuojantis laikra\u0161tis \u201eArch-zinas \/Nulinis laipsnis\u201c. Iniciatyva, perk\u0117lusi alternatyvias projektavimo formas \u012f Karolini\u0161kes, modernistin\u012f soviet\u0173laik\u0173 stambiaplok\u0161t\u0117s statybos mikrorajon\u0105, visaip apdainuot\u0173 ir i\u0161garsint\u0173 Lazdyn\u0173 kaimyn\u0105.<\/p>\n<p>Dar viena, visi\u0161kai \u0161vie\u017eiai u\u017emegzta iniciatyva \u012fvyko \u0161iemet Nidoje. VDA magistrantai kartu su UMA architekt\u016bros mokyklos d\u0117stytojais i\u0161 \u0160vedijos i\u0161band\u0117 alternatyvias projektavimo praktikas Nidos erdv\u0117se. Reakcijabuvo netik\u0117tai teigiama, o kurortinio sezono laukiantys vietiniai gyventojai pasirod\u0117 galintys ir norintys veikti ne tik poilsiautoj\u0173, bet ir savo interes\u0173 vedami.<\/p>\n<p>Esu tikras, kad i\u0161prususiam skaitytojui yra \u017einomos \u0161ios alternatyvios architekt\u016brin\u0117s praktikos aksiomos, ta\u010diau vis d\u0117lto trumpai jas i\u0161vardysiu. Prad\u0117\u010diau nuo to, kad aksioma \u201earchitektas yra didvyris\u201c laikoma nebegaliojan\u010dia. Tikriausiai kiekvienasprisimenate nuotrauk\u0105, kurioje vir\u0161 \u201eSpindulingojo miesto\u201c maketo tarsi atsitiktinai matyti LeCorbusier pla\u0161taka, \u201ed\u0117l netik\u0117to sutapimo\u201c primenanti Dievo pla\u0161tak\u0105 i\u0161 Michelangelofreskos Siksto koply\u010dioje \u201eAdomo suk\u016brimas\u201c. Prad\u0117ta formuotirenesanso utopini\u0173 projekt\u0173 autori\u0173 ir iki pat modernizmo eksploatuotaaksioma laikoma nebegaliojan\u010dia. Tai rei\u0161kia, kad architektas nebelaikomas genijumi, vienu rankos mostu galin\u010diu suprojektuoti i\u0161tis\u0105 miest\u0105 ir u\u017e kitus nuspr\u0119sti, kas jiems geriau. Projektavimo principas \u201ei\u0161 vir\u0161aus\u201c turi b\u016bti pakeistas principu \u201eprojektavimas i\u0161 apa\u010dios\u201c. J\u012f papildo kita aksioma \u2013 \u201eprojektavimas su \u017emon\u0117mis\u201c vietoj anks\u010diau \u012fprasto \u201eprojektavimo \u017emon\u0117ms\u201c.<\/p>\n<p>Gr\u012f\u017edamas prie visaip jau aptarin\u0117tos Neries krantin\u0117s tvarkymo istorijos nor\u0117\u010diau pamin\u0117ti dar vien\u0105, gal kiek per ma\u017eai \u017einom\u0105 projekt\u0105. Tai meno doktoranto\/architekto Igno Lukausko projektas \u201eUp\u0117\u201c.<\/p>\n<p>Kalbant apie projekto autori\u0173,pirmiausia reikia pabr\u0117\u017eti, kad pats Ignas s\u0105moningai laikosi opozicijos aksiomatiniam \u201earchitektas yra genijus\u201c vaidmeniui. Jo darb\u0173 nerasite n\u0117 vienoje meno galerij\u0173, kurios nema\u017ea dalimi asocijuojasi su oficialiomis \u201emeno genij\u0173\u201c kalv\u0117mis ar vietomis, kuriose lankosi tik keistuoliai. Tadjo darbai nekart\u0105 rodyti \u201e\u017emon\u0117ms\u201c ir eksponuoti \u201etarp \u017emoni\u0173\u201c. Dalis minimo projekto buvo platinama pa\u0161to skraju\u010di\u0173 forma viename populiari\u0173j\u0173 kavos pardavimo tinkl\u0173. Kita projekto dalis buvo pateikta kaip lauko reklama Savanori\u0173 prospekte Vilniuje, o gyva \u0161ios ekspozicijos transliacija tuo metu prieinama internete, dar viena projekto dalis \u201eeksponuota\u201c sankcionuotose gatv\u0117s meno vietose \u2013 po\u017eemin\u0117se per\u0117jose. Naujausia projekto dalisrengiamaeksponuoti dar vienoje kontroversi\u0161kiausi\u0173 miesto erdvi\u0173.<\/p>\n<p>Pasitelk\u0119smenin\u012f projekt\u0105 ir socialinius tinklus Ignas siekia, kadvilnie\u010diaipakeist\u0173 savo po\u017ei\u016br\u012f \u012f problemati\u0161kas miesto erdves, \u012f\u017evelgt\u0173 jose kitokios veiklos galimybi\u0173 ir galb\u016bt tai realizuot\u0173. Projekte \u201eUp\u0117\u201c architektas imasi dviej\u0173 vaidmen\u0173, viena vertus, jis u\u017eima provokatoriaus pozicij\u0105 ir savo projekte si\u016blo netik\u0117tas veiklas Neries pakrant\u0117je. Kita vertus, jis imasi moderatoriaus vaidmens ir per socialinius tinklus siekia u\u017e\u010diuopti publikos reakcijas, atpa\u017einti paveikiausias id\u0117jas.<\/p>\n<p>Ar kitokios, nekomercin\u0117s lietuvi\u0161kos architekt\u016bros aprai\u0161kos yra pakankamai tvirtos? Ar jos turi bent koki\u0105 perspektyv\u0105? Manau, kad taip. Tiesa, tik tam tikromis s\u0105lygomis ir tam tikru masteliu. Vis\u0173 pirma tam reikalinga atitinkama pilietin\u0117 branda ir i\u0161 prad\u017ei\u0173 bent jau nedidel\u0117s bendramin\u010di\u0173 grup\u0117s. Akivaizdu, kad tai sunkiau \u012fgyvendinama dideliame, prie\u0161taravim\u0173 draskomame mieste ir kur kaslengviau \u012fgyvendinama ma\u017eame mieste ar bendruomen\u0117je, kur rasti bendr\u0173 interes\u0173 ir juos \u012fgyvendinti vie\u0161ojoje erdv\u0117je kiek papras\u010diau. Esu tikras, kad toki\u0173 grupi\u0173yra ir dideliuose miestuose, ta\u010diau da\u017eniausia j\u0173 susib\u016brimo erdv\u0117 \u2013 socialiniai tinklai internete, o ne vie\u0161os miesto vietos. Antra s\u0105lyga \u2013 tam tikra architekto, ne tik kaip specialisto, bet ir kaip pilie\u010dio branda. \u0160iuo atveju architektas gali tapti iniciatyvos moderatoriumi ir tuo pat metu specialistu, galin\u010diu rasti tinkam\u0105 b\u016bd\u0105 problemaiar poreikiui \u012fvardyti ir projektui \u012fgyvendinti. Tre\u010dia s\u0105lyga \u2013 nesiekiantys pelno valstybiniai ar privat\u016bs finansavimo \u0161altiniai, turintys tiksl\u0105 remti pilietin\u0117s visuomen\u0117s iniciatyvas, savo strukt\u016bra ar veikimo principais pana\u0161\u016bs \u012f Kult\u016bros r\u0117mimo fond\u0105 prie Kult\u016bros ministerijos.<\/p>\n<p>Visi\u0161kai nesinor\u0117jo pabaigti straipsnio bedant pir\u0161tu auk\u0161tyn \u2013 \u012f s\u0105jung\u0105, ministerij\u0105 ar fond\u0105. \u0160\u012f kart\u0105 apra\u0161ytaaprai\u0161ka netur\u0117t\u0173 kliautis principu \u201ei\u0161 vir\u0161aus \u012f apa\u010di\u0105\u201c, tod\u0117l manau, kad reikia tiesiog veikti, i\u0161 anksto nesitikint joki\u0173 maloni\u0173 i\u0161 dangaus.<br \/>\nRomualdas Ku\u010dinskas<\/p>\n<div class=\"albumbottom\">\n<p><img decoding=\"async\" class=\"alignleft wp-image-1056\" src=\"http:\/\/archiforma.lt\/wp-content\/uploads\/2016\/01\/Upe_001.jpg\" alt=\"architekt\u016bros aprai\u0161kos\" \/><\/p>\n<p><img decoding=\"async\" class=\"alignleft wp-image-1056\" src=\"http:\/\/archiforma.lt\/wp-content\/uploads\/2016\/01\/Upe_005.jpg\" alt=\"architekt\u016bros aprai\u0161kos\" \/><\/p>\n<p><img decoding=\"async\" class=\"alignleft wp-image-1056\" src=\"http:\/\/archiforma.lt\/wp-content\/uploads\/2016\/01\/Upe_008.jpg\" alt=\"architekt\u016bros aprai\u0161kos\" \/><\/p>\n<p><img decoding=\"async\" class=\"alignleft wp-image-1056\" src=\"http:\/\/archiforma.lt\/wp-content\/uploads\/2016\/01\/Upe_012.JPG\" alt=\"architekt\u016bros aprai\u0161kos\" \/><\/p>\n<p><img decoding=\"async\" class=\"alignleft wp-image-1056\" src=\"http:\/\/archiforma.lt\/wp-content\/uploads\/2016\/01\/Upe_013.jpg\" alt=\"architekt\u016bros aprai\u0161kos\" \/><\/p>\n<p><img decoding=\"async\" class=\"alignleft wp-image-1056\" src=\"http:\/\/archiforma.lt\/wp-content\/uploads\/2016\/01\/Upe_015.jpg\" alt=\"architekt\u016bros aprai\u0161kos\" \/><\/p>\n<p><img decoding=\"async\" class=\"alignleft wp-image-1056\" src=\"http:\/\/archiforma.lt\/wp-content\/uploads\/2016\/01\/Upe_019.jpg\" alt=\"architekt\u016bros aprai\u0161kos\" \/><\/p>\n<p><img decoding=\"async\" class=\"alignleft wp-image-1056\" src=\"http:\/\/archiforma.lt\/wp-content\/uploads\/2016\/01\/Upe_021.jpg\" alt=\"architekt\u016bros aprai\u0161kos\" \/><\/p>\n<p><img decoding=\"async\" class=\"alignleft wp-image-1056\" src=\"http:\/\/archiforma.lt\/wp-content\/uploads\/2016\/01\/Upe_022.jpg\" alt=\"architekt\u016bros aprai\u0161kos\" \/><\/p>\n<p><img decoding=\"async\" class=\"alignleft wp-image-1056\" src=\"http:\/\/archiforma.lt\/wp-content\/uploads\/2016\/01\/Upe_024.jpg\" alt=\"architekt\u016bros aprai\u0161kos\" \/><\/p>\n<p><img decoding=\"async\" class=\"alignleft wp-image-1056\" src=\"http:\/\/archiforma.lt\/wp-content\/uploads\/2016\/01\/Upe_025.jpg\" alt=\"architekt\u016bros aprai\u0161kos\" \/><\/p>\n<p><img decoding=\"async\" class=\"alignleft wp-image-1056\" src=\"http:\/\/archiforma.lt\/wp-content\/uploads\/2016\/01\/Upe_028.jpg\" alt=\"architekt\u016bros aprai\u0161kos\" \/><\/p>\n<\/div>\n","protected":false},"excerpt":{"rendered":"<p>Prie\u0161 kelet\u0105 met\u0173 vienoje diskusijoje su kolegomis band\u0117me priremti prie sienos Sim\u0105 Mili\u016bn\u0105: \u201eKod\u0117l Tu, b\u016bdamas toks m\u0105slus ir i\u0161kalbingas, nera\u0161ai architekt\u016brin\u0117mis temomis?\u201c Atsakymas buvo trumpas, bet toli gra\u017eu nevienareik\u0161mis ir skamb\u0117jo daugma\u017e taip: \u201eKai nustosiu projektuoti, gal\u0117siu ra\u0161yti&#8230;\u201c<\/p>\n","protected":false},"author":1,"featured_media":0,"comment_status":"open","ping_status":"open","sticky":false,"template":"","format":"standard","meta":{"footnotes":""},"categories":[11],"tags":[],"views":26,"_links":{"self":[{"href":"https:\/\/archiforma.lt\/index.php?rest_route=\/wp\/v2\/posts\/1313"}],"collection":[{"href":"https:\/\/archiforma.lt\/index.php?rest_route=\/wp\/v2\/posts"}],"about":[{"href":"https:\/\/archiforma.lt\/index.php?rest_route=\/wp\/v2\/types\/post"}],"author":[{"embeddable":true,"href":"https:\/\/archiforma.lt\/index.php?rest_route=\/wp\/v2\/users\/1"}],"replies":[{"embeddable":true,"href":"https:\/\/archiforma.lt\/index.php?rest_route=%2Fwp%2Fv2%2Fcomments&post=1313"}],"version-history":[{"count":7,"href":"https:\/\/archiforma.lt\/index.php?rest_route=\/wp\/v2\/posts\/1313\/revisions"}],"predecessor-version":[{"id":1721,"href":"https:\/\/archiforma.lt\/index.php?rest_route=\/wp\/v2\/posts\/1313\/revisions\/1721"}],"wp:attachment":[{"href":"https:\/\/archiforma.lt\/index.php?rest_route=%2Fwp%2Fv2%2Fmedia&parent=1313"}],"wp:term":[{"taxonomy":"category","embeddable":true,"href":"https:\/\/archiforma.lt\/index.php?rest_route=%2Fwp%2Fv2%2Fcategories&post=1313"},{"taxonomy":"post_tag","embeddable":true,"href":"https:\/\/archiforma.lt\/index.php?rest_route=%2Fwp%2Fv2%2Ftags&post=1313"}],"curies":[{"name":"wp","href":"https:\/\/api.w.org\/{rel}","templated":true}]}}