{"id":1298,"date":"2016-01-11T15:09:22","date_gmt":"2016-01-11T15:09:22","guid":{"rendered":"http:\/\/archiforma.lt\/?p=1298"},"modified":"2017-01-18T15:06:35","modified_gmt":"2017-01-18T13:06:35","slug":"archiforma-metu-apdovanojimai","status":"publish","type":"post","link":"https:\/\/archiforma.lt\/?p=1298","title":{"rendered":"ARCHIFORMA met\u0173 apdovanojimai"},"content":{"rendered":"<p><img decoding=\"async\" class=\"alignleft wp-image-1051\" src=\"http:\/\/archiforma.lt\/wp-content\/uploads\/2016\/01\/archiforma_logo.JPG\" alt=\"ARCHIFORMA\" \/><br \/>\nGeriausios met\u0173 realizacijos apdovanojimai, kasmet rengiami \u017eurnalo Archiforma, vyks 20-\u0105j\u012f kart\u0105. Archiforma teikia architekt\u016brin\u0119 premij\u0105 u\u017e savit\u0105 menin\u0119 koncepcij\u0105. I\u0161 einamaisiais metais Archiformos \u017eurnalo puslapiuose pristatyt\u0173 architekt\u016bros k\u016brini\u0173, i\u0161siskirian\u010di\u0173 ir pranokstan\u010di\u0173 kitus, i\u0161renkamas, deramai \u012fvertinamas ir apdovanojamas geriausias. Tikimasi, jog vienintelio profesionalaus \u017eurnalo k\u016brybin\u0117 veikla skatina nauj\u0173 architekt\u016brini\u0173 form\u0173 ir kokyb\u0117s raid\u0105, populiarina laikme\u010dio architekt\u016br\u0105, lemia architekt\u0173 vidin\u0117s kult\u016bros ir k\u016brybingumo tobul\u0117jim\u0105, pristato objektyvi\u0105 Lietuvos architekt\u016bros ap\u017evalg\u0105 pasaulyje.<\/p>\n<p><!--more--><\/p>\n<p>\u0160iemet laim\u0117toj\u0105 rinks pra\u0117jusi\u0173 met\u0173 apdovanojimo laim\u0117tojas architektas A. Ambrasas su komanda. Nominuoti \u0161e\u0161i \u017eurnale publikuoti objektai:<\/p>\n<p>1. Paliesiaus dvaro restauravimas, atk\u016brimas ir pritaikymas<br \/>\nArch. D. Ferguson, J. N. Fergusonas<br \/>\n<img loading=\"lazy\" decoding=\"async\" class=\"alignleft size-large wp-image-1091\" src=\"http:\/\/archiforma.lt\/wp-content\/uploads\/2016\/01\/K1-K2_2015-kovas.jpg\" alt=\"Paliesiaus dvaras\" width=\"300\" height=\"200\" \/><\/p>\n<p>2. Jungtinis gyvyb\u0117s moksl\u0173 centras<br \/>\nArch. UAB \u201eArchitekt\u016bros linija\u201c, projekto vadovas G. \u010caikauskas<br \/>\n<img loading=\"lazy\" decoding=\"async\" class=\"alignleft size-large wp-image-1091\" src=\"http:\/\/archiforma.lt\/wp-content\/uploads\/2016\/01\/12514053_.jpg\" alt=\"Jungtinis gyvyb\u0117s moksl\u0173 centras\" width=\"300\" height=\"200\" \/><\/p>\n<p>3. \u201ePremium\u201c verslo centras Vilniuje<br \/>\nArch. UAB \u201eAKG\u201c, projekto vadovas R. Bimba<br \/>\n<img loading=\"lazy\" decoding=\"async\" class=\"alignleft size-large wp-image-1091\" src=\"http:\/\/archiforma.lt\/wp-content\/uploads\/2016\/01\/02.JPG\" alt=\"\u201ePremium\u201c verslo centras\" width=\"300\" height=\"200\" \/><\/p>\n<p>4. VGTU mokslo ir administracijos centras, Vilniuje<br \/>\nArch. S. Kuncevi\u010dius, L. Kuncevi\u010dien\u0117, M. Dagys, \u017d. Gudelis, V. Jurgaitien\u0117, A. Kuncevi\u010di\u016bt\u0117-Gudelien\u0117<br \/>\n<img loading=\"lazy\" decoding=\"async\" class=\"alignleft size-large wp-image-1091\" src=\"http:\/\/archiforma.lt\/wp-content\/uploads\/2016\/01\/sauletekis.jpg\" alt=\"VGTU mokslo ir administracijos centras\" width=\"300\" height=\"200\" \/><\/p>\n<p>5. \u201eK29\u201c verslo centras Vilniuje<br \/>\nArch. UAB \u201eArchinova\u201c ir \u201ePLH arkiteketer\u201c<br \/>\n<img loading=\"lazy\" decoding=\"async\" class=\"alignleft size-large wp-image-1091\" src=\"http:\/\/archiforma.lt\/wp-content\/uploads\/2016\/01\/IMG_9912-Edit.jpg\" alt=\"\u201eK29\u201c verslo centras\" width=\"300\" height=\"200\" \/><\/p>\n<p>6. K\u016brybinis ofisas gamtoje, Subart\u0117n\u0173 k., Elektr\u0117n\u0173 rajonas<br \/>\nArch. L. Petrik\u0117n\u0117, I. Lukauskas, D. Kisielius<br \/>\n<img loading=\"lazy\" decoding=\"async\" class=\"alignleft size-large wp-image-1091\" src=\"http:\/\/archiforma.lt\/wp-content\/uploads\/2016\/01\/autoriu-foto-9.jpg\" alt=\"K\u016brybinis ofisas gamtoje\" width=\"300\" height=\"200\" \/><\/p>\n","protected":false},"excerpt":{"rendered":"<p>Geriausios met\u0173 realizacijos apdovanojimai, kasmet rengiami \u017eurnalo Archiforma, vyks 20-\u0105j\u012f kart\u0105. Archiforma teikia architekt\u016brin\u0119 premij\u0105 u\u017e savit\u0105 menin\u0119 koncepcij\u0105. I\u0161 einamaisiais metais Archiformos \u017eurnalo puslapiuose pristatyt\u0173 architekt\u016bros k\u016brini\u0173, i\u0161siskirian\u010di\u0173 ir pranokstan\u010di\u0173 kitus, i\u0161renkamas, deramai \u012fvertinamas ir apdovanojamas geriausias. Tikimasi, jog vienintelio profesionalaus \u017eurnalo k\u016brybin\u0117 veikla skatina nauj\u0173 architekt\u016brini\u0173 form\u0173 ir kokyb\u0117s raid\u0105, populiarina laikme\u010dio architekt\u016br\u0105, [&hellip;]<\/p>\n","protected":false},"author":1,"featured_media":0,"comment_status":"open","ping_status":"open","sticky":false,"template":"","format":"standard","meta":{"footnotes":""},"categories":[9,23],"tags":[],"views":10,"_links":{"self":[{"href":"https:\/\/archiforma.lt\/index.php?rest_route=\/wp\/v2\/posts\/1298"}],"collection":[{"href":"https:\/\/archiforma.lt\/index.php?rest_route=\/wp\/v2\/posts"}],"about":[{"href":"https:\/\/archiforma.lt\/index.php?rest_route=\/wp\/v2\/types\/post"}],"author":[{"embeddable":true,"href":"https:\/\/archiforma.lt\/index.php?rest_route=\/wp\/v2\/users\/1"}],"replies":[{"embeddable":true,"href":"https:\/\/archiforma.lt\/index.php?rest_route=%2Fwp%2Fv2%2Fcomments&post=1298"}],"version-history":[{"count":6,"href":"https:\/\/archiforma.lt\/index.php?rest_route=\/wp\/v2\/posts\/1298\/revisions"}],"predecessor-version":[{"id":1820,"href":"https:\/\/archiforma.lt\/index.php?rest_route=\/wp\/v2\/posts\/1298\/revisions\/1820"}],"wp:attachment":[{"href":"https:\/\/archiforma.lt\/index.php?rest_route=%2Fwp%2Fv2%2Fmedia&parent=1298"}],"wp:term":[{"taxonomy":"category","embeddable":true,"href":"https:\/\/archiforma.lt\/index.php?rest_route=%2Fwp%2Fv2%2Fcategories&post=1298"},{"taxonomy":"post_tag","embeddable":true,"href":"https:\/\/archiforma.lt\/index.php?rest_route=%2Fwp%2Fv2%2Ftags&post=1298"}],"curies":[{"name":"wp","href":"https:\/\/api.w.org\/{rel}","templated":true}]}}