{"id":1287,"date":"2016-01-11T09:15:15","date_gmt":"2016-01-11T09:15:15","guid":{"rendered":"http:\/\/archiforma.lt\/?p=1287"},"modified":"2017-02-01T15:52:58","modified_gmt":"2017-02-01T13:52:58","slug":"2015-34-archiformos-numeris","status":"publish","type":"post","link":"https:\/\/archiforma.lt\/?p=1287","title":{"rendered":"2015 3\/4 \u201eArchiformos\u201c numeris"},"content":{"rendered":"<p><img loading=\"lazy\" decoding=\"async\" class=\"alignleft wp-image-1051\" src=\"http:\/\/archiforma.lt\/wp-content\/uploads\/2016\/01\/virselis2015_3-4.jpg\" alt=\"archiforma20152\" width=\"395\" height=\"559\"\/><\/p>\n<p>Jau galite \u012fsigyti 2015 met\u0173 3\/4 numer\u012f, kurio pagrindin\u0117 tema \u2013 Modernyb\u0117 bei \u0161iuolaikin\u0117s architekt\u016bros pristatymo klausimai. \u201cArchiform\u0105\u201d galite rasti \u201cTechnikos\u201d, \u201cHumanito\u201d knygynuose, Architekt\u0173 s\u0105jungos skyriuose bei u\u017esiprenumeruoti m\u016bs\u0173 svetain\u0117je \u010dia (nuoroda \u012f prenumerat\u0105).<\/p>\n<p>Taip pat t\u0119siamas straipsni\u0173 ciklas \u201eArchitekt\u016bros riteris\u201c, bei pristatomas interviu su Aplinkos ministerijos atstovais apie naujai kuriam\u0105 Architekt\u016bros \u012fstatym\u0105.<\/p>\n","protected":false},"excerpt":{"rendered":"<p>Jau galite \u012fsigyti 2015 met\u0173 3\/4 numer\u012f, kurio pagrindin\u0117 tema \u2013 Modernyb\u0117 bei \u0161iuolaikin\u0117s architekt\u016bros pristatymo klausimai. \u201cArchiform\u0105\u201d galite rasti \u201cTechnikos\u201d, \u201cHumanito\u201d knygynuose, Architekt\u0173 s\u0105jungos skyriuose bei u\u017esiprenumeruoti m\u016bs\u0173 svetain\u0117je \u010dia (nuoroda \u012f prenumerat\u0105). Taip pat t\u0119siamas straipsni\u0173 ciklas \u201eArchitekt\u016bros riteris\u201c, bei pristatomas interviu su Aplinkos ministerijos atstovais apie naujai kuriam\u0105 Architekt\u016bros \u012fstatym\u0105.<\/p>\n","protected":false},"author":1,"featured_media":0,"comment_status":"open","ping_status":"open","sticky":false,"template":"","format":"standard","meta":{"footnotes":""},"categories":[5,23],"tags":[51,52],"views":4,"_links":{"self":[{"href":"https:\/\/archiforma.lt\/index.php?rest_route=\/wp\/v2\/posts\/1287"}],"collection":[{"href":"https:\/\/archiforma.lt\/index.php?rest_route=\/wp\/v2\/posts"}],"about":[{"href":"https:\/\/archiforma.lt\/index.php?rest_route=\/wp\/v2\/types\/post"}],"author":[{"embeddable":true,"href":"https:\/\/archiforma.lt\/index.php?rest_route=\/wp\/v2\/users\/1"}],"replies":[{"embeddable":true,"href":"https:\/\/archiforma.lt\/index.php?rest_route=%2Fwp%2Fv2%2Fcomments&post=1287"}],"version-history":[{"count":5,"href":"https:\/\/archiforma.lt\/index.php?rest_route=\/wp\/v2\/posts\/1287\/revisions"}],"predecessor-version":[{"id":2035,"href":"https:\/\/archiforma.lt\/index.php?rest_route=\/wp\/v2\/posts\/1287\/revisions\/2035"}],"wp:attachment":[{"href":"https:\/\/archiforma.lt\/index.php?rest_route=%2Fwp%2Fv2%2Fmedia&parent=1287"}],"wp:term":[{"taxonomy":"category","embeddable":true,"href":"https:\/\/archiforma.lt\/index.php?rest_route=%2Fwp%2Fv2%2Fcategories&post=1287"},{"taxonomy":"post_tag","embeddable":true,"href":"https:\/\/archiforma.lt\/index.php?rest_route=%2Fwp%2Fv2%2Ftags&post=1287"}],"curies":[{"name":"wp","href":"https:\/\/api.w.org\/{rel}","templated":true}]}}