{"id":1101,"date":"2015-10-05T08:05:02","date_gmt":"2015-10-05T08:05:02","guid":{"rendered":"http:\/\/archiforma.lt\/?p=1101"},"modified":"2017-01-18T15:06:47","modified_gmt":"2017-01-18T13:06:47","slug":"naujas-namu-apdailos-prekybos-centras-veiks-klasterio-principu","status":"publish","type":"post","link":"https:\/\/archiforma.lt\/?p=1101","title":{"rendered":"Naujas nam\u0173 apdailos prekybos centras veiks klasterio principu"},"content":{"rendered":"<p><img loading=\"lazy\" decoding=\"async\" class=\"alignleft size-full wp-image-1102\" src=\"http:\/\/archiforma.lt\/wp-content\/uploads\/2015\/10\/unideco_.jpg\" alt=\"unideco\" width=\"607\" height=\"386\" \/><br \/>\nVilniuje \u012fsik\u016br\u0119s, jau penkiolika met\u0173 s\u0117kmingai veikiantis statybini\u0173 ir apdailos preki\u0173 parduotuvi\u0173 centras \u201eMed\u017eio centras\u201c ruo\u0161iasi permainoms. Atsi\u017evelgdama \u012f paklaus\u0105 ir naujausias tendencijas, nuo kit\u0173 met\u0173 \u0161\u012f centr\u0105 valdanti UAB \u201eMC Grup\u0117\u201c atskiria statybini\u0173 med\u017eiag\u0173 ir nam\u0173 apdailos sritis, pristatydama visi\u0161kai nauj\u0105 nam\u0173 apdailos prekybos centr\u0105 UNIDECO. Su naujuoju apdailos prekybos centru \u012fmon\u0117 taikysis \u012f vidurin\u012f segment\u0105, kuriame \u0161iuo metu mato ne pilnai u\u017epildyt\u0105 ni\u0161\u0105.<\/p>\n<p><!--more--><br \/>\nUAB \u201eMC Grup\u0117\u201c naujajame nam\u0173 apdailos prekybos centre UNIDECO pirk\u0117jams pasi\u016blys plat\u0173 \u012fvairiausi\u0173 nam\u0173 apdailai reikaling\u0173 preki\u0173 asortiment\u0105 \u2013 grindis, duris, plyteles, santechnik\u0105, tapetus, lang\u0173 u\u017edangas, \u0161viestuvus ir kita. Tuo tarpu \u201eMed\u017eio centras\u201c toliau specializuosis statybini\u0173 med\u017eiag\u0173 srityje.<br \/>\nPasak UAB \u201eMC Grup\u0117\u201c valdybos pirmininko Audriaus Mockaus, sritis nuspr\u0119sta atskirti matant didel\u012f j\u0173 abiej\u0173 potencial\u0105.<br \/>\n\u201eVilniaus nekilnojamojo turto rinka pastaruoju metu labai aktyvi: statoma daug nauj\u0173 individuali\u0173 nam\u0173, kyla nauji daugiabu\u010di\u0173 kvartalai. Daug kas atsinaujina senesnius b\u016bstus. Jau kur\u012f laik\u0105 pastebime, kad kuriantis ar atnaujinant b\u016bst\u0105 vis da\u017eniau nutariama investuoti \u012f kokybi\u0161kas statybines bei apdailos med\u017eiagas. Vis daugiau \u017emoni\u0173 supranta, kad ilgalaik\u0117je perspektyvoje tai atsiperka\u201c, \u2013 teigia A. Mockus.<br \/>\nNaujasis apdailos prekybos centras veiks klasterio principu kaip ir \u201eMed\u017eio centras\u201c. UAB \u201eMC Grup\u0117\u201c valdybos pirmininko teigimu, nuo pat veiklos prad\u017eios tokiu principu veikianti \u012fmon\u0117 \u012fsitikino \u0161io prekybos formato efektyvumu.<br \/>\n\u201eBuvome vieni pirm\u0173j\u0173, kurie Lietuvoje \u012fsteig\u0117 statybini\u0173 ir apdailos preki\u0173 verslo klaster\u012f po vienu stogu, ir nuo pat veiklos prad\u017eios pasteb\u0117jome, kad toks prekybos formatas pasiteisina ir klasterizacijos tendencija toliau tik ry\u0161k\u0117ja. M\u016bs\u0173 veiklos istorija \u2013 puikus pavyzdys, kad \u0161ios srities klasteris yra i\u0161ties s\u0117kmingas\u201c, \u2013 sako A. Mockus.<br \/>\nJo teigimu, klasterio principu veikiantis prekybos centras yra patogu bei naudinga tiek pirk\u0117jams, tiek prekybininkams, kurie \u017eino, kad j\u0173 produkcija apsilankiusi\u0173 pirk\u0117j\u0173 neliks nepasteb\u0117ta.<br \/>\nPasiteisino ir \u012fmon\u0117s sprendimas orientuotis \u012f vidutin\u0117s klas\u0117s pirk\u0117j\u0173 segment\u0105. Anot \u201eMC Grup\u0117s\u201c valdybos pirmininko, ekonomin\u012f segment\u0105 \u0161alyje tvirtai u\u017esi\u0117m\u0119 \u201eSenukai\u201c, \u201eErmita\u017eas\u201c ir \u201eMoki-ve\u017ei\u201c, o \u012f prabangos preki\u0173 segment\u0105 nam\u0173 interjero preki\u0173 srityje labiausiai pataiko \u201eDomus galerija\u201c. Tuo tarpu netrukus \u012f rink\u0105 \u012f\u017eengsiantis naujas nam\u0173 apdailos prekybos centras UNIDECO, planuojama, pritrauks pirk\u0117jus, ie\u0161kan\u010dius geriausio kokyb\u0117s ir kainos santykio.<br \/>\nPastaraisiais metais \u201eMed\u017eio centro\u201c parduotuvi\u0173 apyvarta kasmet augo ma\u017edaug 20 proc., o \u0161iuo metu vykdoma renovacija, prekybinio ploto i\u0161pl\u0117timas ir veikl\u0173 atskyrimas, planuojama, i\u0161laikys tok\u012f pat\u012f augim\u0105.<br \/>\nPl\u0117tra, \u201eMC grup\u0117s\u201c valdybos pirmininko teigimu, sudarys galimybes centrui pritraukti dar daugiau apdailos segmento prek\u0117mis prekiaujan\u010di\u0173 pardav\u0117j\u0173 ir nauj\u0173 preki\u0173 \u017eenkl\u0173.<br \/>\n\u201e\u012e ateit\u012f \u017evelgiame optimisti\u0161kai, nes pasirinkome teising\u0105 veiklos krypt\u012f. Pl\u0117tra leis i\u0161pl\u0117sti preki\u0173 asortiment\u0105, pirk\u0117jams pasi\u016blant dar daugiau j\u0173 poreikius ir skon\u012f atitinkan\u010di\u0173 kokybi\u0161k\u0173 nam\u0173 apdailos preki\u0173 u\u017e konkurencing\u0105 kain\u0105\u201c, \u2013 sako A. Mockus.<br \/>\n\u012e pl\u0117tr\u0105 ir atsinaujinim\u0105 UAB \u201eMC Grup\u0117\u201c investavo daugiau nei 1,4 mln. eur\u0173. Po pl\u0117tros naujai \u012frengtame antrajame pastato auk\u0161te atsiras daugiau nei 2000 kv. m. naujo prekybinio ploto. Atnaujintas bus ir pastato eksterjeras, ir interjeras, bus sukurta pilna infrastrukt\u016bra \u2013 laiptai, liftas, eskalatorius, lankytoj\u0173 poilsio ir darbo zonos, ekspozicij\u0173 erdv\u0117s ir kita.<br \/>\n<img loading=\"lazy\" decoding=\"async\" class=\"alignleft size-full wp-image-1103\" src=\"http:\/\/archiforma.lt\/wp-content\/uploads\/2015\/10\/MockusA.jpg\" alt=\"A.Mockus\" width=\"90\" height=\"122\" \/><br \/>\n\u201eVilniaus nekilnojamojo turto rinka pastaruoju metu labai aktyvi: statoma daug nauj\u0173 individuali\u0173 nam\u0173, kyla nauji daugiabu\u010di\u0173 kvartalai. Daug kas atsinaujina senesnius b\u016bstus. Jau kur\u012f laik\u0105 pastebime, kad kuriantis ar atnaujinant b\u016bst\u0105 vis da\u017eniau nutariama investuoti \u012f kokybi\u0161kas statybines bei apdailos med\u017eiagas. Vis daugiau \u017emoni\u0173 supranta, kad ilgalaik\u0117je perspektyvoje tai atsiperka\u201c, \u2013 teigia A. Mockus.<\/p>\n<p><strong>Apie \u201eMed\u017eio centr\u0105\u201c<\/strong><br \/>\n\u201eMed\u017eio centras\u201c \u2013 tai specializuotas statybini\u0173 bei apdailos preki\u0173 centras, kuriame \u0161iuo metu \u012fsik\u016brusios daugiau negu 50 skirting\u0173 prekybini\u0173 erdvi\u0173. \u201eMed\u017eio centras\u201c veikl\u0105 prad\u0117jo prie\u0161 15 met\u0173. I\u0161 prad\u017ei\u0173 centras specializavosi medienos produkt\u0173 prekyboje, v\u0117liau i\u0161pl\u0117t\u0117 veikl\u0105, o nuo 2016 m., atskyrus nam\u0173 statybos ir apdailos sritis, \u0161alia jo duris atvers prekybos centras UNIDECO.<\/p>\n","protected":false},"excerpt":{"rendered":"<p>Vilniuje \u012fsik\u016br\u0119s, jau penkiolika met\u0173 s\u0117kmingai veikiantis statybini\u0173 ir apdailos preki\u0173 parduotuvi\u0173 centras \u201eMed\u017eio centras\u201c ruo\u0161iasi permainoms. Atsi\u017evelgdama \u012f paklaus\u0105 ir naujausias tendencijas, nuo kit\u0173 met\u0173 \u0161\u012f centr\u0105 valdanti UAB \u201eMC Grup\u0117\u201c atskiria statybini\u0173 med\u017eiag\u0173 ir nam\u0173 apdailos sritis, pristatydama visi\u0161kai nauj\u0105 nam\u0173 apdailos prekybos centr\u0105 UNIDECO. Su naujuoju apdailos prekybos centru \u012fmon\u0117 taikysis \u012f [&hellip;]<\/p>\n","protected":false},"author":1,"featured_media":0,"comment_status":"open","ping_status":"open","sticky":false,"template":"","format":"standard","meta":{"footnotes":""},"categories":[9,23,49],"tags":[61,51,60,59],"views":4,"_links":{"self":[{"href":"https:\/\/archiforma.lt\/index.php?rest_route=\/wp\/v2\/posts\/1101"}],"collection":[{"href":"https:\/\/archiforma.lt\/index.php?rest_route=\/wp\/v2\/posts"}],"about":[{"href":"https:\/\/archiforma.lt\/index.php?rest_route=\/wp\/v2\/types\/post"}],"author":[{"embeddable":true,"href":"https:\/\/archiforma.lt\/index.php?rest_route=\/wp\/v2\/users\/1"}],"replies":[{"embeddable":true,"href":"https:\/\/archiforma.lt\/index.php?rest_route=%2Fwp%2Fv2%2Fcomments&post=1101"}],"version-history":[{"count":19,"href":"https:\/\/archiforma.lt\/index.php?rest_route=\/wp\/v2\/posts\/1101\/revisions"}],"predecessor-version":[{"id":1819,"href":"https:\/\/archiforma.lt\/index.php?rest_route=\/wp\/v2\/posts\/1101\/revisions\/1819"}],"wp:attachment":[{"href":"https:\/\/archiforma.lt\/index.php?rest_route=%2Fwp%2Fv2%2Fmedia&parent=1101"}],"wp:term":[{"taxonomy":"category","embeddable":true,"href":"https:\/\/archiforma.lt\/index.php?rest_route=%2Fwp%2Fv2%2Fcategories&post=1101"},{"taxonomy":"post_tag","embeddable":true,"href":"https:\/\/archiforma.lt\/index.php?rest_route=%2Fwp%2Fv2%2Ftags&post=1101"}],"curies":[{"name":"wp","href":"https:\/\/api.w.org\/{rel}","templated":true}]}}