{"id":1050,"date":"2015-08-28T07:21:23","date_gmt":"2015-08-28T07:21:23","guid":{"rendered":"http:\/\/archiforma.lt\/?p=1050"},"modified":"2017-01-18T15:04:52","modified_gmt":"2017-01-18T13:04:52","slug":"2015-12-archiformos-numeris","status":"publish","type":"post","link":"https:\/\/archiforma.lt\/?p=1050","title":{"rendered":"2015 1\/2 \u201eArchiformos\u201c numeris"},"content":{"rendered":"<p><img loading=\"lazy\" decoding=\"async\" class=\"alignleft wp-image-1051\" src=\"http:\/\/archiforma.lt\/wp-content\/uploads\/2015\/08\/archiforma20152-1024x710.jpg\" alt=\"archiforma20152\" width=\"530\" height=\"367\" srcset=\"https:\/\/archiforma.lt\/wp-content\/uploads\/2015\/08\/archiforma20152.jpg 1024w, https:\/\/archiforma.lt\/wp-content\/uploads\/2015\/08\/archiforma20152-300x208.jpg 300w\" sizes=\"(max-width: 530px) 100vw, 530px\" \/><\/p>\n<p>Jau galite \u012fsigyti 2015 met\u0173 1\/2 numer\u012f, kurio pagrindin\u0117 tema \u2013 Modernyb\u0117 bei \u0161iuolaikin\u0117s architekt\u016bros pristatymo klausimai. \u201cArchiform\u0105\u201d galite rasti \u201cTechnikos\u201d, \u201cHumanito\u201d knygynuose, Architekt\u0173 s\u0105jungos skyriuose bei u\u017esiprenumeruoti m\u016bs\u0173 svetain\u0117je \u010dia.<\/p>\n<p>Taip pat t\u0119siamas straipsni\u0173 ciklas \u201eArchitekt\u016bros riteris\u201c, bei pristatomas interviu su naujuoju Aplinkos ministerijos ministru K\u0119stu\u010diu Tre\u010dioku.<\/p>\n","protected":false},"excerpt":{"rendered":"<p>Jau galite \u012fsigyti 2015 met\u0173 1\/2 numer\u012f, kurio pagrindin\u0117 tema \u2013 Modernyb\u0117 bei \u0161iuolaikin\u0117s architekt\u016bros pristatymo klausimai. \u201cArchiform\u0105\u201d galite rasti \u201cTechnikos\u201d, \u201cHumanito\u201d knygynuose, Architekt\u0173 s\u0105jungos skyriuose bei u\u017esiprenumeruoti m\u016bs\u0173 svetain\u0117je \u010dia. Taip pat t\u0119siamas straipsni\u0173 ciklas \u201eArchitekt\u016bros riteris\u201c, bei pristatomas interviu su naujuoju Aplinkos ministerijos ministru K\u0119stu\u010diu Tre\u010dioku.<\/p>\n","protected":false},"author":1,"featured_media":0,"comment_status":"open","ping_status":"open","sticky":false,"template":"","format":"standard","meta":{"footnotes":""},"categories":[5],"tags":[],"views":6,"_links":{"self":[{"href":"https:\/\/archiforma.lt\/index.php?rest_route=\/wp\/v2\/posts\/1050"}],"collection":[{"href":"https:\/\/archiforma.lt\/index.php?rest_route=\/wp\/v2\/posts"}],"about":[{"href":"https:\/\/archiforma.lt\/index.php?rest_route=\/wp\/v2\/types\/post"}],"author":[{"embeddable":true,"href":"https:\/\/archiforma.lt\/index.php?rest_route=\/wp\/v2\/users\/1"}],"replies":[{"embeddable":true,"href":"https:\/\/archiforma.lt\/index.php?rest_route=%2Fwp%2Fv2%2Fcomments&post=1050"}],"version-history":[{"count":3,"href":"https:\/\/archiforma.lt\/index.php?rest_route=\/wp\/v2\/posts\/1050\/revisions"}],"predecessor-version":[{"id":1810,"href":"https:\/\/archiforma.lt\/index.php?rest_route=\/wp\/v2\/posts\/1050\/revisions\/1810"}],"wp:attachment":[{"href":"https:\/\/archiforma.lt\/index.php?rest_route=%2Fwp%2Fv2%2Fmedia&parent=1050"}],"wp:term":[{"taxonomy":"category","embeddable":true,"href":"https:\/\/archiforma.lt\/index.php?rest_route=%2Fwp%2Fv2%2Fcategories&post=1050"},{"taxonomy":"post_tag","embeddable":true,"href":"https:\/\/archiforma.lt\/index.php?rest_route=%2Fwp%2Fv2%2Ftags&post=1050"}],"curies":[{"name":"wp","href":"https:\/\/api.w.org\/{rel}","templated":true}]}}