{"id":1042,"date":"2015-06-21T09:36:13","date_gmt":"2015-06-21T09:36:13","guid":{"rendered":"http:\/\/archiforma.lt\/?p=1042"},"modified":"2015-06-21T09:38:25","modified_gmt":"2015-06-21T09:38:25","slug":"2015-metu-archiformos-tema","status":"publish","type":"post","link":"https:\/\/archiforma.lt\/?p=1042","title":{"rendered":"2015 met\u0173 \u201eArchiformos\u201c tema"},"content":{"rendered":"<p><a href=\"http:\/\/archiforma.lt\/wp-content\/uploads\/2015\/06\/K-2_2015-kovas.jpg\"><img loading=\"lazy\" decoding=\"async\" class=\"alignleft wp-image-1045\" src=\"http:\/\/archiforma.lt\/wp-content\/uploads\/2015\/06\/K-2_2015-kovas-1024x684.jpg\" alt=\"K-2_2015 kovas Archiforma\" width=\"530\" height=\"354\" srcset=\"https:\/\/archiforma.lt\/wp-content\/uploads\/2015\/06\/K-2_2015-kovas.jpg 1024w, https:\/\/archiforma.lt\/wp-content\/uploads\/2015\/06\/K-2_2015-kovas-300x200.jpg 300w\" sizes=\"(max-width: 530px) 100vw, 530px\" \/><\/a><\/p>\n<p>2015 met\u0173 \u201eArchiformos\u201c tema \u2013 Modernyb\u0117 bei \u0161iuolaikin\u0117s architeket\u016bros pristatymo klausimai. \u0160iuolaikin\u0117s architekt\u016bros ir modernyb\u0117s s\u0105voka kiekvienu konkre\u010diu momentu visuomen\u0117s vystymosi istorijoje, apima \u012fvairialygius politinius, socialinius ir kult\u016brinius procesus. Lietuvoje \u0161ie procesai ypatingai specifi\u0161ki, kadangi normal\u0173 \u2013 demokratin\u012f valstyb\u0117s vystym\u0105, permanenti\u0161kai \u012ftakojo primestas skirting\u0173 politini\u0173 tiksl\u0173 siekian\u010dios, priverstin\u0117s priemon\u0117s. Jos tur\u0117jo \u012ftakos visam kult\u016briniam procesui, suvar\u017e\u0117 ir taip nepakankamai analizuot\u0105 ir respektuot\u0105 vietini\u0173 tradicij\u0173 \u012ftak\u0105 \u0161iuolaikinei architekt\u016brai, ypatingai rai\u0161kiai atsiskleid\u017eian\u010dios, kaip materialiai ap\u010diuopiamos ir totalitariai \u012ftakojan\u010dios kra\u0161tovaizd\u012f.<!--more--><br \/>\nSiekiama patikslinti ir pagr\u012fsti \u0161iuolaikin\u0117s architekt\u016brs, postmodernyb\u0117s s\u0105vokas, atrasti ir suformuluoti metodik\u0105, pad\u0117sian\u010dia objektizuoti vykstan\u010di\u0173 proces\u0173 urbanistikoje ir architekt\u016broje vertinimus. Sekuliariai analizuojama urbanistikos istorija ir teorija, urbanistikos raida, architekt\u016bros bruo\u017eai, lietuvi\u0161ko egzilio patirtis. \u0160iam tikslui pasiekti, numatoma analizuoti Lietuvos \u0161iuolaikin\u0119 architekt\u016br\u0105, jos i\u0161takas bei esminius kaitos etapus, platesniame istoriniame laikmetyje.<br \/>\nPirmajame \u017eurnale pristatomi objektai bei temos:<br \/>\nAp\u017evalginiai objektai: VW centras Savanori\u0173 pr. Vilniuje; Paneri\u0173 memorialas Vilniuje; Sporto kompleksas Bir\u0161tone; Paliesiaus dvaro renovacija; Pastoralinis pastatas \u0160iauliuose; Saul\u0117s sonata \u2013 korpusas \u201cMi\u201d; Gyvenamieji namai Kulautuvoje irk t. objektai.<br \/>\nTaip pat pristatomas vienas did\u017eiausi\u0173 pastarojo meto konkurs\u0173 Lietuvoje: Lietuvos teatro ir muzikos akademijos studij\u0173 miestelis.<br \/>\nVedamuosius straipsnius pristatytis V. Petrulis, D. Baltru\u0161aitis bei R. Ku\u010dinskas. Architekt\u016bros riteris \u2013 A. Gu\u010das.<\/p>\n<div class=\"albumbottom\">\n<a href=\"http:\/\/archiforma.lt\/wp-content\/uploads\/2015\/06\/K-2_2015-kovas.jpg\"><img loading=\"lazy\" decoding=\"async\" src=\"http:\/\/archiforma.lt\/wp-content\/uploads\/2015\/06\/K-2_2015-kovas-1024x684.jpg\" alt=\"K-2_2015 kovas\" width=\"1024\" height=\"684\" class=\"alignleft size-large wp-image-1045\" srcset=\"https:\/\/archiforma.lt\/wp-content\/uploads\/2015\/06\/K-2_2015-kovas.jpg 1024w, https:\/\/archiforma.lt\/wp-content\/uploads\/2015\/06\/K-2_2015-kovas-300x200.jpg 300w\" sizes=\"(max-width: 1024px) 100vw, 1024px\" \/><\/a><\/p>\n<p><a href=\"http:\/\/archiforma.lt\/wp-content\/uploads\/2015\/06\/01.jpg\"><img loading=\"lazy\" decoding=\"async\" src=\"http:\/\/archiforma.lt\/wp-content\/uploads\/2015\/06\/01-1024x682.jpg\" alt=\"01\" width=\"1024\" height=\"682\" class=\"alignleft size-large wp-image-1044\" srcset=\"https:\/\/archiforma.lt\/wp-content\/uploads\/2015\/06\/01.jpg 1024w, https:\/\/archiforma.lt\/wp-content\/uploads\/2015\/06\/01-300x200.jpg 300w\" sizes=\"(max-width: 1024px) 100vw, 1024px\" \/><\/a><\/p>\n<p><a href=\"http:\/\/archiforma.lt\/wp-content\/uploads\/2015\/06\/DSC0053.jpg\"><img loading=\"lazy\" decoding=\"async\" src=\"http:\/\/archiforma.lt\/wp-content\/uploads\/2015\/06\/DSC0053-1024x680.jpg\" alt=\"_DSC0053\" width=\"1024\" height=\"680\" class=\"alignleft size-large wp-image-1043\" srcset=\"https:\/\/archiforma.lt\/wp-content\/uploads\/2015\/06\/DSC0053.jpg 1024w, https:\/\/archiforma.lt\/wp-content\/uploads\/2015\/06\/DSC0053-300x199.jpg 300w\" sizes=\"(max-width: 1024px) 100vw, 1024px\" \/><\/a>\n<\/div>\n","protected":false},"excerpt":{"rendered":"<p>2015 met\u0173 \u201eArchiformos\u201c tema \u2013 Modernyb\u0117 bei \u0161iuolaikin\u0117s architeket\u016bros pristatymo klausimai. \u0160iuolaikin\u0117s architekt\u016bros ir modernyb\u0117s s\u0105voka kiekvienu konkre\u010diu momentu visuomen\u0117s vystymosi istorijoje, apima \u012fvairialygius politinius, socialinius ir kult\u016brinius procesus. Lietuvoje \u0161ie procesai ypatingai specifi\u0161ki, kadangi normal\u0173 \u2013 demokratin\u012f valstyb\u0117s vystym\u0105, permanenti\u0161kai \u012ftakojo primestas skirting\u0173 politini\u0173 tiksl\u0173 siekian\u010dios, priverstin\u0117s priemon\u0117s. Jos tur\u0117jo \u012ftakos visam kult\u016briniam procesui, [&hellip;]<\/p>\n","protected":false},"author":1,"featured_media":0,"comment_status":"open","ping_status":"open","sticky":false,"template":"","format":"standard","meta":{"footnotes":""},"categories":[23,49],"tags":[],"views":5,"_links":{"self":[{"href":"https:\/\/archiforma.lt\/index.php?rest_route=\/wp\/v2\/posts\/1042"}],"collection":[{"href":"https:\/\/archiforma.lt\/index.php?rest_route=\/wp\/v2\/posts"}],"about":[{"href":"https:\/\/archiforma.lt\/index.php?rest_route=\/wp\/v2\/types\/post"}],"author":[{"embeddable":true,"href":"https:\/\/archiforma.lt\/index.php?rest_route=\/wp\/v2\/users\/1"}],"replies":[{"embeddable":true,"href":"https:\/\/archiforma.lt\/index.php?rest_route=%2Fwp%2Fv2%2Fcomments&post=1042"}],"version-history":[{"count":3,"href":"https:\/\/archiforma.lt\/index.php?rest_route=\/wp\/v2\/posts\/1042\/revisions"}],"predecessor-version":[{"id":1047,"href":"https:\/\/archiforma.lt\/index.php?rest_route=\/wp\/v2\/posts\/1042\/revisions\/1047"}],"wp:attachment":[{"href":"https:\/\/archiforma.lt\/index.php?rest_route=%2Fwp%2Fv2%2Fmedia&parent=1042"}],"wp:term":[{"taxonomy":"category","embeddable":true,"href":"https:\/\/archiforma.lt\/index.php?rest_route=%2Fwp%2Fv2%2Fcategories&post=1042"},{"taxonomy":"post_tag","embeddable":true,"href":"https:\/\/archiforma.lt\/index.php?rest_route=%2Fwp%2Fv2%2Ftags&post=1042"}],"curies":[{"name":"wp","href":"https:\/\/api.w.org\/{rel}","templated":true}]}}